{"id":10239,"date":"2026-01-09T16:53:11","date_gmt":"2026-01-09T21:53:11","guid":{"rendered":"https:\/\/artejoven.org\/?p=10239"},"modified":"2026-01-09T17:10:24","modified_gmt":"2026-01-09T22:10:24","slug":"das-letzte-kapitel-eines-schonen-dramas-und-die-bemuhungen-des-jugendkunstfonds-kunst-in-der-gemeinschaft-aufzubauen","status":"publish","type":"post","link":"https:\/\/artejoven.org\/de\/ultimo-capitulo-de-un-lindo-drama-y-el-impulso-del-fondo-de-arte-joven-por-construir-el-arte-en-comunidad\/","title":{"rendered":"\u201cLetztes Kapitel eines sch\u00f6nen Dramas\u201d und die Bem\u00fchungen des Jugendkunstfonds, Kunst in der Gemeinschaft aufzubauen"},"content":{"rendered":"<p>Im Herzen der Nationalen Akademie der Sch\u00f6nen K\u00fcnste San Alejandro, einer der bedeutendsten Institutionen der k\u00fcnstlerischen Ausbildung in Kuba, wurde eine Initiative ins Leben gerufen, die ihre Studenten gepr\u00e4gt hat. Unter dem Titel <em>\u201cLetztes Kapitel eines sch\u00f6nen Dramas\u201d.\u201d<\/em>, Dieses Programm mit Gespr\u00e4chen und Begegnungen zwischen K\u00fcnstlern, Kuratoren, Lehrern und Kulturmanagern sollte neue Wege des Lernens au\u00dferhalb des Klassenzimmers er\u00f6ffnen. Das von der K\u00fcnstlerin, Kuratorin und Lehrerin Evelynn Alvarez konzipierte und geleitete Projekt wurde vom Fondo de Arte Joven (FAJ) unterst\u00fctzt, einer kulturellen Plattform, die seit ihrer Gr\u00fcndung im Jahr 2023 Projekte f\u00f6rdert, die die Entwicklung der jungen Kunst auf der Insel st\u00e4rken.<\/p>\n\n\n\n<p>Das Projekt entstand aus dem Wunsch heraus, professionelle Studenten der mittleren Ebene mit aktiven Vertretern des kubanischen zeitgen\u00f6ssischen Kunstbetriebs zusammenzubringen. Durch Gespr\u00e4che, Atelierbesuche und offene Konversationen, <em>\u201cLetztes Kapitel eines sch\u00f6nen Dramas\u201d.\u201d<\/em> versucht, die Lehrpl\u00e4ne durch direkte, generationen\u00fcbergreifende und menschliche Erfahrungen zu erg\u00e4nzen.<\/p>\n\n\n\n<div class=\"wp-block-jetpack-tiled-gallery aligncenter is-style-rectangular\"><div class=\"has-rounded-corners-15\"><div class=\"tiled-gallery__gallery\"><div class=\"tiled-gallery__row\"><div class=\"tiled-gallery__col\" style=\"flex-basis:34.52572%\"><figure class=\"tiled-gallery__item\"><a href=\"https:\/\/artejoven.org\/wp-content\/uploads\/2026\/01\/participacion-en-Daily-News-Agency_Ultimo-capitulo-de-un-lindo-drama-1024x768.webp\"><img decoding=\"async\" srcset=\"https:\/\/i0.wp.com\/artejoven.org\/wp-content\/uploads\/2026\/01\/participacion-en-Daily-News-Agency_Ultimo-capitulo-de-un-lindo-drama-1024x768.webp?strip=info&#038;w=600&#038;ssl=1 600w,https:\/\/i0.wp.com\/artejoven.org\/wp-content\/uploads\/2026\/01\/participacion-en-Daily-News-Agency_Ultimo-capitulo-de-un-lindo-drama-1024x768.webp?strip=info&#038;w=900&#038;ssl=1 900w,https:\/\/i0.wp.com\/artejoven.org\/wp-content\/uploads\/2026\/01\/participacion-en-Daily-News-Agency_Ultimo-capitulo-de-un-lindo-drama-1024x768.webp?strip=info&#038;w=1080&#038;ssl=1 1080w\" alt=\"\" data-height=\"810\" data-id=\"10241\" data-link=\"https:\/\/artejoven.org\/?attachment_id=10241#main\" data-url=\"https:\/\/artejoven.org\/wp-content\/uploads\/2026\/01\/participacion-en-Daily-News-Agency_Ultimo-capitulo-de-un-lindo-drama-1024x768.webp\" data-width=\"1080\" src=\"https:\/\/i0.wp.com\/artejoven.org\/wp-content\/uploads\/2026\/01\/participacion-en-Daily-News-Agency_Ultimo-capitulo-de-un-lindo-drama-1024x768.webp?ssl=1\" data-amp-layout=\"responsive\"\/><\/a><\/figure><\/div><div class=\"tiled-gallery__col\" style=\"flex-basis:19.50162%\"><figure class=\"tiled-gallery__item\"><a href=\"https:\/\/artejoven.org\/wp-content\/uploads\/2026\/01\/studio-Suamy-Hernandez_Ultimo-capitulo-de-un-lindo-drama-2-768x1024.webp\"><img decoding=\"async\" srcset=\"https:\/\/i0.wp.com\/artejoven.org\/wp-content\/uploads\/2026\/01\/studio-Suamy-Hernandez_Ultimo-capitulo-de-un-lindo-drama-2-768x1024.webp?strip=info&#038;w=600&#038;ssl=1 600w,https:\/\/i0.wp.com\/artejoven.org\/wp-content\/uploads\/2026\/01\/studio-Suamy-Hernandez_Ultimo-capitulo-de-un-lindo-drama-2-768x1024.webp?strip=info&#038;w=900&#038;ssl=1 900w,https:\/\/i0.wp.com\/artejoven.org\/wp-content\/uploads\/2026\/01\/studio-Suamy-Hernandez_Ultimo-capitulo-de-un-lindo-drama-2-768x1024.webp?strip=info&#038;w=1200&#038;ssl=1 1200w,https:\/\/i0.wp.com\/artejoven.org\/wp-content\/uploads\/2026\/01\/studio-Suamy-Hernandez_Ultimo-capitulo-de-un-lindo-drama-2-768x1024.webp?strip=info&#038;w=1500&#038;ssl=1 1500w,https:\/\/i0.wp.com\/artejoven.org\/wp-content\/uploads\/2026\/01\/studio-Suamy-Hernandez_Ultimo-capitulo-de-un-lindo-drama-2-768x1024.webp?strip=info&#038;w=1800&#038;ssl=1 1800w,https:\/\/i0.wp.com\/artejoven.org\/wp-content\/uploads\/2026\/01\/studio-Suamy-Hernandez_Ultimo-capitulo-de-un-lindo-drama-2-768x1024.webp?strip=info&#038;w=1920&#038;ssl=1 1920w\" alt=\"\" data-height=\"2560\" data-id=\"10242\" data-link=\"https:\/\/artejoven.org\/?attachment_id=10242#main\" data-url=\"https:\/\/artejoven.org\/wp-content\/uploads\/2026\/01\/studio-Suamy-Hernandez_Ultimo-capitulo-de-un-lindo-drama-2-768x1024.webp\" data-width=\"1920\" src=\"https:\/\/i0.wp.com\/artejoven.org\/wp-content\/uploads\/2026\/01\/studio-Suamy-Hernandez_Ultimo-capitulo-de-un-lindo-drama-2-768x1024.webp?ssl=1\" data-amp-layout=\"responsive\"\/><\/a><\/figure><\/div><div class=\"tiled-gallery__col\" style=\"flex-basis:45.97266%\"><figure class=\"tiled-gallery__item\"><a href=\"https:\/\/artejoven.org\/wp-content\/uploads\/2026\/01\/Lazaro-y-Cesar-Saavedra-Nande_Ultimo-capitulo-de-un-lindo-drama-1024x576.webp\"><img decoding=\"async\" srcset=\"https:\/\/i0.wp.com\/artejoven.org\/wp-content\/uploads\/2026\/01\/Lazaro-y-Cesar-Saavedra-Nande_Ultimo-capitulo-de-un-lindo-drama-1024x576.webp?strip=info&#038;w=600&#038;ssl=1 600w,https:\/\/i0.wp.com\/artejoven.org\/wp-content\/uploads\/2026\/01\/Lazaro-y-Cesar-Saavedra-Nande_Ultimo-capitulo-de-un-lindo-drama-1024x576.webp?strip=info&#038;w=900&#038;ssl=1 900w,https:\/\/i0.wp.com\/artejoven.org\/wp-content\/uploads\/2026\/01\/Lazaro-y-Cesar-Saavedra-Nande_Ultimo-capitulo-de-un-lindo-drama-1024x576.webp?strip=info&#038;w=1200&#038;ssl=1 1200w,https:\/\/i0.wp.com\/artejoven.org\/wp-content\/uploads\/2026\/01\/Lazaro-y-Cesar-Saavedra-Nande_Ultimo-capitulo-de-un-lindo-drama-1024x576.webp?strip=info&#038;w=1500&#038;ssl=1 1500w,https:\/\/i0.wp.com\/artejoven.org\/wp-content\/uploads\/2026\/01\/Lazaro-y-Cesar-Saavedra-Nande_Ultimo-capitulo-de-un-lindo-drama-1024x576.webp?strip=info&#038;w=1800&#038;ssl=1 1800w,https:\/\/i0.wp.com\/artejoven.org\/wp-content\/uploads\/2026\/01\/Lazaro-y-Cesar-Saavedra-Nande_Ultimo-capitulo-de-un-lindo-drama-1024x576.webp?strip=info&#038;w=2000&#038;ssl=1 2000w\" alt=\"\" data-height=\"1440\" data-id=\"10243\" data-link=\"https:\/\/artejoven.org\/?attachment_id=10243#main\" data-url=\"https:\/\/artejoven.org\/wp-content\/uploads\/2026\/01\/Lazaro-y-Cesar-Saavedra-Nande_Ultimo-capitulo-de-un-lindo-drama-1024x576.webp\" data-width=\"2560\" src=\"https:\/\/i0.wp.com\/artejoven.org\/wp-content\/uploads\/2026\/01\/Lazaro-y-Cesar-Saavedra-Nande_Ultimo-capitulo-de-un-lindo-drama-1024x576.webp?ssl=1\" data-amp-layout=\"responsive\"\/><\/a><\/figure><\/div><\/div><\/div><\/div><\/div>\n\n\n\n<p>Trotz meiner Schwierigkeiten mit der P\u00e4dagogik bin ich immer wieder dankbar daf\u00fcr, wie viel ich von den Studenten gelernt habe\u00bb, erkl\u00e4rt Evelynn Alvarez. Aus diesem Bewusstsein der gemeinsamen Verbesserung heraus habe ich diesen Vorschlag konzipiert und formuliert\".\u00bb<\/p>\n\n\n\n<p>Alvarez, die seit 2015 Mitglied des Lehrk\u00f6rpers von San Alejandro ist, engagiert sich seit Jahren in der Ausbildung und Begleitung junger Kreativer. Bei dieser Gelegenheit sah sie die FAJ als nat\u00fcrlichen Verb\u00fcndeten: \u201cIch kannte die Arbeit der FAJ durch ihre Beg\u00fcnstigten. Ich konnte die Auswirkungen auf die Karrieren der Autoren, die ich verfolge, sehen. So war es nicht schwer, die Zusammenarbeit zu erkennen und ich bewarb mich f\u00fcr eine der M\u00f6glichkeiten.<\/p>\n\n\n\n<p>Der erste Teil des Programms fand im Sommersemester 2024 statt und fiel mit den Diplomarbeitsphasen der Studenten zusammen, einer Zeit, die normalerweise eine Zeit der Ruhe oder der Konzentration auf pers\u00f6nliche Projekte ist. Die Resonanz war jedoch enthusiastisch. \u201cEine Gruppe von Studenten beschloss, sich au\u00dferhalb des Klassenzimmers mit den Auswirkungen einer Karriere als bildender K\u00fcnstler in Kuba auseinanderzusetzen. Inmitten des M\u00fc\u00dfiggangs einen Teenager mit diesen Themen zu motivieren, \u00fcbertraf alle meine Ziele\u201d, gesteht Alvarez.<\/p>\n\n\n\n<div class=\"wp-block-jetpack-tiled-gallery aligncenter is-style-rectangular\"><div class=\"has-rounded-corners-15\"><div class=\"tiled-gallery__gallery\"><div class=\"tiled-gallery__row\"><div class=\"tiled-gallery__col\" style=\"flex-basis:36.34235%\"><figure class=\"tiled-gallery__item\"><a href=\"https:\/\/artejoven.org\/wp-content\/uploads\/2026\/01\/Harold-Ramirez-Veliz_Ultimo-capitulo-de-un-lindo-drama-1024x576.webp\"><img decoding=\"async\" srcset=\"https:\/\/i0.wp.com\/artejoven.org\/wp-content\/uploads\/2026\/01\/Harold-Ramirez-Veliz_Ultimo-capitulo-de-un-lindo-drama-1024x576.webp?strip=info&#038;w=600&#038;ssl=1 600w,https:\/\/i0.wp.com\/artejoven.org\/wp-content\/uploads\/2026\/01\/Harold-Ramirez-Veliz_Ultimo-capitulo-de-un-lindo-drama-1024x576.webp?strip=info&#038;w=900&#038;ssl=1 900w,https:\/\/i0.wp.com\/artejoven.org\/wp-content\/uploads\/2026\/01\/Harold-Ramirez-Veliz_Ultimo-capitulo-de-un-lindo-drama-1024x576.webp?strip=info&#038;w=1200&#038;ssl=1 1200w,https:\/\/i0.wp.com\/artejoven.org\/wp-content\/uploads\/2026\/01\/Harold-Ramirez-Veliz_Ultimo-capitulo-de-un-lindo-drama-1024x576.webp?strip=info&#038;w=1500&#038;ssl=1 1500w,https:\/\/i0.wp.com\/artejoven.org\/wp-content\/uploads\/2026\/01\/Harold-Ramirez-Veliz_Ultimo-capitulo-de-un-lindo-drama-1024x576.webp?strip=info&#038;w=1800&#038;ssl=1 1800w,https:\/\/i0.wp.com\/artejoven.org\/wp-content\/uploads\/2026\/01\/Harold-Ramirez-Veliz_Ultimo-capitulo-de-un-lindo-drama-1024x576.webp?strip=info&#038;w=2000&#038;ssl=1 2000w\" alt=\"\" data-height=\"1440\" data-id=\"10244\" data-link=\"https:\/\/artejoven.org\/?attachment_id=10244#main\" data-url=\"https:\/\/artejoven.org\/wp-content\/uploads\/2026\/01\/Harold-Ramirez-Veliz_Ultimo-capitulo-de-un-lindo-drama-1024x576.webp\" data-width=\"2560\" src=\"https:\/\/i0.wp.com\/artejoven.org\/wp-content\/uploads\/2026\/01\/Harold-Ramirez-Veliz_Ultimo-capitulo-de-un-lindo-drama-1024x576.webp?ssl=1\" data-amp-layout=\"responsive\"\/><\/a><\/figure><\/div><div class=\"tiled-gallery__col\" style=\"flex-basis:27.31530%\"><figure class=\"tiled-gallery__item\"><a href=\"https:\/\/artejoven.org\/wp-content\/uploads\/2026\/01\/Jorge-Pere_Ultimo-capitulo-de-un-lindo-drama-1024x768.webp\"><img decoding=\"async\" srcset=\"https:\/\/i0.wp.com\/artejoven.org\/wp-content\/uploads\/2026\/01\/Jorge-Pere_Ultimo-capitulo-de-un-lindo-drama-1024x768.webp?strip=info&#038;w=600&#038;ssl=1 600w,https:\/\/i0.wp.com\/artejoven.org\/wp-content\/uploads\/2026\/01\/Jorge-Pere_Ultimo-capitulo-de-un-lindo-drama-1024x768.webp?strip=info&#038;w=900&#038;ssl=1 900w,https:\/\/i0.wp.com\/artejoven.org\/wp-content\/uploads\/2026\/01\/Jorge-Pere_Ultimo-capitulo-de-un-lindo-drama-1024x768.webp?strip=info&#038;w=1200&#038;ssl=1 1200w,https:\/\/i0.wp.com\/artejoven.org\/wp-content\/uploads\/2026\/01\/Jorge-Pere_Ultimo-capitulo-de-un-lindo-drama-1024x768.webp?strip=info&#038;w=1500&#038;ssl=1 1500w,https:\/\/i0.wp.com\/artejoven.org\/wp-content\/uploads\/2026\/01\/Jorge-Pere_Ultimo-capitulo-de-un-lindo-drama-1024x768.webp?strip=info&#038;w=1800&#038;ssl=1 1800w,https:\/\/i0.wp.com\/artejoven.org\/wp-content\/uploads\/2026\/01\/Jorge-Pere_Ultimo-capitulo-de-un-lindo-drama-1024x768.webp?strip=info&#038;w=2000&#038;ssl=1 2000w\" alt=\"\" data-height=\"1920\" data-id=\"10245\" data-link=\"https:\/\/artejoven.org\/?attachment_id=10245#main\" data-url=\"https:\/\/artejoven.org\/wp-content\/uploads\/2026\/01\/Jorge-Pere_Ultimo-capitulo-de-un-lindo-drama-1024x768.webp\" data-width=\"2560\" src=\"https:\/\/i0.wp.com\/artejoven.org\/wp-content\/uploads\/2026\/01\/Jorge-Pere_Ultimo-capitulo-de-un-lindo-drama-1024x768.webp?ssl=1\" data-amp-layout=\"responsive\"\/><\/a><\/figure><\/div><div class=\"tiled-gallery__col\" style=\"flex-basis:36.34235%\"><figure class=\"tiled-gallery__item\"><a href=\"https:\/\/artejoven.org\/wp-content\/uploads\/2026\/01\/Jose-Manuel-Mesias_Ultimo-capitulo-de-un-lindo-drama-1024x576.webp\"><img decoding=\"async\" srcset=\"https:\/\/i0.wp.com\/artejoven.org\/wp-content\/uploads\/2026\/01\/Jose-Manuel-Mesias_Ultimo-capitulo-de-un-lindo-drama-1024x576.webp?strip=info&#038;w=600&#038;ssl=1 600w,https:\/\/i0.wp.com\/artejoven.org\/wp-content\/uploads\/2026\/01\/Jose-Manuel-Mesias_Ultimo-capitulo-de-un-lindo-drama-1024x576.webp?strip=info&#038;w=900&#038;ssl=1 900w,https:\/\/i0.wp.com\/artejoven.org\/wp-content\/uploads\/2026\/01\/Jose-Manuel-Mesias_Ultimo-capitulo-de-un-lindo-drama-1024x576.webp?strip=info&#038;w=1200&#038;ssl=1 1200w,https:\/\/i0.wp.com\/artejoven.org\/wp-content\/uploads\/2026\/01\/Jose-Manuel-Mesias_Ultimo-capitulo-de-un-lindo-drama-1024x576.webp?strip=info&#038;w=1500&#038;ssl=1 1500w,https:\/\/i0.wp.com\/artejoven.org\/wp-content\/uploads\/2026\/01\/Jose-Manuel-Mesias_Ultimo-capitulo-de-un-lindo-drama-1024x576.webp?strip=info&#038;w=1800&#038;ssl=1 1800w,https:\/\/i0.wp.com\/artejoven.org\/wp-content\/uploads\/2026\/01\/Jose-Manuel-Mesias_Ultimo-capitulo-de-un-lindo-drama-1024x576.webp?strip=info&#038;w=2000&#038;ssl=1 2000w\" alt=\"\" data-height=\"1440\" data-id=\"10246\" data-link=\"https:\/\/artejoven.org\/?attachment_id=10246#main\" data-url=\"https:\/\/artejoven.org\/wp-content\/uploads\/2026\/01\/Jose-Manuel-Mesias_Ultimo-capitulo-de-un-lindo-drama-1024x576.webp\" data-width=\"2560\" src=\"https:\/\/i0.wp.com\/artejoven.org\/wp-content\/uploads\/2026\/01\/Jose-Manuel-Mesias_Ultimo-capitulo-de-un-lindo-drama-1024x576.webp?ssl=1\" data-amp-layout=\"responsive\"\/><\/a><\/figure><\/div><\/div><\/div><\/div><\/div>\n\n\n\n<p>F\u00fcr die Sch\u00fclerinnen und Sch\u00fcler war es eine transformative Erfahrung. Suamy Hern\u00e1ndez, eine der Teilnehmerinnen, beschreibt den Workshop als \u201cein tiefes Eintauchen in die Kunstwelt, das alle meine Erwartungen \u00fcbertroffen hat\u201d. Sie betont, dass der Besuch der Ateliers verschiedener K\u00fcnstlerkollektive und die Gespr\u00e4che mit Kuratoren \u201cihr die Augen f\u00fcr ein Universum von M\u00f6glichkeiten ge\u00f6ffnet haben\u201d.<br \/><br \/>\u201cIch habe verstanden, dass die Kunst kein einsamer Weg ist. Zusammenarbeit und Austausch sind f\u00fcr das Wachstum von grundlegender Bedeutung. Ich lernte von der Gro\u00dfz\u00fcgigkeit der K\u00fcnstler, die ihre Misserfolge und Erfolge mit mir teilten, und von der Bedeutung von Beharrlichkeit und Authentizit\u00e4t\u201d, f\u00fcgt er hinzu.<\/p>\n\n\n\n<p><strong>Der Wert des Austauschs zwischen den Generationen<\/strong><\/p>\n\n\n\n<p>Zu den strategischen Zielen der FAJ geh\u00f6ren die Finanzierung und Unterst\u00fctzung von Projekten sowie die Bereitstellung von Instrumenten und Netzwerken zur St\u00e4rkung des kulturellen Gef\u00fcges des Landes. In Alvarez\u201c Worten: \u201dDer Austausch zwischen den Generationen ist wichtig, aber in unserem Kontext immer schwieriger zu erreichen. Ein herzliches Dankesch\u00f6n an den Fondo de Arte Joven, der Mittel - nicht nur finanzieller Art - zur Verf\u00fcgung stellt, um diese R\u00e4ume zu konsolidieren\".\u201d<\/p>\n\n\n\n<p>F\u00fcr etablierte K\u00fcnstler wie Gabriela Reyna, ebenfalls Lehrerin in San Alejandro und Mitarbeiterin des Projekts, war diese Dynamik ebenso bereichernd. \u201cMein Atelier mit den Sch\u00fclern zu teilen, war etwas Besonderes: Sie konnten die pers\u00f6nlichere Seite des K\u00fcnstlers sehen. Ich erkenne mich in ihnen wieder, so wie ich es als Studentin getan habe\u201d. Reyna betont, dass der Austausch in beide Richtungen geht: \u201cSie entdecken das Universum der professionellen Kunst, und ich lerne von ihrem frischen Blick. Es ist ein Geschenk, dass wir uns austauschen und gegenseitig n\u00e4hren k\u00f6nnen.\u201d<\/p>\n\n\n\n<div class=\"wp-block-jetpack-tiled-gallery aligncenter is-style-rectangular\"><div class=\"has-rounded-corners-15\"><div class=\"tiled-gallery__gallery\"><div class=\"tiled-gallery__row\"><div class=\"tiled-gallery__col\" style=\"flex-basis:26.63688%\"><figure class=\"tiled-gallery__item\"><a href=\"https:\/\/artejoven.org\/wp-content\/uploads\/2026\/01\/Gabriela-Reyna_Ultimo-capitulo-de-un-lindo-drama-1024x576.webp\"><img decoding=\"async\" srcset=\"https:\/\/i0.wp.com\/artejoven.org\/wp-content\/uploads\/2026\/01\/Gabriela-Reyna_Ultimo-capitulo-de-un-lindo-drama-1024x576.webp?strip=info&#038;w=600&#038;ssl=1 600w,https:\/\/i0.wp.com\/artejoven.org\/wp-content\/uploads\/2026\/01\/Gabriela-Reyna_Ultimo-capitulo-de-un-lindo-drama-1024x576.webp?strip=info&#038;w=900&#038;ssl=1 900w,https:\/\/i0.wp.com\/artejoven.org\/wp-content\/uploads\/2026\/01\/Gabriela-Reyna_Ultimo-capitulo-de-un-lindo-drama-1024x576.webp?strip=info&#038;w=1200&#038;ssl=1 1200w,https:\/\/i0.wp.com\/artejoven.org\/wp-content\/uploads\/2026\/01\/Gabriela-Reyna_Ultimo-capitulo-de-un-lindo-drama-1024x576.webp?strip=info&#038;w=1500&#038;ssl=1 1500w,https:\/\/i0.wp.com\/artejoven.org\/wp-content\/uploads\/2026\/01\/Gabriela-Reyna_Ultimo-capitulo-de-un-lindo-drama-1024x576.webp?strip=info&#038;w=1800&#038;ssl=1 1800w,https:\/\/i0.wp.com\/artejoven.org\/wp-content\/uploads\/2026\/01\/Gabriela-Reyna_Ultimo-capitulo-de-un-lindo-drama-1024x576.webp?strip=info&#038;w=1892&#038;ssl=1 1892w\" alt=\"\" data-height=\"1065\" data-id=\"10247\" data-link=\"https:\/\/artejoven.org\/?attachment_id=10247#main\" data-url=\"https:\/\/artejoven.org\/wp-content\/uploads\/2026\/01\/Gabriela-Reyna_Ultimo-capitulo-de-un-lindo-drama-1024x576.webp\" data-width=\"1892\" src=\"https:\/\/i0.wp.com\/artejoven.org\/wp-content\/uploads\/2026\/01\/Gabriela-Reyna_Ultimo-capitulo-de-un-lindo-drama-1024x576.webp?ssl=1\" data-amp-layout=\"responsive\"\/><\/a><\/figure><\/div><div class=\"tiled-gallery__col\" style=\"flex-basis:26.65548%\"><figure class=\"tiled-gallery__item\"><a href=\"https:\/\/artejoven.org\/wp-content\/uploads\/2026\/01\/Cristina-Vives_Ultimo-capitulo-de-un-lindo-drama-1024x576.webp\"><img decoding=\"async\" srcset=\"https:\/\/i0.wp.com\/artejoven.org\/wp-content\/uploads\/2026\/01\/Cristina-Vives_Ultimo-capitulo-de-un-lindo-drama-1024x576.webp?strip=info&#038;w=600&#038;ssl=1 600w,https:\/\/i0.wp.com\/artejoven.org\/wp-content\/uploads\/2026\/01\/Cristina-Vives_Ultimo-capitulo-de-un-lindo-drama-1024x576.webp?strip=info&#038;w=900&#038;ssl=1 900w,https:\/\/i0.wp.com\/artejoven.org\/wp-content\/uploads\/2026\/01\/Cristina-Vives_Ultimo-capitulo-de-un-lindo-drama-1024x576.webp?strip=info&#038;w=1200&#038;ssl=1 1200w,https:\/\/i0.wp.com\/artejoven.org\/wp-content\/uploads\/2026\/01\/Cristina-Vives_Ultimo-capitulo-de-un-lindo-drama-1024x576.webp?strip=info&#038;w=1500&#038;ssl=1 1500w,https:\/\/i0.wp.com\/artejoven.org\/wp-content\/uploads\/2026\/01\/Cristina-Vives_Ultimo-capitulo-de-un-lindo-drama-1024x576.webp?strip=info&#038;w=1800&#038;ssl=1 1800w,https:\/\/i0.wp.com\/artejoven.org\/wp-content\/uploads\/2026\/01\/Cristina-Vives_Ultimo-capitulo-de-un-lindo-drama-1024x576.webp?strip=info&#038;w=2000&#038;ssl=1 2000w\" alt=\"\" data-height=\"1440\" data-id=\"10248\" data-link=\"https:\/\/artejoven.org\/?attachment_id=10248#main\" data-url=\"https:\/\/artejoven.org\/wp-content\/uploads\/2026\/01\/Cristina-Vives_Ultimo-capitulo-de-un-lindo-drama-1024x576.webp\" data-width=\"2560\" src=\"https:\/\/i0.wp.com\/artejoven.org\/wp-content\/uploads\/2026\/01\/Cristina-Vives_Ultimo-capitulo-de-un-lindo-drama-1024x576.webp?ssl=1\" data-amp-layout=\"responsive\"\/><\/a><\/figure><\/div><div class=\"tiled-gallery__col\" style=\"flex-basis:26.65548%\"><figure class=\"tiled-gallery__item\"><a href=\"https:\/\/artejoven.org\/wp-content\/uploads\/2026\/01\/Gabriel-Raul-Cisneros-Baez_Ultimo-capitulo-de-un-lindo-drama-1024x576.webp\"><img decoding=\"async\" srcset=\"https:\/\/i0.wp.com\/artejoven.org\/wp-content\/uploads\/2026\/01\/Gabriel-Raul-Cisneros-Baez_Ultimo-capitulo-de-un-lindo-drama-1024x576.webp?strip=info&#038;w=600&#038;ssl=1 600w,https:\/\/i0.wp.com\/artejoven.org\/wp-content\/uploads\/2026\/01\/Gabriel-Raul-Cisneros-Baez_Ultimo-capitulo-de-un-lindo-drama-1024x576.webp?strip=info&#038;w=900&#038;ssl=1 900w,https:\/\/i0.wp.com\/artejoven.org\/wp-content\/uploads\/2026\/01\/Gabriel-Raul-Cisneros-Baez_Ultimo-capitulo-de-un-lindo-drama-1024x576.webp?strip=info&#038;w=1200&#038;ssl=1 1200w,https:\/\/i0.wp.com\/artejoven.org\/wp-content\/uploads\/2026\/01\/Gabriel-Raul-Cisneros-Baez_Ultimo-capitulo-de-un-lindo-drama-1024x576.webp?strip=info&#038;w=1500&#038;ssl=1 1500w,https:\/\/i0.wp.com\/artejoven.org\/wp-content\/uploads\/2026\/01\/Gabriel-Raul-Cisneros-Baez_Ultimo-capitulo-de-un-lindo-drama-1024x576.webp?strip=info&#038;w=1800&#038;ssl=1 1800w,https:\/\/i0.wp.com\/artejoven.org\/wp-content\/uploads\/2026\/01\/Gabriel-Raul-Cisneros-Baez_Ultimo-capitulo-de-un-lindo-drama-1024x576.webp?strip=info&#038;w=2000&#038;ssl=1 2000w\" alt=\"\" data-height=\"1440\" data-id=\"10250\" data-link=\"https:\/\/artejoven.org\/?attachment_id=10250#main\" data-url=\"https:\/\/artejoven.org\/wp-content\/uploads\/2026\/01\/Gabriel-Raul-Cisneros-Baez_Ultimo-capitulo-de-un-lindo-drama-1024x576.webp\" data-width=\"2560\" src=\"https:\/\/i0.wp.com\/artejoven.org\/wp-content\/uploads\/2026\/01\/Gabriel-Raul-Cisneros-Baez_Ultimo-capitulo-de-un-lindo-drama-1024x576.webp?ssl=1\" data-amp-layout=\"responsive\"\/><\/a><\/figure><\/div><div class=\"tiled-gallery__col\" style=\"flex-basis:20.05216%\"><figure class=\"tiled-gallery__item\"><a href=\"https:\/\/artejoven.org\/wp-content\/uploads\/2026\/01\/FAJ_Ultimo-capitulo-de-un-lindo-drama-1024x768.webp\"><img decoding=\"async\" srcset=\"https:\/\/i0.wp.com\/artejoven.org\/wp-content\/uploads\/2026\/01\/FAJ_Ultimo-capitulo-de-un-lindo-drama-1024x768.webp?strip=info&#038;w=600&#038;ssl=1 600w,https:\/\/i0.wp.com\/artejoven.org\/wp-content\/uploads\/2026\/01\/FAJ_Ultimo-capitulo-de-un-lindo-drama-1024x768.webp?strip=info&#038;w=900&#038;ssl=1 900w,https:\/\/i0.wp.com\/artejoven.org\/wp-content\/uploads\/2026\/01\/FAJ_Ultimo-capitulo-de-un-lindo-drama-1024x768.webp?strip=info&#038;w=1200&#038;ssl=1 1200w,https:\/\/i0.wp.com\/artejoven.org\/wp-content\/uploads\/2026\/01\/FAJ_Ultimo-capitulo-de-un-lindo-drama-1024x768.webp?strip=info&#038;w=1500&#038;ssl=1 1500w,https:\/\/i0.wp.com\/artejoven.org\/wp-content\/uploads\/2026\/01\/FAJ_Ultimo-capitulo-de-un-lindo-drama-1024x768.webp?strip=info&#038;w=1800&#038;ssl=1 1800w,https:\/\/i0.wp.com\/artejoven.org\/wp-content\/uploads\/2026\/01\/FAJ_Ultimo-capitulo-de-un-lindo-drama-1024x768.webp?strip=info&#038;w=2000&#038;ssl=1 2000w\" alt=\"\" data-height=\"1920\" data-id=\"10249\" data-link=\"https:\/\/artejoven.org\/?attachment_id=10249#main\" data-url=\"https:\/\/artejoven.org\/wp-content\/uploads\/2026\/01\/FAJ_Ultimo-capitulo-de-un-lindo-drama-1024x768.webp\" data-width=\"2560\" src=\"https:\/\/i0.wp.com\/artejoven.org\/wp-content\/uploads\/2026\/01\/FAJ_Ultimo-capitulo-de-un-lindo-drama-1024x768.webp?ssl=1\" data-amp-layout=\"responsive\"\/><\/a><\/figure><\/div><\/div><\/div><\/div><\/div>\n\n\n\n<p>\u201cDer Young Art Fund ist zu einer unsch\u00e4tzbaren Referenz geworden. Er integriert verschiedene Stimmen und zeigt, dass Kunst w\u00e4chst, wenn wir Wissen teilen. Ich w\u00fcnschte, es g\u00e4be mehr solcher Orte in Kuba\u201d, sagte er.<\/p>\n\n\n\n<p><strong>Informieren, inspirieren, verbinden<\/strong><\/p>\n\n\n\n<p>Zum Abschluss einer Erfahrung wie der folgenden <em>\u201cLetztes Kapitel eines sch\u00f6nen Dramas\u201d,<\/em> Evelynn Alvarez hat die Gruppenausstellung \u201cEl Motivo\u201d, die in der Galerie Acacia in Havanna zu sehen ist, aus ihrer Sicht als Lehrerin gestaltet, die durch Gespr\u00e4che und Austausch mit jungen bildenden K\u00fcnstlern gepr\u00e4gt ist.<\/p>\n\n\n\n<p>Acht K\u00fcnstler, darunter Suamy Hern\u00e1ndez, nahmen an dem Austausch mit Studenten teil und schlossen so einen Kreislauf, der M\u00f6glichkeiten zur Selbstverbesserung, Verbindung und Inspiration bot.<\/p>\n\n\n\n<div class=\"wp-block-jetpack-tiled-gallery aligncenter is-style-rectangular\"><div class=\"has-rounded-corners-15\"><div class=\"tiled-gallery__gallery\"><div class=\"tiled-gallery__row\"><div class=\"tiled-gallery__col\" style=\"flex-basis:66.79293%\"><figure class=\"tiled-gallery__item\"><a href=\"https:\/\/artejoven.org\/wp-content\/uploads\/2026\/01\/inauguracion_El-Motivo-6-1024x768.webp\"><img decoding=\"async\" srcset=\"https:\/\/i0.wp.com\/artejoven.org\/wp-content\/uploads\/2026\/01\/inauguracion_El-Motivo-6-1024x768.webp?strip=info&#038;w=600&#038;ssl=1 600w,https:\/\/i0.wp.com\/artejoven.org\/wp-content\/uploads\/2026\/01\/inauguracion_El-Motivo-6-1024x768.webp?strip=info&#038;w=900&#038;ssl=1 900w,https:\/\/i0.wp.com\/artejoven.org\/wp-content\/uploads\/2026\/01\/inauguracion_El-Motivo-6-1024x768.webp?strip=info&#038;w=1200&#038;ssl=1 1200w,https:\/\/i0.wp.com\/artejoven.org\/wp-content\/uploads\/2026\/01\/inauguracion_El-Motivo-6-1024x768.webp?strip=info&#038;w=1500&#038;ssl=1 1500w,https:\/\/i0.wp.com\/artejoven.org\/wp-content\/uploads\/2026\/01\/inauguracion_El-Motivo-6-1024x768.webp?strip=info&#038;w=1800&#038;ssl=1 1800w,https:\/\/i0.wp.com\/artejoven.org\/wp-content\/uploads\/2026\/01\/inauguracion_El-Motivo-6-1024x768.webp?strip=info&#038;w=2000&#038;ssl=1 2000w\" alt=\"\" data-height=\"1920\" data-id=\"10251\" data-link=\"https:\/\/artejoven.org\/?attachment_id=10251#main\" data-url=\"https:\/\/artejoven.org\/wp-content\/uploads\/2026\/01\/inauguracion_El-Motivo-6-1024x768.webp\" data-width=\"2560\" src=\"https:\/\/i0.wp.com\/artejoven.org\/wp-content\/uploads\/2026\/01\/inauguracion_El-Motivo-6-1024x768.webp?ssl=1\" data-amp-layout=\"responsive\"\/><\/a><\/figure><\/div><div class=\"tiled-gallery__col\" style=\"flex-basis:33.20707%\"><figure class=\"tiled-gallery__item\"><a href=\"https:\/\/artejoven.org\/wp-content\/uploads\/2026\/01\/inauguracion_El-Motivo-2-1024x768.webp\"><img decoding=\"async\" srcset=\"https:\/\/i0.wp.com\/artejoven.org\/wp-content\/uploads\/2026\/01\/inauguracion_El-Motivo-2-1024x768.webp?strip=info&#038;w=600&#038;ssl=1 600w,https:\/\/i0.wp.com\/artejoven.org\/wp-content\/uploads\/2026\/01\/inauguracion_El-Motivo-2-1024x768.webp?strip=info&#038;w=900&#038;ssl=1 900w,https:\/\/i0.wp.com\/artejoven.org\/wp-content\/uploads\/2026\/01\/inauguracion_El-Motivo-2-1024x768.webp?strip=info&#038;w=1200&#038;ssl=1 1200w,https:\/\/i0.wp.com\/artejoven.org\/wp-content\/uploads\/2026\/01\/inauguracion_El-Motivo-2-1024x768.webp?strip=info&#038;w=1500&#038;ssl=1 1500w,https:\/\/i0.wp.com\/artejoven.org\/wp-content\/uploads\/2026\/01\/inauguracion_El-Motivo-2-1024x768.webp?strip=info&#038;w=1800&#038;ssl=1 1800w,https:\/\/i0.wp.com\/artejoven.org\/wp-content\/uploads\/2026\/01\/inauguracion_El-Motivo-2-1024x768.webp?strip=info&#038;w=2000&#038;ssl=1 2000w\" alt=\"\" data-height=\"1920\" data-id=\"10252\" data-link=\"https:\/\/artejoven.org\/?attachment_id=10252#main\" data-url=\"https:\/\/artejoven.org\/wp-content\/uploads\/2026\/01\/inauguracion_El-Motivo-2-1024x768.webp\" data-width=\"2560\" src=\"https:\/\/i0.wp.com\/artejoven.org\/wp-content\/uploads\/2026\/01\/inauguracion_El-Motivo-2-1024x768.webp?ssl=1\" data-amp-layout=\"responsive\"\/><\/a><\/figure><figure class=\"tiled-gallery__item\"><a href=\"https:\/\/artejoven.org\/wp-content\/uploads\/2026\/01\/inauguracion_El-Motivo-3-1024x768.webp\"><img decoding=\"async\" srcset=\"https:\/\/i0.wp.com\/artejoven.org\/wp-content\/uploads\/2026\/01\/inauguracion_El-Motivo-3-1024x768.webp?strip=info&#038;w=600&#038;ssl=1 600w,https:\/\/i0.wp.com\/artejoven.org\/wp-content\/uploads\/2026\/01\/inauguracion_El-Motivo-3-1024x768.webp?strip=info&#038;w=900&#038;ssl=1 900w,https:\/\/i0.wp.com\/artejoven.org\/wp-content\/uploads\/2026\/01\/inauguracion_El-Motivo-3-1024x768.webp?strip=info&#038;w=1200&#038;ssl=1 1200w,https:\/\/i0.wp.com\/artejoven.org\/wp-content\/uploads\/2026\/01\/inauguracion_El-Motivo-3-1024x768.webp?strip=info&#038;w=1500&#038;ssl=1 1500w,https:\/\/i0.wp.com\/artejoven.org\/wp-content\/uploads\/2026\/01\/inauguracion_El-Motivo-3-1024x768.webp?strip=info&#038;w=1800&#038;ssl=1 1800w,https:\/\/i0.wp.com\/artejoven.org\/wp-content\/uploads\/2026\/01\/inauguracion_El-Motivo-3-1024x768.webp?strip=info&#038;w=2000&#038;ssl=1 2000w\" alt=\"\" data-height=\"1920\" data-id=\"10253\" data-link=\"https:\/\/artejoven.org\/?attachment_id=10253#main\" data-url=\"https:\/\/artejoven.org\/wp-content\/uploads\/2026\/01\/inauguracion_El-Motivo-3-1024x768.webp\" data-width=\"2560\" src=\"https:\/\/i0.wp.com\/artejoven.org\/wp-content\/uploads\/2026\/01\/inauguracion_El-Motivo-3-1024x768.webp?ssl=1\" data-amp-layout=\"responsive\"\/><\/a><\/figure><\/div><\/div><div class=\"tiled-gallery__row\"><div class=\"tiled-gallery__col\" style=\"flex-basis:50.00000%\"><figure class=\"tiled-gallery__item\"><a href=\"https:\/\/artejoven.org\/wp-content\/uploads\/2026\/01\/inauguracion_El-Motivo-4-1024x768.webp\"><img decoding=\"async\" srcset=\"https:\/\/i0.wp.com\/artejoven.org\/wp-content\/uploads\/2026\/01\/inauguracion_El-Motivo-4-1024x768.webp?strip=info&#038;w=600&#038;ssl=1 600w,https:\/\/i0.wp.com\/artejoven.org\/wp-content\/uploads\/2026\/01\/inauguracion_El-Motivo-4-1024x768.webp?strip=info&#038;w=900&#038;ssl=1 900w,https:\/\/i0.wp.com\/artejoven.org\/wp-content\/uploads\/2026\/01\/inauguracion_El-Motivo-4-1024x768.webp?strip=info&#038;w=1200&#038;ssl=1 1200w,https:\/\/i0.wp.com\/artejoven.org\/wp-content\/uploads\/2026\/01\/inauguracion_El-Motivo-4-1024x768.webp?strip=info&#038;w=1500&#038;ssl=1 1500w,https:\/\/i0.wp.com\/artejoven.org\/wp-content\/uploads\/2026\/01\/inauguracion_El-Motivo-4-1024x768.webp?strip=info&#038;w=1800&#038;ssl=1 1800w,https:\/\/i0.wp.com\/artejoven.org\/wp-content\/uploads\/2026\/01\/inauguracion_El-Motivo-4-1024x768.webp?strip=info&#038;w=2000&#038;ssl=1 2000w\" alt=\"\" data-height=\"1920\" data-id=\"10254\" data-link=\"https:\/\/artejoven.org\/?attachment_id=10254#main\" data-url=\"https:\/\/artejoven.org\/wp-content\/uploads\/2026\/01\/inauguracion_El-Motivo-4-1024x768.webp\" data-width=\"2560\" src=\"https:\/\/i0.wp.com\/artejoven.org\/wp-content\/uploads\/2026\/01\/inauguracion_El-Motivo-4-1024x768.webp?ssl=1\" data-amp-layout=\"responsive\"\/><\/a><\/figure><\/div><div class=\"tiled-gallery__col\" style=\"flex-basis:50.00000%\"><figure class=\"tiled-gallery__item\"><a href=\"https:\/\/artejoven.org\/wp-content\/uploads\/2026\/01\/inauguracion_El-Motivo-5-1024x768.webp\"><img decoding=\"async\" srcset=\"https:\/\/i0.wp.com\/artejoven.org\/wp-content\/uploads\/2026\/01\/inauguracion_El-Motivo-5-1024x768.webp?strip=info&#038;w=600&#038;ssl=1 600w,https:\/\/i0.wp.com\/artejoven.org\/wp-content\/uploads\/2026\/01\/inauguracion_El-Motivo-5-1024x768.webp?strip=info&#038;w=900&#038;ssl=1 900w,https:\/\/i0.wp.com\/artejoven.org\/wp-content\/uploads\/2026\/01\/inauguracion_El-Motivo-5-1024x768.webp?strip=info&#038;w=1200&#038;ssl=1 1200w,https:\/\/i0.wp.com\/artejoven.org\/wp-content\/uploads\/2026\/01\/inauguracion_El-Motivo-5-1024x768.webp?strip=info&#038;w=1500&#038;ssl=1 1500w,https:\/\/i0.wp.com\/artejoven.org\/wp-content\/uploads\/2026\/01\/inauguracion_El-Motivo-5-1024x768.webp?strip=info&#038;w=1800&#038;ssl=1 1800w,https:\/\/i0.wp.com\/artejoven.org\/wp-content\/uploads\/2026\/01\/inauguracion_El-Motivo-5-1024x768.webp?strip=info&#038;w=2000&#038;ssl=1 2000w\" alt=\"\" data-height=\"1920\" data-id=\"10255\" data-link=\"https:\/\/artejoven.org\/?attachment_id=10255#main\" data-url=\"https:\/\/artejoven.org\/wp-content\/uploads\/2026\/01\/inauguracion_El-Motivo-5-1024x768.webp\" data-width=\"2560\" src=\"https:\/\/i0.wp.com\/artejoven.org\/wp-content\/uploads\/2026\/01\/inauguracion_El-Motivo-5-1024x768.webp?ssl=1\" data-amp-layout=\"responsive\"\/><\/a><\/figure><\/div><\/div><\/div><\/div><\/div>\n\n\n\n<p>Alvarez verwendet den Begriff \u00abHappy End\u00bb, um auf die Ausstellung zu verweisen, in deren <em>Anweisung<\/em> kann auch als \u00abeine kuratorische \u00dcbung gelesen werden, die durch die Identifizierung von <em>Leitmotive<\/em>Jedes St\u00fcck zeigt die zentralen Wiederholungen des Autors in seinem Werk auf. Ebenso gibt es eine weitere Konstante, die die Auswahl der Werke bestimmt: Jedes Werk zeigt die \u00dcberlegungen des Autors zum Ph\u00e4nomen der Kunst\u00bb. Auf diese Weise schloss der Workshop einen Kreislauf und bot den Sch\u00fclern die M\u00f6glichkeit, ihre F\u00e4higkeiten zu verbessern.<\/p>\n\n\n\n<p>F\u00fcr sie bedeutete die Leitung dieses Prozesses mehr als nur einen beruflichen Erfolg: \u201cIch habe den Workshop \u00fcbernommen. <em>Letztes Kapitel eines sch\u00f6nen Dramas<\/em> als einen Abschluss. Ein \u2018Abschluss\u2019 im landl\u00e4ufigen Sinne, der das gro\u00dfe Potenzial von etwas zum Ausdruck bringt; aber auch der Abschluss einer Etappe, sowohl f\u00fcr die Sch\u00fcler, die damals ihre berufliche Mittelstufe abschlossen, als auch in meiner heutigen Praxis, die sich auf das Unternehmertum ausweitete. Daher die abschlie\u00dfende Aura, die mich dazu veranlasste, die Arbeiten zu \u00fcberdenken, und die sich als eine Art notwendiger Filter erwies, um weiter zu flie\u00dfen.<\/p>\n\n\n\n<p>Das Projekt <em>\u201cLetztes Kapitel eines sch\u00f6nen Dramas\u201d.\u201d<\/em> ist ein Beispiel f\u00fcr die Auswirkungen, die die Zusammenarbeit zwischen einer Initiative wie der FAJ und der Kunsterziehung haben kann. In der \u00dcberzeugung, dass Kunst ebenso wie Bildung in der Gemeinschaft entsteht, versucht die Plattform, Netzwerke zu kn\u00fcpfen, Gemeinschaften zu st\u00e4rken und einer neuen Generation kubanischer K\u00fcnstler eine Stimme zu geben, die davon tr\u00e4umt, ihr Umfeld durch ihr Schaffen zu ver\u00e4ndern.<\/p>\n\n\n\n<figure class=\"wp-block-image size-large\"><img fetchpriority=\"high\" decoding=\"async\" width=\"768\" height=\"1024\" src=\"https:\/\/artejoven.org\/wp-content\/uploads\/2026\/01\/equipo-Acacia-artistas-y-Evelynn-Alvarez_El-Motivo-768x1024.webp\" alt=\"\" class=\"wp-image-10256\" srcset=\"https:\/\/artejoven.org\/wp-content\/uploads\/2026\/01\/equipo-Acacia-artistas-y-Evelynn-Alvarez_El-Motivo-768x1024.webp 768w, https:\/\/artejoven.org\/wp-content\/uploads\/2026\/01\/equipo-Acacia-artistas-y-Evelynn-Alvarez_El-Motivo-225x300.webp 225w, https:\/\/artejoven.org\/wp-content\/uploads\/2026\/01\/equipo-Acacia-artistas-y-Evelynn-Alvarez_El-Motivo-1152x1536.webp 1152w, https:\/\/artejoven.org\/wp-content\/uploads\/2026\/01\/equipo-Acacia-artistas-y-Evelynn-Alvarez_El-Motivo-1536x2048.webp 1536w, https:\/\/artejoven.org\/wp-content\/uploads\/2026\/01\/equipo-Acacia-artistas-y-Evelynn-Alvarez_El-Motivo-9x12.webp 9w, https:\/\/artejoven.org\/wp-content\/uploads\/2026\/01\/equipo-Acacia-artistas-y-Evelynn-Alvarez_El-Motivo.webp 1920w\" sizes=\"(max-width: 768px) 100vw, 768px\" \/><\/figure>","protected":false},"excerpt":{"rendered":"<p>Das Projekt \u201cLetztes Kapitel eines sch\u00f6nen Dramas\u201d ist ein Beispiel f\u00fcr die Auswirkungen, die die Zusammenarbeit zwischen einer Initiative wie dem Jugendkunstfonds und der Kunsterziehung haben kann. <\/p>","protected":false},"author":1,"featured_media":10240,"comment_status":"open","ping_status":"open","sticky":false,"template":"","format":"standard","meta":{"_acf_changed":false,"_jetpack_memberships_contains_paid_content":false,"footnotes":"","_links_to":"","_links_to_target":""},"categories":[35],"tags":[],"class_list":{"0":"post-10239","1":"post","2":"type-post","3":"status-publish","4":"format-standard","5":"has-post-thumbnail","6":"hentry","7":"category-desde-el-faj","9":"post-with-thumbnail","10":"post-with-thumbnail-large"},"acf":[],"aioseo_notices":[],"jetpack_featured_media_url":"https:\/\/artejoven.org\/wp-content\/uploads\/2026\/01\/studio-Suamy-Hernandez_Ultimo-capitulo-de-un-lindo-drama-scaled.webp","jetpack-related-posts":[{"id":10603,"url":"https:\/\/artejoven.org\/de\/mujeres-que-impulsan-el-arte-y-transforman-comunidades-con-apoyo-del-fondo-de-arte-joven\/","url_meta":{"origin":10239,"position":0},"title":"Frauen, die mit Unterst\u00fctzung des Young Art Fund Kunst f\u00f6rdern und Gemeinschaften ver\u00e4ndern","author":"Ren\u00e9 Manuel Puig","date":"23 de M\u00e4rz de 2026","format":false,"excerpt":"Neue Wege zu beschreiten, Instrumente auszutauschen und Netzwerke zu st\u00e4rken sind Teil der strategischen Ziele der FAJ.","rel":"","context":"In &quot;Desde el FAJ&quot;","block_context":{"text":"Desde el FAJ","link":"https:\/\/artejoven.org\/de\/category\/noticias\/desde-el-faj\/"},"img":{"alt_text":"","src":"https:\/\/i0.wp.com\/artejoven.org\/wp-content\/uploads\/2026\/03\/A7R8815-scaled.webp?resize=350%2C200&ssl=1","width":350,"height":200,"srcset":"https:\/\/i0.wp.com\/artejoven.org\/wp-content\/uploads\/2026\/03\/A7R8815-scaled.webp?resize=350%2C200&ssl=1 1x, https:\/\/i0.wp.com\/artejoven.org\/wp-content\/uploads\/2026\/03\/A7R8815-scaled.webp?resize=525%2C300&ssl=1 1.5x, https:\/\/i0.wp.com\/artejoven.org\/wp-content\/uploads\/2026\/03\/A7R8815-scaled.webp?resize=700%2C400&ssl=1 2x, https:\/\/i0.wp.com\/artejoven.org\/wp-content\/uploads\/2026\/03\/A7R8815-scaled.webp?resize=1050%2C600&ssl=1 3x, https:\/\/i0.wp.com\/artejoven.org\/wp-content\/uploads\/2026\/03\/A7R8815-scaled.webp?resize=1400%2C800&ssl=1 4x"},"classes":[]},{"id":7326,"url":"https:\/\/artejoven.org\/de\/visita-el-critico-y-curador-de-arte-gerardo-mosquera-la-muestra-personal-niebla-en-la-galeria-salon-blanco\/","url_meta":{"origin":10239,"position":1},"title":"Der Kunstkritiker und Kurator Gerardo Mosquera besucht die pers\u00f6nliche Ausstellung Niebla in der Galerie Sal\u00f3n Blanco.","author":"Ren\u00e9 Manuel Puig","date":"9 de April de 2024","format":false,"excerpt":"Der regelm\u00e4\u00dfige Ausstellungsraum des Fondo de Arte Joven (FAJ), die Galer\u00eda Sal\u00f3n Blanco, empfing zum zweiten Mal den Kunstkritiker und Kurator Gerardo Mosquera.","rel":"","context":"In &quot;Desde el FAJ&quot;","block_context":{"text":"Desde el FAJ","link":"https:\/\/artejoven.org\/de\/category\/noticias\/desde-el-faj\/"},"img":{"alt_text":"Niebla, de Daniel Ant\u00f3n","src":"https:\/\/i0.wp.com\/artejoven.org\/wp-content\/uploads\/2024\/04\/img_9417-1-jpg.webp?resize=350%2C200&ssl=1","width":350,"height":200,"srcset":"https:\/\/i0.wp.com\/artejoven.org\/wp-content\/uploads\/2024\/04\/img_9417-1-jpg.webp?resize=350%2C200&ssl=1 1x, https:\/\/i0.wp.com\/artejoven.org\/wp-content\/uploads\/2024\/04\/img_9417-1-jpg.webp?resize=525%2C300&ssl=1 1.5x, https:\/\/i0.wp.com\/artejoven.org\/wp-content\/uploads\/2024\/04\/img_9417-1-jpg.webp?resize=700%2C400&ssl=1 2x, https:\/\/i0.wp.com\/artejoven.org\/wp-content\/uploads\/2024\/04\/img_9417-1-jpg.webp?resize=1050%2C600&ssl=1 3x, https:\/\/i0.wp.com\/artejoven.org\/wp-content\/uploads\/2024\/04\/img_9417-1-jpg.webp?resize=1400%2C800&ssl=1 4x"},"classes":[]},{"id":6416,"url":"https:\/\/artejoven.org\/de\/fondo-de-arte-joven-inaugura-muestra-concurso-malayerba-en-la-galeria-salon-blanco\/","url_meta":{"origin":10239,"position":2},"title":"Fondo de Arte Joven er\u00f6ffnet die Ausstellung malaYerba competition in der Galerie Sal\u00f3n Blanco","author":"Ren\u00e9 Manuel Puig","date":"27 de November de 2023","format":false,"excerpt":"Der Fondo de Arte Joven (FAJ) er\u00f6ffnet am Donnerstag, den 30. November, eine Wettbewerbsausstellung in seinen \u00fcblichen R\u00e4umlichkeiten, der Galer\u00eda Sal\u00f3n Blanco, die sich im Kloster und der Basilika San Francisco de As\u00eds in Alt-Havanna befindet.","rel":"","context":"In &quot;Desde el FAJ&quot;","block_context":{"text":"Desde el FAJ","link":"https:\/\/artejoven.org\/de\/category\/noticias\/desde-el-faj\/"},"img":{"alt_text":"MalaYerba","src":"https:\/\/i0.wp.com\/artejoven.org\/wp-content\/uploads\/2023\/11\/MalaYerba.png?resize=350%2C200&ssl=1","width":350,"height":200,"srcset":"https:\/\/i0.wp.com\/artejoven.org\/wp-content\/uploads\/2023\/11\/MalaYerba.png?resize=350%2C200&ssl=1 1x, https:\/\/i0.wp.com\/artejoven.org\/wp-content\/uploads\/2023\/11\/MalaYerba.png?resize=525%2C300&ssl=1 1.5x, https:\/\/i0.wp.com\/artejoven.org\/wp-content\/uploads\/2023\/11\/MalaYerba.png?resize=700%2C400&ssl=1 2x, https:\/\/i0.wp.com\/artejoven.org\/wp-content\/uploads\/2023\/11\/MalaYerba.png?resize=1050%2C600&ssl=1 3x"},"classes":[]},{"id":6063,"url":"https:\/\/artejoven.org\/de\/fondo-de-arte-joven-se-presenta-a-estudiantes-y-artistas-de-santiago-de-cuba\/","url_meta":{"origin":10239,"position":3},"title":"Fondo de Arte Joven stellt sich Studenten und K\u00fcnstlern aus Santiago de Cuba vor","author":"Ren\u00e9 Manuel Puig","date":"4 de Oktober de 2023","format":false,"excerpt":"Im Austausch mit K\u00fcnstlern und Studenten aus Santiago de Cuba fand am Dienstag die Pr\u00e4sentation des Fondo de Arte Joven (FAJ) w\u00e4hrend des II Sal\u00f3n Regional de Arte Contempor\u00e1neo Ren\u00e9 Vald\u00e9s Cede\u00f1o in Santiago de Cuba statt.","rel":"","context":"In &quot;Desde el FAJ&quot;","block_context":{"text":"Desde el FAJ","link":"https:\/\/artejoven.org\/de\/category\/noticias\/desde-el-faj\/"},"img":{"alt_text":"Sandra Garc\u00eda Herrera y Caridad Figueroa, en representaci\u00f3n del FAJ","src":"https:\/\/i0.wp.com\/artejoven.org\/wp-content\/uploads\/2023\/10\/FAJ-en-Santiago-de-Cuba-jpg.webp?resize=350%2C200&ssl=1","width":350,"height":200,"srcset":"https:\/\/i0.wp.com\/artejoven.org\/wp-content\/uploads\/2023\/10\/FAJ-en-Santiago-de-Cuba-jpg.webp?resize=350%2C200&ssl=1 1x, https:\/\/i0.wp.com\/artejoven.org\/wp-content\/uploads\/2023\/10\/FAJ-en-Santiago-de-Cuba-jpg.webp?resize=525%2C300&ssl=1 1.5x, https:\/\/i0.wp.com\/artejoven.org\/wp-content\/uploads\/2023\/10\/FAJ-en-Santiago-de-Cuba-jpg.webp?resize=700%2C400&ssl=1 2x, https:\/\/i0.wp.com\/artejoven.org\/wp-content\/uploads\/2023\/10\/FAJ-en-Santiago-de-Cuba-jpg.webp?resize=1050%2C600&ssl=1 3x"},"classes":[]},{"id":5892,"url":"https:\/\/artejoven.org\/de\/fondo-de-arte-joven-faj-inaugura-nueva-exposicion-en-el-salon-blanco\/","url_meta":{"origin":10239,"position":4},"title":"Fondo de Arte Joven (FAJ) er\u00f6ffnet neue Ausstellung im Wei\u00dfen Saal","author":"Ren\u00e9 Manuel Puig","date":"18 de September de 2023","format":false,"excerpt":"Am Dienstagnachmittag, dem 14. September, er\u00f6ffnete der Fondo de Arte Joven (FAJ) die Fotoausstellung Havanna, eine sp\u00fcrbare Seele\", die die Arbeiten mehrerer junger kubanischer Fotografen versammelt, die mit ihren Objektiven verschiedene Interpretationen der Stadt illustrieren.","rel":"","context":"In &quot;Desde el FAJ&quot;","block_context":{"text":"Desde el FAJ","link":"https:\/\/artejoven.org\/de\/category\/noticias\/desde-el-faj\/"},"img":{"alt_text":"Equipo del Fondo de Arte Joven junto a artistas de la muestra.","src":"https:\/\/i0.wp.com\/artejoven.org\/wp-content\/uploads\/2023\/09\/Habana-un-alma-palpable-2-jpg.webp?resize=350%2C200&ssl=1","width":350,"height":200,"srcset":"https:\/\/i0.wp.com\/artejoven.org\/wp-content\/uploads\/2023\/09\/Habana-un-alma-palpable-2-jpg.webp?resize=350%2C200&ssl=1 1x, https:\/\/i0.wp.com\/artejoven.org\/wp-content\/uploads\/2023\/09\/Habana-un-alma-palpable-2-jpg.webp?resize=525%2C300&ssl=1 1.5x, https:\/\/i0.wp.com\/artejoven.org\/wp-content\/uploads\/2023\/09\/Habana-un-alma-palpable-2-jpg.webp?resize=700%2C400&ssl=1 2x, https:\/\/i0.wp.com\/artejoven.org\/wp-content\/uploads\/2023\/09\/Habana-un-alma-palpable-2-jpg.webp?resize=1050%2C600&ssl=1 3x, https:\/\/i0.wp.com\/artejoven.org\/wp-content\/uploads\/2023\/09\/Habana-un-alma-palpable-2-jpg.webp?resize=1400%2C800&ssl=1 4x"},"classes":[]},{"id":8049,"url":"https:\/\/artejoven.org\/de\/fondo-de-arte-joven-inaugura-en-la-habana-la-segunda-edicion-de-la-muestra-concurso-malayerba\/","url_meta":{"origin":10239,"position":5},"title":"Fondo de Arte Joven er\u00f6ffnet in Havanna die zweite Ausgabe der Ausstellung des Wettbewerbs malaYerba","author":"Ren\u00e9 Manuel Puig","date":"13 de September de 2024","format":false,"excerpt":"Ein Jahr nach seiner Gr\u00fcndung hat sich malaYerba als ein Ort etabliert, an dem die Stimmen der jungen Kunst einen Platz finden, um sich auszudr\u00fccken und mit dem Publikum in Kontakt zu treten.","rel":"","context":"In &quot;Desde el FAJ&quot;","block_context":{"text":"Desde el FAJ","link":"https:\/\/artejoven.org\/de\/category\/noticias\/desde-el-faj\/"},"img":{"alt_text":"malaYerba II","src":"https:\/\/i0.wp.com\/artejoven.org\/wp-content\/uploads\/2024\/09\/01-jpg.webp?resize=350%2C200&ssl=1","width":350,"height":200,"srcset":"https:\/\/i0.wp.com\/artejoven.org\/wp-content\/uploads\/2024\/09\/01-jpg.webp?resize=350%2C200&ssl=1 1x, https:\/\/i0.wp.com\/artejoven.org\/wp-content\/uploads\/2024\/09\/01-jpg.webp?resize=525%2C300&ssl=1 1.5x, https:\/\/i0.wp.com\/artejoven.org\/wp-content\/uploads\/2024\/09\/01-jpg.webp?resize=700%2C400&ssl=1 2x, https:\/\/i0.wp.com\/artejoven.org\/wp-content\/uploads\/2024\/09\/01-jpg.webp?resize=1050%2C600&ssl=1 3x"},"classes":[]}],"jetpack_sharing_enabled":true,"_links":{"self":[{"href":"https:\/\/artejoven.org\/de\/wp-json\/wp\/v2\/posts\/10239","targetHints":{"allow":["GET"]}}],"collection":[{"href":"https:\/\/artejoven.org\/de\/wp-json\/wp\/v2\/posts"}],"about":[{"href":"https:\/\/artejoven.org\/de\/wp-json\/wp\/v2\/types\/post"}],"author":[{"embeddable":true,"href":"https:\/\/artejoven.org\/de\/wp-json\/wp\/v2\/users\/1"}],"replies":[{"embeddable":true,"href":"https:\/\/artejoven.org\/de\/wp-json\/wp\/v2\/comments?post=10239"}],"version-history":[{"count":5,"href":"https:\/\/artejoven.org\/de\/wp-json\/wp\/v2\/posts\/10239\/revisions"}],"predecessor-version":[{"id":10262,"href":"https:\/\/artejoven.org\/de\/wp-json\/wp\/v2\/posts\/10239\/revisions\/10262"}],"wp:featuredmedia":[{"embeddable":true,"href":"https:\/\/artejoven.org\/de\/wp-json\/wp\/v2\/media\/10240"}],"wp:attachment":[{"href":"https:\/\/artejoven.org\/de\/wp-json\/wp\/v2\/media?parent=10239"}],"wp:term":[{"taxonomy":"category","embeddable":true,"href":"https:\/\/artejoven.org\/de\/wp-json\/wp\/v2\/categories?post=10239"},{"taxonomy":"post_tag","embeddable":true,"href":"https:\/\/artejoven.org\/de\/wp-json\/wp\/v2\/tags?post=10239"}],"curies":[{"name":"wp","href":"https:\/\/api.w.org\/{rel}","templated":true}]}}