{"id":5561,"date":"2023-09-03T18:37:35","date_gmt":"2023-09-03T22:37:35","guid":{"rendered":"https:\/\/artejoven.org\/?p=5561"},"modified":"2023-09-04T10:12:28","modified_gmt":"2023-09-04T14:12:28","slug":"malayerba-young-art-competition-schliest-seinen-aufruf-zur-teilnahme-ab","status":"publish","type":"post","link":"https:\/\/artejoven.org\/de\/cierra-convocatoria-malayerba-concurso-de-arte-joven\/","title":{"rendered":"Einsendeschluss f\u00fcr den malaYerba. young Kunstwettbewerb"},"content":{"rendered":"<p class=\"translation-block\">Der Fondo de Arte Joven (FAJ) und die Fundaci\u00f3n Los Carbonell (FLC) \/ NG Art Gallery riefen zur ersten Ausgabe von <em>malaYerba. concurso de arte joven<\/em> auf, mit dem Ziel, den kreativen Prozess kubanischer bildender K\u00fcnstler zu unterst\u00fctzen.<\/p>\n\n\n\n<p>Am 1. September gingen insgesamt 65 Bewerbungen und hundert Werke ein, die von einer nationalen und internationalen Jury, die in den Bereichen der oben genannten Wettbewerbe anerkannt ist, auf transparente und unparteiische Weise bewertet werden.<\/p>","protected":false},"excerpt":{"rendered":"<p class=\"translation-block\">Der Fondo de Arte Joven (FAJ) und die Fundaci\u00f3n Los Carbonell (FLC) \/ NG Art Gallery riefen zur ersten Ausgabe von <em>malaYerba. concurso de arte joven<\/em> auf, mit dem Ziel, den kreativen Prozess kubanischer bildender K\u00fcnstler zu unterst\u00fctzen.<\/p>","protected":false},"author":1,"featured_media":5562,"comment_status":"open","ping_status":"open","sticky":false,"template":"","format":"standard","meta":{"_acf_changed":false,"_jetpack_memberships_contains_paid_content":false,"footnotes":"","_links_to":"","_links_to_target":""},"categories":[35],"tags":[],"class_list":{"0":"post-5561","1":"post","2":"type-post","3":"status-publish","4":"format-standard","5":"has-post-thumbnail","6":"hentry","7":"category-desde-el-faj","9":"post-with-thumbnail","10":"post-with-thumbnail-large"},"acf":[],"aioseo_notices":[],"jetpack_featured_media_url":"https:\/\/artejoven.org\/wp-content\/uploads\/2023\/09\/malaYerba-jpg.webp","jetpack-related-posts":[{"id":8580,"url":"https:\/\/artejoven.org\/de\/fondo-de-arte-joven-y-fundacion-los-carbonell-ng-art-gallery-presentaran-en-la-habana-el-catalogo-de-la-primera-edicion-del-concurso-malayerba\/","url_meta":{"origin":5561,"position":0},"title":"Fonds f\u00fcr junge K\u00fcnstler (FJK) und die Fundaci\u00f3n Los Carbonell \/ NG Art Gallery werden den Katalog der ersten Ausgabe des malaYerba-Wettbewerbs in Havanna vorstellen.","author":"Ren\u00e9 Manuel Puig","date":"13 de Januar de 2025","format":false,"excerpt":"Fonds f\u00fcr junge K\u00fcnstler (FJK) und die Fundaci\u00f3n Los Carbonell (FLC) \/ NG Art Gallery, Partner und Manager des visuellen Kunstprofils der Plattform, werden in Havanna den Katalog der ersten Ausgabe des malaYerba-Wettbewerbs vorstellen, der im November 2023 in dieser Stadt stattfinden wird.","rel":"","context":"In &quot;Desde el FAJ&quot;","block_context":{"text":"Desde el FAJ","link":"https:\/\/artejoven.org\/de\/category\/noticias\/desde-el-faj\/"},"img":{"alt_text":"","src":"https:\/\/i0.wp.com\/artejoven.org\/wp-content\/uploads\/2025\/01\/Banner_presentacion_catalogo-malaYerba-I_.webp?resize=350%2C200&ssl=1","width":350,"height":200,"srcset":"https:\/\/i0.wp.com\/artejoven.org\/wp-content\/uploads\/2025\/01\/Banner_presentacion_catalogo-malaYerba-I_.webp?resize=350%2C200&ssl=1 1x, https:\/\/i0.wp.com\/artejoven.org\/wp-content\/uploads\/2025\/01\/Banner_presentacion_catalogo-malaYerba-I_.webp?resize=525%2C300&ssl=1 1.5x, https:\/\/i0.wp.com\/artejoven.org\/wp-content\/uploads\/2025\/01\/Banner_presentacion_catalogo-malaYerba-I_.webp?resize=700%2C400&ssl=1 2x, https:\/\/i0.wp.com\/artejoven.org\/wp-content\/uploads\/2025\/01\/Banner_presentacion_catalogo-malaYerba-I_.webp?resize=1050%2C600&ssl=1 3x"},"classes":[]},{"id":8049,"url":"https:\/\/artejoven.org\/de\/fondo-de-arte-joven-inaugura-en-la-habana-la-segunda-edicion-de-la-muestra-concurso-malayerba\/","url_meta":{"origin":5561,"position":1},"title":"Fondo de Arte Joven er\u00f6ffnet in Havanna die zweite Ausgabe der Ausstellung des Wettbewerbs malaYerba","author":"Ren\u00e9 Manuel Puig","date":"13 de September de 2024","format":false,"excerpt":"Ein Jahr nach seiner Gr\u00fcndung hat sich malaYerba als ein Ort etabliert, an dem die Stimmen der jungen Kunst einen Platz finden, um sich auszudr\u00fccken und mit dem Publikum in Kontakt zu treten.","rel":"","context":"In &quot;Desde el FAJ&quot;","block_context":{"text":"Desde el FAJ","link":"https:\/\/artejoven.org\/de\/category\/noticias\/desde-el-faj\/"},"img":{"alt_text":"malaYerba II","src":"https:\/\/i0.wp.com\/artejoven.org\/wp-content\/uploads\/2024\/09\/01-jpg.webp?resize=350%2C200&ssl=1","width":350,"height":200,"srcset":"https:\/\/i0.wp.com\/artejoven.org\/wp-content\/uploads\/2024\/09\/01-jpg.webp?resize=350%2C200&ssl=1 1x, https:\/\/i0.wp.com\/artejoven.org\/wp-content\/uploads\/2024\/09\/01-jpg.webp?resize=525%2C300&ssl=1 1.5x, https:\/\/i0.wp.com\/artejoven.org\/wp-content\/uploads\/2024\/09\/01-jpg.webp?resize=700%2C400&ssl=1 2x, https:\/\/i0.wp.com\/artejoven.org\/wp-content\/uploads\/2024\/09\/01-jpg.webp?resize=1050%2C600&ssl=1 3x"},"classes":[]},{"id":8010,"url":"https:\/\/artejoven.org\/de\/inauguracion-de-la-segunda-edicion-del-concurso-malayerba-un-espacio-para-la-joven-creatividad-cubana\/","url_meta":{"origin":5561,"position":2},"title":"Einweihung der zweiten Ausgabe des Wettbewerbs malaYerba: ein Raum f\u00fcr die junge kubanische Kreativit\u00e4t.","author":"Ren\u00e9 Manuel Puig","date":"5 de September de 2024","format":false,"excerpt":"Der Fondo de Arte Joven (FAJ) freut sich, die Er\u00f6ffnung der zweiten Ausgabe der malaYerba","rel":"","context":"In &quot;Desde el FAJ&quot;","block_context":{"text":"Desde el FAJ","link":"https:\/\/artejoven.org\/de\/category\/noticias\/desde-el-faj\/"},"img":{"alt_text":"malaYerba","src":"https:\/\/i0.wp.com\/artejoven.org\/wp-content\/uploads\/2024\/07\/malaYerba-Segunda-Convocatoria-1-jpg.webp?resize=350%2C200&ssl=1","width":350,"height":200,"srcset":"https:\/\/i0.wp.com\/artejoven.org\/wp-content\/uploads\/2024\/07\/malaYerba-Segunda-Convocatoria-1-jpg.webp?resize=350%2C200&ssl=1 1x, https:\/\/i0.wp.com\/artejoven.org\/wp-content\/uploads\/2024\/07\/malaYerba-Segunda-Convocatoria-1-jpg.webp?resize=525%2C300&ssl=1 1.5x, https:\/\/i0.wp.com\/artejoven.org\/wp-content\/uploads\/2024\/07\/malaYerba-Segunda-Convocatoria-1-jpg.webp?resize=700%2C400&ssl=1 2x, https:\/\/i0.wp.com\/artejoven.org\/wp-content\/uploads\/2024\/07\/malaYerba-Segunda-Convocatoria-1-jpg.webp?resize=1050%2C600&ssl=1 3x, https:\/\/i0.wp.com\/artejoven.org\/wp-content\/uploads\/2024\/07\/malaYerba-Segunda-Convocatoria-1-jpg.webp?resize=1400%2C800&ssl=1 4x"},"classes":[]},{"id":8649,"url":"https:\/\/artejoven.org\/de\/el-hecho-artistico-de-cosechar-malayerba\/","url_meta":{"origin":5561,"position":3},"title":"Der k\u00fcnstlerische Akt des Erntens von Unkraut","author":"Ren\u00e9 Manuel Puig","date":"27 de Januar de 2025","format":false,"excerpt":"Der Katalog ist auch ein unverzichtbares bibliografisches Element in der beruflichen Weiterbildung, die der Fonds f\u00fcr junge K\u00fcnstler (FJK) und die Fundaci\u00f3n Los Carbonell \/ NG Art Gallery \u00f6ffentlichen Bibliotheken, Studienzentren und Kunstschaffenden zur Verf\u00fcgung stellen.","rel":"","context":"In &quot;Desde el FAJ&quot;","block_context":{"text":"Desde el FAJ","link":"https:\/\/artejoven.org\/de\/category\/noticias\/desde-el-faj\/"},"img":{"alt_text":"Cat\u00e1logo malaYerba","src":"https:\/\/i0.wp.com\/artejoven.org\/wp-content\/uploads\/2025\/01\/Presentacion-catalogo-malayerba-banner.webp?resize=350%2C200&ssl=1","width":350,"height":200,"srcset":"https:\/\/i0.wp.com\/artejoven.org\/wp-content\/uploads\/2025\/01\/Presentacion-catalogo-malayerba-banner.webp?resize=350%2C200&ssl=1 1x, https:\/\/i0.wp.com\/artejoven.org\/wp-content\/uploads\/2025\/01\/Presentacion-catalogo-malayerba-banner.webp?resize=525%2C300&ssl=1 1.5x, https:\/\/i0.wp.com\/artejoven.org\/wp-content\/uploads\/2025\/01\/Presentacion-catalogo-malayerba-banner.webp?resize=700%2C400&ssl=1 2x, https:\/\/i0.wp.com\/artejoven.org\/wp-content\/uploads\/2025\/01\/Presentacion-catalogo-malayerba-banner.webp?resize=1050%2C600&ssl=1 3x"},"classes":[]},{"id":6416,"url":"https:\/\/artejoven.org\/de\/fondo-de-arte-joven-inaugura-muestra-concurso-malayerba-en-la-galeria-salon-blanco\/","url_meta":{"origin":5561,"position":4},"title":"Fondo de Arte Joven er\u00f6ffnet die Ausstellung malaYerba competition in der Galerie Sal\u00f3n Blanco","author":"Ren\u00e9 Manuel Puig","date":"27 de November de 2023","format":false,"excerpt":"Der Fondo de Arte Joven (FAJ) er\u00f6ffnet am Donnerstag, den 30. November, eine Wettbewerbsausstellung in seinen \u00fcblichen R\u00e4umlichkeiten, der Galer\u00eda Sal\u00f3n Blanco, die sich im Kloster und der Basilika San Francisco de As\u00eds in Alt-Havanna befindet.","rel":"","context":"In &quot;Desde el FAJ&quot;","block_context":{"text":"Desde el FAJ","link":"https:\/\/artejoven.org\/de\/category\/noticias\/desde-el-faj\/"},"img":{"alt_text":"MalaYerba","src":"https:\/\/i0.wp.com\/artejoven.org\/wp-content\/uploads\/2023\/11\/MalaYerba.png?resize=350%2C200&ssl=1","width":350,"height":200,"srcset":"https:\/\/i0.wp.com\/artejoven.org\/wp-content\/uploads\/2023\/11\/MalaYerba.png?resize=350%2C200&ssl=1 1x, https:\/\/i0.wp.com\/artejoven.org\/wp-content\/uploads\/2023\/11\/MalaYerba.png?resize=525%2C300&ssl=1 1.5x, https:\/\/i0.wp.com\/artejoven.org\/wp-content\/uploads\/2023\/11\/MalaYerba.png?resize=700%2C400&ssl=1 2x, https:\/\/i0.wp.com\/artejoven.org\/wp-content\/uploads\/2023\/11\/MalaYerba.png?resize=1050%2C600&ssl=1 3x"},"classes":[]},{"id":7165,"url":"https:\/\/artejoven.org\/de\/intercambia-enrique-martinez-celaya-con-jovenes-creadores-cubanos\/","url_meta":{"origin":5561,"position":5},"title":"Enrique Mart\u00ednez Celaya tauscht sich mit jungen kubanischen K\u00fcnstlern aus","author":"Ren\u00e9 Manuel Puig","date":"15 de Februar de 2024","format":false,"excerpt":"El artista, autor y f\u00edsico Enrique Mart\u00ednez Celaya intercambi\u00f3 con j\u00f3venes creadores cubanos en la Galer\u00eda Sal\u00f3n Blanco del Fondo de Arte Joven (FAJ). Durante poco m\u00e1s de dos horas, los asistentes pudieron acercarse a la carrera de Mart\u00ednez Celaya, conocer sobre la incidencia de la f\u00edsica y el arte\u2026","rel":"","context":"In &quot;Desde el FAJ&quot;","block_context":{"text":"Desde el FAJ","link":"https:\/\/artejoven.org\/de\/category\/noticias\/desde-el-faj\/"},"img":{"alt_text":"Mart\u00ednez Celaya","src":"https:\/\/i0.wp.com\/artejoven.org\/wp-content\/uploads\/2024\/02\/Martinez-Celaya-jpg.webp?resize=350%2C200&ssl=1","width":350,"height":200,"srcset":"https:\/\/i0.wp.com\/artejoven.org\/wp-content\/uploads\/2024\/02\/Martinez-Celaya-jpg.webp?resize=350%2C200&ssl=1 1x, https:\/\/i0.wp.com\/artejoven.org\/wp-content\/uploads\/2024\/02\/Martinez-Celaya-jpg.webp?resize=525%2C300&ssl=1 1.5x, https:\/\/i0.wp.com\/artejoven.org\/wp-content\/uploads\/2024\/02\/Martinez-Celaya-jpg.webp?resize=700%2C400&ssl=1 2x, https:\/\/i0.wp.com\/artejoven.org\/wp-content\/uploads\/2024\/02\/Martinez-Celaya-jpg.webp?resize=1050%2C600&ssl=1 3x"},"classes":[]}],"jetpack_sharing_enabled":true,"_links":{"self":[{"href":"https:\/\/artejoven.org\/de\/wp-json\/wp\/v2\/posts\/5561","targetHints":{"allow":["GET"]}}],"collection":[{"href":"https:\/\/artejoven.org\/de\/wp-json\/wp\/v2\/posts"}],"about":[{"href":"https:\/\/artejoven.org\/de\/wp-json\/wp\/v2\/types\/post"}],"author":[{"embeddable":true,"href":"https:\/\/artejoven.org\/de\/wp-json\/wp\/v2\/users\/1"}],"replies":[{"embeddable":true,"href":"https:\/\/artejoven.org\/de\/wp-json\/wp\/v2\/comments?post=5561"}],"version-history":[{"count":0,"href":"https:\/\/artejoven.org\/de\/wp-json\/wp\/v2\/posts\/5561\/revisions"}],"wp:featuredmedia":[{"embeddable":true,"href":"https:\/\/artejoven.org\/de\/wp-json\/wp\/v2\/media\/5562"}],"wp:attachment":[{"href":"https:\/\/artejoven.org\/de\/wp-json\/wp\/v2\/media?parent=5561"}],"wp:term":[{"taxonomy":"category","embeddable":true,"href":"https:\/\/artejoven.org\/de\/wp-json\/wp\/v2\/categories?post=5561"},{"taxonomy":"post_tag","embeddable":true,"href":"https:\/\/artejoven.org\/de\/wp-json\/wp\/v2\/tags?post=5561"}],"curies":[{"name":"wp","href":"https:\/\/api.w.org\/{rel}","templated":true}]}}