{"id":10239,"date":"2026-01-09T16:53:11","date_gmt":"2026-01-09T21:53:11","guid":{"rendered":"https:\/\/artejoven.org\/?p=10239"},"modified":"2026-01-09T17:10:24","modified_gmt":"2026-01-09T22:10:24","slug":"last-chapter-of-a-beautiful-drama-and-the-youth-art-funds-drive-to-build-art-in-community","status":"publish","type":"post","link":"https:\/\/artejoven.org\/en\/ultimo-capitulo-de-un-lindo-drama-y-el-impulso-del-fondo-de-arte-joven-por-construir-el-arte-en-comunidad\/","title":{"rendered":"\u201cLast chapter of a beautiful drama\u201d and the Youth Art Fund's drive to build art in community."},"content":{"rendered":"<p>At the heart of the San Alejandro National Academy of Fine Arts, one of the most emblematic institutions of artistic education in Cuba, an initiative was conceived that left a mark among its students. Under the title <em>\u201cLast chapter of a nice drama\u201d<\/em>, This program of talks and meetings between artists, curators, teachers and cultural managers, aimed to open new learning paths beyond the classroom. The proposal, conceived and led by artist, curator and professor Evelynn Alvarez, was supported by the Fondo de Arte Joven (FAJ), a cultural platform that, since its creation in 2023, has promoted projects that strengthen the development of emerging art on the island.<\/p>\n\n\n\n<p>The project was born out of the desire to connect mid-level professional students with active agents of the Cuban contemporary art circuit. Through talks, studio visits and open conversations, <em>\u201cLast chapter of a nice drama\u201d<\/em> sought to complement the curricula with direct, generational and human experiences.<\/p>\n\n\n\n<div class=\"wp-block-jetpack-tiled-gallery aligncenter is-style-rectangular\"><div class=\"has-rounded-corners-15\"><div class=\"tiled-gallery__gallery\"><div class=\"tiled-gallery__row\"><div class=\"tiled-gallery__col\" style=\"flex-basis:34.52572%\"><figure class=\"tiled-gallery__item\"><a href=\"https:\/\/artejoven.org\/wp-content\/uploads\/2026\/01\/participacion-en-Daily-News-Agency_Ultimo-capitulo-de-un-lindo-drama-1024x768.webp\"><img decoding=\"async\" srcset=\"https:\/\/i0.wp.com\/artejoven.org\/wp-content\/uploads\/2026\/01\/participacion-en-Daily-News-Agency_Ultimo-capitulo-de-un-lindo-drama-1024x768.webp?strip=info&#038;w=600&#038;ssl=1 600w,https:\/\/i0.wp.com\/artejoven.org\/wp-content\/uploads\/2026\/01\/participacion-en-Daily-News-Agency_Ultimo-capitulo-de-un-lindo-drama-1024x768.webp?strip=info&#038;w=900&#038;ssl=1 900w,https:\/\/i0.wp.com\/artejoven.org\/wp-content\/uploads\/2026\/01\/participacion-en-Daily-News-Agency_Ultimo-capitulo-de-un-lindo-drama-1024x768.webp?strip=info&#038;w=1080&#038;ssl=1 1080w\" alt=\"\" data-height=\"810\" data-id=\"10241\" data-link=\"https:\/\/artejoven.org\/?attachment_id=10241#main\" data-url=\"https:\/\/artejoven.org\/wp-content\/uploads\/2026\/01\/participacion-en-Daily-News-Agency_Ultimo-capitulo-de-un-lindo-drama-1024x768.webp\" data-width=\"1080\" src=\"https:\/\/i0.wp.com\/artejoven.org\/wp-content\/uploads\/2026\/01\/participacion-en-Daily-News-Agency_Ultimo-capitulo-de-un-lindo-drama-1024x768.webp?ssl=1\" data-amp-layout=\"responsive\"\/><\/a><\/figure><\/div><div class=\"tiled-gallery__col\" style=\"flex-basis:19.50162%\"><figure class=\"tiled-gallery__item\"><a href=\"https:\/\/artejoven.org\/wp-content\/uploads\/2026\/01\/studio-Suamy-Hernandez_Ultimo-capitulo-de-un-lindo-drama-2-768x1024.webp\"><img decoding=\"async\" srcset=\"https:\/\/i0.wp.com\/artejoven.org\/wp-content\/uploads\/2026\/01\/studio-Suamy-Hernandez_Ultimo-capitulo-de-un-lindo-drama-2-768x1024.webp?strip=info&#038;w=600&#038;ssl=1 600w,https:\/\/i0.wp.com\/artejoven.org\/wp-content\/uploads\/2026\/01\/studio-Suamy-Hernandez_Ultimo-capitulo-de-un-lindo-drama-2-768x1024.webp?strip=info&#038;w=900&#038;ssl=1 900w,https:\/\/i0.wp.com\/artejoven.org\/wp-content\/uploads\/2026\/01\/studio-Suamy-Hernandez_Ultimo-capitulo-de-un-lindo-drama-2-768x1024.webp?strip=info&#038;w=1200&#038;ssl=1 1200w,https:\/\/i0.wp.com\/artejoven.org\/wp-content\/uploads\/2026\/01\/studio-Suamy-Hernandez_Ultimo-capitulo-de-un-lindo-drama-2-768x1024.webp?strip=info&#038;w=1500&#038;ssl=1 1500w,https:\/\/i0.wp.com\/artejoven.org\/wp-content\/uploads\/2026\/01\/studio-Suamy-Hernandez_Ultimo-capitulo-de-un-lindo-drama-2-768x1024.webp?strip=info&#038;w=1800&#038;ssl=1 1800w,https:\/\/i0.wp.com\/artejoven.org\/wp-content\/uploads\/2026\/01\/studio-Suamy-Hernandez_Ultimo-capitulo-de-un-lindo-drama-2-768x1024.webp?strip=info&#038;w=1920&#038;ssl=1 1920w\" alt=\"\" data-height=\"2560\" data-id=\"10242\" data-link=\"https:\/\/artejoven.org\/?attachment_id=10242#main\" data-url=\"https:\/\/artejoven.org\/wp-content\/uploads\/2026\/01\/studio-Suamy-Hernandez_Ultimo-capitulo-de-un-lindo-drama-2-768x1024.webp\" data-width=\"1920\" src=\"https:\/\/i0.wp.com\/artejoven.org\/wp-content\/uploads\/2026\/01\/studio-Suamy-Hernandez_Ultimo-capitulo-de-un-lindo-drama-2-768x1024.webp?ssl=1\" data-amp-layout=\"responsive\"\/><\/a><\/figure><\/div><div class=\"tiled-gallery__col\" style=\"flex-basis:45.97266%\"><figure class=\"tiled-gallery__item\"><a href=\"https:\/\/artejoven.org\/wp-content\/uploads\/2026\/01\/Lazaro-y-Cesar-Saavedra-Nande_Ultimo-capitulo-de-un-lindo-drama-1024x576.webp\"><img decoding=\"async\" srcset=\"https:\/\/i0.wp.com\/artejoven.org\/wp-content\/uploads\/2026\/01\/Lazaro-y-Cesar-Saavedra-Nande_Ultimo-capitulo-de-un-lindo-drama-1024x576.webp?strip=info&#038;w=600&#038;ssl=1 600w,https:\/\/i0.wp.com\/artejoven.org\/wp-content\/uploads\/2026\/01\/Lazaro-y-Cesar-Saavedra-Nande_Ultimo-capitulo-de-un-lindo-drama-1024x576.webp?strip=info&#038;w=900&#038;ssl=1 900w,https:\/\/i0.wp.com\/artejoven.org\/wp-content\/uploads\/2026\/01\/Lazaro-y-Cesar-Saavedra-Nande_Ultimo-capitulo-de-un-lindo-drama-1024x576.webp?strip=info&#038;w=1200&#038;ssl=1 1200w,https:\/\/i0.wp.com\/artejoven.org\/wp-content\/uploads\/2026\/01\/Lazaro-y-Cesar-Saavedra-Nande_Ultimo-capitulo-de-un-lindo-drama-1024x576.webp?strip=info&#038;w=1500&#038;ssl=1 1500w,https:\/\/i0.wp.com\/artejoven.org\/wp-content\/uploads\/2026\/01\/Lazaro-y-Cesar-Saavedra-Nande_Ultimo-capitulo-de-un-lindo-drama-1024x576.webp?strip=info&#038;w=1800&#038;ssl=1 1800w,https:\/\/i0.wp.com\/artejoven.org\/wp-content\/uploads\/2026\/01\/Lazaro-y-Cesar-Saavedra-Nande_Ultimo-capitulo-de-un-lindo-drama-1024x576.webp?strip=info&#038;w=2000&#038;ssl=1 2000w\" alt=\"\" data-height=\"1440\" data-id=\"10243\" data-link=\"https:\/\/artejoven.org\/?attachment_id=10243#main\" data-url=\"https:\/\/artejoven.org\/wp-content\/uploads\/2026\/01\/Lazaro-y-Cesar-Saavedra-Nande_Ultimo-capitulo-de-un-lindo-drama-1024x576.webp\" data-width=\"2560\" src=\"https:\/\/i0.wp.com\/artejoven.org\/wp-content\/uploads\/2026\/01\/Lazaro-y-Cesar-Saavedra-Nande_Ultimo-capitulo-de-un-lindo-drama-1024x576.webp?ssl=1\" data-amp-layout=\"responsive\"\/><\/a><\/figure><\/div><\/div><\/div><\/div><\/div>\n\n\n\n<p>Despite my crises with pedagogy, I am always grateful for how much I have learned from the students,\u00bb explains Evelynn Alvarez. From that awareness of joint improvement, I conceived and articulated this proposal.\"<\/p>\n\n\n\n<p>Alvarez, who has been a member of San Alejandro's faculty since 2015, has been involved in teaching and accompanying young creators for years. On this occasion, she saw FAJ as a natural ally: \u201cI knew about FAJ's work through its grantees. I have seen its impact on the careers of the authors I follow. So it wasn't hard to see the partnership and I applied for one of its opportunities.<\/p>\n\n\n\n<p>The first part of the program took place during the summer term of 2024 and coincided with the students\u201c diploma work stages, a time that is usually a time of rest or concentration on personal projects. However, the response was enthusiastic. \u201dA group of students decided to approach outside the classroom, the implications of pursuing a career as a visual artist in Cuba. In the midst of idleness, keeping a teenager motivated with these topics surpassed all my goals,\" Alvarez confesses.<\/p>\n\n\n\n<div class=\"wp-block-jetpack-tiled-gallery aligncenter is-style-rectangular\"><div class=\"has-rounded-corners-15\"><div class=\"tiled-gallery__gallery\"><div class=\"tiled-gallery__row\"><div class=\"tiled-gallery__col\" style=\"flex-basis:36.34235%\"><figure class=\"tiled-gallery__item\"><a href=\"https:\/\/artejoven.org\/wp-content\/uploads\/2026\/01\/Harold-Ramirez-Veliz_Ultimo-capitulo-de-un-lindo-drama-1024x576.webp\"><img decoding=\"async\" srcset=\"https:\/\/i0.wp.com\/artejoven.org\/wp-content\/uploads\/2026\/01\/Harold-Ramirez-Veliz_Ultimo-capitulo-de-un-lindo-drama-1024x576.webp?strip=info&#038;w=600&#038;ssl=1 600w,https:\/\/i0.wp.com\/artejoven.org\/wp-content\/uploads\/2026\/01\/Harold-Ramirez-Veliz_Ultimo-capitulo-de-un-lindo-drama-1024x576.webp?strip=info&#038;w=900&#038;ssl=1 900w,https:\/\/i0.wp.com\/artejoven.org\/wp-content\/uploads\/2026\/01\/Harold-Ramirez-Veliz_Ultimo-capitulo-de-un-lindo-drama-1024x576.webp?strip=info&#038;w=1200&#038;ssl=1 1200w,https:\/\/i0.wp.com\/artejoven.org\/wp-content\/uploads\/2026\/01\/Harold-Ramirez-Veliz_Ultimo-capitulo-de-un-lindo-drama-1024x576.webp?strip=info&#038;w=1500&#038;ssl=1 1500w,https:\/\/i0.wp.com\/artejoven.org\/wp-content\/uploads\/2026\/01\/Harold-Ramirez-Veliz_Ultimo-capitulo-de-un-lindo-drama-1024x576.webp?strip=info&#038;w=1800&#038;ssl=1 1800w,https:\/\/i0.wp.com\/artejoven.org\/wp-content\/uploads\/2026\/01\/Harold-Ramirez-Veliz_Ultimo-capitulo-de-un-lindo-drama-1024x576.webp?strip=info&#038;w=2000&#038;ssl=1 2000w\" alt=\"\" data-height=\"1440\" data-id=\"10244\" data-link=\"https:\/\/artejoven.org\/?attachment_id=10244#main\" data-url=\"https:\/\/artejoven.org\/wp-content\/uploads\/2026\/01\/Harold-Ramirez-Veliz_Ultimo-capitulo-de-un-lindo-drama-1024x576.webp\" data-width=\"2560\" src=\"https:\/\/i0.wp.com\/artejoven.org\/wp-content\/uploads\/2026\/01\/Harold-Ramirez-Veliz_Ultimo-capitulo-de-un-lindo-drama-1024x576.webp?ssl=1\" data-amp-layout=\"responsive\"\/><\/a><\/figure><\/div><div class=\"tiled-gallery__col\" style=\"flex-basis:27.31530%\"><figure class=\"tiled-gallery__item\"><a href=\"https:\/\/artejoven.org\/wp-content\/uploads\/2026\/01\/Jorge-Pere_Ultimo-capitulo-de-un-lindo-drama-1024x768.webp\"><img decoding=\"async\" srcset=\"https:\/\/i0.wp.com\/artejoven.org\/wp-content\/uploads\/2026\/01\/Jorge-Pere_Ultimo-capitulo-de-un-lindo-drama-1024x768.webp?strip=info&#038;w=600&#038;ssl=1 600w,https:\/\/i0.wp.com\/artejoven.org\/wp-content\/uploads\/2026\/01\/Jorge-Pere_Ultimo-capitulo-de-un-lindo-drama-1024x768.webp?strip=info&#038;w=900&#038;ssl=1 900w,https:\/\/i0.wp.com\/artejoven.org\/wp-content\/uploads\/2026\/01\/Jorge-Pere_Ultimo-capitulo-de-un-lindo-drama-1024x768.webp?strip=info&#038;w=1200&#038;ssl=1 1200w,https:\/\/i0.wp.com\/artejoven.org\/wp-content\/uploads\/2026\/01\/Jorge-Pere_Ultimo-capitulo-de-un-lindo-drama-1024x768.webp?strip=info&#038;w=1500&#038;ssl=1 1500w,https:\/\/i0.wp.com\/artejoven.org\/wp-content\/uploads\/2026\/01\/Jorge-Pere_Ultimo-capitulo-de-un-lindo-drama-1024x768.webp?strip=info&#038;w=1800&#038;ssl=1 1800w,https:\/\/i0.wp.com\/artejoven.org\/wp-content\/uploads\/2026\/01\/Jorge-Pere_Ultimo-capitulo-de-un-lindo-drama-1024x768.webp?strip=info&#038;w=2000&#038;ssl=1 2000w\" alt=\"\" data-height=\"1920\" data-id=\"10245\" data-link=\"https:\/\/artejoven.org\/?attachment_id=10245#main\" data-url=\"https:\/\/artejoven.org\/wp-content\/uploads\/2026\/01\/Jorge-Pere_Ultimo-capitulo-de-un-lindo-drama-1024x768.webp\" data-width=\"2560\" src=\"https:\/\/i0.wp.com\/artejoven.org\/wp-content\/uploads\/2026\/01\/Jorge-Pere_Ultimo-capitulo-de-un-lindo-drama-1024x768.webp?ssl=1\" data-amp-layout=\"responsive\"\/><\/a><\/figure><\/div><div class=\"tiled-gallery__col\" style=\"flex-basis:36.34235%\"><figure class=\"tiled-gallery__item\"><a href=\"https:\/\/artejoven.org\/wp-content\/uploads\/2026\/01\/Jose-Manuel-Mesias_Ultimo-capitulo-de-un-lindo-drama-1024x576.webp\"><img decoding=\"async\" srcset=\"https:\/\/i0.wp.com\/artejoven.org\/wp-content\/uploads\/2026\/01\/Jose-Manuel-Mesias_Ultimo-capitulo-de-un-lindo-drama-1024x576.webp?strip=info&#038;w=600&#038;ssl=1 600w,https:\/\/i0.wp.com\/artejoven.org\/wp-content\/uploads\/2026\/01\/Jose-Manuel-Mesias_Ultimo-capitulo-de-un-lindo-drama-1024x576.webp?strip=info&#038;w=900&#038;ssl=1 900w,https:\/\/i0.wp.com\/artejoven.org\/wp-content\/uploads\/2026\/01\/Jose-Manuel-Mesias_Ultimo-capitulo-de-un-lindo-drama-1024x576.webp?strip=info&#038;w=1200&#038;ssl=1 1200w,https:\/\/i0.wp.com\/artejoven.org\/wp-content\/uploads\/2026\/01\/Jose-Manuel-Mesias_Ultimo-capitulo-de-un-lindo-drama-1024x576.webp?strip=info&#038;w=1500&#038;ssl=1 1500w,https:\/\/i0.wp.com\/artejoven.org\/wp-content\/uploads\/2026\/01\/Jose-Manuel-Mesias_Ultimo-capitulo-de-un-lindo-drama-1024x576.webp?strip=info&#038;w=1800&#038;ssl=1 1800w,https:\/\/i0.wp.com\/artejoven.org\/wp-content\/uploads\/2026\/01\/Jose-Manuel-Mesias_Ultimo-capitulo-de-un-lindo-drama-1024x576.webp?strip=info&#038;w=2000&#038;ssl=1 2000w\" alt=\"\" data-height=\"1440\" data-id=\"10246\" data-link=\"https:\/\/artejoven.org\/?attachment_id=10246#main\" data-url=\"https:\/\/artejoven.org\/wp-content\/uploads\/2026\/01\/Jose-Manuel-Mesias_Ultimo-capitulo-de-un-lindo-drama-1024x576.webp\" data-width=\"2560\" src=\"https:\/\/i0.wp.com\/artejoven.org\/wp-content\/uploads\/2026\/01\/Jose-Manuel-Mesias_Ultimo-capitulo-de-un-lindo-drama-1024x576.webp?ssl=1\" data-amp-layout=\"responsive\"\/><\/a><\/figure><\/div><\/div><\/div><\/div><\/div>\n\n\n\n<p>For the students, the experience was transformative. Suamy Hern\u00e1ndez, one of the participants, describes the workshop as \u201ca deep immersion in the art world that surpassed all my expectations\u201d. The young woman emphasizes that visiting the studios of different artist collectives and talking with curators \u201copened her eyes to a universe of possibilities\u201d.<br \/><br \/>\u201cI understood that art is not a solitary path. Collaboration and exchange are fundamental to growth. I learned from the generosity of artists who shared their failures and successes, and the importance of persistence and authenticity,\u201d he adds.<\/p>\n\n\n\n<p><strong>The value of generational exchange<\/strong><\/p>\n\n\n\n<p>FAJ's strategic objectives include financing and supporting projects, offering tools and networks that strengthen the country's cultural fabric. In Alvarez's words, \u201cexchanges between generations are essential, but increasingly difficult to achieve in our context. Heartfelt thanks to the Fondo de Arte Joven, which dedicates resources - not only financial - to consolidate these spaces.\u201d<\/p>\n\n\n\n<p>For established artists such as Gabriela Reyna, also a teacher at San Alejandro and a collaborator in the project, this dynamic was equally enriching. \u201cSharing my studio with the students was special: they were able to see the more personal side of the artist. I recognize myself in them, as I did when I was a student.\u201d Reyna emphasizes that the exchange was two-way: \u201cThey discover the universe of professional art, and I learn from their fresh looks. It's a gift to be able to share and nurture each other.\u201d<\/p>\n\n\n\n<div class=\"wp-block-jetpack-tiled-gallery aligncenter is-style-rectangular\"><div class=\"has-rounded-corners-15\"><div class=\"tiled-gallery__gallery\"><div class=\"tiled-gallery__row\"><div class=\"tiled-gallery__col\" style=\"flex-basis:26.63688%\"><figure class=\"tiled-gallery__item\"><a href=\"https:\/\/artejoven.org\/wp-content\/uploads\/2026\/01\/Gabriela-Reyna_Ultimo-capitulo-de-un-lindo-drama-1024x576.webp\"><img decoding=\"async\" srcset=\"https:\/\/i0.wp.com\/artejoven.org\/wp-content\/uploads\/2026\/01\/Gabriela-Reyna_Ultimo-capitulo-de-un-lindo-drama-1024x576.webp?strip=info&#038;w=600&#038;ssl=1 600w,https:\/\/i0.wp.com\/artejoven.org\/wp-content\/uploads\/2026\/01\/Gabriela-Reyna_Ultimo-capitulo-de-un-lindo-drama-1024x576.webp?strip=info&#038;w=900&#038;ssl=1 900w,https:\/\/i0.wp.com\/artejoven.org\/wp-content\/uploads\/2026\/01\/Gabriela-Reyna_Ultimo-capitulo-de-un-lindo-drama-1024x576.webp?strip=info&#038;w=1200&#038;ssl=1 1200w,https:\/\/i0.wp.com\/artejoven.org\/wp-content\/uploads\/2026\/01\/Gabriela-Reyna_Ultimo-capitulo-de-un-lindo-drama-1024x576.webp?strip=info&#038;w=1500&#038;ssl=1 1500w,https:\/\/i0.wp.com\/artejoven.org\/wp-content\/uploads\/2026\/01\/Gabriela-Reyna_Ultimo-capitulo-de-un-lindo-drama-1024x576.webp?strip=info&#038;w=1800&#038;ssl=1 1800w,https:\/\/i0.wp.com\/artejoven.org\/wp-content\/uploads\/2026\/01\/Gabriela-Reyna_Ultimo-capitulo-de-un-lindo-drama-1024x576.webp?strip=info&#038;w=1892&#038;ssl=1 1892w\" alt=\"\" data-height=\"1065\" data-id=\"10247\" data-link=\"https:\/\/artejoven.org\/?attachment_id=10247#main\" data-url=\"https:\/\/artejoven.org\/wp-content\/uploads\/2026\/01\/Gabriela-Reyna_Ultimo-capitulo-de-un-lindo-drama-1024x576.webp\" data-width=\"1892\" src=\"https:\/\/i0.wp.com\/artejoven.org\/wp-content\/uploads\/2026\/01\/Gabriela-Reyna_Ultimo-capitulo-de-un-lindo-drama-1024x576.webp?ssl=1\" data-amp-layout=\"responsive\"\/><\/a><\/figure><\/div><div class=\"tiled-gallery__col\" style=\"flex-basis:26.65548%\"><figure class=\"tiled-gallery__item\"><a href=\"https:\/\/artejoven.org\/wp-content\/uploads\/2026\/01\/Cristina-Vives_Ultimo-capitulo-de-un-lindo-drama-1024x576.webp\"><img decoding=\"async\" srcset=\"https:\/\/i0.wp.com\/artejoven.org\/wp-content\/uploads\/2026\/01\/Cristina-Vives_Ultimo-capitulo-de-un-lindo-drama-1024x576.webp?strip=info&#038;w=600&#038;ssl=1 600w,https:\/\/i0.wp.com\/artejoven.org\/wp-content\/uploads\/2026\/01\/Cristina-Vives_Ultimo-capitulo-de-un-lindo-drama-1024x576.webp?strip=info&#038;w=900&#038;ssl=1 900w,https:\/\/i0.wp.com\/artejoven.org\/wp-content\/uploads\/2026\/01\/Cristina-Vives_Ultimo-capitulo-de-un-lindo-drama-1024x576.webp?strip=info&#038;w=1200&#038;ssl=1 1200w,https:\/\/i0.wp.com\/artejoven.org\/wp-content\/uploads\/2026\/01\/Cristina-Vives_Ultimo-capitulo-de-un-lindo-drama-1024x576.webp?strip=info&#038;w=1500&#038;ssl=1 1500w,https:\/\/i0.wp.com\/artejoven.org\/wp-content\/uploads\/2026\/01\/Cristina-Vives_Ultimo-capitulo-de-un-lindo-drama-1024x576.webp?strip=info&#038;w=1800&#038;ssl=1 1800w,https:\/\/i0.wp.com\/artejoven.org\/wp-content\/uploads\/2026\/01\/Cristina-Vives_Ultimo-capitulo-de-un-lindo-drama-1024x576.webp?strip=info&#038;w=2000&#038;ssl=1 2000w\" alt=\"\" data-height=\"1440\" data-id=\"10248\" data-link=\"https:\/\/artejoven.org\/?attachment_id=10248#main\" data-url=\"https:\/\/artejoven.org\/wp-content\/uploads\/2026\/01\/Cristina-Vives_Ultimo-capitulo-de-un-lindo-drama-1024x576.webp\" data-width=\"2560\" src=\"https:\/\/i0.wp.com\/artejoven.org\/wp-content\/uploads\/2026\/01\/Cristina-Vives_Ultimo-capitulo-de-un-lindo-drama-1024x576.webp?ssl=1\" data-amp-layout=\"responsive\"\/><\/a><\/figure><\/div><div class=\"tiled-gallery__col\" style=\"flex-basis:26.65548%\"><figure class=\"tiled-gallery__item\"><a href=\"https:\/\/artejoven.org\/wp-content\/uploads\/2026\/01\/Gabriel-Raul-Cisneros-Baez_Ultimo-capitulo-de-un-lindo-drama-1024x576.webp\"><img decoding=\"async\" srcset=\"https:\/\/i0.wp.com\/artejoven.org\/wp-content\/uploads\/2026\/01\/Gabriel-Raul-Cisneros-Baez_Ultimo-capitulo-de-un-lindo-drama-1024x576.webp?strip=info&#038;w=600&#038;ssl=1 600w,https:\/\/i0.wp.com\/artejoven.org\/wp-content\/uploads\/2026\/01\/Gabriel-Raul-Cisneros-Baez_Ultimo-capitulo-de-un-lindo-drama-1024x576.webp?strip=info&#038;w=900&#038;ssl=1 900w,https:\/\/i0.wp.com\/artejoven.org\/wp-content\/uploads\/2026\/01\/Gabriel-Raul-Cisneros-Baez_Ultimo-capitulo-de-un-lindo-drama-1024x576.webp?strip=info&#038;w=1200&#038;ssl=1 1200w,https:\/\/i0.wp.com\/artejoven.org\/wp-content\/uploads\/2026\/01\/Gabriel-Raul-Cisneros-Baez_Ultimo-capitulo-de-un-lindo-drama-1024x576.webp?strip=info&#038;w=1500&#038;ssl=1 1500w,https:\/\/i0.wp.com\/artejoven.org\/wp-content\/uploads\/2026\/01\/Gabriel-Raul-Cisneros-Baez_Ultimo-capitulo-de-un-lindo-drama-1024x576.webp?strip=info&#038;w=1800&#038;ssl=1 1800w,https:\/\/i0.wp.com\/artejoven.org\/wp-content\/uploads\/2026\/01\/Gabriel-Raul-Cisneros-Baez_Ultimo-capitulo-de-un-lindo-drama-1024x576.webp?strip=info&#038;w=2000&#038;ssl=1 2000w\" alt=\"\" data-height=\"1440\" data-id=\"10250\" data-link=\"https:\/\/artejoven.org\/?attachment_id=10250#main\" data-url=\"https:\/\/artejoven.org\/wp-content\/uploads\/2026\/01\/Gabriel-Raul-Cisneros-Baez_Ultimo-capitulo-de-un-lindo-drama-1024x576.webp\" data-width=\"2560\" src=\"https:\/\/i0.wp.com\/artejoven.org\/wp-content\/uploads\/2026\/01\/Gabriel-Raul-Cisneros-Baez_Ultimo-capitulo-de-un-lindo-drama-1024x576.webp?ssl=1\" data-amp-layout=\"responsive\"\/><\/a><\/figure><\/div><div class=\"tiled-gallery__col\" style=\"flex-basis:20.05216%\"><figure class=\"tiled-gallery__item\"><a href=\"https:\/\/artejoven.org\/wp-content\/uploads\/2026\/01\/FAJ_Ultimo-capitulo-de-un-lindo-drama-1024x768.webp\"><img decoding=\"async\" srcset=\"https:\/\/i0.wp.com\/artejoven.org\/wp-content\/uploads\/2026\/01\/FAJ_Ultimo-capitulo-de-un-lindo-drama-1024x768.webp?strip=info&#038;w=600&#038;ssl=1 600w,https:\/\/i0.wp.com\/artejoven.org\/wp-content\/uploads\/2026\/01\/FAJ_Ultimo-capitulo-de-un-lindo-drama-1024x768.webp?strip=info&#038;w=900&#038;ssl=1 900w,https:\/\/i0.wp.com\/artejoven.org\/wp-content\/uploads\/2026\/01\/FAJ_Ultimo-capitulo-de-un-lindo-drama-1024x768.webp?strip=info&#038;w=1200&#038;ssl=1 1200w,https:\/\/i0.wp.com\/artejoven.org\/wp-content\/uploads\/2026\/01\/FAJ_Ultimo-capitulo-de-un-lindo-drama-1024x768.webp?strip=info&#038;w=1500&#038;ssl=1 1500w,https:\/\/i0.wp.com\/artejoven.org\/wp-content\/uploads\/2026\/01\/FAJ_Ultimo-capitulo-de-un-lindo-drama-1024x768.webp?strip=info&#038;w=1800&#038;ssl=1 1800w,https:\/\/i0.wp.com\/artejoven.org\/wp-content\/uploads\/2026\/01\/FAJ_Ultimo-capitulo-de-un-lindo-drama-1024x768.webp?strip=info&#038;w=2000&#038;ssl=1 2000w\" alt=\"\" data-height=\"1920\" data-id=\"10249\" data-link=\"https:\/\/artejoven.org\/?attachment_id=10249#main\" data-url=\"https:\/\/artejoven.org\/wp-content\/uploads\/2026\/01\/FAJ_Ultimo-capitulo-de-un-lindo-drama-1024x768.webp\" data-width=\"2560\" src=\"https:\/\/i0.wp.com\/artejoven.org\/wp-content\/uploads\/2026\/01\/FAJ_Ultimo-capitulo-de-un-lindo-drama-1024x768.webp?ssl=1\" data-amp-layout=\"responsive\"\/><\/a><\/figure><\/div><\/div><\/div><\/div><\/div>\n\n\n\n<p>\u201cThe Young Art Fund has become an invaluable reference. It integrates diverse voices and shows that art grows when we share knowledge. I wish there were more spaces like this in Cuba,\u201d he said.<\/p>\n\n\n\n<p><strong>Train, inspire, connect<\/strong><\/p>\n\n\n\n<p>To culminate an experience such as <em>\u201cLast chapter of a nice drama\u201d,<\/em> and conditioned by talks and exchanges with young visual artists, Evelynn Alvarez structured from her vision as a teacher the group show \u201cEl Motivo\u201d, exhibited at the Acacia Gallery in Havana.<\/p>\n\n\n\n<p>Eight artists who participated in exchanges with students, including Suamy Hern\u00e1ndez, made up the roster of this exhibition, thus closing a cycle that generated opportunities for self-improvement, connections and inspiration.<\/p>\n\n\n\n<div class=\"wp-block-jetpack-tiled-gallery aligncenter is-style-rectangular\"><div class=\"has-rounded-corners-15\"><div class=\"tiled-gallery__gallery\"><div class=\"tiled-gallery__row\"><div class=\"tiled-gallery__col\" style=\"flex-basis:66.79293%\"><figure class=\"tiled-gallery__item\"><a href=\"https:\/\/artejoven.org\/wp-content\/uploads\/2026\/01\/inauguracion_El-Motivo-6-1024x768.webp\"><img decoding=\"async\" srcset=\"https:\/\/i0.wp.com\/artejoven.org\/wp-content\/uploads\/2026\/01\/inauguracion_El-Motivo-6-1024x768.webp?strip=info&#038;w=600&#038;ssl=1 600w,https:\/\/i0.wp.com\/artejoven.org\/wp-content\/uploads\/2026\/01\/inauguracion_El-Motivo-6-1024x768.webp?strip=info&#038;w=900&#038;ssl=1 900w,https:\/\/i0.wp.com\/artejoven.org\/wp-content\/uploads\/2026\/01\/inauguracion_El-Motivo-6-1024x768.webp?strip=info&#038;w=1200&#038;ssl=1 1200w,https:\/\/i0.wp.com\/artejoven.org\/wp-content\/uploads\/2026\/01\/inauguracion_El-Motivo-6-1024x768.webp?strip=info&#038;w=1500&#038;ssl=1 1500w,https:\/\/i0.wp.com\/artejoven.org\/wp-content\/uploads\/2026\/01\/inauguracion_El-Motivo-6-1024x768.webp?strip=info&#038;w=1800&#038;ssl=1 1800w,https:\/\/i0.wp.com\/artejoven.org\/wp-content\/uploads\/2026\/01\/inauguracion_El-Motivo-6-1024x768.webp?strip=info&#038;w=2000&#038;ssl=1 2000w\" alt=\"\" data-height=\"1920\" data-id=\"10251\" data-link=\"https:\/\/artejoven.org\/?attachment_id=10251#main\" data-url=\"https:\/\/artejoven.org\/wp-content\/uploads\/2026\/01\/inauguracion_El-Motivo-6-1024x768.webp\" data-width=\"2560\" src=\"https:\/\/i0.wp.com\/artejoven.org\/wp-content\/uploads\/2026\/01\/inauguracion_El-Motivo-6-1024x768.webp?ssl=1\" data-amp-layout=\"responsive\"\/><\/a><\/figure><\/div><div class=\"tiled-gallery__col\" style=\"flex-basis:33.20707%\"><figure class=\"tiled-gallery__item\"><a href=\"https:\/\/artejoven.org\/wp-content\/uploads\/2026\/01\/inauguracion_El-Motivo-2-1024x768.webp\"><img decoding=\"async\" srcset=\"https:\/\/i0.wp.com\/artejoven.org\/wp-content\/uploads\/2026\/01\/inauguracion_El-Motivo-2-1024x768.webp?strip=info&#038;w=600&#038;ssl=1 600w,https:\/\/i0.wp.com\/artejoven.org\/wp-content\/uploads\/2026\/01\/inauguracion_El-Motivo-2-1024x768.webp?strip=info&#038;w=900&#038;ssl=1 900w,https:\/\/i0.wp.com\/artejoven.org\/wp-content\/uploads\/2026\/01\/inauguracion_El-Motivo-2-1024x768.webp?strip=info&#038;w=1200&#038;ssl=1 1200w,https:\/\/i0.wp.com\/artejoven.org\/wp-content\/uploads\/2026\/01\/inauguracion_El-Motivo-2-1024x768.webp?strip=info&#038;w=1500&#038;ssl=1 1500w,https:\/\/i0.wp.com\/artejoven.org\/wp-content\/uploads\/2026\/01\/inauguracion_El-Motivo-2-1024x768.webp?strip=info&#038;w=1800&#038;ssl=1 1800w,https:\/\/i0.wp.com\/artejoven.org\/wp-content\/uploads\/2026\/01\/inauguracion_El-Motivo-2-1024x768.webp?strip=info&#038;w=2000&#038;ssl=1 2000w\" alt=\"\" data-height=\"1920\" data-id=\"10252\" data-link=\"https:\/\/artejoven.org\/?attachment_id=10252#main\" data-url=\"https:\/\/artejoven.org\/wp-content\/uploads\/2026\/01\/inauguracion_El-Motivo-2-1024x768.webp\" data-width=\"2560\" src=\"https:\/\/i0.wp.com\/artejoven.org\/wp-content\/uploads\/2026\/01\/inauguracion_El-Motivo-2-1024x768.webp?ssl=1\" data-amp-layout=\"responsive\"\/><\/a><\/figure><figure class=\"tiled-gallery__item\"><a href=\"https:\/\/artejoven.org\/wp-content\/uploads\/2026\/01\/inauguracion_El-Motivo-3-1024x768.webp\"><img decoding=\"async\" srcset=\"https:\/\/i0.wp.com\/artejoven.org\/wp-content\/uploads\/2026\/01\/inauguracion_El-Motivo-3-1024x768.webp?strip=info&#038;w=600&#038;ssl=1 600w,https:\/\/i0.wp.com\/artejoven.org\/wp-content\/uploads\/2026\/01\/inauguracion_El-Motivo-3-1024x768.webp?strip=info&#038;w=900&#038;ssl=1 900w,https:\/\/i0.wp.com\/artejoven.org\/wp-content\/uploads\/2026\/01\/inauguracion_El-Motivo-3-1024x768.webp?strip=info&#038;w=1200&#038;ssl=1 1200w,https:\/\/i0.wp.com\/artejoven.org\/wp-content\/uploads\/2026\/01\/inauguracion_El-Motivo-3-1024x768.webp?strip=info&#038;w=1500&#038;ssl=1 1500w,https:\/\/i0.wp.com\/artejoven.org\/wp-content\/uploads\/2026\/01\/inauguracion_El-Motivo-3-1024x768.webp?strip=info&#038;w=1800&#038;ssl=1 1800w,https:\/\/i0.wp.com\/artejoven.org\/wp-content\/uploads\/2026\/01\/inauguracion_El-Motivo-3-1024x768.webp?strip=info&#038;w=2000&#038;ssl=1 2000w\" alt=\"\" data-height=\"1920\" data-id=\"10253\" data-link=\"https:\/\/artejoven.org\/?attachment_id=10253#main\" data-url=\"https:\/\/artejoven.org\/wp-content\/uploads\/2026\/01\/inauguracion_El-Motivo-3-1024x768.webp\" data-width=\"2560\" src=\"https:\/\/i0.wp.com\/artejoven.org\/wp-content\/uploads\/2026\/01\/inauguracion_El-Motivo-3-1024x768.webp?ssl=1\" data-amp-layout=\"responsive\"\/><\/a><\/figure><\/div><\/div><div class=\"tiled-gallery__row\"><div class=\"tiled-gallery__col\" style=\"flex-basis:50.00000%\"><figure class=\"tiled-gallery__item\"><a href=\"https:\/\/artejoven.org\/wp-content\/uploads\/2026\/01\/inauguracion_El-Motivo-4-1024x768.webp\"><img decoding=\"async\" srcset=\"https:\/\/i0.wp.com\/artejoven.org\/wp-content\/uploads\/2026\/01\/inauguracion_El-Motivo-4-1024x768.webp?strip=info&#038;w=600&#038;ssl=1 600w,https:\/\/i0.wp.com\/artejoven.org\/wp-content\/uploads\/2026\/01\/inauguracion_El-Motivo-4-1024x768.webp?strip=info&#038;w=900&#038;ssl=1 900w,https:\/\/i0.wp.com\/artejoven.org\/wp-content\/uploads\/2026\/01\/inauguracion_El-Motivo-4-1024x768.webp?strip=info&#038;w=1200&#038;ssl=1 1200w,https:\/\/i0.wp.com\/artejoven.org\/wp-content\/uploads\/2026\/01\/inauguracion_El-Motivo-4-1024x768.webp?strip=info&#038;w=1500&#038;ssl=1 1500w,https:\/\/i0.wp.com\/artejoven.org\/wp-content\/uploads\/2026\/01\/inauguracion_El-Motivo-4-1024x768.webp?strip=info&#038;w=1800&#038;ssl=1 1800w,https:\/\/i0.wp.com\/artejoven.org\/wp-content\/uploads\/2026\/01\/inauguracion_El-Motivo-4-1024x768.webp?strip=info&#038;w=2000&#038;ssl=1 2000w\" alt=\"\" data-height=\"1920\" data-id=\"10254\" data-link=\"https:\/\/artejoven.org\/?attachment_id=10254#main\" data-url=\"https:\/\/artejoven.org\/wp-content\/uploads\/2026\/01\/inauguracion_El-Motivo-4-1024x768.webp\" data-width=\"2560\" src=\"https:\/\/i0.wp.com\/artejoven.org\/wp-content\/uploads\/2026\/01\/inauguracion_El-Motivo-4-1024x768.webp?ssl=1\" data-amp-layout=\"responsive\"\/><\/a><\/figure><\/div><div class=\"tiled-gallery__col\" style=\"flex-basis:50.00000%\"><figure class=\"tiled-gallery__item\"><a href=\"https:\/\/artejoven.org\/wp-content\/uploads\/2026\/01\/inauguracion_El-Motivo-5-1024x768.webp\"><img decoding=\"async\" srcset=\"https:\/\/i0.wp.com\/artejoven.org\/wp-content\/uploads\/2026\/01\/inauguracion_El-Motivo-5-1024x768.webp?strip=info&#038;w=600&#038;ssl=1 600w,https:\/\/i0.wp.com\/artejoven.org\/wp-content\/uploads\/2026\/01\/inauguracion_El-Motivo-5-1024x768.webp?strip=info&#038;w=900&#038;ssl=1 900w,https:\/\/i0.wp.com\/artejoven.org\/wp-content\/uploads\/2026\/01\/inauguracion_El-Motivo-5-1024x768.webp?strip=info&#038;w=1200&#038;ssl=1 1200w,https:\/\/i0.wp.com\/artejoven.org\/wp-content\/uploads\/2026\/01\/inauguracion_El-Motivo-5-1024x768.webp?strip=info&#038;w=1500&#038;ssl=1 1500w,https:\/\/i0.wp.com\/artejoven.org\/wp-content\/uploads\/2026\/01\/inauguracion_El-Motivo-5-1024x768.webp?strip=info&#038;w=1800&#038;ssl=1 1800w,https:\/\/i0.wp.com\/artejoven.org\/wp-content\/uploads\/2026\/01\/inauguracion_El-Motivo-5-1024x768.webp?strip=info&#038;w=2000&#038;ssl=1 2000w\" alt=\"\" data-height=\"1920\" data-id=\"10255\" data-link=\"https:\/\/artejoven.org\/?attachment_id=10255#main\" data-url=\"https:\/\/artejoven.org\/wp-content\/uploads\/2026\/01\/inauguracion_El-Motivo-5-1024x768.webp\" data-width=\"2560\" src=\"https:\/\/i0.wp.com\/artejoven.org\/wp-content\/uploads\/2026\/01\/inauguracion_El-Motivo-5-1024x768.webp?ssl=1\" data-amp-layout=\"responsive\"\/><\/a><\/figure><\/div><\/div><\/div><\/div><\/div>\n\n\n\n<p>Alvarez uses the term \u00abhappy ending\u00bb to refer to the sample, in which <em>statement<\/em> can also be read as \u00aba curatorial exercise that operates with the identification of <em>leitmotivs<\/em>Each piece exposes core recurrences of the author throughout his actions. Likewise, there is another constant that directs the selection of works: each piece exposes the author's considerations on the art phenomenon\u00bb. In this way, the workshop closed a cycle and generated opportunities for students to improve themselves.<\/p>\n\n\n\n<p>For her, leading this process has meant more than just a professional achievement: \u201cI took on the workshop. <em>Last chapter of a beautiful drama<\/em> as a closure. A \u2018closure\u2019 in the popular sense that expresses the great potential of something; but also a closing of a stage, both for those students who were then finishing their Professional Middle Level, as well as in my practice today expanded to entrepreneurship. Hence the conclusive aura that led me to revisit works and ended up being a kind of necessary filter to continue flowing\u201d.<\/p>\n\n\n\n<p>The project <em>\u201cLast chapter of a nice drama\u201d<\/em> is an example of the impact that collaboration between an initiative like FAJ and art education can have. Convinced that art, like education, is built in community, the platform seeks to weave networks, strengthen communities and give voice to a new generation of Cuban artists who dream of transforming their environment through creation.<\/p>\n\n\n\n<figure class=\"wp-block-image size-large\"><img fetchpriority=\"high\" decoding=\"async\" width=\"768\" height=\"1024\" src=\"https:\/\/artejoven.org\/wp-content\/uploads\/2026\/01\/equipo-Acacia-artistas-y-Evelynn-Alvarez_El-Motivo-768x1024.webp\" alt=\"\" class=\"wp-image-10256\" srcset=\"https:\/\/artejoven.org\/wp-content\/uploads\/2026\/01\/equipo-Acacia-artistas-y-Evelynn-Alvarez_El-Motivo-768x1024.webp 768w, https:\/\/artejoven.org\/wp-content\/uploads\/2026\/01\/equipo-Acacia-artistas-y-Evelynn-Alvarez_El-Motivo-225x300.webp 225w, https:\/\/artejoven.org\/wp-content\/uploads\/2026\/01\/equipo-Acacia-artistas-y-Evelynn-Alvarez_El-Motivo-1152x1536.webp 1152w, https:\/\/artejoven.org\/wp-content\/uploads\/2026\/01\/equipo-Acacia-artistas-y-Evelynn-Alvarez_El-Motivo-1536x2048.webp 1536w, https:\/\/artejoven.org\/wp-content\/uploads\/2026\/01\/equipo-Acacia-artistas-y-Evelynn-Alvarez_El-Motivo-9x12.webp 9w, https:\/\/artejoven.org\/wp-content\/uploads\/2026\/01\/equipo-Acacia-artistas-y-Evelynn-Alvarez_El-Motivo.webp 1920w\" sizes=\"(max-width: 768px) 100vw, 768px\" \/><\/figure>","protected":false},"excerpt":{"rendered":"<p>The project \u201cLast chapter of a beautiful drama\u201d is an example of the impact that collaboration between an initiative such as the Youth Art Fund and art education can have. <\/p>","protected":false},"author":1,"featured_media":10240,"comment_status":"open","ping_status":"open","sticky":false,"template":"","format":"standard","meta":{"_acf_changed":false,"_jetpack_memberships_contains_paid_content":false,"footnotes":"","_links_to":"","_links_to_target":""},"categories":[35],"tags":[],"class_list":{"0":"post-10239","1":"post","2":"type-post","3":"status-publish","4":"format-standard","5":"has-post-thumbnail","6":"hentry","7":"category-desde-el-faj","9":"post-with-thumbnail","10":"post-with-thumbnail-large"},"acf":[],"aioseo_notices":[],"jetpack_featured_media_url":"https:\/\/artejoven.org\/wp-content\/uploads\/2026\/01\/studio-Suamy-Hernandez_Ultimo-capitulo-de-un-lindo-drama-scaled.webp","jetpack-related-posts":[{"id":10603,"url":"https:\/\/artejoven.org\/en\/mujeres-que-impulsan-el-arte-y-transforman-comunidades-con-apoyo-del-fondo-de-arte-joven\/","url_meta":{"origin":10239,"position":0},"title":"Women promoting art and transforming communities with support from the Young Art Fund","author":"Ren\u00e9 Manuel Puig","date":"23 de March de 2026","format":false,"excerpt":"Breaking new ground, sharing tools, and strengthening networks are part of FAJ's strategic objectives.","rel":"","context":"In &quot;Desde el FAJ&quot;","block_context":{"text":"Desde el FAJ","link":"https:\/\/artejoven.org\/en\/category\/noticias\/desde-el-faj\/"},"img":{"alt_text":"","src":"https:\/\/i0.wp.com\/artejoven.org\/wp-content\/uploads\/2026\/03\/A7R8815-scaled.webp?resize=350%2C200&ssl=1","width":350,"height":200,"srcset":"https:\/\/i0.wp.com\/artejoven.org\/wp-content\/uploads\/2026\/03\/A7R8815-scaled.webp?resize=350%2C200&ssl=1 1x, https:\/\/i0.wp.com\/artejoven.org\/wp-content\/uploads\/2026\/03\/A7R8815-scaled.webp?resize=525%2C300&ssl=1 1.5x, https:\/\/i0.wp.com\/artejoven.org\/wp-content\/uploads\/2026\/03\/A7R8815-scaled.webp?resize=700%2C400&ssl=1 2x, https:\/\/i0.wp.com\/artejoven.org\/wp-content\/uploads\/2026\/03\/A7R8815-scaled.webp?resize=1050%2C600&ssl=1 3x, https:\/\/i0.wp.com\/artejoven.org\/wp-content\/uploads\/2026\/03\/A7R8815-scaled.webp?resize=1400%2C800&ssl=1 4x"},"classes":[]},{"id":7326,"url":"https:\/\/artejoven.org\/en\/visita-el-critico-y-curador-de-arte-gerardo-mosquera-la-muestra-personal-niebla-en-la-galeria-salon-blanco\/","url_meta":{"origin":10239,"position":1},"title":"Art critic and curator Gerardo Mosquera visits the personal exhibition Niebla, at the Sal\u00f3n Blanco Gallery","author":"Ren\u00e9 Manuel Puig","date":"9 de April de 2024","format":false,"excerpt":"The regular exhibition space of the Fondo de Arte Joven (FAJ), the Galer\u00eda Sal\u00f3n Blanco, received art critic and curator Gerardo Mosquera for the second time.","rel":"","context":"In &quot;Desde el FAJ&quot;","block_context":{"text":"Desde el FAJ","link":"https:\/\/artejoven.org\/en\/category\/noticias\/desde-el-faj\/"},"img":{"alt_text":"Niebla, de Daniel Ant\u00f3n","src":"https:\/\/i0.wp.com\/artejoven.org\/wp-content\/uploads\/2024\/04\/img_9417-1-jpg.webp?resize=350%2C200&ssl=1","width":350,"height":200,"srcset":"https:\/\/i0.wp.com\/artejoven.org\/wp-content\/uploads\/2024\/04\/img_9417-1-jpg.webp?resize=350%2C200&ssl=1 1x, https:\/\/i0.wp.com\/artejoven.org\/wp-content\/uploads\/2024\/04\/img_9417-1-jpg.webp?resize=525%2C300&ssl=1 1.5x, https:\/\/i0.wp.com\/artejoven.org\/wp-content\/uploads\/2024\/04\/img_9417-1-jpg.webp?resize=700%2C400&ssl=1 2x, https:\/\/i0.wp.com\/artejoven.org\/wp-content\/uploads\/2024\/04\/img_9417-1-jpg.webp?resize=1050%2C600&ssl=1 3x, https:\/\/i0.wp.com\/artejoven.org\/wp-content\/uploads\/2024\/04\/img_9417-1-jpg.webp?resize=1400%2C800&ssl=1 4x"},"classes":[]},{"id":6416,"url":"https:\/\/artejoven.org\/en\/fondo-de-arte-joven-inaugura-muestra-concurso-malayerba-en-la-galeria-salon-blanco\/","url_meta":{"origin":10239,"position":2},"title":"Youth Art Fund inaugurates malaYerba contest exhibition at Sal\u00f3n Blanco Gallery","author":"Ren\u00e9 Manuel Puig","date":"27 de November de 2023","format":false,"excerpt":"The Youth Art Fund (YAF) will inaugurate the exhibition contest in its usual space, the Sal\u00f3n Blanco Gallery, located in the Convent and Basilica of San Francisco de As\u00eds in Old Havana, next Thursday, November 30.","rel":"","context":"In &quot;Desde el FAJ&quot;","block_context":{"text":"Desde el FAJ","link":"https:\/\/artejoven.org\/en\/category\/noticias\/desde-el-faj\/"},"img":{"alt_text":"MalaYerba","src":"https:\/\/i0.wp.com\/artejoven.org\/wp-content\/uploads\/2023\/11\/MalaYerba.png?resize=350%2C200&ssl=1","width":350,"height":200,"srcset":"https:\/\/i0.wp.com\/artejoven.org\/wp-content\/uploads\/2023\/11\/MalaYerba.png?resize=350%2C200&ssl=1 1x, https:\/\/i0.wp.com\/artejoven.org\/wp-content\/uploads\/2023\/11\/MalaYerba.png?resize=525%2C300&ssl=1 1.5x, https:\/\/i0.wp.com\/artejoven.org\/wp-content\/uploads\/2023\/11\/MalaYerba.png?resize=700%2C400&ssl=1 2x, https:\/\/i0.wp.com\/artejoven.org\/wp-content\/uploads\/2023\/11\/MalaYerba.png?resize=1050%2C600&ssl=1 3x"},"classes":[]},{"id":6063,"url":"https:\/\/artejoven.org\/en\/fondo-de-arte-joven-se-presenta-a-estudiantes-y-artistas-de-santiago-de-cuba\/","url_meta":{"origin":10239,"position":3},"title":"Youth Art Fund presented to students and artists of Santiago de Cuba","author":"Ren\u00e9 Manuel Puig","date":"4 de October de 2023","format":false,"excerpt":"In an exchange with Santiago artists and students, the presentation of the Young Art Fund (FAJ) took place this Tuesday during the II Ren\u00e9 Vald\u00e9s Cede\u00f1o Regional Contemporary Art Salon in Santiago de Cuba.","rel":"","context":"In &quot;Desde el FAJ&quot;","block_context":{"text":"Desde el FAJ","link":"https:\/\/artejoven.org\/en\/category\/noticias\/desde-el-faj\/"},"img":{"alt_text":"Sandra Garc\u00eda Herrera y Caridad Figueroa, en representaci\u00f3n del FAJ","src":"https:\/\/i0.wp.com\/artejoven.org\/wp-content\/uploads\/2023\/10\/FAJ-en-Santiago-de-Cuba-jpg.webp?resize=350%2C200&ssl=1","width":350,"height":200,"srcset":"https:\/\/i0.wp.com\/artejoven.org\/wp-content\/uploads\/2023\/10\/FAJ-en-Santiago-de-Cuba-jpg.webp?resize=350%2C200&ssl=1 1x, https:\/\/i0.wp.com\/artejoven.org\/wp-content\/uploads\/2023\/10\/FAJ-en-Santiago-de-Cuba-jpg.webp?resize=525%2C300&ssl=1 1.5x, https:\/\/i0.wp.com\/artejoven.org\/wp-content\/uploads\/2023\/10\/FAJ-en-Santiago-de-Cuba-jpg.webp?resize=700%2C400&ssl=1 2x, https:\/\/i0.wp.com\/artejoven.org\/wp-content\/uploads\/2023\/10\/FAJ-en-Santiago-de-Cuba-jpg.webp?resize=1050%2C600&ssl=1 3x"},"classes":[]},{"id":5892,"url":"https:\/\/artejoven.org\/en\/fondo-de-arte-joven-faj-inaugura-nueva-exposicion-en-el-salon-blanco\/","url_meta":{"origin":10239,"position":4},"title":"Youth Art Fund (YAF) inaugurates new exhibition at the Sal\u00f3n Blanco","author":"Ren\u00e9 Manuel Puig","date":"18 de September de 2023","format":false,"excerpt":"On the afternoon of Tuesday, September 14, the Fondo de Arte Joven (FAJ) inaugurated the photographic exhibition Havana, a palpable soul, which brings together the work of several young Cuban photographers who illustrate multiple interpretations of the city through their lenses.","rel":"","context":"In &quot;Desde el FAJ&quot;","block_context":{"text":"Desde el FAJ","link":"https:\/\/artejoven.org\/en\/category\/noticias\/desde-el-faj\/"},"img":{"alt_text":"Equipo del Fondo de Arte Joven junto a artistas de la muestra.","src":"https:\/\/i0.wp.com\/artejoven.org\/wp-content\/uploads\/2023\/09\/Habana-un-alma-palpable-2-jpg.webp?resize=350%2C200&ssl=1","width":350,"height":200,"srcset":"https:\/\/i0.wp.com\/artejoven.org\/wp-content\/uploads\/2023\/09\/Habana-un-alma-palpable-2-jpg.webp?resize=350%2C200&ssl=1 1x, https:\/\/i0.wp.com\/artejoven.org\/wp-content\/uploads\/2023\/09\/Habana-un-alma-palpable-2-jpg.webp?resize=525%2C300&ssl=1 1.5x, https:\/\/i0.wp.com\/artejoven.org\/wp-content\/uploads\/2023\/09\/Habana-un-alma-palpable-2-jpg.webp?resize=700%2C400&ssl=1 2x, https:\/\/i0.wp.com\/artejoven.org\/wp-content\/uploads\/2023\/09\/Habana-un-alma-palpable-2-jpg.webp?resize=1050%2C600&ssl=1 3x, https:\/\/i0.wp.com\/artejoven.org\/wp-content\/uploads\/2023\/09\/Habana-un-alma-palpable-2-jpg.webp?resize=1400%2C800&ssl=1 4x"},"classes":[]},{"id":8049,"url":"https:\/\/artejoven.org\/en\/fondo-de-arte-joven-inaugura-en-la-habana-la-segunda-edicion-de-la-muestra-concurso-malayerba\/","url_meta":{"origin":10239,"position":5},"title":"Fondo de Arte Joven opens in Havana the second edition of the malaYerba contest exhibition","author":"Ren\u00e9 Manuel Puig","date":"13 de September de 2024","format":false,"excerpt":"One year after its creation, malaYerba has consolidated as a space where the voices of emerging art find a place to express themselves and connect with the public.","rel":"","context":"In &quot;Desde el FAJ&quot;","block_context":{"text":"Desde el FAJ","link":"https:\/\/artejoven.org\/en\/category\/noticias\/desde-el-faj\/"},"img":{"alt_text":"malaYerba II","src":"https:\/\/i0.wp.com\/artejoven.org\/wp-content\/uploads\/2024\/09\/01-jpg.webp?resize=350%2C200&ssl=1","width":350,"height":200,"srcset":"https:\/\/i0.wp.com\/artejoven.org\/wp-content\/uploads\/2024\/09\/01-jpg.webp?resize=350%2C200&ssl=1 1x, https:\/\/i0.wp.com\/artejoven.org\/wp-content\/uploads\/2024\/09\/01-jpg.webp?resize=525%2C300&ssl=1 1.5x, https:\/\/i0.wp.com\/artejoven.org\/wp-content\/uploads\/2024\/09\/01-jpg.webp?resize=700%2C400&ssl=1 2x, https:\/\/i0.wp.com\/artejoven.org\/wp-content\/uploads\/2024\/09\/01-jpg.webp?resize=1050%2C600&ssl=1 3x"},"classes":[]}],"jetpack_sharing_enabled":true,"_links":{"self":[{"href":"https:\/\/artejoven.org\/en\/wp-json\/wp\/v2\/posts\/10239","targetHints":{"allow":["GET"]}}],"collection":[{"href":"https:\/\/artejoven.org\/en\/wp-json\/wp\/v2\/posts"}],"about":[{"href":"https:\/\/artejoven.org\/en\/wp-json\/wp\/v2\/types\/post"}],"author":[{"embeddable":true,"href":"https:\/\/artejoven.org\/en\/wp-json\/wp\/v2\/users\/1"}],"replies":[{"embeddable":true,"href":"https:\/\/artejoven.org\/en\/wp-json\/wp\/v2\/comments?post=10239"}],"version-history":[{"count":5,"href":"https:\/\/artejoven.org\/en\/wp-json\/wp\/v2\/posts\/10239\/revisions"}],"predecessor-version":[{"id":10262,"href":"https:\/\/artejoven.org\/en\/wp-json\/wp\/v2\/posts\/10239\/revisions\/10262"}],"wp:featuredmedia":[{"embeddable":true,"href":"https:\/\/artejoven.org\/en\/wp-json\/wp\/v2\/media\/10240"}],"wp:attachment":[{"href":"https:\/\/artejoven.org\/en\/wp-json\/wp\/v2\/media?parent=10239"}],"wp:term":[{"taxonomy":"category","embeddable":true,"href":"https:\/\/artejoven.org\/en\/wp-json\/wp\/v2\/categories?post=10239"},{"taxonomy":"post_tag","embeddable":true,"href":"https:\/\/artejoven.org\/en\/wp-json\/wp\/v2\/tags?post=10239"}],"curies":[{"name":"wp","href":"https:\/\/api.w.org\/{rel}","templated":true}]}}