{"id":5892,"date":"2023-09-18T11:09:08","date_gmt":"2023-09-18T15:09:08","guid":{"rendered":"https:\/\/artejoven.org\/?p=5892"},"modified":"2024-03-08T14:55:14","modified_gmt":"2024-03-08T19:55:14","slug":"faj-young-art-fund-inaugurates-new-exhibition-at-the-white-room","status":"publish","type":"post","link":"https:\/\/artejoven.org\/en\/fondo-de-arte-joven-faj-inaugura-nueva-exposicion-en-el-salon-blanco\/","title":{"rendered":"Youth Art Fund (YAF) inaugurates new exhibition at the Sal\u00f3n Blanco"},"content":{"rendered":"<p class=\"translation-block\">On the afternoon of Thursday, September 14, the Youth Art Fund (YAF) inaugurated the photographic exhibition <em>Habana, un alma palpable (Havana, a palpable soul)<\/em>, bringing together the work of several young Cuban photographers who illustrate multiple interpretations of the city through their lenses.<\/p>\n\n\n\n<p>It was a favorable occasion to introduce for the first time in an YAF exhibition the new Ambassador-designate of Switzerland in Cuba, H.E. Mr. Stefano Vescovi, who thanked the audience and collaborators, and acknowledged the work done by the platform in order to promote and develop the work of young artists and creators of the island.<\/p>\n\n\n\n<blockquote class=\"wp-block-quote is-style-default has-white-background-color has-background has-medium-font-size is-layout-flow wp-block-quote-is-layout-flow\" style=\"border-style:none;border-width:0px;border-radius:0px;font-style:normal;font-weight:700\">\n<p>\u201cWe are able to say that today, the Fund has become a reality for artists, projects, ventures, institutions and organizations linked to Cuban culture: an important achievement that we are happy about\u201d, said Vescovi.<\/p>\n<\/blockquote>\n\n\n\n<p>According to Sandra Garc\u00eda, curator of the exhibition, the selection of works tried to escape commonplaces to transmit, from intangible forms, the ways and looks through which these artists inhabit and unravel the city that they have also made their own.<\/p>\n\n\n\n<blockquote class=\"wp-block-quote is-style-default has-white-background-color has-background has-medium-font-size is-layout-flow wp-block-quote-is-layout-flow\" style=\"border-style:none;border-width:0px;border-radius:0px;font-style:normal;font-weight:700\">\n<p class=\"translation-block\">\u201cOf course there\u2019s the coastline, the architectural profiles, <em>Carpentier\u2019s<\/em> columns and the children playing freely in the streets; but no one would talk about Havana without thinking about that vibrant artistic and cultural scene that has filled its decades, without thinking about the music, about its nights brimming with young people who are just discovering life and only care about the present. No one leaves Havana without remembering its people.\u201d<\/p>\n<\/blockquote>\n\n\n\n<figure class=\"wp-block-image size-full\"><a href=\"https:\/\/artejoven.org\/wp-content\/uploads\/2023\/09\/Sandra-Garcia-Herrera-curadora-jpg.webp\"><img fetchpriority=\"high\" decoding=\"async\" width=\"852\" height=\"568\" src=\"https:\/\/artejoven.org\/wp-content\/uploads\/2023\/09\/Sandra-Garcia-Herrera-curadora-jpg.webp\" alt=\"\" class=\"wp-image-5895\" srcset=\"https:\/\/artejoven.org\/wp-content\/uploads\/2023\/09\/Sandra-Garcia-Herrera-curadora-jpg.webp 852w, https:\/\/artejoven.org\/wp-content\/uploads\/2023\/09\/Sandra-Garcia-Herrera-curadora-300x200.webp 300w, https:\/\/artejoven.org\/wp-content\/uploads\/2023\/09\/Sandra-Garcia-Herrera-curadora-768x512.webp 768w, https:\/\/artejoven.org\/wp-content\/uploads\/2023\/09\/Sandra-Garcia-Herrera-curadora-18x12.webp 18w, https:\/\/artejoven.org\/wp-content\/uploads\/2023\/09\/Sandra-Garcia-Herrera-curadora-272x182.webp 272w\" sizes=\"(max-width: 852px) 100vw, 852px\" \/><\/a><figcaption class=\"wp-element-caption\"><strong><em>Sandra Garc\u00eda-Herrera, curator of the exhibition. In the background, Caridad Figueroa, production director, Claudia Yil\u00e9n, communications director and Neida Pe\u00f1alver, general coordinator of the Youth Art Fund.<\/em><\/strong><\/figcaption><\/figure>\n\n\n\n<p>Also present were collaborators and beneficiary artists of the Fund, as well as special guests: Ms. Perla Rosales, Deputy Director of the Office of the Historian of the City of Havana, Mr. Nivaldo Carbonell, president of the Los Carbonell Foundation, as well as guests from the diplomatic corps and other project partners.<\/p>\n\n\n\n<p>The exhibition will be open to the public from Tuesday to Saturday, from 10:00 a.m. to 4:00 p.m. until November, at the Sal\u00f3n Blanco of the Youth Art Fund, located on Churruca Street, between Avenida del Puerto and Oficios. San Francisco de Asis Convent. Old Havana.<\/p>\n\n\n\n<div class=\"wp-block-group is-nowrap is-layout-flex wp-container-core-group-is-layout-ad2f72ca wp-block-group-is-layout-flex\">\n<div class=\"wp-block-jetpack-tiled-gallery is-style-rectangular\"><div class=\"tiled-gallery__gallery\"><div class=\"tiled-gallery__row\"><div class=\"tiled-gallery__col\" style=\"flex-basis:66.80089%\"><figure class=\"tiled-gallery__item\"><a href=\"https:\/\/artejoven.org\/wp-content\/uploads\/2023\/09\/Habana-un-alma-palpable-01-jpg.webp\"><img decoding=\"async\" srcset=\"https:\/\/i2.wp.com\/artejoven.org\/wp-content\/uploads\/2023\/09\/Habana-un-alma-palpable-01-jpg.webp?strip=info&#038;w=600&#038;ssl=1 600w,https:\/\/i2.wp.com\/artejoven.org\/wp-content\/uploads\/2023\/09\/Habana-un-alma-palpable-01-jpg.webp?strip=info&#038;w=900&#038;ssl=1 900w,https:\/\/i2.wp.com\/artejoven.org\/wp-content\/uploads\/2023\/09\/Habana-un-alma-palpable-01-jpg.webp?strip=info&#038;w=933&#038;ssl=1 933w\" alt=\"Havana, a palpable soul\" data-height=\"622\" data-id=\"5901\" data-link=\"https:\/\/artejoven.org\/fondo-de-arte-joven-faj-inaugura-nueva-exposicion-en-el-salon-blanco\/habana-un-alma-palpable-01\/#main\" data-url=\"https:\/\/artejoven.org\/wp-content\/uploads\/2023\/09\/Habana-un-alma-palpable-01-jpg.webp\" data-width=\"933\" src=\"https:\/\/i2.wp.com\/artejoven.org\/wp-content\/uploads\/2023\/09\/Habana-un-alma-palpable-01-jpg.webp?ssl=1\" data-amp-layout=\"responsive\"\/><\/a><\/figure><\/div><div class=\"tiled-gallery__col\" style=\"flex-basis:33.19911%\"><figure class=\"tiled-gallery__item\"><a href=\"https:\/\/artejoven.org\/wp-content\/uploads\/2023\/09\/Habana-un-alma-palpable-02-jpg.webp\"><img decoding=\"async\" srcset=\"https:\/\/i1.wp.com\/artejoven.org\/wp-content\/uploads\/2023\/09\/Habana-un-alma-palpable-02-jpg.webp?strip=info&#038;w=600&#038;ssl=1 600w,https:\/\/i1.wp.com\/artejoven.org\/wp-content\/uploads\/2023\/09\/Habana-un-alma-palpable-02-jpg.webp?strip=info&#038;w=782&#038;ssl=1 782w\" alt=\"Havana, a palpable soul\" data-height=\"521\" data-id=\"5896\" data-link=\"https:\/\/artejoven.org\/fondo-de-arte-joven-faj-inaugura-nueva-exposicion-en-el-salon-blanco\/habana-un-alma-palpable-02\/#main\" data-url=\"https:\/\/artejoven.org\/wp-content\/uploads\/2023\/09\/Habana-un-alma-palpable-02-jpg.webp\" data-width=\"782\" src=\"https:\/\/i1.wp.com\/artejoven.org\/wp-content\/uploads\/2023\/09\/Habana-un-alma-palpable-02-jpg.webp?ssl=1\" data-amp-layout=\"responsive\"\/><\/a><\/figure><figure class=\"tiled-gallery__item\"><a href=\"https:\/\/artejoven.org\/wp-content\/uploads\/2023\/09\/Habana-un-alma-palpable-03-jpg.webp\"><img decoding=\"async\" srcset=\"https:\/\/i0.wp.com\/artejoven.org\/wp-content\/uploads\/2023\/09\/Habana-un-alma-palpable-03-jpg.webp?strip=info&#038;w=600&#038;ssl=1 600w,https:\/\/i0.wp.com\/artejoven.org\/wp-content\/uploads\/2023\/09\/Habana-un-alma-palpable-03-jpg.webp?strip=info&#038;w=825&#038;ssl=1 825w\" alt=\"Havana, a palpable soul\" data-height=\"550\" data-id=\"5897\" data-link=\"https:\/\/artejoven.org\/fondo-de-arte-joven-faj-inaugura-nueva-exposicion-en-el-salon-blanco\/habana-un-alma-palpable-03\/#main\" data-url=\"https:\/\/artejoven.org\/wp-content\/uploads\/2023\/09\/Habana-un-alma-palpable-03-jpg.webp\" data-width=\"825\" src=\"https:\/\/i0.wp.com\/artejoven.org\/wp-content\/uploads\/2023\/09\/Habana-un-alma-palpable-03-jpg.webp?ssl=1\" data-amp-layout=\"responsive\"\/><\/a><\/figure><\/div><\/div><div class=\"tiled-gallery__row\"><div class=\"tiled-gallery__col\" style=\"flex-basis:33.18887%\"><figure class=\"tiled-gallery__item\"><a href=\"https:\/\/artejoven.org\/wp-content\/uploads\/2023\/09\/Habana-un-alma-palpable-06-jpg.webp\"><img decoding=\"async\" srcset=\"https:\/\/i2.wp.com\/artejoven.org\/wp-content\/uploads\/2023\/09\/Habana-un-alma-palpable-06-jpg.webp?strip=info&#038;w=600&#038;ssl=1 600w,https:\/\/i2.wp.com\/artejoven.org\/wp-content\/uploads\/2023\/09\/Habana-un-alma-palpable-06-jpg.webp?strip=info&#038;w=900&#038;ssl=1 900w,https:\/\/i2.wp.com\/artejoven.org\/wp-content\/uploads\/2023\/09\/Habana-un-alma-palpable-06-jpg.webp?strip=info&#038;w=980&#038;ssl=1 980w\" alt=\"Havana, a palpable soul\" data-height=\"653\" data-id=\"5900\" data-link=\"https:\/\/artejoven.org\/fondo-de-arte-joven-faj-inaugura-nueva-exposicion-en-el-salon-blanco\/habana-un-alma-palpable-06\/#main\" data-url=\"https:\/\/artejoven.org\/wp-content\/uploads\/2023\/09\/Habana-un-alma-palpable-06-jpg.webp\" data-width=\"980\" src=\"https:\/\/i2.wp.com\/artejoven.org\/wp-content\/uploads\/2023\/09\/Habana-un-alma-palpable-06-jpg.webp?ssl=1\" data-amp-layout=\"responsive\"\/><\/a><\/figure><figure class=\"tiled-gallery__item\"><a href=\"https:\/\/artejoven.org\/wp-content\/uploads\/2023\/09\/Habana-un-alma-palpable-08-1024x682.webp\"><img decoding=\"async\" srcset=\"https:\/\/i0.wp.com\/artejoven.org\/wp-content\/uploads\/2023\/09\/Habana-un-alma-palpable-08-1024x682.webp?strip=info&#038;w=600&#038;ssl=1 600w,https:\/\/i0.wp.com\/artejoven.org\/wp-content\/uploads\/2023\/09\/Habana-un-alma-palpable-08-1024x682.webp?strip=info&#038;w=900&#038;ssl=1 900w,https:\/\/i0.wp.com\/artejoven.org\/wp-content\/uploads\/2023\/09\/Habana-un-alma-palpable-08-1024x682.webp?strip=info&#038;w=1200&#038;ssl=1 1200w,https:\/\/i0.wp.com\/artejoven.org\/wp-content\/uploads\/2023\/09\/Habana-un-alma-palpable-08-1024x682.webp?strip=info&#038;w=1500&#038;ssl=1 1500w,https:\/\/i0.wp.com\/artejoven.org\/wp-content\/uploads\/2023\/09\/Habana-un-alma-palpable-08-1024x682.webp?strip=info&#038;w=1763&#038;ssl=1 1763w\" alt=\"Havana, a palpable soul\" data-height=\"1175\" data-id=\"5902\" data-link=\"https:\/\/artejoven.org\/fondo-de-arte-joven-faj-inaugura-nueva-exposicion-en-el-salon-blanco\/habana-un-alma-palpable-08\/#main\" data-url=\"https:\/\/artejoven.org\/wp-content\/uploads\/2023\/09\/Habana-un-alma-palpable-08-1024x682.webp\" data-width=\"1763\" src=\"https:\/\/i0.wp.com\/artejoven.org\/wp-content\/uploads\/2023\/09\/Habana-un-alma-palpable-08-1024x682.webp?ssl=1\" data-amp-layout=\"responsive\"\/><\/a><\/figure><\/div><div class=\"tiled-gallery__col\" style=\"flex-basis:66.81113%\"><figure class=\"tiled-gallery__item\"><a href=\"https:\/\/artejoven.org\/wp-content\/uploads\/2023\/09\/Habana-un-alma-palpable-10-jpg.webp\"><img decoding=\"async\" srcset=\"https:\/\/i1.wp.com\/artejoven.org\/wp-content\/uploads\/2023\/09\/Habana-un-alma-palpable-10-jpg.webp?strip=info&#038;w=600&#038;ssl=1 600w,https:\/\/i1.wp.com\/artejoven.org\/wp-content\/uploads\/2023\/09\/Habana-un-alma-palpable-10-jpg.webp?strip=info&#038;w=900&#038;ssl=1 900w,https:\/\/i1.wp.com\/artejoven.org\/wp-content\/uploads\/2023\/09\/Habana-un-alma-palpable-10-jpg.webp?strip=info&#038;w=926&#038;ssl=1 926w\" alt=\"Havana, a palpable soul\" data-height=\"617\" data-id=\"5906\" data-link=\"https:\/\/artejoven.org\/fondo-de-arte-joven-faj-inaugura-nueva-exposicion-en-el-salon-blanco\/habana-un-alma-palpable-10\/#main\" data-url=\"https:\/\/artejoven.org\/wp-content\/uploads\/2023\/09\/Habana-un-alma-palpable-10-jpg.webp\" data-width=\"926\" src=\"https:\/\/i1.wp.com\/artejoven.org\/wp-content\/uploads\/2023\/09\/Habana-un-alma-palpable-10-jpg.webp?ssl=1\" data-amp-layout=\"responsive\"\/><\/a><\/figure><\/div><\/div><div class=\"tiled-gallery__row\"><div class=\"tiled-gallery__col\" style=\"flex-basis:44.94682%\"><figure class=\"tiled-gallery__item\"><a href=\"https:\/\/artejoven.org\/wp-content\/uploads\/2023\/09\/Habana-un-alma-palpable-07-jpg.webp\"><img decoding=\"async\" srcset=\"https:\/\/i0.wp.com\/artejoven.org\/wp-content\/uploads\/2023\/09\/Habana-un-alma-palpable-07-jpg.webp?strip=info&#038;w=600&#038;ssl=1 600w,https:\/\/i0.wp.com\/artejoven.org\/wp-content\/uploads\/2023\/09\/Habana-un-alma-palpable-07-jpg.webp?strip=info&#038;w=900&#038;ssl=1 900w,https:\/\/i0.wp.com\/artejoven.org\/wp-content\/uploads\/2023\/09\/Habana-un-alma-palpable-07-jpg.webp?strip=info&#038;w=927&#038;ssl=1 927w\" alt=\"Havana, a palpable soul\" data-height=\"618\" data-id=\"5899\" data-link=\"https:\/\/artejoven.org\/fondo-de-arte-joven-faj-inaugura-nueva-exposicion-en-el-salon-blanco\/habana-un-alma-palpable-07\/#main\" data-url=\"https:\/\/artejoven.org\/wp-content\/uploads\/2023\/09\/Habana-un-alma-palpable-07-jpg.webp\" data-width=\"927\" src=\"https:\/\/i0.wp.com\/artejoven.org\/wp-content\/uploads\/2023\/09\/Habana-un-alma-palpable-07-jpg.webp?ssl=1\" data-amp-layout=\"responsive\"\/><\/a><\/figure><\/div><div class=\"tiled-gallery__col\" style=\"flex-basis:55.05318%\"><figure class=\"tiled-gallery__item\"><a href=\"https:\/\/artejoven.org\/wp-content\/uploads\/2023\/09\/Habana-un-alma-palpable-1-jpg.webp\"><img decoding=\"async\" srcset=\"https:\/\/i0.wp.com\/artejoven.org\/wp-content\/uploads\/2023\/09\/Habana-un-alma-palpable-1-jpg.webp?strip=info&#038;w=600&#038;ssl=1 600w,https:\/\/i0.wp.com\/artejoven.org\/wp-content\/uploads\/2023\/09\/Habana-un-alma-palpable-1-jpg.webp?strip=info&#038;w=857&#038;ssl=1 857w\" alt=\"Havana, a palpable soul\" data-height=\"466\" data-id=\"5893\" data-link=\"https:\/\/artejoven.org\/fondo-de-arte-joven-faj-inaugura-nueva-exposicion-en-el-salon-blanco\/habana-un-alma-palpable-2\/#main\" data-url=\"https:\/\/artejoven.org\/wp-content\/uploads\/2023\/09\/Habana-un-alma-palpable-1-jpg.webp\" data-width=\"857\" src=\"https:\/\/i0.wp.com\/artejoven.org\/wp-content\/uploads\/2023\/09\/Habana-un-alma-palpable-1-jpg.webp?ssl=1\" data-amp-layout=\"responsive\"\/><\/a><\/figure><\/div><\/div><\/div><\/div>\n<\/div>","protected":false},"excerpt":{"rendered":"<p>On the afternoon of Tuesday, September 14, the Fondo de Arte Joven (FAJ) inaugurated the photographic exhibition Havana, a palpable soul, which brings together the work of several young Cuban photographers who illustrate multiple interpretations of the city through their lenses.<\/p>","protected":false},"author":1,"featured_media":5910,"comment_status":"open","ping_status":"open","sticky":false,"template":"","format":"standard","meta":{"_acf_changed":false,"_jetpack_memberships_contains_paid_content":false,"footnotes":"","_links_to":"","_links_to_target":""},"categories":[35],"tags":[55],"class_list":{"0":"post-5892","1":"post","2":"type-post","3":"status-publish","4":"format-standard","5":"has-post-thumbnail","6":"hentry","7":"category-desde-el-faj","8":"tag-salon-blanco","10":"post-with-thumbnail","11":"post-with-thumbnail-large"},"acf":[],"aioseo_notices":[],"jetpack_featured_media_url":"https:\/\/artejoven.org\/wp-content\/uploads\/2023\/09\/Habana-un-alma-palpable-2-jpg.webp","jetpack-related-posts":[{"id":6416,"url":"https:\/\/artejoven.org\/en\/fondo-de-arte-joven-inaugura-muestra-concurso-malayerba-en-la-galeria-salon-blanco\/","url_meta":{"origin":5892,"position":0},"title":"Youth Art Fund inaugurates malaYerba contest exhibition at Sal\u00f3n Blanco Gallery","author":"Ren\u00e9 Manuel Puig","date":"27 de November de 2023","format":false,"excerpt":"The Youth Art Fund (YAF) will inaugurate the exhibition contest in its usual space, the Sal\u00f3n Blanco Gallery, located in the Convent and Basilica of San Francisco de As\u00eds in Old Havana, next Thursday, November 30.","rel":"","context":"In &quot;Desde el FAJ&quot;","block_context":{"text":"Desde el FAJ","link":"https:\/\/artejoven.org\/en\/category\/noticias\/desde-el-faj\/"},"img":{"alt_text":"MalaYerba","src":"https:\/\/i0.wp.com\/artejoven.org\/wp-content\/uploads\/2023\/11\/MalaYerba.png?resize=350%2C200&ssl=1","width":350,"height":200,"srcset":"https:\/\/i0.wp.com\/artejoven.org\/wp-content\/uploads\/2023\/11\/MalaYerba.png?resize=350%2C200&ssl=1 1x, https:\/\/i0.wp.com\/artejoven.org\/wp-content\/uploads\/2023\/11\/MalaYerba.png?resize=525%2C300&ssl=1 1.5x, https:\/\/i0.wp.com\/artejoven.org\/wp-content\/uploads\/2023\/11\/MalaYerba.png?resize=700%2C400&ssl=1 2x, https:\/\/i0.wp.com\/artejoven.org\/wp-content\/uploads\/2023\/11\/MalaYerba.png?resize=1050%2C600&ssl=1 3x"},"classes":[]},{"id":6083,"url":"https:\/\/artejoven.org\/en\/fondo-de-arte-joven-impulsa-programa-de-residencia-academica-haiti-cuba\/","url_meta":{"origin":5892,"position":1},"title":"Youth Art Fund promotes Haiti - Cuba Academic Residency Program","author":"Ren\u00e9 Manuel Puig","date":"19 de October de 2023","format":false,"excerpt":"This week a group of young Haitian creators arrived in Havana to participate in the first Academic Residency Program promoted by the Youth Art Fund (YAF), with an emphasis on music and photography.","rel":"","context":"In &quot;Desde el FAJ&quot;","block_context":{"text":"Desde el FAJ","link":"https:\/\/artejoven.org\/en\/category\/noticias\/desde-el-faj\/"},"img":{"alt_text":"Residencia Acad\u00e9mica Hait\u00ed - Cuba","src":"https:\/\/i0.wp.com\/artejoven.org\/wp-content\/uploads\/2023\/10\/Residencia-academica-Haiti-Cuba-jpg.webp?resize=350%2C200&ssl=1","width":350,"height":200,"srcset":"https:\/\/i0.wp.com\/artejoven.org\/wp-content\/uploads\/2023\/10\/Residencia-academica-Haiti-Cuba-jpg.webp?resize=350%2C200&ssl=1 1x, https:\/\/i0.wp.com\/artejoven.org\/wp-content\/uploads\/2023\/10\/Residencia-academica-Haiti-Cuba-jpg.webp?resize=525%2C300&ssl=1 1.5x, https:\/\/i0.wp.com\/artejoven.org\/wp-content\/uploads\/2023\/10\/Residencia-academica-Haiti-Cuba-jpg.webp?resize=700%2C400&ssl=1 2x, https:\/\/i0.wp.com\/artejoven.org\/wp-content\/uploads\/2023\/10\/Residencia-academica-Haiti-Cuba-jpg.webp?resize=1050%2C600&ssl=1 3x"},"classes":[]},{"id":7232,"url":"https:\/\/artejoven.org\/en\/una-mirada-inspiradora-al-futuro-del-arte-emergente-fondo-de-arte-joven-inaugura-niebla-en-la-galeria-salon-blanco\/","url_meta":{"origin":5892,"position":2},"title":"An inspiring look at the future of emerging art: Fondo de Arte Joven opens \"Niebla\" at the Sal\u00f3n Blanco Gallery.","author":"Ren\u00e9 Manuel Puig","date":"29 de March de 2024","format":false,"excerpt":"The talent of the young visual artist Daniel Ant\u00f3n Morera, Malayerba Grand Prize 2023, captivated the public attending the opening of his personal exhibition \"Niebla\" (Fog) on Thursday, March 28, at the White Room Gallery of the Fondo de Arte Joven (FAJ).","rel":"","context":"In &quot;Desde el FAJ&quot;","block_context":{"text":"Desde el FAJ","link":"https:\/\/artejoven.org\/en\/category\/noticias\/desde-el-faj\/"},"img":{"alt_text":"\u201cNiebla\u201d en la Galer\u00eda Sal\u00f3n Blanco","src":"https:\/\/i0.wp.com\/artejoven.org\/wp-content\/uploads\/2024\/03\/Niebla-portada-jpg.webp?resize=350%2C200&ssl=1","width":350,"height":200,"srcset":"https:\/\/i0.wp.com\/artejoven.org\/wp-content\/uploads\/2024\/03\/Niebla-portada-jpg.webp?resize=350%2C200&ssl=1 1x, https:\/\/i0.wp.com\/artejoven.org\/wp-content\/uploads\/2024\/03\/Niebla-portada-jpg.webp?resize=525%2C300&ssl=1 1.5x, https:\/\/i0.wp.com\/artejoven.org\/wp-content\/uploads\/2024\/03\/Niebla-portada-jpg.webp?resize=700%2C400&ssl=1 2x, https:\/\/i0.wp.com\/artejoven.org\/wp-content\/uploads\/2024\/03\/Niebla-portada-jpg.webp?resize=1050%2C600&ssl=1 3x"},"classes":[]},{"id":7477,"url":"https:\/\/artejoven.org\/en\/el-porque-de-la-constancia-una-exposicion-dedicada-a-las-maestras-historicas-de-la-ensenanza-artistica-en-la-habana\/","url_meta":{"origin":5892,"position":3},"title":"The Reason for Perseverance, an Exhibition Dedicated to the Historical Masters of Artistic Education in Havana","author":"Ren\u00e9 Manuel Puig","date":"4 de June de 2024","format":false,"excerpt":"Last Thursday, May 30, the Fondo de Arte Joven (FAJ) and the Los Carbonell Foundation \/ NG Art Gallery inaugurated the group show El porqu\u00e9 de la constancia (The reason for constancy) at the Sal\u00f3n Blanco Gallery, located in the Convent and Basilica of San Francisco de As\u00eds.","rel":"","context":"In &quot;Desde el FAJ&quot;","block_context":{"text":"Desde el FAJ","link":"https:\/\/artejoven.org\/en\/category\/noticias\/desde-el-faj\/"},"img":{"alt_text":"El porqu\u00e9 de la constancia","src":"https:\/\/i0.wp.com\/artejoven.org\/wp-content\/uploads\/2024\/06\/El-porque-de-la-constancia.jpg?resize=350%2C200&ssl=1","width":350,"height":200,"srcset":"https:\/\/i0.wp.com\/artejoven.org\/wp-content\/uploads\/2024\/06\/El-porque-de-la-constancia.jpg?resize=350%2C200&ssl=1 1x, https:\/\/i0.wp.com\/artejoven.org\/wp-content\/uploads\/2024\/06\/El-porque-de-la-constancia.jpg?resize=525%2C300&ssl=1 1.5x, https:\/\/i0.wp.com\/artejoven.org\/wp-content\/uploads\/2024\/06\/El-porque-de-la-constancia.jpg?resize=700%2C400&ssl=1 2x, https:\/\/i0.wp.com\/artejoven.org\/wp-content\/uploads\/2024\/06\/El-porque-de-la-constancia.jpg?resize=1050%2C600&ssl=1 3x"},"classes":[]},{"id":8049,"url":"https:\/\/artejoven.org\/en\/fondo-de-arte-joven-inaugura-en-la-habana-la-segunda-edicion-de-la-muestra-concurso-malayerba\/","url_meta":{"origin":5892,"position":4},"title":"Fondo de Arte Joven opens in Havana the second edition of the malaYerba contest exhibition","author":"Ren\u00e9 Manuel Puig","date":"13 de September de 2024","format":false,"excerpt":"One year after its creation, malaYerba has consolidated as a space where the voices of emerging art find a place to express themselves and connect with the public.","rel":"","context":"In &quot;Desde el FAJ&quot;","block_context":{"text":"Desde el FAJ","link":"https:\/\/artejoven.org\/en\/category\/noticias\/desde-el-faj\/"},"img":{"alt_text":"malaYerba II","src":"https:\/\/i0.wp.com\/artejoven.org\/wp-content\/uploads\/2024\/09\/01-jpg.webp?resize=350%2C200&ssl=1","width":350,"height":200,"srcset":"https:\/\/i0.wp.com\/artejoven.org\/wp-content\/uploads\/2024\/09\/01-jpg.webp?resize=350%2C200&ssl=1 1x, https:\/\/i0.wp.com\/artejoven.org\/wp-content\/uploads\/2024\/09\/01-jpg.webp?resize=525%2C300&ssl=1 1.5x, https:\/\/i0.wp.com\/artejoven.org\/wp-content\/uploads\/2024\/09\/01-jpg.webp?resize=700%2C400&ssl=1 2x, https:\/\/i0.wp.com\/artejoven.org\/wp-content\/uploads\/2024\/09\/01-jpg.webp?resize=1050%2C600&ssl=1 3x"},"classes":[]},{"id":7326,"url":"https:\/\/artejoven.org\/en\/visita-el-critico-y-curador-de-arte-gerardo-mosquera-la-muestra-personal-niebla-en-la-galeria-salon-blanco\/","url_meta":{"origin":5892,"position":5},"title":"Art critic and curator Gerardo Mosquera visits the personal exhibition Niebla, at the Sal\u00f3n Blanco Gallery","author":"Ren\u00e9 Manuel Puig","date":"9 de April de 2024","format":false,"excerpt":"The regular exhibition space of the Fondo de Arte Joven (FAJ), the Galer\u00eda Sal\u00f3n Blanco, received art critic and curator Gerardo Mosquera for the second time.","rel":"","context":"In &quot;Desde el FAJ&quot;","block_context":{"text":"Desde el FAJ","link":"https:\/\/artejoven.org\/en\/category\/noticias\/desde-el-faj\/"},"img":{"alt_text":"Niebla, de Daniel Ant\u00f3n","src":"https:\/\/i0.wp.com\/artejoven.org\/wp-content\/uploads\/2024\/04\/img_9417-1-jpg.webp?resize=350%2C200&ssl=1","width":350,"height":200,"srcset":"https:\/\/i0.wp.com\/artejoven.org\/wp-content\/uploads\/2024\/04\/img_9417-1-jpg.webp?resize=350%2C200&ssl=1 1x, https:\/\/i0.wp.com\/artejoven.org\/wp-content\/uploads\/2024\/04\/img_9417-1-jpg.webp?resize=525%2C300&ssl=1 1.5x, https:\/\/i0.wp.com\/artejoven.org\/wp-content\/uploads\/2024\/04\/img_9417-1-jpg.webp?resize=700%2C400&ssl=1 2x, https:\/\/i0.wp.com\/artejoven.org\/wp-content\/uploads\/2024\/04\/img_9417-1-jpg.webp?resize=1050%2C600&ssl=1 3x, https:\/\/i0.wp.com\/artejoven.org\/wp-content\/uploads\/2024\/04\/img_9417-1-jpg.webp?resize=1400%2C800&ssl=1 4x"},"classes":[]}],"jetpack_sharing_enabled":true,"_links":{"self":[{"href":"https:\/\/artejoven.org\/en\/wp-json\/wp\/v2\/posts\/5892","targetHints":{"allow":["GET"]}}],"collection":[{"href":"https:\/\/artejoven.org\/en\/wp-json\/wp\/v2\/posts"}],"about":[{"href":"https:\/\/artejoven.org\/en\/wp-json\/wp\/v2\/types\/post"}],"author":[{"embeddable":true,"href":"https:\/\/artejoven.org\/en\/wp-json\/wp\/v2\/users\/1"}],"replies":[{"embeddable":true,"href":"https:\/\/artejoven.org\/en\/wp-json\/wp\/v2\/comments?post=5892"}],"version-history":[{"count":0,"href":"https:\/\/artejoven.org\/en\/wp-json\/wp\/v2\/posts\/5892\/revisions"}],"wp:featuredmedia":[{"embeddable":true,"href":"https:\/\/artejoven.org\/en\/wp-json\/wp\/v2\/media\/5910"}],"wp:attachment":[{"href":"https:\/\/artejoven.org\/en\/wp-json\/wp\/v2\/media?parent=5892"}],"wp:term":[{"taxonomy":"category","embeddable":true,"href":"https:\/\/artejoven.org\/en\/wp-json\/wp\/v2\/categories?post=5892"},{"taxonomy":"post_tag","embeddable":true,"href":"https:\/\/artejoven.org\/en\/wp-json\/wp\/v2\/tags?post=5892"}],"curies":[{"name":"wp","href":"https:\/\/api.w.org\/{rel}","templated":true}]}}