{"id":5985,"date":"2023-09-28T10:58:55","date_gmt":"2023-09-28T14:58:55","guid":{"rendered":"https:\/\/artejoven.org\/?p=5985"},"modified":"2023-09-28T10:59:47","modified_gmt":"2023-09-28T14:59:47","slug":"call-for-cultural-projects-frequently-asked-questions","status":"publish","type":"post","link":"https:\/\/artejoven.org\/en\/convocatoria-de-emprendimientos-culturales-preguntas-frecuentes\/","title":{"rendered":"Call for cultural ventures: frequently asked questions"},"content":{"rendered":"<p>On September 19, a round of questions was held between the team of the International Committee for the Development of the Peoples <em>CISP, A Ritmo de Inclusi\u00f3n, the Fondo de Arte Joven (FAJ)<\/em> and several leaders of creative projects aspiring to the call for entrepreneurship, recently launched by the Fund.<\/p>\n\n\n\n<p>This is an opportunity to support cultural enterprises, projects and initiatives with an emphasis on the music and visual arts sectors, in the creation, production, dissemination and promotion\/exhibition of their work.<\/p>\n\n\n\n<p>Applications from interested parties are received through the application form available on the following website <a href=\"https:\/\/artejoven.org\/en\/calls\/cultural-enterprises\/\" target=\"_blank\" rel=\"noopener\" title=\"\"><strong><span style=\"text-decoration: underline;\">in this link.<\/span><\/strong><\/a><\/p>\n\n\n\n<p>We have compiled the concerns raised at this meeting and share them with our community.<\/p>\n\n\n\n<p><strong>-What are cultural and creative enterprises?<\/strong><\/p>\n\n\n\n<p>Projects, initiatives, collectives or individuals that develop activities that contribute to the cultural and creative industry in Cuba, with a trajectory and a perspective of sustainability.<\/p>\n\n\n\n<p><strong>-How do I know if my venture applies for this call?<\/strong><\/p>\n\n\n\n<p>Projects must be developed within one of the following sectors of the cultural and creative industry: music, visual arts, cultural events, production of cultural events, festivals, audiovisual and digital content.<\/p>\n\n\n\n<p><strong>-The work schedule should not exceed 6 months.<\/strong><\/p>\n\n\n\n<p>The intention of this call is to support the implementation and sustainability of projects, initiatives and\/or cultural undertakings in Cuba. During this period of time, the Fondo de Arte Joven contributes to make visible, produce or implement certain actions planned by the beneficiaries.<\/p>\n\n\n\n<p><strong>-Can I apply if my project is in the process of becoming a MSME, PDL, TCP?<\/strong><\/p>\n\n\n\n<p>You can apply as a natural person, individually or collectively, as cultural managers, creators and artists who lead a creative project, or any other form of economic management (newly created or in process); as long as your proposal has a track record in the creative industries sector and demonstrates its sustainability.<\/p>\n\n\n\n<p>The call for applications will be available until October 2, 2023. Then, between October 5 and 13 of the same month, the applications will be evaluated in a transparent and impartial manner by external Selection Committees with personalities of recognized prestige in the above-mentioned areas of expertise.<\/p>\n\n\n\n<p>The results will be announced on our social media profiles on October 16, 2023, when the winners will also be notified.<\/p>\n\n\n\n<div class=\"wp-block-jetpack-tiled-gallery aligncenter is-style-rectangular\"><div class=\"tiled-gallery__gallery\"><div class=\"tiled-gallery__row\"><div class=\"tiled-gallery__col\" style=\"flex-basis:41.57583%\"><figure class=\"tiled-gallery__item\"><img decoding=\"async\" srcset=\"https:\/\/i0.wp.com\/artejoven.org\/wp-content\/uploads\/2023\/09\/Encuentro-de-preguntas-frecuentes-03-jpg.webp?strip=info&#038;w=600&#038;ssl=1 600w\" alt=\"\" data-height=\"606\" data-id=\"5987\" data-link=\"https:\/\/artejoven.org\/?attachment_id=5987#main\" data-url=\"https:\/\/artejoven.org\/wp-content\/uploads\/2023\/09\/Encuentro-de-preguntas-frecuentes-03-jpg.webp\" data-width=\"600\" src=\"https:\/\/i0.wp.com\/artejoven.org\/wp-content\/uploads\/2023\/09\/Encuentro-de-preguntas-frecuentes-03-jpg.webp?ssl=1\" data-amp-layout=\"responsive\"\/><\/figure><figure class=\"tiled-gallery__item\"><img decoding=\"async\" srcset=\"https:\/\/i0.wp.com\/artejoven.org\/wp-content\/uploads\/2023\/09\/Encuentro-de-preguntas-frecuentes-02-jpg.webp?strip=info&#038;w=600&#038;ssl=1 600w\" alt=\"\" data-height=\"474\" data-id=\"5988\" data-link=\"https:\/\/artejoven.org\/?attachment_id=5988#main\" data-url=\"https:\/\/artejoven.org\/wp-content\/uploads\/2023\/09\/Encuentro-de-preguntas-frecuentes-02-jpg.webp\" data-width=\"600\" src=\"https:\/\/i0.wp.com\/artejoven.org\/wp-content\/uploads\/2023\/09\/Encuentro-de-preguntas-frecuentes-02-jpg.webp?ssl=1\" data-amp-layout=\"responsive\"\/><\/figure><\/div><div class=\"tiled-gallery__col\" style=\"flex-basis:58.42417%\"><figure class=\"tiled-gallery__item\"><img decoding=\"async\" srcset=\"https:\/\/i1.wp.com\/artejoven.org\/wp-content\/uploads\/2023\/09\/Encuentro-de-Preguntas-Frecuentes-01-jpg.webp?strip=info&#038;w=552&#038;ssl=1 552w\" alt=\"\" data-height=\"711\" data-id=\"5989\" data-link=\"https:\/\/artejoven.org\/?attachment_id=5989#main\" data-url=\"https:\/\/artejoven.org\/wp-content\/uploads\/2023\/09\/Encuentro-de-Preguntas-Frecuentes-01-jpg.webp\" data-width=\"552\" src=\"https:\/\/i1.wp.com\/artejoven.org\/wp-content\/uploads\/2023\/09\/Encuentro-de-Preguntas-Frecuentes-01-jpg.webp?ssl=1\" data-amp-layout=\"responsive\"\/><\/figure><\/div><\/div><\/div><\/div>","protected":false},"excerpt":{"rendered":"<p>On September 19, a round of questions took place between the team of the International Committee for the Development of Peoples CISP, A Ritmo de Inclusi\u00f3n, the Fondo de Arte Joven (FAJ) and several leaders of creative projects aspiring to the call for entrepreneurship, recently launched by the Fund.<\/p>","protected":false},"author":1,"featured_media":5986,"comment_status":"open","ping_status":"open","sticky":false,"template":"","format":"standard","meta":{"_acf_changed":false,"_jetpack_memberships_contains_paid_content":false,"footnotes":"","_links_to":"","_links_to_target":""},"categories":[35],"tags":[],"class_list":{"0":"post-5985","1":"post","2":"type-post","3":"status-publish","4":"format-standard","5":"has-post-thumbnail","6":"hentry","7":"category-desde-el-faj","9":"post-with-thumbnail","10":"post-with-thumbnail-large"},"acf":[],"aioseo_notices":[],"jetpack_featured_media_url":"https:\/\/artejoven.org\/wp-content\/uploads\/2023\/09\/Preguntas-frecuentes-de-la-convocatoria-de-Emprendimientos-Culturales-jpg.webp","jetpack-related-posts":[{"id":6137,"url":"https:\/\/www.cubanoticias360.com\/fondo-de-arte-joven-financia-13-proyectos-culturales-cubanos\/","url_meta":{"origin":5985,"position":0},"title":"Fondo de Arte Joven finances 13 Cuban cultural projects","author":"Ren\u00e9 Manuel Puig","date":"23 de October de 2023","format":false,"excerpt":"Publicado en CubaNoticias360. Trece emprendimientos culturales de Cuba fueron elegidos por el comit\u00e9 de selecci\u00f3n del Fondo de Arte Joven (FAJ) como parte de la segunda convocatoria librada por esta iniciativa para contribuir con el desarrollo de proyectos de corte cultural, con \u00e9nfasis en las artes visuales y la m\u00fasica.","rel":"","context":"In &quot;Desde la prensa&quot;","block_context":{"text":"Desde la prensa","link":"https:\/\/artejoven.org\/en\/category\/noticias\/desde-la-prensa\/"},"img":{"alt_text":"CubaNoticias360","src":"https:\/\/i0.wp.com\/artejoven.org\/wp-content\/uploads\/2023\/10\/Noticias360.webp?resize=350%2C200&ssl=1","width":350,"height":200,"srcset":"https:\/\/i0.wp.com\/artejoven.org\/wp-content\/uploads\/2023\/10\/Noticias360.webp?resize=350%2C200&ssl=1 1x, https:\/\/i0.wp.com\/artejoven.org\/wp-content\/uploads\/2023\/10\/Noticias360.webp?resize=525%2C300&ssl=1 1.5x, https:\/\/i0.wp.com\/artejoven.org\/wp-content\/uploads\/2023\/10\/Noticias360.webp?resize=700%2C400&ssl=1 2x, https:\/\/i0.wp.com\/artejoven.org\/wp-content\/uploads\/2023\/10\/Noticias360.webp?resize=1050%2C600&ssl=1 3x"},"classes":[]},{"id":2505,"url":"https:\/\/artejoven.org\/en\/una-primera-convocatoria-con-buenos-intercambios\/","url_meta":{"origin":5985,"position":1},"title":"A first call with good exchanges","author":"Ren\u00e9 Manuel Puig","date":"2 de June de 2023","format":false,"excerpt":"The first support meetings, held at the YAF\u2019s headquarters in May, provided an opportunity to interact with those selected in the First Call for Proposals Program YAF 2023.","rel":"","context":"In &quot;Desde el FAJ&quot;","block_context":{"text":"Desde el FAJ","link":"https:\/\/artejoven.org\/en\/category\/noticias\/desde-el-faj\/"},"img":{"alt_text":"Encuentro con beneficiarios","src":"https:\/\/i0.wp.com\/artejoven.org\/wp-content\/uploads\/2023\/06\/Encuentro-con-beneficiarios-jpg.webp?resize=350%2C200&ssl=1","width":350,"height":200,"srcset":"https:\/\/i0.wp.com\/artejoven.org\/wp-content\/uploads\/2023\/06\/Encuentro-con-beneficiarios-jpg.webp?resize=350%2C200&ssl=1 1x, https:\/\/i0.wp.com\/artejoven.org\/wp-content\/uploads\/2023\/06\/Encuentro-con-beneficiarios-jpg.webp?resize=525%2C300&ssl=1 1.5x, https:\/\/i0.wp.com\/artejoven.org\/wp-content\/uploads\/2023\/06\/Encuentro-con-beneficiarios-jpg.webp?resize=700%2C400&ssl=1 2x, https:\/\/i0.wp.com\/artejoven.org\/wp-content\/uploads\/2023\/06\/Encuentro-con-beneficiarios-jpg.webp?resize=1050%2C600&ssl=1 3x"},"classes":[]},{"id":6063,"url":"https:\/\/artejoven.org\/en\/fondo-de-arte-joven-se-presenta-a-estudiantes-y-artistas-de-santiago-de-cuba\/","url_meta":{"origin":5985,"position":2},"title":"Youth Art Fund presented to students and artists of Santiago de Cuba","author":"Ren\u00e9 Manuel Puig","date":"4 de October de 2023","format":false,"excerpt":"In an exchange with Santiago artists and students, the presentation of the Young Art Fund (FAJ) took place this Tuesday during the II Ren\u00e9 Vald\u00e9s Cede\u00f1o Regional Contemporary Art Salon in Santiago de Cuba.","rel":"","context":"In &quot;Desde el FAJ&quot;","block_context":{"text":"Desde el FAJ","link":"https:\/\/artejoven.org\/en\/category\/noticias\/desde-el-faj\/"},"img":{"alt_text":"Sandra Garc\u00eda Herrera y Caridad Figueroa, en representaci\u00f3n del FAJ","src":"https:\/\/i0.wp.com\/artejoven.org\/wp-content\/uploads\/2023\/10\/FAJ-en-Santiago-de-Cuba-jpg.webp?resize=350%2C200&ssl=1","width":350,"height":200,"srcset":"https:\/\/i0.wp.com\/artejoven.org\/wp-content\/uploads\/2023\/10\/FAJ-en-Santiago-de-Cuba-jpg.webp?resize=350%2C200&ssl=1 1x, https:\/\/i0.wp.com\/artejoven.org\/wp-content\/uploads\/2023\/10\/FAJ-en-Santiago-de-Cuba-jpg.webp?resize=525%2C300&ssl=1 1.5x, https:\/\/i0.wp.com\/artejoven.org\/wp-content\/uploads\/2023\/10\/FAJ-en-Santiago-de-Cuba-jpg.webp?resize=700%2C400&ssl=1 2x, https:\/\/i0.wp.com\/artejoven.org\/wp-content\/uploads\/2023\/10\/FAJ-en-Santiago-de-Cuba-jpg.webp?resize=1050%2C600&ssl=1 3x"},"classes":[]},{"id":6416,"url":"https:\/\/artejoven.org\/en\/fondo-de-arte-joven-inaugura-muestra-concurso-malayerba-en-la-galeria-salon-blanco\/","url_meta":{"origin":5985,"position":3},"title":"Youth Art Fund inaugurates malaYerba contest exhibition at Sal\u00f3n Blanco Gallery","author":"Ren\u00e9 Manuel Puig","date":"27 de November de 2023","format":false,"excerpt":"The Youth Art Fund (YAF) will inaugurate the exhibition contest in its usual space, the Sal\u00f3n Blanco Gallery, located in the Convent and Basilica of San Francisco de As\u00eds in Old Havana, next Thursday, November 30.","rel":"","context":"In &quot;Desde el FAJ&quot;","block_context":{"text":"Desde el FAJ","link":"https:\/\/artejoven.org\/en\/category\/noticias\/desde-el-faj\/"},"img":{"alt_text":"MalaYerba","src":"https:\/\/i0.wp.com\/artejoven.org\/wp-content\/uploads\/2023\/11\/MalaYerba.png?resize=350%2C200&ssl=1","width":350,"height":200,"srcset":"https:\/\/i0.wp.com\/artejoven.org\/wp-content\/uploads\/2023\/11\/MalaYerba.png?resize=350%2C200&ssl=1 1x, https:\/\/i0.wp.com\/artejoven.org\/wp-content\/uploads\/2023\/11\/MalaYerba.png?resize=525%2C300&ssl=1 1.5x, https:\/\/i0.wp.com\/artejoven.org\/wp-content\/uploads\/2023\/11\/MalaYerba.png?resize=700%2C400&ssl=1 2x, https:\/\/i0.wp.com\/artejoven.org\/wp-content\/uploads\/2023\/11\/MalaYerba.png?resize=1050%2C600&ssl=1 3x"},"classes":[]},{"id":8958,"url":"https:\/\/artejoven.org\/en\/liderazgo-femenino-en-las-industrias-culturales-del-caribe-la-experiencia-desde-el-fondo-de-arte-joven\/","url_meta":{"origin":5985,"position":4},"title":"Women's leadership in the cultural industries of the Caribbean: the experience of the Youth Art Fund","author":"Ren\u00e9 Manuel Puig","date":"10 de March de 2025","format":false,"excerpt":"On March 7, we discussed the challenges and potentialities that women who lead projects encounter during the panel \"Women who create the future: the potential of women entrepreneurs in the cultural and creative industries in the Caribbean\".","rel":"","context":"In &quot;Desde el FAJ&quot;","block_context":{"text":"Desde el FAJ","link":"https:\/\/artejoven.org\/en\/category\/noticias\/desde-el-faj\/"},"img":{"alt_text":"","src":"https:\/\/i0.wp.com\/artejoven.org\/wp-content\/uploads\/2025\/03\/01-Women-by-Eyeife-Panel-Portada-UNESCO-scaled.webp?resize=350%2C200&ssl=1","width":350,"height":200,"srcset":"https:\/\/i0.wp.com\/artejoven.org\/wp-content\/uploads\/2025\/03\/01-Women-by-Eyeife-Panel-Portada-UNESCO-scaled.webp?resize=350%2C200&ssl=1 1x, https:\/\/i0.wp.com\/artejoven.org\/wp-content\/uploads\/2025\/03\/01-Women-by-Eyeife-Panel-Portada-UNESCO-scaled.webp?resize=525%2C300&ssl=1 1.5x, https:\/\/i0.wp.com\/artejoven.org\/wp-content\/uploads\/2025\/03\/01-Women-by-Eyeife-Panel-Portada-UNESCO-scaled.webp?resize=700%2C400&ssl=1 2x, https:\/\/i0.wp.com\/artejoven.org\/wp-content\/uploads\/2025\/03\/01-Women-by-Eyeife-Panel-Portada-UNESCO-scaled.webp?resize=1050%2C600&ssl=1 3x, https:\/\/i0.wp.com\/artejoven.org\/wp-content\/uploads\/2025\/03\/01-Women-by-Eyeife-Panel-Portada-UNESCO-scaled.webp?resize=1400%2C800&ssl=1 4x"},"classes":[]},{"id":5570,"url":"https:\/\/magazineampm.com\/anuncian-ganadores-del-programa-proyectos-creativos-del-fondo-arte-joven-faj\/","url_meta":{"origin":5985,"position":5},"title":"Winners of the Young Art Fund (FAJ) \"Creative Projects\" program announced","author":"Ren\u00e9 Manuel Puig","date":"4 de September de 2023","format":false,"excerpt":"Publicado en: MagazineAmPm. Por estos d\u00edas se dieron a conocer los resultados de la segunda convocatoria del programa Proyectos Creativos, en la modalidad de m\u00fasica.","rel":"","context":"In &quot;Desde la prensa&quot;","block_context":{"text":"Desde la prensa","link":"https:\/\/artejoven.org\/en\/category\/noticias\/desde-la-prensa\/"},"img":{"alt_text":"Fondo de Arte Joven en Magazineampm","src":"https:\/\/i0.wp.com\/artejoven.org\/wp-content\/uploads\/2023\/09\/Fondo-de-Arte-Joven-en-Magazineampm-jpg.webp?resize=350%2C200&ssl=1","width":350,"height":200,"srcset":"https:\/\/i0.wp.com\/artejoven.org\/wp-content\/uploads\/2023\/09\/Fondo-de-Arte-Joven-en-Magazineampm-jpg.webp?resize=350%2C200&ssl=1 1x, https:\/\/i0.wp.com\/artejoven.org\/wp-content\/uploads\/2023\/09\/Fondo-de-Arte-Joven-en-Magazineampm-jpg.webp?resize=525%2C300&ssl=1 1.5x, https:\/\/i0.wp.com\/artejoven.org\/wp-content\/uploads\/2023\/09\/Fondo-de-Arte-Joven-en-Magazineampm-jpg.webp?resize=700%2C400&ssl=1 2x, https:\/\/i0.wp.com\/artejoven.org\/wp-content\/uploads\/2023\/09\/Fondo-de-Arte-Joven-en-Magazineampm-jpg.webp?resize=1050%2C600&ssl=1 3x"},"classes":[]}],"jetpack_sharing_enabled":true,"_links":{"self":[{"href":"https:\/\/artejoven.org\/en\/wp-json\/wp\/v2\/posts\/5985","targetHints":{"allow":["GET"]}}],"collection":[{"href":"https:\/\/artejoven.org\/en\/wp-json\/wp\/v2\/posts"}],"about":[{"href":"https:\/\/artejoven.org\/en\/wp-json\/wp\/v2\/types\/post"}],"author":[{"embeddable":true,"href":"https:\/\/artejoven.org\/en\/wp-json\/wp\/v2\/users\/1"}],"replies":[{"embeddable":true,"href":"https:\/\/artejoven.org\/en\/wp-json\/wp\/v2\/comments?post=5985"}],"version-history":[{"count":0,"href":"https:\/\/artejoven.org\/en\/wp-json\/wp\/v2\/posts\/5985\/revisions"}],"wp:featuredmedia":[{"embeddable":true,"href":"https:\/\/artejoven.org\/en\/wp-json\/wp\/v2\/media\/5986"}],"wp:attachment":[{"href":"https:\/\/artejoven.org\/en\/wp-json\/wp\/v2\/media?parent=5985"}],"wp:term":[{"taxonomy":"category","embeddable":true,"href":"https:\/\/artejoven.org\/en\/wp-json\/wp\/v2\/categories?post=5985"},{"taxonomy":"post_tag","embeddable":true,"href":"https:\/\/artejoven.org\/en\/wp-json\/wp\/v2\/tags?post=5985"}],"curies":[{"name":"wp","href":"https:\/\/api.w.org\/{rel}","templated":true}]}}