{"id":7165,"date":"2024-02-15T12:20:58","date_gmt":"2024-02-15T17:20:58","guid":{"rendered":"https:\/\/artejoven.org\/?p=7165"},"modified":"2024-02-15T12:22:55","modified_gmt":"2024-02-15T17:22:55","slug":"enrique-martinez-celaya-exchanges-with-young-cuban-creators","status":"publish","type":"post","link":"https:\/\/artejoven.org\/en\/intercambia-enrique-martinez-celaya-con-jovenes-creadores-cubanos\/","title":{"rendered":"Enrique Mart\u00ednez Celaya exchanges with young Cuban creators"},"content":{"rendered":"<p class=\"translation-block\">Artist, author and physicist Enrique Mart\u00ednez Celaya exchanged with young Cuban creators at the <a href=\"https:\/\/artejoven.org\/en\/faj-spaces\/white-room\/\" title=\"\" target=\"_self\">Sal\u00f3n Blanco Gallery of the Fondo de Arte Joven (FAJ)<\/a>. For a little more than two hours, attendees were able to approach Mart\u00ednez Celaya's career, learn about the incidence of physics and art in his creations and share creative experiences.<\/p>\n\n\n\n<p class=\"translation-block\">By the way, the artist enjoyed the exhibition <a href=\"https:\/\/artejoven.org\/en\/faj-spaces\/malayerba\/\" title=\"\" target=\"_self\">\"malaYerba\"<\/a>, which brings together works by a new generation of visual artists, and are the result of the first edition of the competition of the same name, launched by the FAJ in 2023. The event was also an opportunity to learn from their authors about the production and exhibition methods of young Cuban creators living on the island.<\/p>\n\n\n\n<div class=\"wp-block-jetpack-tiled-gallery aligncenter is-style-rectangular has-rounded-corners-15\"><div class=\"tiled-gallery__gallery\"><div class=\"tiled-gallery__row\"><div class=\"tiled-gallery__col\" style=\"flex-basis:66.80752%\"><figure class=\"tiled-gallery__item\"><a href=\"https:\/\/artejoven.org\/wp-content\/uploads\/2024\/02\/PHOTO-2024-02-14-12-31-56-1024x685.webp\"><img decoding=\"async\" srcset=\"https:\/\/i2.wp.com\/artejoven.org\/wp-content\/uploads\/2024\/02\/PHOTO-2024-02-14-12-31-56-1024x685.webp?strip=info&#038;w=600&#038;ssl=1 600w,https:\/\/i2.wp.com\/artejoven.org\/wp-content\/uploads\/2024\/02\/PHOTO-2024-02-14-12-31-56-1024x685.webp?strip=info&#038;w=900&#038;ssl=1 900w,https:\/\/i2.wp.com\/artejoven.org\/wp-content\/uploads\/2024\/02\/PHOTO-2024-02-14-12-31-56-1024x685.webp?strip=info&#038;w=1080&#038;ssl=1 1080w\" alt=\"Mart\u00ednez Celaya\" data-height=\"722\" data-id=\"7167\" data-link=\"https:\/\/artejoven.org\/?attachment_id=7167#main\" data-url=\"https:\/\/artejoven.org\/wp-content\/uploads\/2024\/02\/PHOTO-2024-02-14-12-31-56-1024x685.webp\" data-width=\"1080\" src=\"https:\/\/i2.wp.com\/artejoven.org\/wp-content\/uploads\/2024\/02\/PHOTO-2024-02-14-12-31-56-1024x685.webp?ssl=1\" data-amp-layout=\"responsive\"\/><\/a><\/figure><\/div><div class=\"tiled-gallery__col\" style=\"flex-basis:33.19248%\"><figure class=\"tiled-gallery__item\"><a href=\"https:\/\/artejoven.org\/wp-content\/uploads\/2024\/02\/PHOTO-2024-02-14-12-31-46-1024x685.webp\"><img decoding=\"async\" srcset=\"https:\/\/i0.wp.com\/artejoven.org\/wp-content\/uploads\/2024\/02\/PHOTO-2024-02-14-12-31-46-1024x685.webp?strip=info&#038;w=600&#038;ssl=1 600w,https:\/\/i0.wp.com\/artejoven.org\/wp-content\/uploads\/2024\/02\/PHOTO-2024-02-14-12-31-46-1024x685.webp?strip=info&#038;w=900&#038;ssl=1 900w,https:\/\/i0.wp.com\/artejoven.org\/wp-content\/uploads\/2024\/02\/PHOTO-2024-02-14-12-31-46-1024x685.webp?strip=info&#038;w=1080&#038;ssl=1 1080w\" alt=\"Mart\u00ednez Celaya\" data-height=\"722\" data-id=\"7169\" data-link=\"https:\/\/artejoven.org\/?attachment_id=7169#main\" data-url=\"https:\/\/artejoven.org\/wp-content\/uploads\/2024\/02\/PHOTO-2024-02-14-12-31-46-1024x685.webp\" data-width=\"1080\" src=\"https:\/\/i0.wp.com\/artejoven.org\/wp-content\/uploads\/2024\/02\/PHOTO-2024-02-14-12-31-46-1024x685.webp?ssl=1\" data-amp-layout=\"responsive\"\/><\/a><\/figure><figure class=\"tiled-gallery__item\"><a href=\"https:\/\/artejoven.org\/wp-content\/uploads\/2024\/02\/PHOTO-2024-02-14-12-31-47-1024x685.webp\"><img decoding=\"async\" srcset=\"https:\/\/i0.wp.com\/artejoven.org\/wp-content\/uploads\/2024\/02\/PHOTO-2024-02-14-12-31-47-1024x685.webp?strip=info&#038;w=600&#038;ssl=1 600w,https:\/\/i0.wp.com\/artejoven.org\/wp-content\/uploads\/2024\/02\/PHOTO-2024-02-14-12-31-47-1024x685.webp?strip=info&#038;w=900&#038;ssl=1 900w,https:\/\/i0.wp.com\/artejoven.org\/wp-content\/uploads\/2024\/02\/PHOTO-2024-02-14-12-31-47-1024x685.webp?strip=info&#038;w=1080&#038;ssl=1 1080w\" alt=\"Mart\u00ednez Celaya\" data-height=\"722\" data-id=\"7170\" data-link=\"https:\/\/artejoven.org\/?attachment_id=7170#main\" data-url=\"https:\/\/artejoven.org\/wp-content\/uploads\/2024\/02\/PHOTO-2024-02-14-12-31-47-1024x685.webp\" data-width=\"1080\" src=\"https:\/\/i0.wp.com\/artejoven.org\/wp-content\/uploads\/2024\/02\/PHOTO-2024-02-14-12-31-47-1024x685.webp?ssl=1\" data-amp-layout=\"responsive\"\/><\/a><\/figure><\/div><\/div><div class=\"tiled-gallery__row\"><div class=\"tiled-gallery__col\" style=\"flex-basis:23.65134%\"><figure class=\"tiled-gallery__item\"><a href=\"https:\/\/artejoven.org\/wp-content\/uploads\/2024\/02\/PHOTO-2024-02-14-12-31-49-1024x685.webp\"><img decoding=\"async\" srcset=\"https:\/\/i2.wp.com\/artejoven.org\/wp-content\/uploads\/2024\/02\/PHOTO-2024-02-14-12-31-49-1024x685.webp?strip=info&#038;w=600&#038;ssl=1 600w,https:\/\/i2.wp.com\/artejoven.org\/wp-content\/uploads\/2024\/02\/PHOTO-2024-02-14-12-31-49-1024x685.webp?strip=info&#038;w=900&#038;ssl=1 900w,https:\/\/i2.wp.com\/artejoven.org\/wp-content\/uploads\/2024\/02\/PHOTO-2024-02-14-12-31-49-1024x685.webp?strip=info&#038;w=1080&#038;ssl=1 1080w\" alt=\"Mart\u00ednez Celaya\" data-height=\"722\" data-id=\"7171\" data-link=\"https:\/\/artejoven.org\/?attachment_id=7171#main\" data-url=\"https:\/\/artejoven.org\/wp-content\/uploads\/2024\/02\/PHOTO-2024-02-14-12-31-49-1024x685.webp\" data-width=\"1080\" src=\"https:\/\/i2.wp.com\/artejoven.org\/wp-content\/uploads\/2024\/02\/PHOTO-2024-02-14-12-31-49-1024x685.webp?ssl=1\" data-amp-layout=\"responsive\"\/><\/a><\/figure><\/div><div class=\"tiled-gallery__col\" style=\"flex-basis:23.65134%\"><figure class=\"tiled-gallery__item\"><a href=\"https:\/\/artejoven.org\/wp-content\/uploads\/2024\/02\/PHOTO-2024-02-14-12-31-54-1024x685.webp\"><img decoding=\"async\" srcset=\"https:\/\/i0.wp.com\/artejoven.org\/wp-content\/uploads\/2024\/02\/PHOTO-2024-02-14-12-31-54-1024x685.webp?strip=info&#038;w=600&#038;ssl=1 600w,https:\/\/i0.wp.com\/artejoven.org\/wp-content\/uploads\/2024\/02\/PHOTO-2024-02-14-12-31-54-1024x685.webp?strip=info&#038;w=900&#038;ssl=1 900w,https:\/\/i0.wp.com\/artejoven.org\/wp-content\/uploads\/2024\/02\/PHOTO-2024-02-14-12-31-54-1024x685.webp?strip=info&#038;w=1080&#038;ssl=1 1080w\" alt=\"Mart\u00ednez Celaya\" data-height=\"722\" data-id=\"7172\" data-link=\"https:\/\/artejoven.org\/?attachment_id=7172#main\" data-url=\"https:\/\/artejoven.org\/wp-content\/uploads\/2024\/02\/PHOTO-2024-02-14-12-31-54-1024x685.webp\" data-width=\"1080\" src=\"https:\/\/i0.wp.com\/artejoven.org\/wp-content\/uploads\/2024\/02\/PHOTO-2024-02-14-12-31-54-1024x685.webp?ssl=1\" data-amp-layout=\"responsive\"\/><\/a><\/figure><\/div><div class=\"tiled-gallery__col\" style=\"flex-basis:23.65134%\"><figure class=\"tiled-gallery__item\"><a href=\"https:\/\/artejoven.org\/wp-content\/uploads\/2024\/02\/PHOTO-2024-02-14-12-31-55-1024x685.webp\"><img decoding=\"async\" srcset=\"https:\/\/i1.wp.com\/artejoven.org\/wp-content\/uploads\/2024\/02\/PHOTO-2024-02-14-12-31-55-1024x685.webp?strip=info&#038;w=600&#038;ssl=1 600w,https:\/\/i1.wp.com\/artejoven.org\/wp-content\/uploads\/2024\/02\/PHOTO-2024-02-14-12-31-55-1024x685.webp?strip=info&#038;w=900&#038;ssl=1 900w,https:\/\/i1.wp.com\/artejoven.org\/wp-content\/uploads\/2024\/02\/PHOTO-2024-02-14-12-31-55-1024x685.webp?strip=info&#038;w=1080&#038;ssl=1 1080w\" alt=\"Mart\u00ednez Celaya\" data-height=\"722\" data-id=\"7173\" data-link=\"https:\/\/artejoven.org\/?attachment_id=7173#main\" data-url=\"https:\/\/artejoven.org\/wp-content\/uploads\/2024\/02\/PHOTO-2024-02-14-12-31-55-1024x685.webp\" data-width=\"1080\" src=\"https:\/\/i1.wp.com\/artejoven.org\/wp-content\/uploads\/2024\/02\/PHOTO-2024-02-14-12-31-55-1024x685.webp?ssl=1\" data-amp-layout=\"responsive\"\/><\/a><\/figure><\/div><div class=\"tiled-gallery__col\" style=\"flex-basis:29.04599%\"><figure class=\"tiled-gallery__item\"><a href=\"https:\/\/artejoven.org\/wp-content\/uploads\/2024\/02\/Martinez-Celaya-1024x556.webp\"><img decoding=\"async\" srcset=\"https:\/\/i1.wp.com\/artejoven.org\/wp-content\/uploads\/2024\/02\/Martinez-Celaya-1024x556.webp?strip=info&#038;w=600&#038;ssl=1 600w,https:\/\/i1.wp.com\/artejoven.org\/wp-content\/uploads\/2024\/02\/Martinez-Celaya-1024x556.webp?strip=info&#038;w=900&#038;ssl=1 900w,https:\/\/i1.wp.com\/artejoven.org\/wp-content\/uploads\/2024\/02\/Martinez-Celaya-1024x556.webp?strip=info&#038;w=1200&#038;ssl=1 1200w,https:\/\/i1.wp.com\/artejoven.org\/wp-content\/uploads\/2024\/02\/Martinez-Celaya-1024x556.webp?strip=info&#038;w=1360&#038;ssl=1 1360w\" alt=\"Mart\u00ednez Celaya\" data-height=\"739\" data-id=\"7166\" data-link=\"https:\/\/artejoven.org\/?attachment_id=7166#main\" data-url=\"https:\/\/artejoven.org\/wp-content\/uploads\/2024\/02\/Martinez-Celaya-1024x556.webp\" data-width=\"1360\" src=\"https:\/\/i1.wp.com\/artejoven.org\/wp-content\/uploads\/2024\/02\/Martinez-Celaya-1024x556.webp?ssl=1\" data-amp-layout=\"responsive\"\/><\/a><\/figure><\/div><\/div><\/div><\/div>\n\n\n\n<p>The meeting, promoted by the FAJ and the Los Carbonell Foundation (FLC), not only facilitated the rapprochement between generations of artists, but was also an opportunity to access specialized knowledge and tools to develop their professional artistic development.<\/p>\n\n\n\n<p>A little more than a year after its foundation, the FAJ has consolidated itself as a platform for creation, reflection and debate on young art, both for new generations and for established artists, art specialists, collectors and the general public, maintaining its purpose of turning utopias into art.<\/p>\n\n\n\n<div class=\"wp-block-jetpack-tiled-gallery aligncenter is-style-rectangular has-rounded-corners-15\"><div class=\"tiled-gallery__gallery\"><div class=\"tiled-gallery__row\"><div class=\"tiled-gallery__col\" style=\"flex-basis:66.80752%\"><figure class=\"tiled-gallery__item\"><a href=\"https:\/\/artejoven.org\/wp-content\/uploads\/2024\/02\/PHOTO-2024-02-14-12-31-55-1024x685.webp\"><img decoding=\"async\" srcset=\"https:\/\/i1.wp.com\/artejoven.org\/wp-content\/uploads\/2024\/02\/PHOTO-2024-02-14-12-31-55-1024x685.webp?strip=info&#038;w=600&#038;ssl=1 600w,https:\/\/i1.wp.com\/artejoven.org\/wp-content\/uploads\/2024\/02\/PHOTO-2024-02-14-12-31-55-1024x685.webp?strip=info&#038;w=900&#038;ssl=1 900w,https:\/\/i1.wp.com\/artejoven.org\/wp-content\/uploads\/2024\/02\/PHOTO-2024-02-14-12-31-55-1024x685.webp?strip=info&#038;w=1080&#038;ssl=1 1080w\" alt=\"Mart\u00ednez Celaya\" data-height=\"722\" data-id=\"7173\" data-link=\"https:\/\/artejoven.org\/?attachment_id=7173#main\" data-url=\"https:\/\/artejoven.org\/wp-content\/uploads\/2024\/02\/PHOTO-2024-02-14-12-31-55-1024x685.webp\" data-width=\"1080\" src=\"https:\/\/i1.wp.com\/artejoven.org\/wp-content\/uploads\/2024\/02\/PHOTO-2024-02-14-12-31-55-1024x685.webp?ssl=1\" data-amp-layout=\"responsive\"\/><\/a><\/figure><\/div><div class=\"tiled-gallery__col\" style=\"flex-basis:33.19248%\"><figure class=\"tiled-gallery__item\"><a href=\"https:\/\/artejoven.org\/wp-content\/uploads\/2024\/02\/PHOTO-2024-02-14-12-31-68-1024x685.webp\"><img decoding=\"async\" srcset=\"https:\/\/i2.wp.com\/artejoven.org\/wp-content\/uploads\/2024\/02\/PHOTO-2024-02-14-12-31-68-1024x685.webp?strip=info&#038;w=600&#038;ssl=1 600w,https:\/\/i2.wp.com\/artejoven.org\/wp-content\/uploads\/2024\/02\/PHOTO-2024-02-14-12-31-68-1024x685.webp?strip=info&#038;w=900&#038;ssl=1 900w,https:\/\/i2.wp.com\/artejoven.org\/wp-content\/uploads\/2024\/02\/PHOTO-2024-02-14-12-31-68-1024x685.webp?strip=info&#038;w=1080&#038;ssl=1 1080w\" alt=\"Mart\u00ednez Celaya\" data-height=\"722\" data-id=\"7181\" data-link=\"https:\/\/artejoven.org\/?attachment_id=7181#main\" data-url=\"https:\/\/artejoven.org\/wp-content\/uploads\/2024\/02\/PHOTO-2024-02-14-12-31-68-1024x685.webp\" data-width=\"1080\" src=\"https:\/\/i2.wp.com\/artejoven.org\/wp-content\/uploads\/2024\/02\/PHOTO-2024-02-14-12-31-68-1024x685.webp?ssl=1\" data-amp-layout=\"responsive\"\/><\/a><\/figure><figure class=\"tiled-gallery__item\"><a href=\"https:\/\/artejoven.org\/wp-content\/uploads\/2024\/02\/PHOTO-2024-02-14-12-31-48-1024x685.webp\"><img decoding=\"async\" srcset=\"https:\/\/i0.wp.com\/artejoven.org\/wp-content\/uploads\/2024\/02\/PHOTO-2024-02-14-12-31-48-1024x685.webp?strip=info&#038;w=600&#038;ssl=1 600w,https:\/\/i0.wp.com\/artejoven.org\/wp-content\/uploads\/2024\/02\/PHOTO-2024-02-14-12-31-48-1024x685.webp?strip=info&#038;w=900&#038;ssl=1 900w,https:\/\/i0.wp.com\/artejoven.org\/wp-content\/uploads\/2024\/02\/PHOTO-2024-02-14-12-31-48-1024x685.webp?strip=info&#038;w=1080&#038;ssl=1 1080w\" alt=\"Mart\u00ednez Celaya\" data-height=\"722\" data-id=\"7175\" data-link=\"https:\/\/artejoven.org\/?attachment_id=7175#main\" data-url=\"https:\/\/artejoven.org\/wp-content\/uploads\/2024\/02\/PHOTO-2024-02-14-12-31-48-1024x685.webp\" data-width=\"1080\" src=\"https:\/\/i0.wp.com\/artejoven.org\/wp-content\/uploads\/2024\/02\/PHOTO-2024-02-14-12-31-48-1024x685.webp?ssl=1\" data-amp-layout=\"responsive\"\/><\/a><\/figure><\/div><\/div><div class=\"tiled-gallery__row\"><div class=\"tiled-gallery__col\" style=\"flex-basis:33.19248%\"><figure class=\"tiled-gallery__item\"><a href=\"https:\/\/artejoven.org\/wp-content\/uploads\/2024\/02\/PHOTO-2024-02-14-12-31-65-1024x685.webp\"><img decoding=\"async\" srcset=\"https:\/\/i1.wp.com\/artejoven.org\/wp-content\/uploads\/2024\/02\/PHOTO-2024-02-14-12-31-65-1024x685.webp?strip=info&#038;w=600&#038;ssl=1 600w,https:\/\/i1.wp.com\/artejoven.org\/wp-content\/uploads\/2024\/02\/PHOTO-2024-02-14-12-31-65-1024x685.webp?strip=info&#038;w=900&#038;ssl=1 900w,https:\/\/i1.wp.com\/artejoven.org\/wp-content\/uploads\/2024\/02\/PHOTO-2024-02-14-12-31-65-1024x685.webp?strip=info&#038;w=1080&#038;ssl=1 1080w\" alt=\"Mart\u00ednez Celaya\" data-height=\"722\" data-id=\"7179\" data-link=\"https:\/\/artejoven.org\/?attachment_id=7179#main\" data-url=\"https:\/\/artejoven.org\/wp-content\/uploads\/2024\/02\/PHOTO-2024-02-14-12-31-65-1024x685.webp\" data-width=\"1080\" src=\"https:\/\/i1.wp.com\/artejoven.org\/wp-content\/uploads\/2024\/02\/PHOTO-2024-02-14-12-31-65-1024x685.webp?ssl=1\" data-amp-layout=\"responsive\"\/><\/a><\/figure><figure class=\"tiled-gallery__item\"><a href=\"https:\/\/artejoven.org\/wp-content\/uploads\/2024\/02\/PHOTO-2024-02-14-12-31-61-1024x685.webp\"><img decoding=\"async\" srcset=\"https:\/\/i0.wp.com\/artejoven.org\/wp-content\/uploads\/2024\/02\/PHOTO-2024-02-14-12-31-61-1024x685.webp?strip=info&#038;w=600&#038;ssl=1 600w,https:\/\/i0.wp.com\/artejoven.org\/wp-content\/uploads\/2024\/02\/PHOTO-2024-02-14-12-31-61-1024x685.webp?strip=info&#038;w=900&#038;ssl=1 900w,https:\/\/i0.wp.com\/artejoven.org\/wp-content\/uploads\/2024\/02\/PHOTO-2024-02-14-12-31-61-1024x685.webp?strip=info&#038;w=1080&#038;ssl=1 1080w\" alt=\"Mart\u00ednez Celaya\" data-height=\"722\" data-id=\"7178\" data-link=\"https:\/\/artejoven.org\/?attachment_id=7178#main\" data-url=\"https:\/\/artejoven.org\/wp-content\/uploads\/2024\/02\/PHOTO-2024-02-14-12-31-61-1024x685.webp\" data-width=\"1080\" src=\"https:\/\/i0.wp.com\/artejoven.org\/wp-content\/uploads\/2024\/02\/PHOTO-2024-02-14-12-31-61-1024x685.webp?ssl=1\" data-amp-layout=\"responsive\"\/><\/a><\/figure><\/div><div class=\"tiled-gallery__col\" style=\"flex-basis:66.80752%\"><figure class=\"tiled-gallery__item\"><a href=\"https:\/\/artejoven.org\/wp-content\/uploads\/2024\/02\/PHOTO-2024-02-14-12-31-67-1024x685.webp\"><img decoding=\"async\" srcset=\"https:\/\/i2.wp.com\/artejoven.org\/wp-content\/uploads\/2024\/02\/PHOTO-2024-02-14-12-31-67-1024x685.webp?strip=info&#038;w=600&#038;ssl=1 600w,https:\/\/i2.wp.com\/artejoven.org\/wp-content\/uploads\/2024\/02\/PHOTO-2024-02-14-12-31-67-1024x685.webp?strip=info&#038;w=900&#038;ssl=1 900w,https:\/\/i2.wp.com\/artejoven.org\/wp-content\/uploads\/2024\/02\/PHOTO-2024-02-14-12-31-67-1024x685.webp?strip=info&#038;w=1080&#038;ssl=1 1080w\" alt=\"Mart\u00ednez Celaya\" data-height=\"722\" data-id=\"7180\" data-link=\"https:\/\/artejoven.org\/?attachment_id=7180#main\" data-url=\"https:\/\/artejoven.org\/wp-content\/uploads\/2024\/02\/PHOTO-2024-02-14-12-31-67-1024x685.webp\" data-width=\"1080\" src=\"https:\/\/i2.wp.com\/artejoven.org\/wp-content\/uploads\/2024\/02\/PHOTO-2024-02-14-12-31-67-1024x685.webp?ssl=1\" data-amp-layout=\"responsive\"\/><\/a><\/figure><\/div><\/div><div class=\"tiled-gallery__row\"><div class=\"tiled-gallery__col\" style=\"flex-basis:33.33333%\"><figure class=\"tiled-gallery__item\"><a href=\"https:\/\/artejoven.org\/wp-content\/uploads\/2024\/02\/PHOTO-2024-02-14-12-31-64-1024x685.webp\"><img decoding=\"async\" srcset=\"https:\/\/i0.wp.com\/artejoven.org\/wp-content\/uploads\/2024\/02\/PHOTO-2024-02-14-12-31-64-1024x685.webp?strip=info&#038;w=600&#038;ssl=1 600w,https:\/\/i0.wp.com\/artejoven.org\/wp-content\/uploads\/2024\/02\/PHOTO-2024-02-14-12-31-64-1024x685.webp?strip=info&#038;w=900&#038;ssl=1 900w,https:\/\/i0.wp.com\/artejoven.org\/wp-content\/uploads\/2024\/02\/PHOTO-2024-02-14-12-31-64-1024x685.webp?strip=info&#038;w=1080&#038;ssl=1 1080w\" alt=\"Mart\u00ednez Celaya\" data-height=\"722\" data-id=\"7174\" data-link=\"https:\/\/artejoven.org\/?attachment_id=7174#main\" data-url=\"https:\/\/artejoven.org\/wp-content\/uploads\/2024\/02\/PHOTO-2024-02-14-12-31-64-1024x685.webp\" data-width=\"1080\" src=\"https:\/\/i0.wp.com\/artejoven.org\/wp-content\/uploads\/2024\/02\/PHOTO-2024-02-14-12-31-64-1024x685.webp?ssl=1\" data-amp-layout=\"responsive\"\/><\/a><\/figure><\/div><div class=\"tiled-gallery__col\" style=\"flex-basis:33.33333%\"><figure class=\"tiled-gallery__item\"><a href=\"https:\/\/artejoven.org\/wp-content\/uploads\/2024\/02\/PHOTO-2024-02-14-12-31-53-1024x685.webp\"><img decoding=\"async\" srcset=\"https:\/\/i0.wp.com\/artejoven.org\/wp-content\/uploads\/2024\/02\/PHOTO-2024-02-14-12-31-53-1024x685.webp?strip=info&#038;w=600&#038;ssl=1 600w,https:\/\/i0.wp.com\/artejoven.org\/wp-content\/uploads\/2024\/02\/PHOTO-2024-02-14-12-31-53-1024x685.webp?strip=info&#038;w=900&#038;ssl=1 900w,https:\/\/i0.wp.com\/artejoven.org\/wp-content\/uploads\/2024\/02\/PHOTO-2024-02-14-12-31-53-1024x685.webp?strip=info&#038;w=1080&#038;ssl=1 1080w\" alt=\"Mart\u00ednez Celaya\" data-height=\"722\" data-id=\"7177\" data-link=\"https:\/\/artejoven.org\/?attachment_id=7177#main\" data-url=\"https:\/\/artejoven.org\/wp-content\/uploads\/2024\/02\/PHOTO-2024-02-14-12-31-53-1024x685.webp\" data-width=\"1080\" src=\"https:\/\/i0.wp.com\/artejoven.org\/wp-content\/uploads\/2024\/02\/PHOTO-2024-02-14-12-31-53-1024x685.webp?ssl=1\" data-amp-layout=\"responsive\"\/><\/a><\/figure><\/div><div class=\"tiled-gallery__col\" style=\"flex-basis:33.33333%\"><figure class=\"tiled-gallery__item\"><a href=\"https:\/\/artejoven.org\/wp-content\/uploads\/2024\/02\/PHOTO-2024-02-14-12-31-74-1024x685.webp\"><img decoding=\"async\" srcset=\"https:\/\/i0.wp.com\/artejoven.org\/wp-content\/uploads\/2024\/02\/PHOTO-2024-02-14-12-31-74-1024x685.webp?strip=info&#038;w=600&#038;ssl=1 600w,https:\/\/i0.wp.com\/artejoven.org\/wp-content\/uploads\/2024\/02\/PHOTO-2024-02-14-12-31-74-1024x685.webp?strip=info&#038;w=900&#038;ssl=1 900w,https:\/\/i0.wp.com\/artejoven.org\/wp-content\/uploads\/2024\/02\/PHOTO-2024-02-14-12-31-74-1024x685.webp?strip=info&#038;w=1080&#038;ssl=1 1080w\" alt=\"Mart\u00ednez Celaya\" data-height=\"722\" data-id=\"7182\" data-link=\"https:\/\/artejoven.org\/?attachment_id=7182#main\" data-url=\"https:\/\/artejoven.org\/wp-content\/uploads\/2024\/02\/PHOTO-2024-02-14-12-31-74-1024x685.webp\" data-width=\"1080\" src=\"https:\/\/i0.wp.com\/artejoven.org\/wp-content\/uploads\/2024\/02\/PHOTO-2024-02-14-12-31-74-1024x685.webp?ssl=1\" data-amp-layout=\"responsive\"\/><\/a><\/figure><\/div><\/div><\/div><\/div>","protected":false},"excerpt":{"rendered":"<p class=\"translation-block\">Artist, author and physicist Enrique Mart\u00ednez Celaya exchanged with young Cuban creators at the <a href=\"https:\/\/artejoven.org\/en\/faj-spaces\/white-room\/\" title=\"\" target=\"_self\">Sal\u00f3n Blanco Gallery of the Fondo de Arte Joven (FAJ)<\/a>. For a little more than two hours, attendees were able to approach Mart\u00ednez Celaya's career, learn about the incidence of physics and art in his creations and share creative experiences.<\/p>","protected":false},"author":1,"featured_media":7166,"comment_status":"open","ping_status":"open","sticky":false,"template":"","format":"standard","meta":{"_acf_changed":false,"_jetpack_memberships_contains_paid_content":false,"footnotes":"","_links_to":"","_links_to_target":""},"categories":[35],"tags":[],"class_list":{"0":"post-7165","1":"post","2":"type-post","3":"status-publish","4":"format-standard","5":"has-post-thumbnail","6":"hentry","7":"category-desde-el-faj","9":"post-with-thumbnail","10":"post-with-thumbnail-large"},"acf":[],"aioseo_notices":[],"jetpack_featured_media_url":"https:\/\/artejoven.org\/wp-content\/uploads\/2024\/02\/Martinez-Celaya-jpg.webp","jetpack-related-posts":[{"id":8010,"url":"https:\/\/artejoven.org\/en\/inauguracion-de-la-segunda-edicion-del-concurso-malayerba-un-espacio-para-la-joven-creatividad-cubana\/","url_meta":{"origin":7165,"position":0},"title":"Inauguration of the Second Edition of the competition malaYerba: a space for young Cuban creativity","author":"Ren\u00e9 Manuel Puig","date":"5 de September de 2024","format":false,"excerpt":"The Fondo de Arte Joven (FAJ) is pleased to announce the inauguration of the second edition of malaYerba","rel":"","context":"In &quot;Desde el FAJ&quot;","block_context":{"text":"Desde el FAJ","link":"https:\/\/artejoven.org\/en\/category\/noticias\/desde-el-faj\/"},"img":{"alt_text":"malaYerba","src":"https:\/\/i0.wp.com\/artejoven.org\/wp-content\/uploads\/2024\/07\/malaYerba-Segunda-Convocatoria-1-jpg.webp?resize=350%2C200&ssl=1","width":350,"height":200,"srcset":"https:\/\/i0.wp.com\/artejoven.org\/wp-content\/uploads\/2024\/07\/malaYerba-Segunda-Convocatoria-1-jpg.webp?resize=350%2C200&ssl=1 1x, https:\/\/i0.wp.com\/artejoven.org\/wp-content\/uploads\/2024\/07\/malaYerba-Segunda-Convocatoria-1-jpg.webp?resize=525%2C300&ssl=1 1.5x, https:\/\/i0.wp.com\/artejoven.org\/wp-content\/uploads\/2024\/07\/malaYerba-Segunda-Convocatoria-1-jpg.webp?resize=700%2C400&ssl=1 2x, https:\/\/i0.wp.com\/artejoven.org\/wp-content\/uploads\/2024\/07\/malaYerba-Segunda-Convocatoria-1-jpg.webp?resize=1050%2C600&ssl=1 3x, https:\/\/i0.wp.com\/artejoven.org\/wp-content\/uploads\/2024\/07\/malaYerba-Segunda-Convocatoria-1-jpg.webp?resize=1400%2C800&ssl=1 4x"},"classes":[]},{"id":9141,"url":"https:\/\/artejoven.org\/en\/la-residencia-una-experiencia-cinematografica-que-une-culturas\/","url_meta":{"origin":7165,"position":1},"title":"\"The Residence\": a cinematic experience that unites cultures","author":"Ren\u00e9 Manuel Puig","date":"31 de March de 2025","format":false,"excerpt":"The YAF continues its commitment to support and make visible the work of young artists taking their first steps in the art world, with a special focus on women.","rel":"","context":"In &quot;Desde el FAJ&quot;","block_context":{"text":"Desde el FAJ","link":"https:\/\/artejoven.org\/en\/category\/noticias\/desde-el-faj\/"},"img":{"alt_text":"","src":"https:\/\/i0.wp.com\/artejoven.org\/wp-content\/uploads\/2025\/03\/Presentacion-de-La-Residencia_-Un-documental-del-Fondo-de-Arte-Joven-1-scaled.webp?resize=350%2C200&ssl=1","width":350,"height":200,"srcset":"https:\/\/i0.wp.com\/artejoven.org\/wp-content\/uploads\/2025\/03\/Presentacion-de-La-Residencia_-Un-documental-del-Fondo-de-Arte-Joven-1-scaled.webp?resize=350%2C200&ssl=1 1x, https:\/\/i0.wp.com\/artejoven.org\/wp-content\/uploads\/2025\/03\/Presentacion-de-La-Residencia_-Un-documental-del-Fondo-de-Arte-Joven-1-scaled.webp?resize=525%2C300&ssl=1 1.5x, https:\/\/i0.wp.com\/artejoven.org\/wp-content\/uploads\/2025\/03\/Presentacion-de-La-Residencia_-Un-documental-del-Fondo-de-Arte-Joven-1-scaled.webp?resize=700%2C400&ssl=1 2x, https:\/\/i0.wp.com\/artejoven.org\/wp-content\/uploads\/2025\/03\/Presentacion-de-La-Residencia_-Un-documental-del-Fondo-de-Arte-Joven-1-scaled.webp?resize=1050%2C600&ssl=1 3x, https:\/\/i0.wp.com\/artejoven.org\/wp-content\/uploads\/2025\/03\/Presentacion-de-La-Residencia_-Un-documental-del-Fondo-de-Arte-Joven-1-scaled.webp?resize=1400%2C800&ssl=1 4x"},"classes":[]},{"id":7485,"url":"https:\/\/artejoven.org\/en\/fondo-de-arte-joven-se-une-a-la-harvard-jazz-orchestra-en-un-primer-intercambio-de-talento-musical\/","url_meta":{"origin":7165,"position":2},"title":"Youth Art Found joins the Harvard Jazz Orchestra in a first musical talent exchange","author":"Ren\u00e9 Manuel Puig","date":"5 de June de 2024","format":false,"excerpt":"A delegation of young musicians from the Harvard Jazz Orchestra exchanged last week with the Fondo de Arte Joven (FAJ).","rel":"","context":"In &quot;Desde el FAJ&quot;","block_context":{"text":"Desde el FAJ","link":"https:\/\/artejoven.org\/en\/category\/noticias\/desde-el-faj\/"},"img":{"alt_text":"Harvard Jazz Orchestra","src":"https:\/\/i0.wp.com\/artejoven.org\/wp-content\/uploads\/2024\/06\/Harvard-01.jpg?resize=350%2C200&ssl=1","width":350,"height":200,"srcset":"https:\/\/i0.wp.com\/artejoven.org\/wp-content\/uploads\/2024\/06\/Harvard-01.jpg?resize=350%2C200&ssl=1 1x, https:\/\/i0.wp.com\/artejoven.org\/wp-content\/uploads\/2024\/06\/Harvard-01.jpg?resize=525%2C300&ssl=1 1.5x, https:\/\/i0.wp.com\/artejoven.org\/wp-content\/uploads\/2024\/06\/Harvard-01.jpg?resize=700%2C400&ssl=1 2x, https:\/\/i0.wp.com\/artejoven.org\/wp-content\/uploads\/2024\/06\/Harvard-01.jpg?resize=1050%2C600&ssl=1 3x"},"classes":[]},{"id":6063,"url":"https:\/\/artejoven.org\/en\/fondo-de-arte-joven-se-presenta-a-estudiantes-y-artistas-de-santiago-de-cuba\/","url_meta":{"origin":7165,"position":3},"title":"Youth Art Fund presented to students and artists of Santiago de Cuba","author":"Ren\u00e9 Manuel Puig","date":"4 de October de 2023","format":false,"excerpt":"In an exchange with Santiago artists and students, the presentation of the Young Art Fund (FAJ) took place this Tuesday during the II Ren\u00e9 Vald\u00e9s Cede\u00f1o Regional Contemporary Art Salon in Santiago de Cuba.","rel":"","context":"In &quot;Desde el FAJ&quot;","block_context":{"text":"Desde el FAJ","link":"https:\/\/artejoven.org\/en\/category\/noticias\/desde-el-faj\/"},"img":{"alt_text":"Sandra Garc\u00eda Herrera y Caridad Figueroa, en representaci\u00f3n del FAJ","src":"https:\/\/i0.wp.com\/artejoven.org\/wp-content\/uploads\/2023\/10\/FAJ-en-Santiago-de-Cuba-jpg.webp?resize=350%2C200&ssl=1","width":350,"height":200,"srcset":"https:\/\/i0.wp.com\/artejoven.org\/wp-content\/uploads\/2023\/10\/FAJ-en-Santiago-de-Cuba-jpg.webp?resize=350%2C200&ssl=1 1x, https:\/\/i0.wp.com\/artejoven.org\/wp-content\/uploads\/2023\/10\/FAJ-en-Santiago-de-Cuba-jpg.webp?resize=525%2C300&ssl=1 1.5x, https:\/\/i0.wp.com\/artejoven.org\/wp-content\/uploads\/2023\/10\/FAJ-en-Santiago-de-Cuba-jpg.webp?resize=700%2C400&ssl=1 2x, https:\/\/i0.wp.com\/artejoven.org\/wp-content\/uploads\/2023\/10\/FAJ-en-Santiago-de-Cuba-jpg.webp?resize=1050%2C600&ssl=1 3x"},"classes":[]},{"id":6083,"url":"https:\/\/artejoven.org\/en\/fondo-de-arte-joven-impulsa-programa-de-residencia-academica-haiti-cuba\/","url_meta":{"origin":7165,"position":4},"title":"Youth Art Fund promotes Haiti - Cuba Academic Residency Program","author":"Ren\u00e9 Manuel Puig","date":"19 de October de 2023","format":false,"excerpt":"This week a group of young Haitian creators arrived in Havana to participate in the first Academic Residency Program promoted by the Youth Art Fund (YAF), with an emphasis on music and photography.","rel":"","context":"In &quot;Desde el FAJ&quot;","block_context":{"text":"Desde el FAJ","link":"https:\/\/artejoven.org\/en\/category\/noticias\/desde-el-faj\/"},"img":{"alt_text":"Residencia Acad\u00e9mica Hait\u00ed - Cuba","src":"https:\/\/i0.wp.com\/artejoven.org\/wp-content\/uploads\/2023\/10\/Residencia-academica-Haiti-Cuba-jpg.webp?resize=350%2C200&ssl=1","width":350,"height":200,"srcset":"https:\/\/i0.wp.com\/artejoven.org\/wp-content\/uploads\/2023\/10\/Residencia-academica-Haiti-Cuba-jpg.webp?resize=350%2C200&ssl=1 1x, https:\/\/i0.wp.com\/artejoven.org\/wp-content\/uploads\/2023\/10\/Residencia-academica-Haiti-Cuba-jpg.webp?resize=525%2C300&ssl=1 1.5x, https:\/\/i0.wp.com\/artejoven.org\/wp-content\/uploads\/2023\/10\/Residencia-academica-Haiti-Cuba-jpg.webp?resize=700%2C400&ssl=1 2x, https:\/\/i0.wp.com\/artejoven.org\/wp-content\/uploads\/2023\/10\/Residencia-academica-Haiti-Cuba-jpg.webp?resize=1050%2C600&ssl=1 3x"},"classes":[]},{"id":7405,"url":"https:\/\/artejoven.org\/en\/patio-abierto-y-la-musica-como-lenguaje-universal\/","url_meta":{"origin":7165,"position":5},"title":"Patio Abierto and music as a universal language","author":"Ren\u00e9 Manuel Puig","date":"8 de May de 2024","format":false,"excerpt":"When we accepted the challenge of creating a musical experience that would fuse sonorities from three cultures: Cuban, Balkan, traditional Croatian and Spanish-medieval, we knew it would be days of hard work.","rel":"","context":"In &quot;Desde el FAJ&quot;","block_context":{"text":"Desde el FAJ","link":"https:\/\/artejoven.org\/en\/category\/noticias\/desde-el-faj\/"},"img":{"alt_text":"Patio Abierto","src":"https:\/\/i0.wp.com\/artejoven.org\/wp-content\/uploads\/2024\/05\/Patio-abierto-1.jpg?resize=350%2C200&ssl=1","width":350,"height":200,"srcset":"https:\/\/i0.wp.com\/artejoven.org\/wp-content\/uploads\/2024\/05\/Patio-abierto-1.jpg?resize=350%2C200&ssl=1 1x, https:\/\/i0.wp.com\/artejoven.org\/wp-content\/uploads\/2024\/05\/Patio-abierto-1.jpg?resize=525%2C300&ssl=1 1.5x, https:\/\/i0.wp.com\/artejoven.org\/wp-content\/uploads\/2024\/05\/Patio-abierto-1.jpg?resize=700%2C400&ssl=1 2x, https:\/\/i0.wp.com\/artejoven.org\/wp-content\/uploads\/2024\/05\/Patio-abierto-1.jpg?resize=1050%2C600&ssl=1 3x"},"classes":[]}],"jetpack_sharing_enabled":true,"_links":{"self":[{"href":"https:\/\/artejoven.org\/en\/wp-json\/wp\/v2\/posts\/7165","targetHints":{"allow":["GET"]}}],"collection":[{"href":"https:\/\/artejoven.org\/en\/wp-json\/wp\/v2\/posts"}],"about":[{"href":"https:\/\/artejoven.org\/en\/wp-json\/wp\/v2\/types\/post"}],"author":[{"embeddable":true,"href":"https:\/\/artejoven.org\/en\/wp-json\/wp\/v2\/users\/1"}],"replies":[{"embeddable":true,"href":"https:\/\/artejoven.org\/en\/wp-json\/wp\/v2\/comments?post=7165"}],"version-history":[{"count":0,"href":"https:\/\/artejoven.org\/en\/wp-json\/wp\/v2\/posts\/7165\/revisions"}],"wp:featuredmedia":[{"embeddable":true,"href":"https:\/\/artejoven.org\/en\/wp-json\/wp\/v2\/media\/7166"}],"wp:attachment":[{"href":"https:\/\/artejoven.org\/en\/wp-json\/wp\/v2\/media?parent=7165"}],"wp:term":[{"taxonomy":"category","embeddable":true,"href":"https:\/\/artejoven.org\/en\/wp-json\/wp\/v2\/categories?post=7165"},{"taxonomy":"post_tag","embeddable":true,"href":"https:\/\/artejoven.org\/en\/wp-json\/wp\/v2\/tags?post=7165"}],"curies":[{"name":"wp","href":"https:\/\/api.w.org\/{rel}","templated":true}]}}