{"id":7186,"date":"2024-02-20T12:11:57","date_gmt":"2024-02-20T17:11:57","guid":{"rendered":"https:\/\/artejoven.org\/?p=7186"},"modified":"2024-02-22T11:54:22","modified_gmt":"2024-02-22T16:54:22","slug":"book-by-master-guido-lopez-gavilan-to-be-presented-at-the-havana-book-fair","status":"publish","type":"post","link":"https:\/\/artejoven.org\/en\/presentaran-libro-del-maestro-guido-lopez-gavilan-en-feria-del-libro-de-la-habana\/","title":{"rendered":"Book by Master Guido L\u00f3pez Gavil\u00e1n to be presented at Havana Book Fair"},"content":{"rendered":"<p>The International Book Fair has been held every year in Cuba for 32 editions, a cultural event that, due to its importance and national magnitude, has become one of the most important in the country.<\/p>\n\n\n\n<p>On this occasion, the book and reading festival will be held from February 15 to 25 in Havana and then in each of the Cuban provinces.<\/p>\n\n\n\n<p>As part of the proposals for readers, next Thursday, February 22, at 2:00 p.m., the book \"La direcci\u00f3n orquestal sinf\u00f3nica. Its expression in Cuba\", by Guido L\u00f3pez-Gavil\u00e1n, the result of his research for his Doctor of Science in Arts degree from the University of the Arts (ISA), will be presented at the Lezama Lima Hall of the Fortaleza de la Caba\u00f1a.<\/p>\n\n\n\n<p>The possibility of having this volume is due to the joint work between Aurelia Ediciones and the Fondo de Arte Joven (FAJ), a platform for the promotion of emerging art in Cuba, which has among its main supporters the Swiss Cooperation (COSUDE).<\/p>\n\n\n\n<p>Maestro L\u00f3pez Gavil\u00e1n compiles in this book several milestones of symphonic orchestral conducting in Cuba since 1922, when the first symphonic orchestra was founded in the country, until 2022, when the first century of this event was celebrated.<\/p>\n\n\n\n<p>In this way, the outstanding composer and conductor of the M\u00fasica Eterna Chamber Orchestra offers valuable information on concerts and conductors that was scattered in music dictionaries, essays and musicological reviews during the aforementioned period.<\/p>\n\n\n\n<p>From the material gathered, which includes the fundamentals of this discipline and the knowledge on which he has built his own work, the 2015 National Music Prize winner has prepared a reference material that will undoubtedly become an essential bibliography for the subject of Symphonic Orchestral Conducting in the teaching system of this specialty in Cuba.<\/p>\n\n\n\n<p>With these characteristics, \"La direcci\u00f3n orquestal sinf\u00f3nica. Its expression in Cuba\", by maestro Guido L\u00f3pez-Gavil\u00e1n, is a volume that those who aspire to become future orchestra conductors, as well as music lovers and readers in general, will want to approach.<\/p>\n\n\n\n<p>Download the book for free <strong><a href=\"https:\/\/drive.google.com\/file\/d\/1np4SMoMfGtysNAnvK9bpRB1H-NpRKMpe\/view?usp=sharing\" target=\"_blank\" rel=\"noreferrer noopener\">HERE<\/a>.<\/strong><\/p>","protected":false},"excerpt":{"rendered":"<p>The International Book Fair has been held every year in Cuba for 32 editions, a cultural event that, due to its importance and national magnitude, has become one of the most important in the country.<\/p>","protected":false},"author":1,"featured_media":7187,"comment_status":"open","ping_status":"open","sticky":false,"template":"","format":"standard","meta":{"_acf_changed":false,"_jetpack_memberships_contains_paid_content":false,"footnotes":"","_links_to":"","_links_to_target":""},"categories":[35],"tags":[],"class_list":{"0":"post-7186","1":"post","2":"type-post","3":"status-publish","4":"format-standard","5":"has-post-thumbnail","6":"hentry","7":"category-desde-el-faj","9":"post-with-thumbnail","10":"post-with-thumbnail-large"},"acf":[],"aioseo_notices":[],"jetpack_featured_media_url":"https:\/\/artejoven.org\/wp-content\/uploads\/2024\/02\/La-direccion-orquestal-jpg.webp","jetpack-related-posts":[{"id":9503,"url":"https:\/\/artejoven.org\/en\/fondo-de-arte-joven-y-museo-nacional-de-la-musica-presentan-el-libro-la-direccion-orquestal-sinfonica-y-su-expresion-en-cuba-del-maestro-guido-lopez-gavilan\/","url_meta":{"origin":7186,"position":0},"title":"Fondo de Arte Joven and Museo Nacional de la M\u00fasica present the book La direcci\u00f3n orquestal sinf\u00f3nica y su expresi\u00f3n en Cuba by maestro Guido L\u00f3pez-Gavil\u00e1n.","author":"Ren\u00e9 Manuel Puig","date":"28 de May de 2025","format":false,"excerpt":"The Fondo de Arte Joven (FAJ), the Museo Nacional de la M\u00fasica and maestro Guido L\u00f3pez-Gavil\u00e1n, have the honor to announce the presentation of the book La direcci\u00f3n orquestal sinf\u00f3nica y su expresi\u00f3n en Cuba (Symphonic Orchestral Conducting and its Expression in Cuba).","rel":"","context":"In &quot;Desde el FAJ&quot;","block_context":{"text":"Desde el FAJ","link":"https:\/\/artejoven.org\/en\/category\/noticias\/desde-el-faj\/"},"img":{"alt_text":"La direcci\u00f3n orquestal","src":"https:\/\/i0.wp.com\/artejoven.org\/wp-content\/uploads\/2024\/02\/La-direccion-orquestal-jpg.webp?resize=350%2C200&ssl=1","width":350,"height":200,"srcset":"https:\/\/i0.wp.com\/artejoven.org\/wp-content\/uploads\/2024\/02\/La-direccion-orquestal-jpg.webp?resize=350%2C200&ssl=1 1x, https:\/\/i0.wp.com\/artejoven.org\/wp-content\/uploads\/2024\/02\/La-direccion-orquestal-jpg.webp?resize=525%2C300&ssl=1 1.5x, https:\/\/i0.wp.com\/artejoven.org\/wp-content\/uploads\/2024\/02\/La-direccion-orquestal-jpg.webp?resize=700%2C400&ssl=1 2x, https:\/\/i0.wp.com\/artejoven.org\/wp-content\/uploads\/2024\/02\/La-direccion-orquestal-jpg.webp?resize=1050%2C600&ssl=1 3x"},"classes":[]},{"id":6442,"url":"https:\/\/artejoven.org\/en\/se-presenta-en-la-habana-el-libro-la-direccion-orquestal-sinfonica-y-su-expresion-en-cuba\/","url_meta":{"origin":7186,"position":1},"title":"The book \"Symphonic Orchestral Conducting and its Expression in Cuba\" is presented in Havana","author":"Ren\u00e9 Manuel Puig","date":"4 de December de 2023","format":false,"excerpt":"The book La direcci\u00f3n orquestal sinf\u00f3nica y su expresi\u00f3n en Cuba (Symphonic Orchestral Conducting and its Expression in Cuba), by maestro Guido L\u00f3pez-Gavil\u00e1n, was presented this Saturday in Havana, during the closing ceremony of the Habana Cl\u00e1sica International Festival, at the Basilica of the San Francisco de As\u00eds Convent.","rel":"","context":"In &quot;Desde el FAJ&quot;","block_context":{"text":"Desde el FAJ","link":"https:\/\/artejoven.org\/en\/category\/noticias\/desde-el-faj\/"},"img":{"alt_text":"Presentaci\u00f3n del libro La direcci\u00f3n orquestal sinf\u00f3nica y su expresi\u00f3n en Cuba","src":"https:\/\/i0.wp.com\/artejoven.org\/wp-content\/uploads\/2023\/12\/Presentacion-de-libro-La-Direccion-Orquestal-en-Cuba-jpg.webp?resize=350%2C200&ssl=1","width":350,"height":200,"srcset":"https:\/\/i0.wp.com\/artejoven.org\/wp-content\/uploads\/2023\/12\/Presentacion-de-libro-La-Direccion-Orquestal-en-Cuba-jpg.webp?resize=350%2C200&ssl=1 1x, https:\/\/i0.wp.com\/artejoven.org\/wp-content\/uploads\/2023\/12\/Presentacion-de-libro-La-Direccion-Orquestal-en-Cuba-jpg.webp?resize=525%2C300&ssl=1 1.5x, https:\/\/i0.wp.com\/artejoven.org\/wp-content\/uploads\/2023\/12\/Presentacion-de-libro-La-Direccion-Orquestal-en-Cuba-jpg.webp?resize=700%2C400&ssl=1 2x, https:\/\/i0.wp.com\/artejoven.org\/wp-content\/uploads\/2023\/12\/Presentacion-de-libro-La-Direccion-Orquestal-en-Cuba-jpg.webp?resize=1050%2C600&ssl=1 3x"},"classes":[]},{"id":4632,"url":"https:\/\/www.eda.admin.ch\/countries\/cuba\/es\/home\/noticias\/novedades.html\/content\/countries\/cuba\/es\/meta\/news\/2023\/7\/guido-lopez-gavilan-direccion-orquestal-sinfonica","url_meta":{"origin":7186,"position":2},"title":"Guido L\u00f3pez-Gavil\u00e1n and Symphonic Orchestral Conducting","author":"Ren\u00e9 Manuel Puig","date":"7 de July de 2023","format":false,"excerpt":"Guido L\u00f3pez-Gavil\u00e1n, paradigm of orchestral conducting in Cuba","rel":"","context":"In &quot;Desde el FAJ&quot;","block_context":{"text":"Desde el FAJ","link":"https:\/\/artejoven.org\/en\/category\/noticias\/desde-el-faj\/"},"img":{"alt_text":"Guido L\u00f3pez-Gavil\u00e1n y la Direcci\u00f3n Orquestal Sinf\u00f3nica","src":"https:\/\/i0.wp.com\/artejoven.org\/wp-content\/uploads\/2023\/07\/Guido-Lopez-Gavilan-y-la-Direccion-Orquestal-Sinfonica-jpg.webp?resize=350%2C200&ssl=1","width":350,"height":200,"srcset":"https:\/\/i0.wp.com\/artejoven.org\/wp-content\/uploads\/2023\/07\/Guido-Lopez-Gavilan-y-la-Direccion-Orquestal-Sinfonica-jpg.webp?resize=350%2C200&ssl=1 1x, https:\/\/i0.wp.com\/artejoven.org\/wp-content\/uploads\/2023\/07\/Guido-Lopez-Gavilan-y-la-Direccion-Orquestal-Sinfonica-jpg.webp?resize=525%2C300&ssl=1 1.5x, https:\/\/i0.wp.com\/artejoven.org\/wp-content\/uploads\/2023\/07\/Guido-Lopez-Gavilan-y-la-Direccion-Orquestal-Sinfonica-jpg.webp?resize=700%2C400&ssl=1 2x, https:\/\/i0.wp.com\/artejoven.org\/wp-content\/uploads\/2023\/07\/Guido-Lopez-Gavilan-y-la-Direccion-Orquestal-Sinfonica-jpg.webp?resize=1050%2C600&ssl=1 3x"},"classes":[]},{"id":9506,"url":"https:\/\/artejoven.org\/en\/la-magia-de-la-direccion-de-orquesta-como-si-embrujara-la-musica\/","url_meta":{"origin":7186,"position":3},"title":"The magic of conducting, as if bewitching the music.","author":"Ren\u00e9 Manuel Puig","date":"5 de June de 2025","format":false,"excerpt":"The presentation of the book \"La direcci\u00f3n orquestal sinf\u00f3nica y su expresi\u00f3n en Cuba\" (Symphonic orchestral conducting and its expression in Cuba) took place in an intimate evening, surrounded by pupils, family members, young musicians and students.","rel":"","context":"In &quot;Desde el FAJ&quot;","block_context":{"text":"Desde el FAJ","link":"https:\/\/artejoven.org\/en\/category\/noticias\/desde-el-faj\/"},"img":{"alt_text":"Presentaci\u00f3n La direcci\u00f3n orquestal sinfonica y su expresi\u00f3n en Cuba","src":"https:\/\/i0.wp.com\/artejoven.org\/wp-content\/uploads\/2025\/06\/Presentacion-La-direccion-orquestal-sinfonica-y-su-expresion-en-Cuba-6-scaled.webp?resize=350%2C200&ssl=1","width":350,"height":200,"srcset":"https:\/\/i0.wp.com\/artejoven.org\/wp-content\/uploads\/2025\/06\/Presentacion-La-direccion-orquestal-sinfonica-y-su-expresion-en-Cuba-6-scaled.webp?resize=350%2C200&ssl=1 1x, https:\/\/i0.wp.com\/artejoven.org\/wp-content\/uploads\/2025\/06\/Presentacion-La-direccion-orquestal-sinfonica-y-su-expresion-en-Cuba-6-scaled.webp?resize=525%2C300&ssl=1 1.5x, https:\/\/i0.wp.com\/artejoven.org\/wp-content\/uploads\/2025\/06\/Presentacion-La-direccion-orquestal-sinfonica-y-su-expresion-en-Cuba-6-scaled.webp?resize=700%2C400&ssl=1 2x, https:\/\/i0.wp.com\/artejoven.org\/wp-content\/uploads\/2025\/06\/Presentacion-La-direccion-orquestal-sinfonica-y-su-expresion-en-Cuba-6-scaled.webp?resize=1050%2C600&ssl=1 3x, https:\/\/i0.wp.com\/artejoven.org\/wp-content\/uploads\/2025\/06\/Presentacion-La-direccion-orquestal-sinfonica-y-su-expresion-en-Cuba-6-scaled.webp?resize=1400%2C800&ssl=1 4x"},"classes":[]},{"id":6399,"url":"https:\/\/artejoven.org\/en\/inicia-el-festival-internacional-habana-clasica-una-celebracion-a-la-diversidad-y-la-belleza-de-la-musica-inicia-el-festival-internacional-habana-clasica\/","url_meta":{"origin":7186,"position":4},"title":"The Habana Cl\u00e1sica International Festival begins: A celebration of diversity and the beauty of music","author":"Ren\u00e9 Manuel Puig","date":"15 de November de 2023","format":false,"excerpt":"With the will to offer a program of excellence designed to satisfy the most demanding tastes, the fifth edition of Habana Cl\u00e1sica is about to raise its curtains.","rel":"","context":"In &quot;Desde el FAJ&quot;","block_context":{"text":"Desde el FAJ","link":"https:\/\/artejoven.org\/en\/category\/noticias\/desde-el-faj\/"},"img":{"alt_text":"Habana Cl\u00e1sica","src":"https:\/\/i0.wp.com\/artejoven.org\/wp-content\/uploads\/2023\/11\/Habana-Clasica-jpg.webp?resize=350%2C200&ssl=1","width":350,"height":200,"srcset":"https:\/\/i0.wp.com\/artejoven.org\/wp-content\/uploads\/2023\/11\/Habana-Clasica-jpg.webp?resize=350%2C200&ssl=1 1x, https:\/\/i0.wp.com\/artejoven.org\/wp-content\/uploads\/2023\/11\/Habana-Clasica-jpg.webp?resize=525%2C300&ssl=1 1.5x, https:\/\/i0.wp.com\/artejoven.org\/wp-content\/uploads\/2023\/11\/Habana-Clasica-jpg.webp?resize=700%2C400&ssl=1 2x, https:\/\/i0.wp.com\/artejoven.org\/wp-content\/uploads\/2023\/11\/Habana-Clasica-jpg.webp?resize=1050%2C600&ssl=1 3x"},"classes":[]},{"id":8355,"url":"https:\/\/artejoven.org\/en\/talento-y-creatividad-la-inolvidable-experiencia-del-concurso-nacional-de-musica\/","url_meta":{"origin":7186,"position":5},"title":"Talent and creativity: the unforgettable experience of the National Music Contest","author":"Ren\u00e9 Manuel Puig","date":"10 de December de 2024","format":false,"excerpt":"With almost two years of existence, the YAF has had culturally committed allies, which has been fundamental to promote culture and creativity in the new generations of artists.","rel":"","context":"In &quot;Desde el FAJ&quot;","block_context":{"text":"Desde el FAJ","link":"https:\/\/artejoven.org\/en\/category\/noticias\/desde-el-faj\/"},"img":{"alt_text":"","src":"https:\/\/i0.wp.com\/artejoven.org\/wp-content\/uploads\/2024\/12\/01-Concurso-Nacional-de-Musica-FAJ-UNICEF.-Concierto-1.webp?resize=350%2C200&ssl=1","width":350,"height":200,"srcset":"https:\/\/i0.wp.com\/artejoven.org\/wp-content\/uploads\/2024\/12\/01-Concurso-Nacional-de-Musica-FAJ-UNICEF.-Concierto-1.webp?resize=350%2C200&ssl=1 1x, https:\/\/i0.wp.com\/artejoven.org\/wp-content\/uploads\/2024\/12\/01-Concurso-Nacional-de-Musica-FAJ-UNICEF.-Concierto-1.webp?resize=525%2C300&ssl=1 1.5x, https:\/\/i0.wp.com\/artejoven.org\/wp-content\/uploads\/2024\/12\/01-Concurso-Nacional-de-Musica-FAJ-UNICEF.-Concierto-1.webp?resize=700%2C400&ssl=1 2x, https:\/\/i0.wp.com\/artejoven.org\/wp-content\/uploads\/2024\/12\/01-Concurso-Nacional-de-Musica-FAJ-UNICEF.-Concierto-1.webp?resize=1050%2C600&ssl=1 3x"},"classes":[]}],"jetpack_sharing_enabled":true,"_links":{"self":[{"href":"https:\/\/artejoven.org\/en\/wp-json\/wp\/v2\/posts\/7186","targetHints":{"allow":["GET"]}}],"collection":[{"href":"https:\/\/artejoven.org\/en\/wp-json\/wp\/v2\/posts"}],"about":[{"href":"https:\/\/artejoven.org\/en\/wp-json\/wp\/v2\/types\/post"}],"author":[{"embeddable":true,"href":"https:\/\/artejoven.org\/en\/wp-json\/wp\/v2\/users\/1"}],"replies":[{"embeddable":true,"href":"https:\/\/artejoven.org\/en\/wp-json\/wp\/v2\/comments?post=7186"}],"version-history":[{"count":0,"href":"https:\/\/artejoven.org\/en\/wp-json\/wp\/v2\/posts\/7186\/revisions"}],"wp:featuredmedia":[{"embeddable":true,"href":"https:\/\/artejoven.org\/en\/wp-json\/wp\/v2\/media\/7187"}],"wp:attachment":[{"href":"https:\/\/artejoven.org\/en\/wp-json\/wp\/v2\/media?parent=7186"}],"wp:term":[{"taxonomy":"category","embeddable":true,"href":"https:\/\/artejoven.org\/en\/wp-json\/wp\/v2\/categories?post=7186"},{"taxonomy":"post_tag","embeddable":true,"href":"https:\/\/artejoven.org\/en\/wp-json\/wp\/v2\/tags?post=7186"}],"curies":[{"name":"wp","href":"https:\/\/api.w.org\/{rel}","templated":true}]}}