{"id":7232,"date":"2024-03-29T14:26:52","date_gmt":"2024-03-29T18:26:52","guid":{"rendered":"https:\/\/artejoven.org\/?p=7232"},"modified":"2024-04-02T12:51:03","modified_gmt":"2024-04-02T16:51:03","slug":"an-inspiring-look-at-the-future-of-emerging-art-fondo-de-arte-joven-inaugurates-niebla-at-salon-blanco-gallery","status":"publish","type":"post","link":"https:\/\/artejoven.org\/en\/una-mirada-inspiradora-al-futuro-del-arte-emergente-fondo-de-arte-joven-inaugura-niebla-en-la-galeria-salon-blanco\/","title":{"rendered":"An inspiring look at the future of emerging art: Fondo de Arte Joven opens \"Niebla\" at the Sal\u00f3n Blanco Gallery."},"content":{"rendered":"<p>The talent of the young visual artist Daniel Ant\u00f3n Morera, Malayerba Grand Prize 2023, captivated the public attending the inauguration of his personal exhibition. <a href=\"https:\/\/artejoven.org\/en\/faj-spaces\/white-room\/fog\/\" target=\"_blank\" rel=\"noopener\" title=\"\">\"Fog\"<\/a> this Thursday, March 28 at the White Room Gallery of the Fondo de Arte Joven (FAJ).<\/p>\n\n\n\n<p>With the support of the FAJ, this talented visual artist produced the works of art that are exhibited in this space until next June, and that constitute a work built from the memory of the images and not from the physical reality.<\/p>\n\n\n\n<p class=\"translation-block\">According to the author, why not take the technical effect or flaw and paint it in an interpretation of your own? Build a <em>studium<\/em> -as Barthes would say in photography-, and analyze the works as a kind of confrontation, where gestuality is recognizable as a tendency to expose the imperfect nature of a guild.<\/p>\n\n\n\n<div class=\"wp-block-jetpack-tiled-gallery aligncenter is-style-rectangular has-rounded-corners-15\"><div class=\"tiled-gallery__gallery\"><div class=\"tiled-gallery__row\"><div class=\"tiled-gallery__col\" style=\"flex-basis:66.80053%\"><figure class=\"tiled-gallery__item\"><a href=\"https:\/\/artejoven.org\/wp-content\/uploads\/2024\/03\/Niebla-01-1024x683.webp\"><img decoding=\"async\" srcset=\"https:\/\/i0.wp.com\/artejoven.org\/wp-content\/uploads\/2024\/03\/Niebla-01-1024x683.webp?strip=info&#038;w=600&#038;ssl=1 600w,https:\/\/i0.wp.com\/artejoven.org\/wp-content\/uploads\/2024\/03\/Niebla-01-1024x683.webp?strip=info&#038;w=900&#038;ssl=1 900w,https:\/\/i0.wp.com\/artejoven.org\/wp-content\/uploads\/2024\/03\/Niebla-01-1024x683.webp?strip=info&#038;w=1200&#038;ssl=1 1200w,https:\/\/i0.wp.com\/artejoven.org\/wp-content\/uploads\/2024\/03\/Niebla-01-1024x683.webp?strip=info&#038;w=1500&#038;ssl=1 1500w,https:\/\/i0.wp.com\/artejoven.org\/wp-content\/uploads\/2024\/03\/Niebla-01-1024x683.webp?strip=info&#038;w=1800&#038;ssl=1 1800w,https:\/\/i0.wp.com\/artejoven.org\/wp-content\/uploads\/2024\/03\/Niebla-01-1024x683.webp?strip=info&#038;w=2000&#038;ssl=1 2000w\" alt=\"Fog\" data-height=\"1707\" data-id=\"7240\" data-link=\"https:\/\/artejoven.org\/?attachment_id=7240#main\" data-url=\"https:\/\/artejoven.org\/wp-content\/uploads\/2024\/03\/Niebla-01-1024x683.webp\" data-width=\"2560\" src=\"https:\/\/i0.wp.com\/artejoven.org\/wp-content\/uploads\/2024\/03\/Niebla-01-1024x683.webp?ssl=1\" data-amp-layout=\"responsive\"\/><\/a><\/figure><\/div><div class=\"tiled-gallery__col\" style=\"flex-basis:33.19947%\"><figure class=\"tiled-gallery__item\"><a href=\"https:\/\/artejoven.org\/wp-content\/uploads\/2024\/03\/Niebla-03-1024x683.webp\"><img decoding=\"async\" srcset=\"https:\/\/i2.wp.com\/artejoven.org\/wp-content\/uploads\/2024\/03\/Niebla-03-1024x683.webp?strip=info&#038;w=600&#038;ssl=1 600w,https:\/\/i2.wp.com\/artejoven.org\/wp-content\/uploads\/2024\/03\/Niebla-03-1024x683.webp?strip=info&#038;w=900&#038;ssl=1 900w,https:\/\/i2.wp.com\/artejoven.org\/wp-content\/uploads\/2024\/03\/Niebla-03-1024x683.webp?strip=info&#038;w=1200&#038;ssl=1 1200w,https:\/\/i2.wp.com\/artejoven.org\/wp-content\/uploads\/2024\/03\/Niebla-03-1024x683.webp?strip=info&#038;w=1500&#038;ssl=1 1500w,https:\/\/i2.wp.com\/artejoven.org\/wp-content\/uploads\/2024\/03\/Niebla-03-1024x683.webp?strip=info&#038;w=1800&#038;ssl=1 1800w,https:\/\/i2.wp.com\/artejoven.org\/wp-content\/uploads\/2024\/03\/Niebla-03-1024x683.webp?strip=info&#038;w=1872&#038;ssl=1 1872w\" alt=\"Fog\" data-height=\"1248\" data-id=\"7238\" data-link=\"https:\/\/artejoven.org\/?attachment_id=7238#main\" data-url=\"https:\/\/artejoven.org\/wp-content\/uploads\/2024\/03\/Niebla-03-1024x683.webp\" data-width=\"1872\" src=\"https:\/\/i2.wp.com\/artejoven.org\/wp-content\/uploads\/2024\/03\/Niebla-03-1024x683.webp?ssl=1\" data-amp-layout=\"responsive\"\/><\/a><\/figure><figure class=\"tiled-gallery__item\"><a href=\"https:\/\/artejoven.org\/wp-content\/uploads\/2024\/03\/Niebla-02-1024x682.webp\"><img decoding=\"async\" srcset=\"https:\/\/i1.wp.com\/artejoven.org\/wp-content\/uploads\/2024\/03\/Niebla-02-1024x682.webp?strip=info&#038;w=600&#038;ssl=1 600w,https:\/\/i1.wp.com\/artejoven.org\/wp-content\/uploads\/2024\/03\/Niebla-02-1024x682.webp?strip=info&#038;w=900&#038;ssl=1 900w,https:\/\/i1.wp.com\/artejoven.org\/wp-content\/uploads\/2024\/03\/Niebla-02-1024x682.webp?strip=info&#038;w=1200&#038;ssl=1 1200w,https:\/\/i1.wp.com\/artejoven.org\/wp-content\/uploads\/2024\/03\/Niebla-02-1024x682.webp?strip=info&#038;w=1500&#038;ssl=1 1500w,https:\/\/i1.wp.com\/artejoven.org\/wp-content\/uploads\/2024\/03\/Niebla-02-1024x682.webp?strip=info&#038;w=1790&#038;ssl=1 1790w\" alt=\"Fog\" data-height=\"1193\" data-id=\"7239\" data-link=\"https:\/\/artejoven.org\/?attachment_id=7239#main\" data-url=\"https:\/\/artejoven.org\/wp-content\/uploads\/2024\/03\/Niebla-02-1024x682.webp\" data-width=\"1790\" src=\"https:\/\/i1.wp.com\/artejoven.org\/wp-content\/uploads\/2024\/03\/Niebla-02-1024x682.webp?ssl=1\" data-amp-layout=\"responsive\"\/><\/a><\/figure><\/div><\/div><\/div><\/div>\n\n\n\n<p class=\"translation-block\">The works exhibited in <em>Niebla<\/em> aim to evoke the pictorial language to understand the transience of the gaze, what exists beyond a perception towards a habitual entity. Above all, it is an analysis of the other in space, a displacement of these images towards the environment of painting, where the orientation of light and the atmosphere surrounding these characters are reconstructed.<\/p>\n\n\n\n<p>The exhibition not only reflects the exceptional talent of Daniel Ant\u00f3n, but also highlights the importance of supporting and promoting young art in today's cultural context.<\/p>\n\n\n\n<p>The artist is interested in art that is timeless and that is recognized in areas of the greatest possible uncertainty, in any space or in the combination of various qualities; in that sense, it is conducive for its reading to be like the particular experience of the viewer. The exhibition not only impacts the young audience interested in contemporary art, but also inspires new generations to develop their passion for art.<\/p>\n\n\n\n<div class=\"wp-block-jetpack-tiled-gallery aligncenter is-style-rectangular has-rounded-corners-15\"><div class=\"tiled-gallery__gallery\"><div class=\"tiled-gallery__row\"><div class=\"tiled-gallery__col\" style=\"flex-basis:100.00000%\"><figure class=\"tiled-gallery__item\"><a href=\"https:\/\/artejoven.org\/wp-content\/uploads\/2024\/03\/Niebla-06-1024x683.webp\"><img decoding=\"async\" srcset=\"https:\/\/i0.wp.com\/artejoven.org\/wp-content\/uploads\/2024\/03\/Niebla-06-1024x683.webp?strip=info&#038;w=600&#038;ssl=1 600w,https:\/\/i0.wp.com\/artejoven.org\/wp-content\/uploads\/2024\/03\/Niebla-06-1024x683.webp?strip=info&#038;w=900&#038;ssl=1 900w,https:\/\/i0.wp.com\/artejoven.org\/wp-content\/uploads\/2024\/03\/Niebla-06-1024x683.webp?strip=info&#038;w=1200&#038;ssl=1 1200w,https:\/\/i0.wp.com\/artejoven.org\/wp-content\/uploads\/2024\/03\/Niebla-06-1024x683.webp?strip=info&#038;w=1500&#038;ssl=1 1500w,https:\/\/i0.wp.com\/artejoven.org\/wp-content\/uploads\/2024\/03\/Niebla-06-1024x683.webp?strip=info&#038;w=1800&#038;ssl=1 1800w,https:\/\/i0.wp.com\/artejoven.org\/wp-content\/uploads\/2024\/03\/Niebla-06-1024x683.webp?strip=info&#038;w=1821&#038;ssl=1 1821w\" alt=\"Fog\" data-height=\"1214\" data-id=\"7236\" data-link=\"https:\/\/artejoven.org\/?attachment_id=7236#main\" data-url=\"https:\/\/artejoven.org\/wp-content\/uploads\/2024\/03\/Niebla-06-1024x683.webp\" data-width=\"1821\" src=\"https:\/\/i0.wp.com\/artejoven.org\/wp-content\/uploads\/2024\/03\/Niebla-06-1024x683.webp?ssl=1\" data-amp-layout=\"responsive\"\/><\/a><\/figure><\/div><\/div><\/div><\/div>\n\n\n\n<p>This exhibition joins four others held by the FAJ since its founding in January 2023 by the Swiss Cooperation in Cuba (Cosude).<\/p>\n\n\n\n<p>As a cultural platform for the promotion of emerging Cuban art and the support of cultural enterprises that carry out their creative projects from Cuba, with an emphasis on the visual arts and music; the YAF brings together multiple donors and partners, such as the International Committee for the Development of Peoples (CISP), the Los Carbonell Foundation (FLC), the Habana Cl\u00e1sica Cultural Association (ACHC), and the Center for Exchange and Reference on Community Initiatives (CIERIC), with terms of reference included in the \"A Ritmo de Inclusi\u00f3n\" program, co-financed by the European Union (EU).<\/p>\n\n\n\n<p>We invite you to visit this inspiring exhibition and join us in supporting emerging talent in the art world.<\/p>\n\n\n\n<div class=\"wp-block-jetpack-tiled-gallery aligncenter is-style-rectangular has-rounded-corners-15\"><div class=\"tiled-gallery__gallery\"><div class=\"tiled-gallery__row\"><div class=\"tiled-gallery__col\" style=\"flex-basis:66.81686%\"><figure class=\"tiled-gallery__item\"><a href=\"https:\/\/artejoven.org\/wp-content\/uploads\/2024\/03\/Niebla-08-1024x682.webp\"><img decoding=\"async\" srcset=\"https:\/\/i1.wp.com\/artejoven.org\/wp-content\/uploads\/2024\/03\/Niebla-08-1024x682.webp?strip=info&#038;w=600&#038;ssl=1 600w,https:\/\/i1.wp.com\/artejoven.org\/wp-content\/uploads\/2024\/03\/Niebla-08-1024x682.webp?strip=info&#038;w=900&#038;ssl=1 900w,https:\/\/i1.wp.com\/artejoven.org\/wp-content\/uploads\/2024\/03\/Niebla-08-1024x682.webp?strip=info&#038;w=1200&#038;ssl=1 1200w,https:\/\/i1.wp.com\/artejoven.org\/wp-content\/uploads\/2024\/03\/Niebla-08-1024x682.webp?strip=info&#038;w=1500&#038;ssl=1 1500w,https:\/\/i1.wp.com\/artejoven.org\/wp-content\/uploads\/2024\/03\/Niebla-08-1024x682.webp?strip=info&#038;w=1800&#038;ssl=1 1800w,https:\/\/i1.wp.com\/artejoven.org\/wp-content\/uploads\/2024\/03\/Niebla-08-1024x682.webp?strip=info&#038;w=1901&#038;ssl=1 1901w\" alt=\"Fog\" data-height=\"1267\" data-id=\"7234\" data-link=\"https:\/\/artejoven.org\/?attachment_id=7234#main\" data-url=\"https:\/\/artejoven.org\/wp-content\/uploads\/2024\/03\/Niebla-08-1024x682.webp\" data-width=\"1901\" src=\"https:\/\/i1.wp.com\/artejoven.org\/wp-content\/uploads\/2024\/03\/Niebla-08-1024x682.webp?ssl=1\" data-amp-layout=\"responsive\"\/><\/a><\/figure><\/div><div class=\"tiled-gallery__col\" style=\"flex-basis:33.18314%\"><figure class=\"tiled-gallery__item\"><a href=\"https:\/\/artejoven.org\/wp-content\/uploads\/2024\/03\/Niebla-05-1024x683.webp\"><img decoding=\"async\" srcset=\"https:\/\/i1.wp.com\/artejoven.org\/wp-content\/uploads\/2024\/03\/Niebla-05-1024x683.webp?strip=info&#038;w=600&#038;ssl=1 600w,https:\/\/i1.wp.com\/artejoven.org\/wp-content\/uploads\/2024\/03\/Niebla-05-1024x683.webp?strip=info&#038;w=900&#038;ssl=1 900w,https:\/\/i1.wp.com\/artejoven.org\/wp-content\/uploads\/2024\/03\/Niebla-05-1024x683.webp?strip=info&#038;w=1200&#038;ssl=1 1200w,https:\/\/i1.wp.com\/artejoven.org\/wp-content\/uploads\/2024\/03\/Niebla-05-1024x683.webp?strip=info&#038;w=1500&#038;ssl=1 1500w,https:\/\/i1.wp.com\/artejoven.org\/wp-content\/uploads\/2024\/03\/Niebla-05-1024x683.webp?strip=info&#038;w=1707&#038;ssl=1 1707w\" alt=\"Fog\" data-height=\"1138\" data-id=\"7237\" data-link=\"https:\/\/artejoven.org\/?attachment_id=7237#main\" data-url=\"https:\/\/artejoven.org\/wp-content\/uploads\/2024\/03\/Niebla-05-1024x683.webp\" data-width=\"1707\" src=\"https:\/\/i1.wp.com\/artejoven.org\/wp-content\/uploads\/2024\/03\/Niebla-05-1024x683.webp?ssl=1\" data-amp-layout=\"responsive\"\/><\/a><\/figure><figure class=\"tiled-gallery__item\"><a href=\"https:\/\/artejoven.org\/wp-content\/uploads\/2024\/03\/Niebla-07-1024x683.webp\"><img decoding=\"async\" srcset=\"https:\/\/i2.wp.com\/artejoven.org\/wp-content\/uploads\/2024\/03\/Niebla-07-1024x683.webp?strip=info&#038;w=600&#038;ssl=1 600w,https:\/\/i2.wp.com\/artejoven.org\/wp-content\/uploads\/2024\/03\/Niebla-07-1024x683.webp?strip=info&#038;w=900&#038;ssl=1 900w,https:\/\/i2.wp.com\/artejoven.org\/wp-content\/uploads\/2024\/03\/Niebla-07-1024x683.webp?strip=info&#038;w=1200&#038;ssl=1 1200w,https:\/\/i2.wp.com\/artejoven.org\/wp-content\/uploads\/2024\/03\/Niebla-07-1024x683.webp?strip=info&#038;w=1500&#038;ssl=1 1500w,https:\/\/i2.wp.com\/artejoven.org\/wp-content\/uploads\/2024\/03\/Niebla-07-1024x683.webp?strip=info&#038;w=1747&#038;ssl=1 1747w\" alt=\"Fog\" data-height=\"1165\" data-id=\"7235\" data-link=\"https:\/\/artejoven.org\/?attachment_id=7235#main\" data-url=\"https:\/\/artejoven.org\/wp-content\/uploads\/2024\/03\/Niebla-07-1024x683.webp\" data-width=\"1747\" src=\"https:\/\/i2.wp.com\/artejoven.org\/wp-content\/uploads\/2024\/03\/Niebla-07-1024x683.webp?ssl=1\" data-amp-layout=\"responsive\"\/><\/a><\/figure><\/div><\/div><\/div><\/div>","protected":false},"excerpt":{"rendered":"<p>The talent of the young visual artist Daniel Ant\u00f3n Morera, Malayerba Grand Prize 2023, captivated the public attending the opening of his personal exhibition \"Niebla\" (Fog) on Thursday, March 28, at the White Room Gallery of the Fondo de Arte Joven (FAJ). <\/p>","protected":false},"author":1,"featured_media":7233,"comment_status":"open","ping_status":"open","sticky":false,"template":"","format":"standard","meta":{"_acf_changed":false,"_jetpack_memberships_contains_paid_content":false,"footnotes":"","_links_to":"","_links_to_target":""},"categories":[35],"tags":[],"class_list":{"0":"post-7232","1":"post","2":"type-post","3":"status-publish","4":"format-standard","5":"has-post-thumbnail","6":"hentry","7":"category-desde-el-faj","9":"post-with-thumbnail","10":"post-with-thumbnail-large"},"acf":[],"aioseo_notices":[],"jetpack_featured_media_url":"https:\/\/artejoven.org\/wp-content\/uploads\/2024\/03\/Niebla-portada-jpg.webp","jetpack-related-posts":[{"id":7326,"url":"https:\/\/artejoven.org\/en\/visita-el-critico-y-curador-de-arte-gerardo-mosquera-la-muestra-personal-niebla-en-la-galeria-salon-blanco\/","url_meta":{"origin":7232,"position":0},"title":"Art critic and curator Gerardo Mosquera visits the personal exhibition Niebla, at the Sal\u00f3n Blanco Gallery","author":"Ren\u00e9 Manuel Puig","date":"9 de April de 2024","format":false,"excerpt":"The regular exhibition space of the Fondo de Arte Joven (FAJ), the Galer\u00eda Sal\u00f3n Blanco, received art critic and curator Gerardo Mosquera for the second time.","rel":"","context":"In &quot;Desde el FAJ&quot;","block_context":{"text":"Desde el FAJ","link":"https:\/\/artejoven.org\/en\/category\/noticias\/desde-el-faj\/"},"img":{"alt_text":"Niebla, de Daniel Ant\u00f3n","src":"https:\/\/i0.wp.com\/artejoven.org\/wp-content\/uploads\/2024\/04\/img_9417-1-jpg.webp?resize=350%2C200&ssl=1","width":350,"height":200,"srcset":"https:\/\/i0.wp.com\/artejoven.org\/wp-content\/uploads\/2024\/04\/img_9417-1-jpg.webp?resize=350%2C200&ssl=1 1x, https:\/\/i0.wp.com\/artejoven.org\/wp-content\/uploads\/2024\/04\/img_9417-1-jpg.webp?resize=525%2C300&ssl=1 1.5x, https:\/\/i0.wp.com\/artejoven.org\/wp-content\/uploads\/2024\/04\/img_9417-1-jpg.webp?resize=700%2C400&ssl=1 2x, https:\/\/i0.wp.com\/artejoven.org\/wp-content\/uploads\/2024\/04\/img_9417-1-jpg.webp?resize=1050%2C600&ssl=1 3x, https:\/\/i0.wp.com\/artejoven.org\/wp-content\/uploads\/2024\/04\/img_9417-1-jpg.webp?resize=1400%2C800&ssl=1 4x"},"classes":[]},{"id":6416,"url":"https:\/\/artejoven.org\/en\/fondo-de-arte-joven-inaugura-muestra-concurso-malayerba-en-la-galeria-salon-blanco\/","url_meta":{"origin":7232,"position":1},"title":"Youth Art Fund inaugurates malaYerba contest exhibition at Sal\u00f3n Blanco Gallery","author":"Ren\u00e9 Manuel Puig","date":"27 de November de 2023","format":false,"excerpt":"The Youth Art Fund (YAF) will inaugurate the exhibition contest in its usual space, the Sal\u00f3n Blanco Gallery, located in the Convent and Basilica of San Francisco de As\u00eds in Old Havana, next Thursday, November 30.","rel":"","context":"In &quot;Desde el FAJ&quot;","block_context":{"text":"Desde el FAJ","link":"https:\/\/artejoven.org\/en\/category\/noticias\/desde-el-faj\/"},"img":{"alt_text":"MalaYerba","src":"https:\/\/i0.wp.com\/artejoven.org\/wp-content\/uploads\/2023\/11\/MalaYerba.png?resize=350%2C200&ssl=1","width":350,"height":200,"srcset":"https:\/\/i0.wp.com\/artejoven.org\/wp-content\/uploads\/2023\/11\/MalaYerba.png?resize=350%2C200&ssl=1 1x, https:\/\/i0.wp.com\/artejoven.org\/wp-content\/uploads\/2023\/11\/MalaYerba.png?resize=525%2C300&ssl=1 1.5x, https:\/\/i0.wp.com\/artejoven.org\/wp-content\/uploads\/2023\/11\/MalaYerba.png?resize=700%2C400&ssl=1 2x, https:\/\/i0.wp.com\/artejoven.org\/wp-content\/uploads\/2023\/11\/MalaYerba.png?resize=1050%2C600&ssl=1 3x"},"classes":[]},{"id":7165,"url":"https:\/\/artejoven.org\/en\/intercambia-enrique-martinez-celaya-con-jovenes-creadores-cubanos\/","url_meta":{"origin":7232,"position":2},"title":"Enrique Mart\u00ednez Celaya exchanges with young Cuban creators","author":"Ren\u00e9 Manuel Puig","date":"15 de February de 2024","format":false,"excerpt":"El artista, autor y f\u00edsico Enrique Mart\u00ednez Celaya intercambi\u00f3 con j\u00f3venes creadores cubanos en la Galer\u00eda Sal\u00f3n Blanco del Fondo de Arte Joven (FAJ). Durante poco m\u00e1s de dos horas, los asistentes pudieron acercarse a la carrera de Mart\u00ednez Celaya, conocer sobre la incidencia de la f\u00edsica y el arte\u2026","rel":"","context":"In &quot;Desde el FAJ&quot;","block_context":{"text":"Desde el FAJ","link":"https:\/\/artejoven.org\/en\/category\/noticias\/desde-el-faj\/"},"img":{"alt_text":"Mart\u00ednez Celaya","src":"https:\/\/i0.wp.com\/artejoven.org\/wp-content\/uploads\/2024\/02\/Martinez-Celaya-jpg.webp?resize=350%2C200&ssl=1","width":350,"height":200,"srcset":"https:\/\/i0.wp.com\/artejoven.org\/wp-content\/uploads\/2024\/02\/Martinez-Celaya-jpg.webp?resize=350%2C200&ssl=1 1x, https:\/\/i0.wp.com\/artejoven.org\/wp-content\/uploads\/2024\/02\/Martinez-Celaya-jpg.webp?resize=525%2C300&ssl=1 1.5x, https:\/\/i0.wp.com\/artejoven.org\/wp-content\/uploads\/2024\/02\/Martinez-Celaya-jpg.webp?resize=700%2C400&ssl=1 2x, https:\/\/i0.wp.com\/artejoven.org\/wp-content\/uploads\/2024\/02\/Martinez-Celaya-jpg.webp?resize=1050%2C600&ssl=1 3x"},"classes":[]},{"id":8010,"url":"https:\/\/artejoven.org\/en\/inauguracion-de-la-segunda-edicion-del-concurso-malayerba-un-espacio-para-la-joven-creatividad-cubana\/","url_meta":{"origin":7232,"position":3},"title":"Inauguration of the Second Edition of the competition malaYerba: a space for young Cuban creativity","author":"Ren\u00e9 Manuel Puig","date":"5 de September de 2024","format":false,"excerpt":"The Fondo de Arte Joven (FAJ) is pleased to announce the inauguration of the second edition of malaYerba","rel":"","context":"In &quot;Desde el FAJ&quot;","block_context":{"text":"Desde el FAJ","link":"https:\/\/artejoven.org\/en\/category\/noticias\/desde-el-faj\/"},"img":{"alt_text":"malaYerba","src":"https:\/\/i0.wp.com\/artejoven.org\/wp-content\/uploads\/2024\/07\/malaYerba-Segunda-Convocatoria-1-jpg.webp?resize=350%2C200&ssl=1","width":350,"height":200,"srcset":"https:\/\/i0.wp.com\/artejoven.org\/wp-content\/uploads\/2024\/07\/malaYerba-Segunda-Convocatoria-1-jpg.webp?resize=350%2C200&ssl=1 1x, https:\/\/i0.wp.com\/artejoven.org\/wp-content\/uploads\/2024\/07\/malaYerba-Segunda-Convocatoria-1-jpg.webp?resize=525%2C300&ssl=1 1.5x, https:\/\/i0.wp.com\/artejoven.org\/wp-content\/uploads\/2024\/07\/malaYerba-Segunda-Convocatoria-1-jpg.webp?resize=700%2C400&ssl=1 2x, https:\/\/i0.wp.com\/artejoven.org\/wp-content\/uploads\/2024\/07\/malaYerba-Segunda-Convocatoria-1-jpg.webp?resize=1050%2C600&ssl=1 3x, https:\/\/i0.wp.com\/artejoven.org\/wp-content\/uploads\/2024\/07\/malaYerba-Segunda-Convocatoria-1-jpg.webp?resize=1400%2C800&ssl=1 4x"},"classes":[]},{"id":6063,"url":"https:\/\/artejoven.org\/en\/fondo-de-arte-joven-se-presenta-a-estudiantes-y-artistas-de-santiago-de-cuba\/","url_meta":{"origin":7232,"position":4},"title":"Youth Art Fund presented to students and artists of Santiago de Cuba","author":"Ren\u00e9 Manuel Puig","date":"4 de October de 2023","format":false,"excerpt":"In an exchange with Santiago artists and students, the presentation of the Young Art Fund (FAJ) took place this Tuesday during the II Ren\u00e9 Vald\u00e9s Cede\u00f1o Regional Contemporary Art Salon in Santiago de Cuba.","rel":"","context":"In &quot;Desde el FAJ&quot;","block_context":{"text":"Desde el FAJ","link":"https:\/\/artejoven.org\/en\/category\/noticias\/desde-el-faj\/"},"img":{"alt_text":"Sandra Garc\u00eda Herrera y Caridad Figueroa, en representaci\u00f3n del FAJ","src":"https:\/\/i0.wp.com\/artejoven.org\/wp-content\/uploads\/2023\/10\/FAJ-en-Santiago-de-Cuba-jpg.webp?resize=350%2C200&ssl=1","width":350,"height":200,"srcset":"https:\/\/i0.wp.com\/artejoven.org\/wp-content\/uploads\/2023\/10\/FAJ-en-Santiago-de-Cuba-jpg.webp?resize=350%2C200&ssl=1 1x, https:\/\/i0.wp.com\/artejoven.org\/wp-content\/uploads\/2023\/10\/FAJ-en-Santiago-de-Cuba-jpg.webp?resize=525%2C300&ssl=1 1.5x, https:\/\/i0.wp.com\/artejoven.org\/wp-content\/uploads\/2023\/10\/FAJ-en-Santiago-de-Cuba-jpg.webp?resize=700%2C400&ssl=1 2x, https:\/\/i0.wp.com\/artejoven.org\/wp-content\/uploads\/2023\/10\/FAJ-en-Santiago-de-Cuba-jpg.webp?resize=1050%2C600&ssl=1 3x"},"classes":[]},{"id":6070,"url":"https:\/\/artejoven.org\/en\/fondo-de-arte-joven-entrega-premio-colateral-en-el-ii-salon-de-arte-contemporaneo-rene-valdes-cedeno\/","url_meta":{"origin":7232,"position":5},"title":"Youth Art Fund awards collateral prize at the 2nd Ren\u00e9 Vald\u00e9s Cede\u00f1o Contemporary Art Salon","author":"Ren\u00e9 Manuel Puig","date":"7 de October de 2023","format":false,"excerpt":"On the afternoon of Friday, October 6, the results of the 2nd Contemporary Art Salon were announced at the Ren\u00e9 Vald\u00e9s Cede\u00f1o Gallery in the city of Santiago de Cuba.","rel":"","context":"In &quot;Desde el FAJ&quot;","block_context":{"text":"Desde el FAJ","link":"https:\/\/artejoven.org\/en\/category\/noticias\/desde-el-faj\/"},"img":{"alt_text":"Fondo de Arte Joven entrega premio colateral en el II Sal\u00f3n de Arte Contempor\u00e1neo Ren\u00e9 Vald\u00e9s Cede\u00f1o","src":"https:\/\/i0.wp.com\/artejoven.org\/wp-content\/uploads\/2023\/10\/Fondo-de-Arte-Joven-entrega-premio-colateral-en-el-II-Salon-de-Arte-Contemporaneo-Rene-Valdes-Cedeno.jpg?resize=350%2C200&ssl=1","width":350,"height":200,"srcset":"https:\/\/i0.wp.com\/artejoven.org\/wp-content\/uploads\/2023\/10\/Fondo-de-Arte-Joven-entrega-premio-colateral-en-el-II-Salon-de-Arte-Contemporaneo-Rene-Valdes-Cedeno.jpg?resize=350%2C200&ssl=1 1x, https:\/\/i0.wp.com\/artejoven.org\/wp-content\/uploads\/2023\/10\/Fondo-de-Arte-Joven-entrega-premio-colateral-en-el-II-Salon-de-Arte-Contemporaneo-Rene-Valdes-Cedeno.jpg?resize=525%2C300&ssl=1 1.5x, https:\/\/i0.wp.com\/artejoven.org\/wp-content\/uploads\/2023\/10\/Fondo-de-Arte-Joven-entrega-premio-colateral-en-el-II-Salon-de-Arte-Contemporaneo-Rene-Valdes-Cedeno.jpg?resize=700%2C400&ssl=1 2x, https:\/\/i0.wp.com\/artejoven.org\/wp-content\/uploads\/2023\/10\/Fondo-de-Arte-Joven-entrega-premio-colateral-en-el-II-Salon-de-Arte-Contemporaneo-Rene-Valdes-Cedeno.jpg?resize=1050%2C600&ssl=1 3x, https:\/\/i0.wp.com\/artejoven.org\/wp-content\/uploads\/2023\/10\/Fondo-de-Arte-Joven-entrega-premio-colateral-en-el-II-Salon-de-Arte-Contemporaneo-Rene-Valdes-Cedeno.jpg?resize=1400%2C800&ssl=1 4x"},"classes":[]}],"jetpack_sharing_enabled":true,"_links":{"self":[{"href":"https:\/\/artejoven.org\/en\/wp-json\/wp\/v2\/posts\/7232","targetHints":{"allow":["GET"]}}],"collection":[{"href":"https:\/\/artejoven.org\/en\/wp-json\/wp\/v2\/posts"}],"about":[{"href":"https:\/\/artejoven.org\/en\/wp-json\/wp\/v2\/types\/post"}],"author":[{"embeddable":true,"href":"https:\/\/artejoven.org\/en\/wp-json\/wp\/v2\/users\/1"}],"replies":[{"embeddable":true,"href":"https:\/\/artejoven.org\/en\/wp-json\/wp\/v2\/comments?post=7232"}],"version-history":[{"count":0,"href":"https:\/\/artejoven.org\/en\/wp-json\/wp\/v2\/posts\/7232\/revisions"}],"wp:featuredmedia":[{"embeddable":true,"href":"https:\/\/artejoven.org\/en\/wp-json\/wp\/v2\/media\/7233"}],"wp:attachment":[{"href":"https:\/\/artejoven.org\/en\/wp-json\/wp\/v2\/media?parent=7232"}],"wp:term":[{"taxonomy":"category","embeddable":true,"href":"https:\/\/artejoven.org\/en\/wp-json\/wp\/v2\/categories?post=7232"},{"taxonomy":"post_tag","embeddable":true,"href":"https:\/\/artejoven.org\/en\/wp-json\/wp\/v2\/tags?post=7232"}],"curies":[{"name":"wp","href":"https:\/\/api.w.org\/{rel}","templated":true}]}}