{"id":8300,"date":"2024-10-09T17:01:15","date_gmt":"2024-10-09T21:01:15","guid":{"rendered":"https:\/\/artejoven.org\/?p=8300"},"modified":"2024-10-09T17:44:28","modified_gmt":"2024-10-09T21:44:28","slug":"a-historic-collaboration-havana-clasica-international-festival-joins-the-havana-international-ballet-festival","status":"publish","type":"post","link":"https:\/\/artejoven.org\/en\/una-colaboracion-historica-festival-internacional-habana-clasica-se-une-al-festival-internacional-de-ballet-de-la-habana\/","title":{"rendered":"A Historic Collaboration: Festival Internacional Habana Cl\u00e1sica joins the \"Alicia Alonso\" International Ballet Festival of Havana"},"content":{"rendered":"<p>In an unprecedented artistic alliance, the Fondo de Arte Joven (FAJ) and the Habana Cl\u00e1sica International Festival (FIHC) join forces with the prestigious Havana International Ballet Festival to offer an exceptional cultural experience that fuses the best of classical music and dance. This collaboration will allow renowned musicians, who have excelled in previous editions of Habana Cl\u00e1sica and have collaborated with the FAJ as jurors and advisors, to perform emblematic works from the universal and Cuban musical repertoire in various choreographies of the festival.<\/p>\n\n\n\n<p>Renowned Russian cellist and conductor Nikolay Shugaev will conduct all performances of \"Swan Lake\", the acclaimed ballet with music by composer P. I. Tchaikovsky. Likewise, the renowned Venezuelan conductor Daniel Gil will lead the Cuban version of the ballet \"Carmen\", with music by G. Bizet.<\/p>\n\n\n\n<p>A stellar cast of international performers will share the stage with the <em>etoiles<\/em> The event's guests included prominent pianists such as Aldo L\u00f3pez-Gavil\u00e1n and Marcos Madrigal, president of the Asociaci\u00f3n Cultural Habana Cl\u00e1sica, managing partner of FAJ's music profile, flutist Niurka Gonz\u00e1lez, as well as talented young Cubans such as pianist Daniela Rivero and the Alma String Quartet, the latter a beneficiary of FAJ's call for proposals program, among others.<\/p>\n\n\n\n<p>The musical repertoire of this occasion will include works by great composers such as J. S. Bach, C. Saint-Sa\u00ebns, S. Rachmaninoff, T. Carre\u00f1o and E. Lecuona. Lecuona, thus ensuring an artistic proposal of the highest level.<\/p>\n\n\n\n<p>For FAJ and Habana Cl\u00e1sica, this collaboration represents a great honor and an invaluable opportunity, assuming the responsibility of programming live music at the \"Alicia Alonso\" Havana International Ballet Festival, considered one of the most outstanding events on the international dance scene.<\/p>\n\n\n\n<p>See the program at the following link:<\/p>\n\n\n\n<p><a href=\"https:\/\/balletcuba.cult.cu\/noticias\/programacion-28-festival-internacional-de-ballet-de-la-habana\">https:\/\/balletcuba.cult.cu\/noticias\/programacion-28-festival-internacional-de-ballet-de-la-habana<\/a><\/p>","protected":false},"excerpt":{"rendered":"<p>For FAJ and Habana Cl\u00e1sica, this collaboration represents a great honor and an invaluable opportunity, assuming the responsibility of programming live music at the Havana International Ballet Festival.<\/p>","protected":false},"author":1,"featured_media":8301,"comment_status":"open","ping_status":"open","sticky":false,"template":"","format":"standard","meta":{"_acf_changed":false,"_jetpack_memberships_contains_paid_content":false,"footnotes":"","_links_to":"","_links_to_target":""},"categories":[35],"tags":[],"class_list":{"0":"post-8300","1":"post","2":"type-post","3":"status-publish","4":"format-standard","5":"has-post-thumbnail","6":"hentry","7":"category-desde-el-faj","9":"post-with-thumbnail","10":"post-with-thumbnail-large"},"acf":[],"aioseo_notices":[],"jetpack_featured_media_url":"https:\/\/artejoven.org\/wp-content\/uploads\/2024\/10\/Festival-de-ballet-jpg.webp","jetpack-related-posts":[{"id":6399,"url":"https:\/\/artejoven.org\/en\/inicia-el-festival-internacional-habana-clasica-una-celebracion-a-la-diversidad-y-la-belleza-de-la-musica-inicia-el-festival-internacional-habana-clasica\/","url_meta":{"origin":8300,"position":0},"title":"The Habana Cl\u00e1sica International Festival begins: A celebration of diversity and the beauty of music","author":"Ren\u00e9 Manuel Puig","date":"15 de November de 2023","format":false,"excerpt":"With the will to offer a program of excellence designed to satisfy the most demanding tastes, the fifth edition of Habana Cl\u00e1sica is about to raise its curtains.","rel":"","context":"In &quot;Desde el FAJ&quot;","block_context":{"text":"Desde el FAJ","link":"https:\/\/artejoven.org\/en\/category\/noticias\/desde-el-faj\/"},"img":{"alt_text":"Habana Cl\u00e1sica","src":"https:\/\/i0.wp.com\/artejoven.org\/wp-content\/uploads\/2023\/11\/Habana-Clasica-jpg.webp?resize=350%2C200&ssl=1","width":350,"height":200,"srcset":"https:\/\/i0.wp.com\/artejoven.org\/wp-content\/uploads\/2023\/11\/Habana-Clasica-jpg.webp?resize=350%2C200&ssl=1 1x, https:\/\/i0.wp.com\/artejoven.org\/wp-content\/uploads\/2023\/11\/Habana-Clasica-jpg.webp?resize=525%2C300&ssl=1 1.5x, https:\/\/i0.wp.com\/artejoven.org\/wp-content\/uploads\/2023\/11\/Habana-Clasica-jpg.webp?resize=700%2C400&ssl=1 2x, https:\/\/i0.wp.com\/artejoven.org\/wp-content\/uploads\/2023\/11\/Habana-Clasica-jpg.webp?resize=1050%2C600&ssl=1 3x"},"classes":[]},{"id":9503,"url":"https:\/\/artejoven.org\/en\/fondo-de-arte-joven-y-museo-nacional-de-la-musica-presentan-el-libro-la-direccion-orquestal-sinfonica-y-su-expresion-en-cuba-del-maestro-guido-lopez-gavilan\/","url_meta":{"origin":8300,"position":1},"title":"Fondo de Arte Joven and Museo Nacional de la M\u00fasica present the book La direcci\u00f3n orquestal sinf\u00f3nica y su expresi\u00f3n en Cuba by maestro Guido L\u00f3pez-Gavil\u00e1n.","author":"Ren\u00e9 Manuel Puig","date":"28 de May de 2025","format":false,"excerpt":"The Fondo de Arte Joven (FAJ), the Museo Nacional de la M\u00fasica and maestro Guido L\u00f3pez-Gavil\u00e1n, have the honor to announce the presentation of the book La direcci\u00f3n orquestal sinf\u00f3nica y su expresi\u00f3n en Cuba (Symphonic Orchestral Conducting and its Expression in Cuba).","rel":"","context":"In &quot;Desde el FAJ&quot;","block_context":{"text":"Desde el FAJ","link":"https:\/\/artejoven.org\/en\/category\/noticias\/desde-el-faj\/"},"img":{"alt_text":"La direcci\u00f3n orquestal","src":"https:\/\/i0.wp.com\/artejoven.org\/wp-content\/uploads\/2024\/02\/La-direccion-orquestal-jpg.webp?resize=350%2C200&ssl=1","width":350,"height":200,"srcset":"https:\/\/i0.wp.com\/artejoven.org\/wp-content\/uploads\/2024\/02\/La-direccion-orquestal-jpg.webp?resize=350%2C200&ssl=1 1x, https:\/\/i0.wp.com\/artejoven.org\/wp-content\/uploads\/2024\/02\/La-direccion-orquestal-jpg.webp?resize=525%2C300&ssl=1 1.5x, https:\/\/i0.wp.com\/artejoven.org\/wp-content\/uploads\/2024\/02\/La-direccion-orquestal-jpg.webp?resize=700%2C400&ssl=1 2x, https:\/\/i0.wp.com\/artejoven.org\/wp-content\/uploads\/2024\/02\/La-direccion-orquestal-jpg.webp?resize=1050%2C600&ssl=1 3x"},"classes":[]},{"id":6709,"url":"https:\/\/artejoven.org\/en\/habana-clasica-y-sus-jovenes\/","url_meta":{"origin":8300,"position":2},"title":"Habana Cl\u00e1sica and its young people","author":"Ren\u00e9 Manuel Puig","date":"15 de December de 2023","format":false,"excerpt":"by Gabriela Mili\u00e1n Calzadilla. The human condition itself wanted to turn music into a language. I recognize, without hesitation, that it is the most special of all. It is not an indispensable requirement to master the grammar of sound in order to listen, to feel, to let oneself be carried away?","rel":"","context":"In &quot;Desde el FAJ&quot;","block_context":{"text":"Desde el FAJ","link":"https:\/\/artejoven.org\/en\/category\/noticias\/desde-el-faj\/"},"img":{"alt_text":"Mar\u00eda Montenegro","src":"https:\/\/i0.wp.com\/artejoven.org\/wp-content\/uploads\/2023\/12\/Maria-Montenegro-1-jpg.webp?resize=350%2C200&ssl=1","width":350,"height":200,"srcset":"https:\/\/i0.wp.com\/artejoven.org\/wp-content\/uploads\/2023\/12\/Maria-Montenegro-1-jpg.webp?resize=350%2C200&ssl=1 1x, https:\/\/i0.wp.com\/artejoven.org\/wp-content\/uploads\/2023\/12\/Maria-Montenegro-1-jpg.webp?resize=525%2C300&ssl=1 1.5x, https:\/\/i0.wp.com\/artejoven.org\/wp-content\/uploads\/2023\/12\/Maria-Montenegro-1-jpg.webp?resize=700%2C400&ssl=1 2x, https:\/\/i0.wp.com\/artejoven.org\/wp-content\/uploads\/2023\/12\/Maria-Montenegro-1-jpg.webp?resize=1050%2C600&ssl=1 3x"},"classes":[]},{"id":6419,"url":"https:\/\/artejoven.org\/en\/impulsar-el-arte-como-puente-entre-culturas-y-generaciones\/","url_meta":{"origin":8300,"position":3},"title":"Promoting art as a bridge between cultures and generations","author":"Ren\u00e9 Manuel Puig","date":"29 de November de 2023","format":false,"excerpt":"As a bridge that enriches and diversifies the artistic experience both in Cuba and beyond its borders, the YAF builds an innovative, interdisciplinary, and resilient space, also in Habana Cl\u00e1sica.","rel":"","context":"In &quot;Desde el FAJ&quot;","block_context":{"text":"Desde el FAJ","link":"https:\/\/artejoven.org\/en\/category\/noticias\/desde-el-faj\/"},"img":{"alt_text":"Impulsar el arte como puente entre culturas y generaciones","src":"https:\/\/i0.wp.com\/artejoven.org\/wp-content\/uploads\/2023\/11\/Habana-Clasica-1-jpg.webp?resize=350%2C200&ssl=1","width":350,"height":200,"srcset":"https:\/\/i0.wp.com\/artejoven.org\/wp-content\/uploads\/2023\/11\/Habana-Clasica-1-jpg.webp?resize=350%2C200&ssl=1 1x, https:\/\/i0.wp.com\/artejoven.org\/wp-content\/uploads\/2023\/11\/Habana-Clasica-1-jpg.webp?resize=525%2C300&ssl=1 1.5x, https:\/\/i0.wp.com\/artejoven.org\/wp-content\/uploads\/2023\/11\/Habana-Clasica-1-jpg.webp?resize=700%2C400&ssl=1 2x, https:\/\/i0.wp.com\/artejoven.org\/wp-content\/uploads\/2023\/11\/Habana-Clasica-1-jpg.webp?resize=1050%2C600&ssl=1 3x"},"classes":[]},{"id":9473,"url":"https:\/\/artejoven.org\/en\/director-musical-del-fondo-de-arte-joven-recibe-orden-de-las-artes-y-letras-de-francia\/","url_meta":{"origin":8300,"position":4},"title":"Music Director of the Fondo de Arte Joven receives the Order of Arts and Letters of France","author":"Ren\u00e9 Manuel Puig","date":"14 de May de 2025","format":false,"excerpt":"With this distinction, the French Ministry of Culture honors a double vocation: that of a pianist of excellence and that of a cultural manager of trajectory.","rel":"","context":"In &quot;Desde el FAJ&quot;","block_context":{"text":"Desde el FAJ","link":"https:\/\/artejoven.org\/en\/category\/noticias\/desde-el-faj\/"},"img":{"alt_text":"Marcos Madrigal","src":"https:\/\/i0.wp.com\/artejoven.org\/wp-content\/uploads\/2025\/05\/02-Director-Musical-de-FAJ-recibe-orden-Caballero-de-las-Artes.webp?resize=350%2C200&ssl=1","width":350,"height":200,"srcset":"https:\/\/i0.wp.com\/artejoven.org\/wp-content\/uploads\/2025\/05\/02-Director-Musical-de-FAJ-recibe-orden-Caballero-de-las-Artes.webp?resize=350%2C200&ssl=1 1x, https:\/\/i0.wp.com\/artejoven.org\/wp-content\/uploads\/2025\/05\/02-Director-Musical-de-FAJ-recibe-orden-Caballero-de-las-Artes.webp?resize=525%2C300&ssl=1 1.5x, https:\/\/i0.wp.com\/artejoven.org\/wp-content\/uploads\/2025\/05\/02-Director-Musical-de-FAJ-recibe-orden-Caballero-de-las-Artes.webp?resize=700%2C400&ssl=1 2x, https:\/\/i0.wp.com\/artejoven.org\/wp-content\/uploads\/2025\/05\/02-Director-Musical-de-FAJ-recibe-orden-Caballero-de-las-Artes.webp?resize=1050%2C600&ssl=1 3x"},"classes":[]},{"id":6442,"url":"https:\/\/artejoven.org\/en\/se-presenta-en-la-habana-el-libro-la-direccion-orquestal-sinfonica-y-su-expresion-en-cuba\/","url_meta":{"origin":8300,"position":5},"title":"The book \"Symphonic Orchestral Conducting and its Expression in Cuba\" is presented in Havana","author":"Ren\u00e9 Manuel Puig","date":"4 de December de 2023","format":false,"excerpt":"The book La direcci\u00f3n orquestal sinf\u00f3nica y su expresi\u00f3n en Cuba (Symphonic Orchestral Conducting and its Expression in Cuba), by maestro Guido L\u00f3pez-Gavil\u00e1n, was presented this Saturday in Havana, during the closing ceremony of the Habana Cl\u00e1sica International Festival, at the Basilica of the San Francisco de As\u00eds Convent.","rel":"","context":"In &quot;Desde el FAJ&quot;","block_context":{"text":"Desde el FAJ","link":"https:\/\/artejoven.org\/en\/category\/noticias\/desde-el-faj\/"},"img":{"alt_text":"Presentaci\u00f3n del libro La direcci\u00f3n orquestal sinf\u00f3nica y su expresi\u00f3n en Cuba","src":"https:\/\/i0.wp.com\/artejoven.org\/wp-content\/uploads\/2023\/12\/Presentacion-de-libro-La-Direccion-Orquestal-en-Cuba-jpg.webp?resize=350%2C200&ssl=1","width":350,"height":200,"srcset":"https:\/\/i0.wp.com\/artejoven.org\/wp-content\/uploads\/2023\/12\/Presentacion-de-libro-La-Direccion-Orquestal-en-Cuba-jpg.webp?resize=350%2C200&ssl=1 1x, https:\/\/i0.wp.com\/artejoven.org\/wp-content\/uploads\/2023\/12\/Presentacion-de-libro-La-Direccion-Orquestal-en-Cuba-jpg.webp?resize=525%2C300&ssl=1 1.5x, https:\/\/i0.wp.com\/artejoven.org\/wp-content\/uploads\/2023\/12\/Presentacion-de-libro-La-Direccion-Orquestal-en-Cuba-jpg.webp?resize=700%2C400&ssl=1 2x, https:\/\/i0.wp.com\/artejoven.org\/wp-content\/uploads\/2023\/12\/Presentacion-de-libro-La-Direccion-Orquestal-en-Cuba-jpg.webp?resize=1050%2C600&ssl=1 3x"},"classes":[]}],"jetpack_sharing_enabled":true,"_links":{"self":[{"href":"https:\/\/artejoven.org\/en\/wp-json\/wp\/v2\/posts\/8300","targetHints":{"allow":["GET"]}}],"collection":[{"href":"https:\/\/artejoven.org\/en\/wp-json\/wp\/v2\/posts"}],"about":[{"href":"https:\/\/artejoven.org\/en\/wp-json\/wp\/v2\/types\/post"}],"author":[{"embeddable":true,"href":"https:\/\/artejoven.org\/en\/wp-json\/wp\/v2\/users\/1"}],"replies":[{"embeddable":true,"href":"https:\/\/artejoven.org\/en\/wp-json\/wp\/v2\/comments?post=8300"}],"version-history":[{"count":0,"href":"https:\/\/artejoven.org\/en\/wp-json\/wp\/v2\/posts\/8300\/revisions"}],"wp:featuredmedia":[{"embeddable":true,"href":"https:\/\/artejoven.org\/en\/wp-json\/wp\/v2\/media\/8301"}],"wp:attachment":[{"href":"https:\/\/artejoven.org\/en\/wp-json\/wp\/v2\/media?parent=8300"}],"wp:term":[{"taxonomy":"category","embeddable":true,"href":"https:\/\/artejoven.org\/en\/wp-json\/wp\/v2\/categories?post=8300"},{"taxonomy":"post_tag","embeddable":true,"href":"https:\/\/artejoven.org\/en\/wp-json\/wp\/v2\/tags?post=8300"}],"curies":[{"name":"wp","href":"https:\/\/api.w.org\/{rel}","templated":true}]}}