{"id":8355,"date":"2024-12-10T12:28:14","date_gmt":"2024-12-10T17:28:14","guid":{"rendered":"https:\/\/artejoven.org\/?p=8355"},"modified":"2024-12-19T16:02:50","modified_gmt":"2024-12-19T21:02:50","slug":"talent-and-creativity-the-unforgettable-experience-of-the-national-music-contest","status":"publish","type":"post","link":"https:\/\/artejoven.org\/en\/talento-y-creatividad-la-inolvidable-experiencia-del-concurso-nacional-de-musica\/","title":{"rendered":"Talent and creativity: the unforgettable experience of the National Music Contest"},"content":{"rendered":"<p>September began with a musical challenge. The news spread quickly through WhatsApp groups, on the recommendation of teachers, students, close friends and press media in various provinces of Cuba. The Fondo de Arte Joven (FAJ) and the United Nations Children's Fund (UNICEF) in Cuba were calling adolescents between the ages of 12 and 18 to participate in the first edition of the National Music Contest.<\/p>\n\n\n\n<p>This initiative greeted the 35th anniversary of the Convention on the Rights of the Child, and although it was the first collaboration between FAJ and UNICEF, it already had its antecedents in the 1990s. At that time, pianist and composer Ern\u00e1n L\u00f3pez-Nussa, UNICEF Goodwill Ambassador, carried out artistic exchanges and concerts with children from Cuban schools, who are now important exponents of Cuban music.<\/p>\n\n\n\n<div class=\"wp-block-jetpack-tiled-gallery aligncenter is-style-rectangular\"><div class=\"has-rounded-corners-15\"><div class=\"tiled-gallery__gallery\"><div class=\"tiled-gallery__row\"><div class=\"tiled-gallery__col\" style=\"flex-basis:66.80756%\"><figure class=\"tiled-gallery__item\"><a href=\"https:\/\/artejoven.org\/wp-content\/uploads\/2024\/12\/DSC05579-1024x684.webp\"><img decoding=\"async\" srcset=\"https:\/\/i0.wp.com\/artejoven.org\/wp-content\/uploads\/2024\/12\/DSC05579-1024x684.webp?strip=info&#038;w=600&#038;ssl=1 600w,https:\/\/i0.wp.com\/artejoven.org\/wp-content\/uploads\/2024\/12\/DSC05579-1024x684.webp?strip=info&#038;w=900&#038;ssl=1 900w,https:\/\/i0.wp.com\/artejoven.org\/wp-content\/uploads\/2024\/12\/DSC05579-1024x684.webp?strip=info&#038;w=1200&#038;ssl=1 1200w,https:\/\/i0.wp.com\/artejoven.org\/wp-content\/uploads\/2024\/12\/DSC05579-1024x684.webp?strip=info&#038;w=1500&#038;ssl=1 1500w,https:\/\/i0.wp.com\/artejoven.org\/wp-content\/uploads\/2024\/12\/DSC05579-1024x684.webp?strip=info&#038;w=1616&#038;ssl=1 1616w\" alt=\"\" data-height=\"1080\" data-id=\"8363\" data-link=\"https:\/\/artejoven.org\/?attachment_id=8363#main\" data-url=\"https:\/\/artejoven.org\/wp-content\/uploads\/2024\/12\/DSC05579-1024x684.webp\" data-width=\"1616\" src=\"https:\/\/i0.wp.com\/artejoven.org\/wp-content\/uploads\/2024\/12\/DSC05579-1024x684.webp?ssl=1\" data-amp-layout=\"responsive\" tabindex=\"0\" role=\"button\" aria-label=\"Open image 1 of 7 in full screen\"\/><\/a><\/figure><\/div><div class=\"tiled-gallery__col\" style=\"flex-basis:33.19244%\"><figure class=\"tiled-gallery__item\"><a href=\"https:\/\/artejoven.org\/wp-content\/uploads\/2024\/12\/DSC05591-1024x684.webp\"><img decoding=\"async\" srcset=\"https:\/\/i0.wp.com\/artejoven.org\/wp-content\/uploads\/2024\/12\/DSC05591-1024x684.webp?strip=info&#038;w=600&#038;ssl=1 600w,https:\/\/i0.wp.com\/artejoven.org\/wp-content\/uploads\/2024\/12\/DSC05591-1024x684.webp?strip=info&#038;w=900&#038;ssl=1 900w,https:\/\/i0.wp.com\/artejoven.org\/wp-content\/uploads\/2024\/12\/DSC05591-1024x684.webp?strip=info&#038;w=1200&#038;ssl=1 1200w,https:\/\/i0.wp.com\/artejoven.org\/wp-content\/uploads\/2024\/12\/DSC05591-1024x684.webp?strip=info&#038;w=1500&#038;ssl=1 1500w,https:\/\/i0.wp.com\/artejoven.org\/wp-content\/uploads\/2024\/12\/DSC05591-1024x684.webp?strip=info&#038;w=1616&#038;ssl=1 1616w\" alt=\"\" data-height=\"1080\" data-id=\"8360\" data-link=\"https:\/\/artejoven.org\/?attachment_id=8360#main\" data-url=\"https:\/\/artejoven.org\/wp-content\/uploads\/2024\/12\/DSC05591-1024x684.webp\" data-width=\"1616\" src=\"https:\/\/i0.wp.com\/artejoven.org\/wp-content\/uploads\/2024\/12\/DSC05591-1024x684.webp?ssl=1\" data-amp-layout=\"responsive\" tabindex=\"0\" role=\"button\" aria-label=\"Open image 2 of 7 in full screen\"\/><\/a><\/figure><figure class=\"tiled-gallery__item\"><a href=\"https:\/\/artejoven.org\/wp-content\/uploads\/2024\/12\/DSC05587-1024x684.webp\"><img decoding=\"async\" srcset=\"https:\/\/i0.wp.com\/artejoven.org\/wp-content\/uploads\/2024\/12\/DSC05587-1024x684.webp?strip=info&#038;w=600&#038;ssl=1 600w,https:\/\/i0.wp.com\/artejoven.org\/wp-content\/uploads\/2024\/12\/DSC05587-1024x684.webp?strip=info&#038;w=900&#038;ssl=1 900w,https:\/\/i0.wp.com\/artejoven.org\/wp-content\/uploads\/2024\/12\/DSC05587-1024x684.webp?strip=info&#038;w=1200&#038;ssl=1 1200w,https:\/\/i0.wp.com\/artejoven.org\/wp-content\/uploads\/2024\/12\/DSC05587-1024x684.webp?strip=info&#038;w=1500&#038;ssl=1 1500w,https:\/\/i0.wp.com\/artejoven.org\/wp-content\/uploads\/2024\/12\/DSC05587-1024x684.webp?strip=info&#038;w=1616&#038;ssl=1 1616w\" alt=\"\" data-height=\"1080\" data-id=\"8361\" data-link=\"https:\/\/artejoven.org\/?attachment_id=8361#main\" data-url=\"https:\/\/artejoven.org\/wp-content\/uploads\/2024\/12\/DSC05587-1024x684.webp\" data-width=\"1616\" src=\"https:\/\/i0.wp.com\/artejoven.org\/wp-content\/uploads\/2024\/12\/DSC05587-1024x684.webp?ssl=1\" data-amp-layout=\"responsive\" tabindex=\"0\" role=\"button\" aria-label=\"Open image 3 of 7 in full screen\"\/><\/a><\/figure><\/div><\/div><div class=\"tiled-gallery__row\"><div class=\"tiled-gallery__col\" style=\"flex-basis:25.00000%\"><figure class=\"tiled-gallery__item\"><a href=\"https:\/\/artejoven.org\/wp-content\/uploads\/2024\/12\/DSC05616-1024x684.webp\"><img decoding=\"async\" srcset=\"https:\/\/i0.wp.com\/artejoven.org\/wp-content\/uploads\/2024\/12\/DSC05616-1024x684.webp?strip=info&#038;w=600&#038;ssl=1 600w,https:\/\/i0.wp.com\/artejoven.org\/wp-content\/uploads\/2024\/12\/DSC05616-1024x684.webp?strip=info&#038;w=900&#038;ssl=1 900w,https:\/\/i0.wp.com\/artejoven.org\/wp-content\/uploads\/2024\/12\/DSC05616-1024x684.webp?strip=info&#038;w=1200&#038;ssl=1 1200w,https:\/\/i0.wp.com\/artejoven.org\/wp-content\/uploads\/2024\/12\/DSC05616-1024x684.webp?strip=info&#038;w=1500&#038;ssl=1 1500w,https:\/\/i0.wp.com\/artejoven.org\/wp-content\/uploads\/2024\/12\/DSC05616-1024x684.webp?strip=info&#038;w=1616&#038;ssl=1 1616w\" alt=\"\" data-height=\"1080\" data-id=\"8359\" data-link=\"https:\/\/artejoven.org\/?attachment_id=8359#main\" data-url=\"https:\/\/artejoven.org\/wp-content\/uploads\/2024\/12\/DSC05616-1024x684.webp\" data-width=\"1616\" src=\"https:\/\/i0.wp.com\/artejoven.org\/wp-content\/uploads\/2024\/12\/DSC05616-1024x684.webp?ssl=1\" data-amp-layout=\"responsive\" tabindex=\"0\" role=\"button\" aria-label=\"Open image 4 of 7 in full screen\"\/><\/a><\/figure><\/div><div class=\"tiled-gallery__col\" style=\"flex-basis:25.00000%\"><figure class=\"tiled-gallery__item\"><a href=\"https:\/\/artejoven.org\/wp-content\/uploads\/2024\/12\/DSC05574-1024x684.webp\"><img decoding=\"async\" srcset=\"https:\/\/i0.wp.com\/artejoven.org\/wp-content\/uploads\/2024\/12\/DSC05574-1024x684.webp?strip=info&#038;w=600&#038;ssl=1 600w,https:\/\/i0.wp.com\/artejoven.org\/wp-content\/uploads\/2024\/12\/DSC05574-1024x684.webp?strip=info&#038;w=900&#038;ssl=1 900w,https:\/\/i0.wp.com\/artejoven.org\/wp-content\/uploads\/2024\/12\/DSC05574-1024x684.webp?strip=info&#038;w=1200&#038;ssl=1 1200w,https:\/\/i0.wp.com\/artejoven.org\/wp-content\/uploads\/2024\/12\/DSC05574-1024x684.webp?strip=info&#038;w=1500&#038;ssl=1 1500w,https:\/\/i0.wp.com\/artejoven.org\/wp-content\/uploads\/2024\/12\/DSC05574-1024x684.webp?strip=info&#038;w=1616&#038;ssl=1 1616w\" alt=\"\" data-height=\"1080\" data-id=\"8362\" data-link=\"https:\/\/artejoven.org\/?attachment_id=8362#main\" data-url=\"https:\/\/artejoven.org\/wp-content\/uploads\/2024\/12\/DSC05574-1024x684.webp\" data-width=\"1616\" src=\"https:\/\/i0.wp.com\/artejoven.org\/wp-content\/uploads\/2024\/12\/DSC05574-1024x684.webp?ssl=1\" data-amp-layout=\"responsive\" tabindex=\"0\" role=\"button\" aria-label=\"Open image 5 of 7 in full screen\"\/><\/a><\/figure><\/div><div class=\"tiled-gallery__col\" style=\"flex-basis:25.00000%\"><figure class=\"tiled-gallery__item\"><a href=\"https:\/\/artejoven.org\/wp-content\/uploads\/2024\/12\/DSC05678-1024x684.webp\"><img decoding=\"async\" srcset=\"https:\/\/i0.wp.com\/artejoven.org\/wp-content\/uploads\/2024\/12\/DSC05678-1024x684.webp?strip=info&#038;w=600&#038;ssl=1 600w,https:\/\/i0.wp.com\/artejoven.org\/wp-content\/uploads\/2024\/12\/DSC05678-1024x684.webp?strip=info&#038;w=900&#038;ssl=1 900w,https:\/\/i0.wp.com\/artejoven.org\/wp-content\/uploads\/2024\/12\/DSC05678-1024x684.webp?strip=info&#038;w=1200&#038;ssl=1 1200w,https:\/\/i0.wp.com\/artejoven.org\/wp-content\/uploads\/2024\/12\/DSC05678-1024x684.webp?strip=info&#038;w=1500&#038;ssl=1 1500w,https:\/\/i0.wp.com\/artejoven.org\/wp-content\/uploads\/2024\/12\/DSC05678-1024x684.webp?strip=info&#038;w=1616&#038;ssl=1 1616w\" alt=\"\" data-height=\"1080\" data-id=\"8357\" data-link=\"https:\/\/artejoven.org\/?attachment_id=8357#main\" data-url=\"https:\/\/artejoven.org\/wp-content\/uploads\/2024\/12\/DSC05678-1024x684.webp\" data-width=\"1616\" src=\"https:\/\/i0.wp.com\/artejoven.org\/wp-content\/uploads\/2024\/12\/DSC05678-1024x684.webp?ssl=1\" data-amp-layout=\"responsive\" tabindex=\"0\" role=\"button\" aria-label=\"Open image 6 of 7 in full screen\"\/><\/a><\/figure><\/div><div class=\"tiled-gallery__col\" style=\"flex-basis:25.00000%\"><figure class=\"tiled-gallery__item\"><a href=\"https:\/\/artejoven.org\/wp-content\/uploads\/2024\/12\/DSC05682-1024x684.webp\"><img decoding=\"async\" srcset=\"https:\/\/i0.wp.com\/artejoven.org\/wp-content\/uploads\/2024\/12\/DSC05682-1024x684.webp?strip=info&#038;w=600&#038;ssl=1 600w,https:\/\/i0.wp.com\/artejoven.org\/wp-content\/uploads\/2024\/12\/DSC05682-1024x684.webp?strip=info&#038;w=900&#038;ssl=1 900w,https:\/\/i0.wp.com\/artejoven.org\/wp-content\/uploads\/2024\/12\/DSC05682-1024x684.webp?strip=info&#038;w=1200&#038;ssl=1 1200w,https:\/\/i0.wp.com\/artejoven.org\/wp-content\/uploads\/2024\/12\/DSC05682-1024x684.webp?strip=info&#038;w=1500&#038;ssl=1 1500w,https:\/\/i0.wp.com\/artejoven.org\/wp-content\/uploads\/2024\/12\/DSC05682-1024x684.webp?strip=info&#038;w=1616&#038;ssl=1 1616w\" alt=\"\" data-height=\"1080\" data-id=\"8358\" data-link=\"https:\/\/artejoven.org\/?attachment_id=8358#main\" data-url=\"https:\/\/artejoven.org\/wp-content\/uploads\/2024\/12\/DSC05682-1024x684.webp\" data-width=\"1616\" src=\"https:\/\/i0.wp.com\/artejoven.org\/wp-content\/uploads\/2024\/12\/DSC05682-1024x684.webp?ssl=1\" data-amp-layout=\"responsive\" tabindex=\"0\" role=\"button\" aria-label=\"Open image 7 of 7 in full screen\"\/><\/a><\/figure><\/div><\/div><\/div><\/div><\/div>\n\n\n\n<p>This particular experience extended the call to musicians in training, from artistic education or self-taught, who competed with a video showing their performance, as a soloist, of one or more musical works of their choice. Complete works, movements of works, new creations, songs or improvisations were admitted.<\/p>\n\n\n\n<p>The jury was composed of renowned national and international musicians, such as Marcos Madrigal, president of the Habana Cl\u00e1sica Cultural Association and partner and manager of FAJ's music profile; violinist and deputy artistic director of the Habana Cl\u00e1sica International Festival, Lissy Abreu; Daiana Garc\u00eda, chief conductor of the Havana Chamber Orchestra; Alessandro Stella, record producer, founder of Extended Place, and member of the Havana Chamber Orchestra; Alessandro Stella, record producer, founder of Extended Place, and member of the Havana Chamber Orchestra. <em>Recording Academy<\/em> and the <em>Latin Recording Academy, <\/em>and wind multi-instrumentalist, musical director and pedagogue, Janio Abreu.<\/p>\n\n\n\n<p>The application was made through the online Application Form on the FAJ website. At the close of the call, a total of 58 proposals were received, and after the jury's evaluation, 18 contestants advanced to the final phase of the competition.<\/p>\n\n\n\n<div class=\"wp-block-jetpack-tiled-gallery aligncenter is-style-rectangular\"><div class=\"has-rounded-corners-15\"><div class=\"tiled-gallery__gallery\"><div class=\"tiled-gallery__row\"><div class=\"tiled-gallery__col\" style=\"flex-basis:66.80756%\"><figure class=\"tiled-gallery__item\"><a href=\"https:\/\/artejoven.org\/wp-content\/uploads\/2024\/12\/DSC05696-1024x684.webp\"><img decoding=\"async\" srcset=\"https:\/\/i0.wp.com\/artejoven.org\/wp-content\/uploads\/2024\/12\/DSC05696-1024x684.webp?strip=info&#038;w=600&#038;ssl=1 600w,https:\/\/i0.wp.com\/artejoven.org\/wp-content\/uploads\/2024\/12\/DSC05696-1024x684.webp?strip=info&#038;w=900&#038;ssl=1 900w,https:\/\/i0.wp.com\/artejoven.org\/wp-content\/uploads\/2024\/12\/DSC05696-1024x684.webp?strip=info&#038;w=1200&#038;ssl=1 1200w,https:\/\/i0.wp.com\/artejoven.org\/wp-content\/uploads\/2024\/12\/DSC05696-1024x684.webp?strip=info&#038;w=1500&#038;ssl=1 1500w,https:\/\/i0.wp.com\/artejoven.org\/wp-content\/uploads\/2024\/12\/DSC05696-1024x684.webp?strip=info&#038;w=1616&#038;ssl=1 1616w\" alt=\"\" data-height=\"1080\" data-id=\"8368\" data-link=\"https:\/\/artejoven.org\/?attachment_id=8368#main\" data-url=\"https:\/\/artejoven.org\/wp-content\/uploads\/2024\/12\/DSC05696-1024x684.webp\" data-width=\"1616\" src=\"https:\/\/i0.wp.com\/artejoven.org\/wp-content\/uploads\/2024\/12\/DSC05696-1024x684.webp?ssl=1\" data-amp-layout=\"responsive\" tabindex=\"0\" role=\"button\" aria-label=\"Open image 1 of 5 in full screen\"\/><\/a><\/figure><\/div><div class=\"tiled-gallery__col\" style=\"flex-basis:33.19244%\"><figure class=\"tiled-gallery__item\"><a href=\"https:\/\/artejoven.org\/wp-content\/uploads\/2024\/12\/DSC05700-1024x684.webp\"><img decoding=\"async\" srcset=\"https:\/\/i0.wp.com\/artejoven.org\/wp-content\/uploads\/2024\/12\/DSC05700-1024x684.webp?strip=info&#038;w=600&#038;ssl=1 600w,https:\/\/i0.wp.com\/artejoven.org\/wp-content\/uploads\/2024\/12\/DSC05700-1024x684.webp?strip=info&#038;w=900&#038;ssl=1 900w,https:\/\/i0.wp.com\/artejoven.org\/wp-content\/uploads\/2024\/12\/DSC05700-1024x684.webp?strip=info&#038;w=1200&#038;ssl=1 1200w,https:\/\/i0.wp.com\/artejoven.org\/wp-content\/uploads\/2024\/12\/DSC05700-1024x684.webp?strip=info&#038;w=1500&#038;ssl=1 1500w,https:\/\/i0.wp.com\/artejoven.org\/wp-content\/uploads\/2024\/12\/DSC05700-1024x684.webp?strip=info&#038;w=1616&#038;ssl=1 1616w\" alt=\"\" data-height=\"1080\" data-id=\"8367\" data-link=\"https:\/\/artejoven.org\/?attachment_id=8367#main\" data-url=\"https:\/\/artejoven.org\/wp-content\/uploads\/2024\/12\/DSC05700-1024x684.webp\" data-width=\"1616\" src=\"https:\/\/i0.wp.com\/artejoven.org\/wp-content\/uploads\/2024\/12\/DSC05700-1024x684.webp?ssl=1\" data-amp-layout=\"responsive\" tabindex=\"0\" role=\"button\" aria-label=\"Open image 2 of 5 in full screen\"\/><\/a><\/figure><figure class=\"tiled-gallery__item\"><a href=\"https:\/\/artejoven.org\/wp-content\/uploads\/2024\/12\/DSC05713-1024x684.webp\"><img decoding=\"async\" srcset=\"https:\/\/i0.wp.com\/artejoven.org\/wp-content\/uploads\/2024\/12\/DSC05713-1024x684.webp?strip=info&#038;w=600&#038;ssl=1 600w,https:\/\/i0.wp.com\/artejoven.org\/wp-content\/uploads\/2024\/12\/DSC05713-1024x684.webp?strip=info&#038;w=900&#038;ssl=1 900w,https:\/\/i0.wp.com\/artejoven.org\/wp-content\/uploads\/2024\/12\/DSC05713-1024x684.webp?strip=info&#038;w=1200&#038;ssl=1 1200w,https:\/\/i0.wp.com\/artejoven.org\/wp-content\/uploads\/2024\/12\/DSC05713-1024x684.webp?strip=info&#038;w=1500&#038;ssl=1 1500w,https:\/\/i0.wp.com\/artejoven.org\/wp-content\/uploads\/2024\/12\/DSC05713-1024x684.webp?strip=info&#038;w=1616&#038;ssl=1 1616w\" alt=\"\" data-height=\"1080\" data-id=\"8364\" data-link=\"https:\/\/artejoven.org\/?attachment_id=8364#main\" data-url=\"https:\/\/artejoven.org\/wp-content\/uploads\/2024\/12\/DSC05713-1024x684.webp\" data-width=\"1616\" src=\"https:\/\/i0.wp.com\/artejoven.org\/wp-content\/uploads\/2024\/12\/DSC05713-1024x684.webp?ssl=1\" data-amp-layout=\"responsive\" tabindex=\"0\" role=\"button\" aria-label=\"Open image 3 of 5 in full screen\"\/><\/a><\/figure><\/div><\/div><div class=\"tiled-gallery__row\"><div class=\"tiled-gallery__col\" style=\"flex-basis:50.00000%\"><figure class=\"tiled-gallery__item\"><a href=\"https:\/\/artejoven.org\/wp-content\/uploads\/2024\/12\/DSC05717-1024x684.webp\"><img decoding=\"async\" srcset=\"https:\/\/i0.wp.com\/artejoven.org\/wp-content\/uploads\/2024\/12\/DSC05717-1024x684.webp?strip=info&#038;w=600&#038;ssl=1 600w,https:\/\/i0.wp.com\/artejoven.org\/wp-content\/uploads\/2024\/12\/DSC05717-1024x684.webp?strip=info&#038;w=900&#038;ssl=1 900w,https:\/\/i0.wp.com\/artejoven.org\/wp-content\/uploads\/2024\/12\/DSC05717-1024x684.webp?strip=info&#038;w=1200&#038;ssl=1 1200w,https:\/\/i0.wp.com\/artejoven.org\/wp-content\/uploads\/2024\/12\/DSC05717-1024x684.webp?strip=info&#038;w=1500&#038;ssl=1 1500w,https:\/\/i0.wp.com\/artejoven.org\/wp-content\/uploads\/2024\/12\/DSC05717-1024x684.webp?strip=info&#038;w=1616&#038;ssl=1 1616w\" alt=\"\" data-height=\"1080\" data-id=\"8365\" data-link=\"https:\/\/artejoven.org\/?attachment_id=8365#main\" data-url=\"https:\/\/artejoven.org\/wp-content\/uploads\/2024\/12\/DSC05717-1024x684.webp\" data-width=\"1616\" src=\"https:\/\/i0.wp.com\/artejoven.org\/wp-content\/uploads\/2024\/12\/DSC05717-1024x684.webp?ssl=1\" data-amp-layout=\"responsive\" tabindex=\"0\" role=\"button\" aria-label=\"Open image 4 of 5 in full screen\"\/><\/a><\/figure><\/div><div class=\"tiled-gallery__col\" style=\"flex-basis:50.00000%\"><figure class=\"tiled-gallery__item\"><a href=\"https:\/\/artejoven.org\/wp-content\/uploads\/2024\/12\/DSC05708-1024x684.webp\"><img decoding=\"async\" srcset=\"https:\/\/i0.wp.com\/artejoven.org\/wp-content\/uploads\/2024\/12\/DSC05708-1024x684.webp?strip=info&#038;w=600&#038;ssl=1 600w,https:\/\/i0.wp.com\/artejoven.org\/wp-content\/uploads\/2024\/12\/DSC05708-1024x684.webp?strip=info&#038;w=900&#038;ssl=1 900w,https:\/\/i0.wp.com\/artejoven.org\/wp-content\/uploads\/2024\/12\/DSC05708-1024x684.webp?strip=info&#038;w=1200&#038;ssl=1 1200w,https:\/\/i0.wp.com\/artejoven.org\/wp-content\/uploads\/2024\/12\/DSC05708-1024x684.webp?strip=info&#038;w=1500&#038;ssl=1 1500w,https:\/\/i0.wp.com\/artejoven.org\/wp-content\/uploads\/2024\/12\/DSC05708-1024x684.webp?strip=info&#038;w=1616&#038;ssl=1 1616w\" alt=\"\" data-height=\"1080\" data-id=\"8366\" data-link=\"https:\/\/artejoven.org\/?attachment_id=8366#main\" data-url=\"https:\/\/artejoven.org\/wp-content\/uploads\/2024\/12\/DSC05708-1024x684.webp\" data-width=\"1616\" src=\"https:\/\/i0.wp.com\/artejoven.org\/wp-content\/uploads\/2024\/12\/DSC05708-1024x684.webp?ssl=1\" data-amp-layout=\"responsive\" tabindex=\"0\" role=\"button\" aria-label=\"Open image 5 of 5 in full screen\"\/><\/a><\/figure><\/div><\/div><\/div><\/div><\/div>\n\n\n\n<p><strong>AN UNFORGETTABLE MUSICAL JOURNEY<\/strong><\/p>\n\n\n\n<p>Three prizes were awarded for each category in competition: A (12-14 years old); B (15-16 years old) and C (17-18 years old). The first and second place winners in each category (with an accompanying adult) participated in a one-week creative exchange program in Havana.<\/p>\n\n\n\n<p>During this time, the young musicians participated in an extensive schedule of activities that included rehearsal sessions, master classes given by renowned Cuban musicians committed to children and UNICEF Cuba goodwill ambassadors. They also took part in creative exchanges with young beneficiaries who were winners of FAJ's calls for proposals and visited cultural spaces.<strong>.<\/strong><\/p>\n\n\n\n<div class=\"wp-block-jetpack-tiled-gallery aligncenter is-style-rectangular\"><div class=\"has-rounded-corners-15\"><div class=\"tiled-gallery__gallery\"><div class=\"tiled-gallery__row\"><div class=\"tiled-gallery__col\" style=\"flex-basis:66.80756%\"><figure class=\"tiled-gallery__item\"><a href=\"https:\/\/artejoven.org\/wp-content\/uploads\/2024\/12\/DSC05730-1024x684.webp\"><img decoding=\"async\" srcset=\"https:\/\/i0.wp.com\/artejoven.org\/wp-content\/uploads\/2024\/12\/DSC05730-1024x684.webp?strip=info&#038;w=600&#038;ssl=1 600w,https:\/\/i0.wp.com\/artejoven.org\/wp-content\/uploads\/2024\/12\/DSC05730-1024x684.webp?strip=info&#038;w=900&#038;ssl=1 900w,https:\/\/i0.wp.com\/artejoven.org\/wp-content\/uploads\/2024\/12\/DSC05730-1024x684.webp?strip=info&#038;w=1200&#038;ssl=1 1200w,https:\/\/i0.wp.com\/artejoven.org\/wp-content\/uploads\/2024\/12\/DSC05730-1024x684.webp?strip=info&#038;w=1500&#038;ssl=1 1500w,https:\/\/i0.wp.com\/artejoven.org\/wp-content\/uploads\/2024\/12\/DSC05730-1024x684.webp?strip=info&#038;w=1616&#038;ssl=1 1616w\" alt=\"\" data-height=\"1080\" data-id=\"8371\" data-link=\"https:\/\/artejoven.org\/?attachment_id=8371#main\" data-url=\"https:\/\/artejoven.org\/wp-content\/uploads\/2024\/12\/DSC05730-1024x684.webp\" data-width=\"1616\" src=\"https:\/\/i0.wp.com\/artejoven.org\/wp-content\/uploads\/2024\/12\/DSC05730-1024x684.webp?ssl=1\" data-amp-layout=\"responsive\" tabindex=\"0\" role=\"button\" aria-label=\"Open image 1 of 4 in full screen\"\/><\/a><\/figure><\/div><div class=\"tiled-gallery__col\" style=\"flex-basis:33.19244%\"><figure class=\"tiled-gallery__item\"><a href=\"https:\/\/artejoven.org\/wp-content\/uploads\/2024\/12\/DSC05752-1024x684.webp\"><img decoding=\"async\" srcset=\"https:\/\/i0.wp.com\/artejoven.org\/wp-content\/uploads\/2024\/12\/DSC05752-1024x684.webp?strip=info&#038;w=600&#038;ssl=1 600w,https:\/\/i0.wp.com\/artejoven.org\/wp-content\/uploads\/2024\/12\/DSC05752-1024x684.webp?strip=info&#038;w=900&#038;ssl=1 900w,https:\/\/i0.wp.com\/artejoven.org\/wp-content\/uploads\/2024\/12\/DSC05752-1024x684.webp?strip=info&#038;w=1200&#038;ssl=1 1200w,https:\/\/i0.wp.com\/artejoven.org\/wp-content\/uploads\/2024\/12\/DSC05752-1024x684.webp?strip=info&#038;w=1500&#038;ssl=1 1500w,https:\/\/i0.wp.com\/artejoven.org\/wp-content\/uploads\/2024\/12\/DSC05752-1024x684.webp?strip=info&#038;w=1616&#038;ssl=1 1616w\" alt=\"\" data-height=\"1080\" data-id=\"8369\" data-link=\"https:\/\/artejoven.org\/?attachment_id=8369#main\" data-url=\"https:\/\/artejoven.org\/wp-content\/uploads\/2024\/12\/DSC05752-1024x684.webp\" data-width=\"1616\" src=\"https:\/\/i0.wp.com\/artejoven.org\/wp-content\/uploads\/2024\/12\/DSC05752-1024x684.webp?ssl=1\" data-amp-layout=\"responsive\" tabindex=\"0\" role=\"button\" aria-label=\"Open image 2 of 4 in full screen\"\/><\/a><\/figure><figure class=\"tiled-gallery__item\"><a href=\"https:\/\/artejoven.org\/wp-content\/uploads\/2024\/12\/DSC05741-1024x684.webp\"><img decoding=\"async\" srcset=\"https:\/\/i0.wp.com\/artejoven.org\/wp-content\/uploads\/2024\/12\/DSC05741-1024x684.webp?strip=info&#038;w=600&#038;ssl=1 600w,https:\/\/i0.wp.com\/artejoven.org\/wp-content\/uploads\/2024\/12\/DSC05741-1024x684.webp?strip=info&#038;w=900&#038;ssl=1 900w,https:\/\/i0.wp.com\/artejoven.org\/wp-content\/uploads\/2024\/12\/DSC05741-1024x684.webp?strip=info&#038;w=1200&#038;ssl=1 1200w,https:\/\/i0.wp.com\/artejoven.org\/wp-content\/uploads\/2024\/12\/DSC05741-1024x684.webp?strip=info&#038;w=1500&#038;ssl=1 1500w,https:\/\/i0.wp.com\/artejoven.org\/wp-content\/uploads\/2024\/12\/DSC05741-1024x684.webp?strip=info&#038;w=1616&#038;ssl=1 1616w\" alt=\"\" data-height=\"1080\" data-id=\"8370\" data-link=\"https:\/\/artejoven.org\/?attachment_id=8370#main\" data-url=\"https:\/\/artejoven.org\/wp-content\/uploads\/2024\/12\/DSC05741-1024x684.webp\" data-width=\"1616\" src=\"https:\/\/i0.wp.com\/artejoven.org\/wp-content\/uploads\/2024\/12\/DSC05741-1024x684.webp?ssl=1\" data-amp-layout=\"responsive\" tabindex=\"0\" role=\"button\" aria-label=\"Open image 3 of 4 in full screen\"\/><\/a><\/figure><\/div><\/div><div class=\"tiled-gallery__row\"><div class=\"tiled-gallery__col\" style=\"flex-basis:100.00000%\"><figure class=\"tiled-gallery__item\"><a href=\"https:\/\/artejoven.org\/wp-content\/uploads\/2024\/12\/DSC05785-1024x684.webp\"><img decoding=\"async\" srcset=\"https:\/\/i0.wp.com\/artejoven.org\/wp-content\/uploads\/2024\/12\/DSC05785-1024x684.webp?strip=info&#038;w=600&#038;ssl=1 600w,https:\/\/i0.wp.com\/artejoven.org\/wp-content\/uploads\/2024\/12\/DSC05785-1024x684.webp?strip=info&#038;w=900&#038;ssl=1 900w,https:\/\/i0.wp.com\/artejoven.org\/wp-content\/uploads\/2024\/12\/DSC05785-1024x684.webp?strip=info&#038;w=1200&#038;ssl=1 1200w,https:\/\/i0.wp.com\/artejoven.org\/wp-content\/uploads\/2024\/12\/DSC05785-1024x684.webp?strip=info&#038;w=1500&#038;ssl=1 1500w,https:\/\/i0.wp.com\/artejoven.org\/wp-content\/uploads\/2024\/12\/DSC05785-1024x684.webp?strip=info&#038;w=1616&#038;ssl=1 1616w\" alt=\"\" data-height=\"1080\" data-id=\"8372\" data-link=\"https:\/\/artejoven.org\/?attachment_id=8372#main\" data-url=\"https:\/\/artejoven.org\/wp-content\/uploads\/2024\/12\/DSC05785-1024x684.webp\" data-width=\"1616\" src=\"https:\/\/i0.wp.com\/artejoven.org\/wp-content\/uploads\/2024\/12\/DSC05785-1024x684.webp?ssl=1\" data-amp-layout=\"responsive\" tabindex=\"0\" role=\"button\" aria-label=\"Open image 4 of 4 in full screen\"\/><\/a><\/figure><\/div><\/div><\/div><\/div><\/div>\n\n\n\n<p>To close with a flourish, the experience concluded with a presentation at the Theater Hall of the National Museum of Fine Arts, where seven talented teenagers from various schools and provinces of the country under the tutelage of multi-instrumentalist Janio Abreu and accompanied by outstanding musicians such as Ern\u00e1n L\u00f3pez - Nussa, Dayramir Gonz\u00e1lez, Rafael Iniciarte Jr. and the Op. 5 Flute Ensemble.<\/p>\n\n\n\n<p>For the first time these promising musicians gathered on stage to perform a virtuoso repertoire that included works by great figures of Cuban and world music, such as Ignacio Cervantes, Jos\u00e9 Mar\u00eda Vitier, Aldo L\u00f3pez Gavil\u00e1n, Alejandro (Coqui) Calzadilla, Astor Piazzolla, Frederic Chopin, Claude Debussy, Ern\u00e1n L\u00f3pez - Nussa and Janio Abreu, among others.<\/p>\n\n\n\n<div class=\"wp-block-jetpack-tiled-gallery aligncenter is-style-rectangular\"><div class=\"has-rounded-corners-15\"><div class=\"tiled-gallery__gallery\"><div class=\"tiled-gallery__row\"><div class=\"tiled-gallery__col\" style=\"flex-basis:50.00000%\"><figure class=\"tiled-gallery__item\"><a href=\"https:\/\/artejoven.org\/wp-content\/uploads\/2024\/12\/12-Concurso-Nacional-de-Musica-FAJ-UNICEF-768x1024.webp\"><img decoding=\"async\" srcset=\"https:\/\/i0.wp.com\/artejoven.org\/wp-content\/uploads\/2024\/12\/12-Concurso-Nacional-de-Musica-FAJ-UNICEF-768x1024.webp?strip=info&#038;w=600&#038;ssl=1 600w,https:\/\/i0.wp.com\/artejoven.org\/wp-content\/uploads\/2024\/12\/12-Concurso-Nacional-de-Musica-FAJ-UNICEF-768x1024.webp?strip=info&#038;w=900&#038;ssl=1 900w,https:\/\/i0.wp.com\/artejoven.org\/wp-content\/uploads\/2024\/12\/12-Concurso-Nacional-de-Musica-FAJ-UNICEF-768x1024.webp?strip=info&#038;w=1200&#038;ssl=1 1200w,https:\/\/i0.wp.com\/artejoven.org\/wp-content\/uploads\/2024\/12\/12-Concurso-Nacional-de-Musica-FAJ-UNICEF-768x1024.webp?strip=info&#038;w=1500&#038;ssl=1 1500w,https:\/\/i0.wp.com\/artejoven.org\/wp-content\/uploads\/2024\/12\/12-Concurso-Nacional-de-Musica-FAJ-UNICEF-768x1024.webp?strip=info&#038;w=1800&#038;ssl=1 1800w,https:\/\/i0.wp.com\/artejoven.org\/wp-content\/uploads\/2024\/12\/12-Concurso-Nacional-de-Musica-FAJ-UNICEF-768x1024.webp?strip=info&#038;w=1920&#038;ssl=1 1920w\" alt=\"\" data-height=\"2560\" data-id=\"8373\" data-link=\"https:\/\/artejoven.org\/?attachment_id=8373#main\" data-url=\"https:\/\/artejoven.org\/wp-content\/uploads\/2024\/12\/12-Concurso-Nacional-de-Musica-FAJ-UNICEF-768x1024.webp\" data-width=\"1920\" src=\"https:\/\/i0.wp.com\/artejoven.org\/wp-content\/uploads\/2024\/12\/12-Concurso-Nacional-de-Musica-FAJ-UNICEF-768x1024.webp?ssl=1\" data-amp-layout=\"responsive\" tabindex=\"0\" role=\"button\" aria-label=\"Open image 1 of 6 in full screen\"\/><\/a><\/figure><\/div><div class=\"tiled-gallery__col\" style=\"flex-basis:50.00000%\"><figure class=\"tiled-gallery__item\"><a href=\"https:\/\/artejoven.org\/wp-content\/uploads\/2024\/12\/16-Concurso-Nacional-de-Musica-FAJ-UNICEF-768x1024.webp\"><img decoding=\"async\" srcset=\"https:\/\/i0.wp.com\/artejoven.org\/wp-content\/uploads\/2024\/12\/16-Concurso-Nacional-de-Musica-FAJ-UNICEF-768x1024.webp?strip=info&#038;w=600&#038;ssl=1 600w,https:\/\/i0.wp.com\/artejoven.org\/wp-content\/uploads\/2024\/12\/16-Concurso-Nacional-de-Musica-FAJ-UNICEF-768x1024.webp?strip=info&#038;w=900&#038;ssl=1 900w,https:\/\/i0.wp.com\/artejoven.org\/wp-content\/uploads\/2024\/12\/16-Concurso-Nacional-de-Musica-FAJ-UNICEF-768x1024.webp?strip=info&#038;w=1200&#038;ssl=1 1200w,https:\/\/i0.wp.com\/artejoven.org\/wp-content\/uploads\/2024\/12\/16-Concurso-Nacional-de-Musica-FAJ-UNICEF-768x1024.webp?strip=info&#038;w=1500&#038;ssl=1 1500w,https:\/\/i0.wp.com\/artejoven.org\/wp-content\/uploads\/2024\/12\/16-Concurso-Nacional-de-Musica-FAJ-UNICEF-768x1024.webp?strip=info&#038;w=1800&#038;ssl=1 1800w,https:\/\/i0.wp.com\/artejoven.org\/wp-content\/uploads\/2024\/12\/16-Concurso-Nacional-de-Musica-FAJ-UNICEF-768x1024.webp?strip=info&#038;w=1920&#038;ssl=1 1920w\" alt=\"\" data-height=\"2560\" data-id=\"8375\" data-link=\"https:\/\/artejoven.org\/?attachment_id=8375#main\" data-url=\"https:\/\/artejoven.org\/wp-content\/uploads\/2024\/12\/16-Concurso-Nacional-de-Musica-FAJ-UNICEF-768x1024.webp\" data-width=\"1920\" src=\"https:\/\/i0.wp.com\/artejoven.org\/wp-content\/uploads\/2024\/12\/16-Concurso-Nacional-de-Musica-FAJ-UNICEF-768x1024.webp?ssl=1\" data-amp-layout=\"responsive\" tabindex=\"0\" role=\"button\" aria-label=\"Open image 2 of 6 in full screen\"\/><\/a><\/figure><\/div><\/div><div class=\"tiled-gallery__row\"><div class=\"tiled-gallery__col\" style=\"flex-basis:66.79222%\"><figure class=\"tiled-gallery__item\"><a href=\"https:\/\/artejoven.org\/wp-content\/uploads\/2024\/12\/15-Concurso-Nacional-de-Musica-FAJ-UNICEF-1024x768.webp\"><img decoding=\"async\" srcset=\"https:\/\/i0.wp.com\/artejoven.org\/wp-content\/uploads\/2024\/12\/15-Concurso-Nacional-de-Musica-FAJ-UNICEF-1024x768.webp?strip=info&#038;w=600&#038;ssl=1 600w,https:\/\/i0.wp.com\/artejoven.org\/wp-content\/uploads\/2024\/12\/15-Concurso-Nacional-de-Musica-FAJ-UNICEF-1024x768.webp?strip=info&#038;w=900&#038;ssl=1 900w,https:\/\/i0.wp.com\/artejoven.org\/wp-content\/uploads\/2024\/12\/15-Concurso-Nacional-de-Musica-FAJ-UNICEF-1024x768.webp?strip=info&#038;w=1200&#038;ssl=1 1200w,https:\/\/i0.wp.com\/artejoven.org\/wp-content\/uploads\/2024\/12\/15-Concurso-Nacional-de-Musica-FAJ-UNICEF-1024x768.webp?strip=info&#038;w=1500&#038;ssl=1 1500w,https:\/\/i0.wp.com\/artejoven.org\/wp-content\/uploads\/2024\/12\/15-Concurso-Nacional-de-Musica-FAJ-UNICEF-1024x768.webp?strip=info&#038;w=1800&#038;ssl=1 1800w,https:\/\/i0.wp.com\/artejoven.org\/wp-content\/uploads\/2024\/12\/15-Concurso-Nacional-de-Musica-FAJ-UNICEF-1024x768.webp?strip=info&#038;w=2000&#038;ssl=1 2000w\" alt=\"\" data-height=\"1920\" data-id=\"8377\" data-link=\"https:\/\/artejoven.org\/?attachment_id=8377#main\" data-url=\"https:\/\/artejoven.org\/wp-content\/uploads\/2024\/12\/15-Concurso-Nacional-de-Musica-FAJ-UNICEF-1024x768.webp\" data-width=\"2560\" src=\"https:\/\/i0.wp.com\/artejoven.org\/wp-content\/uploads\/2024\/12\/15-Concurso-Nacional-de-Musica-FAJ-UNICEF-1024x768.webp?ssl=1\" data-amp-layout=\"responsive\" tabindex=\"0\" role=\"button\" aria-label=\"Open image 3 of 6 in full screen\"\/><\/a><\/figure><\/div><div class=\"tiled-gallery__col\" style=\"flex-basis:33.20778%\"><figure class=\"tiled-gallery__item\"><a href=\"https:\/\/artejoven.org\/wp-content\/uploads\/2024\/12\/03-Concurso-Nacional-de-Musica-FAJ-UNICEF-1024x768.webp\"><img decoding=\"async\" srcset=\"https:\/\/i0.wp.com\/artejoven.org\/wp-content\/uploads\/2024\/12\/03-Concurso-Nacional-de-Musica-FAJ-UNICEF-1024x768.webp?strip=info&#038;w=600&#038;ssl=1 600w,https:\/\/i0.wp.com\/artejoven.org\/wp-content\/uploads\/2024\/12\/03-Concurso-Nacional-de-Musica-FAJ-UNICEF-1024x768.webp?strip=info&#038;w=900&#038;ssl=1 900w,https:\/\/i0.wp.com\/artejoven.org\/wp-content\/uploads\/2024\/12\/03-Concurso-Nacional-de-Musica-FAJ-UNICEF-1024x768.webp?strip=info&#038;w=1200&#038;ssl=1 1200w,https:\/\/i0.wp.com\/artejoven.org\/wp-content\/uploads\/2024\/12\/03-Concurso-Nacional-de-Musica-FAJ-UNICEF-1024x768.webp?strip=info&#038;w=1500&#038;ssl=1 1500w,https:\/\/i0.wp.com\/artejoven.org\/wp-content\/uploads\/2024\/12\/03-Concurso-Nacional-de-Musica-FAJ-UNICEF-1024x768.webp?strip=info&#038;w=1800&#038;ssl=1 1800w,https:\/\/i0.wp.com\/artejoven.org\/wp-content\/uploads\/2024\/12\/03-Concurso-Nacional-de-Musica-FAJ-UNICEF-1024x768.webp?strip=info&#038;w=2000&#038;ssl=1 2000w\" alt=\"\" data-height=\"1920\" data-id=\"8380\" data-link=\"https:\/\/artejoven.org\/?attachment_id=8380#main\" data-url=\"https:\/\/artejoven.org\/wp-content\/uploads\/2024\/12\/03-Concurso-Nacional-de-Musica-FAJ-UNICEF-1024x768.webp\" data-width=\"2560\" src=\"https:\/\/i0.wp.com\/artejoven.org\/wp-content\/uploads\/2024\/12\/03-Concurso-Nacional-de-Musica-FAJ-UNICEF-1024x768.webp?ssl=1\" data-amp-layout=\"responsive\" tabindex=\"0\" role=\"button\" aria-label=\"Open image 4 of 6 in full screen\"\/><\/a><\/figure><figure class=\"tiled-gallery__item\"><a href=\"https:\/\/artejoven.org\/wp-content\/uploads\/2024\/12\/02-Concurso-Nacional-de-Musica-FAJ-UNICEF-1024x768.webp\"><img decoding=\"async\" srcset=\"https:\/\/i0.wp.com\/artejoven.org\/wp-content\/uploads\/2024\/12\/02-Concurso-Nacional-de-Musica-FAJ-UNICEF-1024x768.webp?strip=info&#038;w=600&#038;ssl=1 600w,https:\/\/i0.wp.com\/artejoven.org\/wp-content\/uploads\/2024\/12\/02-Concurso-Nacional-de-Musica-FAJ-UNICEF-1024x768.webp?strip=info&#038;w=900&#038;ssl=1 900w,https:\/\/i0.wp.com\/artejoven.org\/wp-content\/uploads\/2024\/12\/02-Concurso-Nacional-de-Musica-FAJ-UNICEF-1024x768.webp?strip=info&#038;w=1200&#038;ssl=1 1200w,https:\/\/i0.wp.com\/artejoven.org\/wp-content\/uploads\/2024\/12\/02-Concurso-Nacional-de-Musica-FAJ-UNICEF-1024x768.webp?strip=info&#038;w=1500&#038;ssl=1 1500w,https:\/\/i0.wp.com\/artejoven.org\/wp-content\/uploads\/2024\/12\/02-Concurso-Nacional-de-Musica-FAJ-UNICEF-1024x768.webp?strip=info&#038;w=1800&#038;ssl=1 1800w,https:\/\/i0.wp.com\/artejoven.org\/wp-content\/uploads\/2024\/12\/02-Concurso-Nacional-de-Musica-FAJ-UNICEF-1024x768.webp?strip=info&#038;w=2000&#038;ssl=1 2000w\" alt=\"\" data-height=\"1920\" data-id=\"8381\" data-link=\"https:\/\/artejoven.org\/?attachment_id=8381#main\" data-url=\"https:\/\/artejoven.org\/wp-content\/uploads\/2024\/12\/02-Concurso-Nacional-de-Musica-FAJ-UNICEF-1024x768.webp\" data-width=\"2560\" src=\"https:\/\/i0.wp.com\/artejoven.org\/wp-content\/uploads\/2024\/12\/02-Concurso-Nacional-de-Musica-FAJ-UNICEF-1024x768.webp?ssl=1\" data-amp-layout=\"responsive\" tabindex=\"0\" role=\"button\" aria-label=\"Open image 5 of 6 in full screen\"\/><\/a><\/figure><\/div><\/div><div class=\"tiled-gallery__row\"><div class=\"tiled-gallery__col\" style=\"flex-basis:100.00000%\"><figure class=\"tiled-gallery__item\"><a href=\"https:\/\/artejoven.org\/wp-content\/uploads\/2024\/12\/01-Concurso-Nacional-de-Musica-FAJ-UNICEF-1024x768.webp\"><img decoding=\"async\" srcset=\"https:\/\/i0.wp.com\/artejoven.org\/wp-content\/uploads\/2024\/12\/01-Concurso-Nacional-de-Musica-FAJ-UNICEF-1024x768.webp?strip=info&#038;w=600&#038;ssl=1 600w,https:\/\/i0.wp.com\/artejoven.org\/wp-content\/uploads\/2024\/12\/01-Concurso-Nacional-de-Musica-FAJ-UNICEF-1024x768.webp?strip=info&#038;w=900&#038;ssl=1 900w,https:\/\/i0.wp.com\/artejoven.org\/wp-content\/uploads\/2024\/12\/01-Concurso-Nacional-de-Musica-FAJ-UNICEF-1024x768.webp?strip=info&#038;w=1200&#038;ssl=1 1200w,https:\/\/i0.wp.com\/artejoven.org\/wp-content\/uploads\/2024\/12\/01-Concurso-Nacional-de-Musica-FAJ-UNICEF-1024x768.webp?strip=info&#038;w=1500&#038;ssl=1 1500w,https:\/\/i0.wp.com\/artejoven.org\/wp-content\/uploads\/2024\/12\/01-Concurso-Nacional-de-Musica-FAJ-UNICEF-1024x768.webp?strip=info&#038;w=1800&#038;ssl=1 1800w,https:\/\/i0.wp.com\/artejoven.org\/wp-content\/uploads\/2024\/12\/01-Concurso-Nacional-de-Musica-FAJ-UNICEF-1024x768.webp?strip=info&#038;w=2000&#038;ssl=1 2000w\" alt=\"\" data-height=\"1920\" data-id=\"8379\" data-link=\"https:\/\/artejoven.org\/?attachment_id=8379#main\" data-url=\"https:\/\/artejoven.org\/wp-content\/uploads\/2024\/12\/01-Concurso-Nacional-de-Musica-FAJ-UNICEF-1024x768.webp\" data-width=\"2560\" src=\"https:\/\/i0.wp.com\/artejoven.org\/wp-content\/uploads\/2024\/12\/01-Concurso-Nacional-de-Musica-FAJ-UNICEF-1024x768.webp?ssl=1\" data-amp-layout=\"responsive\" tabindex=\"0\" role=\"button\" aria-label=\"Open image 6 of 6 in full screen\"\/><\/a><\/figure><\/div><\/div><\/div><\/div><\/div>\n\n\n\n<p>The audience enjoyed the versatility of Ronny, Alessa, Elias, Laura, Jose Angel and Rafael, who also shone with their skills on other instruments in a display of unparalleled creativity and skill. &nbsp;<\/p>\n\n\n\n<p>With almost two years of existence, the FAJ has had culturally committed allies, which has been essential to promote culture and creativity in the new generations of artists. The National Music Competition with UNICEF Cuba joins this list of collaborations, reaffirming the platform's objectives of establishing alliances and synergies with organizations, projects and institutions that share common goals.<\/p>\n\n\n\n<div class=\"wp-block-jetpack-tiled-gallery aligncenter is-style-rectangular\"><div class=\"has-rounded-corners-15\"><div class=\"tiled-gallery__gallery\"><div class=\"tiled-gallery__row\"><div class=\"tiled-gallery__col\" style=\"flex-basis:38.99677%\"><figure class=\"tiled-gallery__item\"><a href=\"https:\/\/artejoven.org\/wp-content\/uploads\/2024\/12\/02-Concurso-Nacional-de-Musica-FAJ-UNICEF.-Concierto-1024x768.webp\"><img decoding=\"async\" srcset=\"https:\/\/i0.wp.com\/artejoven.org\/wp-content\/uploads\/2024\/12\/02-Concurso-Nacional-de-Musica-FAJ-UNICEF.-Concierto-1024x768.webp?strip=info&#038;w=600&#038;ssl=1 600w,https:\/\/i0.wp.com\/artejoven.org\/wp-content\/uploads\/2024\/12\/02-Concurso-Nacional-de-Musica-FAJ-UNICEF.-Concierto-1024x768.webp?strip=info&#038;w=900&#038;ssl=1 900w,https:\/\/i0.wp.com\/artejoven.org\/wp-content\/uploads\/2024\/12\/02-Concurso-Nacional-de-Musica-FAJ-UNICEF.-Concierto-1024x768.webp?strip=info&#038;w=1200&#038;ssl=1 1200w,https:\/\/i0.wp.com\/artejoven.org\/wp-content\/uploads\/2024\/12\/02-Concurso-Nacional-de-Musica-FAJ-UNICEF.-Concierto-1024x768.webp?strip=info&#038;w=1500&#038;ssl=1 1500w,https:\/\/i0.wp.com\/artejoven.org\/wp-content\/uploads\/2024\/12\/02-Concurso-Nacional-de-Musica-FAJ-UNICEF.-Concierto-1024x768.webp?strip=info&#038;w=1800&#038;ssl=1 1800w,https:\/\/i0.wp.com\/artejoven.org\/wp-content\/uploads\/2024\/12\/02-Concurso-Nacional-de-Musica-FAJ-UNICEF.-Concierto-1024x768.webp?strip=info&#038;w=2000&#038;ssl=1 2000w\" alt=\"\" data-height=\"1920\" data-id=\"8382\" data-link=\"https:\/\/artejoven.org\/?attachment_id=8382#main\" data-url=\"https:\/\/artejoven.org\/wp-content\/uploads\/2024\/12\/02-Concurso-Nacional-de-Musica-FAJ-UNICEF.-Concierto-1024x768.webp\" data-width=\"2560\" src=\"https:\/\/i0.wp.com\/artejoven.org\/wp-content\/uploads\/2024\/12\/02-Concurso-Nacional-de-Musica-FAJ-UNICEF.-Concierto-1024x768.webp?ssl=1\" data-amp-layout=\"responsive\" tabindex=\"0\" role=\"button\" aria-label=\"Open image 1 of 8 in full screen\"\/><\/a><\/figure><\/div><div class=\"tiled-gallery__col\" style=\"flex-basis:22.00646%\"><figure class=\"tiled-gallery__item\"><a href=\"https:\/\/artejoven.org\/wp-content\/uploads\/2024\/12\/07-Concurso-Nacional-de-Musica-FAJ-UNICEF.-Concierto-768x1024.webp\"><img decoding=\"async\" srcset=\"https:\/\/i0.wp.com\/artejoven.org\/wp-content\/uploads\/2024\/12\/07-Concurso-Nacional-de-Musica-FAJ-UNICEF.-Concierto-768x1024.webp?strip=info&#038;w=600&#038;ssl=1 600w,https:\/\/i0.wp.com\/artejoven.org\/wp-content\/uploads\/2024\/12\/07-Concurso-Nacional-de-Musica-FAJ-UNICEF.-Concierto-768x1024.webp?strip=info&#038;w=900&#038;ssl=1 900w,https:\/\/i0.wp.com\/artejoven.org\/wp-content\/uploads\/2024\/12\/07-Concurso-Nacional-de-Musica-FAJ-UNICEF.-Concierto-768x1024.webp?strip=info&#038;w=1200&#038;ssl=1 1200w,https:\/\/i0.wp.com\/artejoven.org\/wp-content\/uploads\/2024\/12\/07-Concurso-Nacional-de-Musica-FAJ-UNICEF.-Concierto-768x1024.webp?strip=info&#038;w=1500&#038;ssl=1 1500w,https:\/\/i0.wp.com\/artejoven.org\/wp-content\/uploads\/2024\/12\/07-Concurso-Nacional-de-Musica-FAJ-UNICEF.-Concierto-768x1024.webp?strip=info&#038;w=1800&#038;ssl=1 1800w,https:\/\/i0.wp.com\/artejoven.org\/wp-content\/uploads\/2024\/12\/07-Concurso-Nacional-de-Musica-FAJ-UNICEF.-Concierto-768x1024.webp?strip=info&#038;w=1920&#038;ssl=1 1920w\" alt=\"\" data-height=\"2560\" data-id=\"8383\" data-link=\"https:\/\/artejoven.org\/?attachment_id=8383#main\" data-url=\"https:\/\/artejoven.org\/wp-content\/uploads\/2024\/12\/07-Concurso-Nacional-de-Musica-FAJ-UNICEF.-Concierto-768x1024.webp\" data-width=\"1920\" src=\"https:\/\/i0.wp.com\/artejoven.org\/wp-content\/uploads\/2024\/12\/07-Concurso-Nacional-de-Musica-FAJ-UNICEF.-Concierto-768x1024.webp?ssl=1\" data-amp-layout=\"responsive\" tabindex=\"0\" role=\"button\" aria-label=\"Open image 2 of 8 in full screen\"\/><\/a><\/figure><\/div><div class=\"tiled-gallery__col\" style=\"flex-basis:38.99677%\"><figure class=\"tiled-gallery__item\"><a href=\"https:\/\/artejoven.org\/wp-content\/uploads\/2024\/12\/08-Concurso-Nacional-de-Musica-FAJ-UNICEF.-Concierto-1024x768.webp\"><img decoding=\"async\" srcset=\"https:\/\/i0.wp.com\/artejoven.org\/wp-content\/uploads\/2024\/12\/08-Concurso-Nacional-de-Musica-FAJ-UNICEF.-Concierto-1024x768.webp?strip=info&#038;w=600&#038;ssl=1 600w,https:\/\/i0.wp.com\/artejoven.org\/wp-content\/uploads\/2024\/12\/08-Concurso-Nacional-de-Musica-FAJ-UNICEF.-Concierto-1024x768.webp?strip=info&#038;w=900&#038;ssl=1 900w,https:\/\/i0.wp.com\/artejoven.org\/wp-content\/uploads\/2024\/12\/08-Concurso-Nacional-de-Musica-FAJ-UNICEF.-Concierto-1024x768.webp?strip=info&#038;w=1200&#038;ssl=1 1200w,https:\/\/i0.wp.com\/artejoven.org\/wp-content\/uploads\/2024\/12\/08-Concurso-Nacional-de-Musica-FAJ-UNICEF.-Concierto-1024x768.webp?strip=info&#038;w=1500&#038;ssl=1 1500w,https:\/\/i0.wp.com\/artejoven.org\/wp-content\/uploads\/2024\/12\/08-Concurso-Nacional-de-Musica-FAJ-UNICEF.-Concierto-1024x768.webp?strip=info&#038;w=1800&#038;ssl=1 1800w,https:\/\/i0.wp.com\/artejoven.org\/wp-content\/uploads\/2024\/12\/08-Concurso-Nacional-de-Musica-FAJ-UNICEF.-Concierto-1024x768.webp?strip=info&#038;w=2000&#038;ssl=1 2000w\" alt=\"\" data-height=\"1920\" data-id=\"8384\" data-link=\"https:\/\/artejoven.org\/?attachment_id=8384#main\" data-url=\"https:\/\/artejoven.org\/wp-content\/uploads\/2024\/12\/08-Concurso-Nacional-de-Musica-FAJ-UNICEF.-Concierto-1024x768.webp\" data-width=\"2560\" src=\"https:\/\/i0.wp.com\/artejoven.org\/wp-content\/uploads\/2024\/12\/08-Concurso-Nacional-de-Musica-FAJ-UNICEF.-Concierto-1024x768.webp?ssl=1\" data-amp-layout=\"responsive\" tabindex=\"0\" role=\"button\" aria-label=\"Open image 3 of 8 in full screen\"\/><\/a><\/figure><\/div><\/div><div class=\"tiled-gallery__row\"><div class=\"tiled-gallery__col\" style=\"flex-basis:66.79222%\"><figure class=\"tiled-gallery__item\"><a href=\"https:\/\/artejoven.org\/wp-content\/uploads\/2024\/12\/04-Concurso-Nacional-de-Musica-FAJ-UNICEF.-Concierto-1024x768.webp\"><img decoding=\"async\" srcset=\"https:\/\/i0.wp.com\/artejoven.org\/wp-content\/uploads\/2024\/12\/04-Concurso-Nacional-de-Musica-FAJ-UNICEF.-Concierto-1024x768.webp?strip=info&#038;w=600&#038;ssl=1 600w,https:\/\/i0.wp.com\/artejoven.org\/wp-content\/uploads\/2024\/12\/04-Concurso-Nacional-de-Musica-FAJ-UNICEF.-Concierto-1024x768.webp?strip=info&#038;w=900&#038;ssl=1 900w,https:\/\/i0.wp.com\/artejoven.org\/wp-content\/uploads\/2024\/12\/04-Concurso-Nacional-de-Musica-FAJ-UNICEF.-Concierto-1024x768.webp?strip=info&#038;w=1200&#038;ssl=1 1200w,https:\/\/i0.wp.com\/artejoven.org\/wp-content\/uploads\/2024\/12\/04-Concurso-Nacional-de-Musica-FAJ-UNICEF.-Concierto-1024x768.webp?strip=info&#038;w=1500&#038;ssl=1 1500w,https:\/\/i0.wp.com\/artejoven.org\/wp-content\/uploads\/2024\/12\/04-Concurso-Nacional-de-Musica-FAJ-UNICEF.-Concierto-1024x768.webp?strip=info&#038;w=1800&#038;ssl=1 1800w,https:\/\/i0.wp.com\/artejoven.org\/wp-content\/uploads\/2024\/12\/04-Concurso-Nacional-de-Musica-FAJ-UNICEF.-Concierto-1024x768.webp?strip=info&#038;w=2000&#038;ssl=1 2000w\" alt=\"\" data-height=\"1920\" data-id=\"8385\" data-link=\"https:\/\/artejoven.org\/?attachment_id=8385#main\" data-url=\"https:\/\/artejoven.org\/wp-content\/uploads\/2024\/12\/04-Concurso-Nacional-de-Musica-FAJ-UNICEF.-Concierto-1024x768.webp\" data-width=\"2560\" src=\"https:\/\/i0.wp.com\/artejoven.org\/wp-content\/uploads\/2024\/12\/04-Concurso-Nacional-de-Musica-FAJ-UNICEF.-Concierto-1024x768.webp?ssl=1\" data-amp-layout=\"responsive\" tabindex=\"0\" role=\"button\" aria-label=\"Open image 4 of 8 in full screen\"\/><\/a><\/figure><\/div><div class=\"tiled-gallery__col\" style=\"flex-basis:33.20778%\"><figure class=\"tiled-gallery__item\"><a href=\"https:\/\/artejoven.org\/wp-content\/uploads\/2024\/12\/03-Concurso-Nacional-de-Musica-FAJ-UNICEF.-Concierto-1024x768.webp\"><img decoding=\"async\" srcset=\"https:\/\/i0.wp.com\/artejoven.org\/wp-content\/uploads\/2024\/12\/03-Concurso-Nacional-de-Musica-FAJ-UNICEF.-Concierto-1024x768.webp?strip=info&#038;w=600&#038;ssl=1 600w,https:\/\/i0.wp.com\/artejoven.org\/wp-content\/uploads\/2024\/12\/03-Concurso-Nacional-de-Musica-FAJ-UNICEF.-Concierto-1024x768.webp?strip=info&#038;w=900&#038;ssl=1 900w,https:\/\/i0.wp.com\/artejoven.org\/wp-content\/uploads\/2024\/12\/03-Concurso-Nacional-de-Musica-FAJ-UNICEF.-Concierto-1024x768.webp?strip=info&#038;w=1200&#038;ssl=1 1200w,https:\/\/i0.wp.com\/artejoven.org\/wp-content\/uploads\/2024\/12\/03-Concurso-Nacional-de-Musica-FAJ-UNICEF.-Concierto-1024x768.webp?strip=info&#038;w=1500&#038;ssl=1 1500w,https:\/\/i0.wp.com\/artejoven.org\/wp-content\/uploads\/2024\/12\/03-Concurso-Nacional-de-Musica-FAJ-UNICEF.-Concierto-1024x768.webp?strip=info&#038;w=1800&#038;ssl=1 1800w,https:\/\/i0.wp.com\/artejoven.org\/wp-content\/uploads\/2024\/12\/03-Concurso-Nacional-de-Musica-FAJ-UNICEF.-Concierto-1024x768.webp?strip=info&#038;w=2000&#038;ssl=1 2000w\" alt=\"\" data-height=\"1920\" data-id=\"8386\" data-link=\"https:\/\/artejoven.org\/?attachment_id=8386#main\" data-url=\"https:\/\/artejoven.org\/wp-content\/uploads\/2024\/12\/03-Concurso-Nacional-de-Musica-FAJ-UNICEF.-Concierto-1024x768.webp\" data-width=\"2560\" src=\"https:\/\/i0.wp.com\/artejoven.org\/wp-content\/uploads\/2024\/12\/03-Concurso-Nacional-de-Musica-FAJ-UNICEF.-Concierto-1024x768.webp?ssl=1\" data-amp-layout=\"responsive\" tabindex=\"0\" role=\"button\" aria-label=\"Open image 5 of 8 in full screen\"\/><\/a><\/figure><figure class=\"tiled-gallery__item\"><a href=\"https:\/\/artejoven.org\/wp-content\/uploads\/2024\/12\/06-Concurso-Nacional-de-Musica-FAJ-UNICEF.-Concierto-1024x768.webp\"><img decoding=\"async\" srcset=\"https:\/\/i0.wp.com\/artejoven.org\/wp-content\/uploads\/2024\/12\/06-Concurso-Nacional-de-Musica-FAJ-UNICEF.-Concierto-1024x768.webp?strip=info&#038;w=600&#038;ssl=1 600w,https:\/\/i0.wp.com\/artejoven.org\/wp-content\/uploads\/2024\/12\/06-Concurso-Nacional-de-Musica-FAJ-UNICEF.-Concierto-1024x768.webp?strip=info&#038;w=900&#038;ssl=1 900w,https:\/\/i0.wp.com\/artejoven.org\/wp-content\/uploads\/2024\/12\/06-Concurso-Nacional-de-Musica-FAJ-UNICEF.-Concierto-1024x768.webp?strip=info&#038;w=1200&#038;ssl=1 1200w,https:\/\/i0.wp.com\/artejoven.org\/wp-content\/uploads\/2024\/12\/06-Concurso-Nacional-de-Musica-FAJ-UNICEF.-Concierto-1024x768.webp?strip=info&#038;w=1500&#038;ssl=1 1500w,https:\/\/i0.wp.com\/artejoven.org\/wp-content\/uploads\/2024\/12\/06-Concurso-Nacional-de-Musica-FAJ-UNICEF.-Concierto-1024x768.webp?strip=info&#038;w=1800&#038;ssl=1 1800w,https:\/\/i0.wp.com\/artejoven.org\/wp-content\/uploads\/2024\/12\/06-Concurso-Nacional-de-Musica-FAJ-UNICEF.-Concierto-1024x768.webp?strip=info&#038;w=2000&#038;ssl=1 2000w\" alt=\"\" data-height=\"1920\" data-id=\"8387\" data-link=\"https:\/\/artejoven.org\/?attachment_id=8387#main\" data-url=\"https:\/\/artejoven.org\/wp-content\/uploads\/2024\/12\/06-Concurso-Nacional-de-Musica-FAJ-UNICEF.-Concierto-1024x768.webp\" data-width=\"2560\" src=\"https:\/\/i0.wp.com\/artejoven.org\/wp-content\/uploads\/2024\/12\/06-Concurso-Nacional-de-Musica-FAJ-UNICEF.-Concierto-1024x768.webp?ssl=1\" data-amp-layout=\"responsive\" tabindex=\"0\" role=\"button\" aria-label=\"Open image 6 of 8 in full screen\"\/><\/a><\/figure><\/div><\/div><div class=\"tiled-gallery__row\"><div class=\"tiled-gallery__col\" style=\"flex-basis:50.00000%\"><figure class=\"tiled-gallery__item\"><a href=\"https:\/\/artejoven.org\/wp-content\/uploads\/2024\/12\/09-Concurso-Nacional-de-Musica-FAJ-UNICEF.-Concierto-1024x768.webp\"><img decoding=\"async\" srcset=\"https:\/\/i0.wp.com\/artejoven.org\/wp-content\/uploads\/2024\/12\/09-Concurso-Nacional-de-Musica-FAJ-UNICEF.-Concierto-1024x768.webp?strip=info&#038;w=600&#038;ssl=1 600w,https:\/\/i0.wp.com\/artejoven.org\/wp-content\/uploads\/2024\/12\/09-Concurso-Nacional-de-Musica-FAJ-UNICEF.-Concierto-1024x768.webp?strip=info&#038;w=900&#038;ssl=1 900w,https:\/\/i0.wp.com\/artejoven.org\/wp-content\/uploads\/2024\/12\/09-Concurso-Nacional-de-Musica-FAJ-UNICEF.-Concierto-1024x768.webp?strip=info&#038;w=1200&#038;ssl=1 1200w,https:\/\/i0.wp.com\/artejoven.org\/wp-content\/uploads\/2024\/12\/09-Concurso-Nacional-de-Musica-FAJ-UNICEF.-Concierto-1024x768.webp?strip=info&#038;w=1500&#038;ssl=1 1500w,https:\/\/i0.wp.com\/artejoven.org\/wp-content\/uploads\/2024\/12\/09-Concurso-Nacional-de-Musica-FAJ-UNICEF.-Concierto-1024x768.webp?strip=info&#038;w=1800&#038;ssl=1 1800w,https:\/\/i0.wp.com\/artejoven.org\/wp-content\/uploads\/2024\/12\/09-Concurso-Nacional-de-Musica-FAJ-UNICEF.-Concierto-1024x768.webp?strip=info&#038;w=2000&#038;ssl=1 2000w\" alt=\"\" data-height=\"1920\" data-id=\"8388\" data-link=\"https:\/\/artejoven.org\/?attachment_id=8388#main\" data-url=\"https:\/\/artejoven.org\/wp-content\/uploads\/2024\/12\/09-Concurso-Nacional-de-Musica-FAJ-UNICEF.-Concierto-1024x768.webp\" data-width=\"2560\" src=\"https:\/\/i0.wp.com\/artejoven.org\/wp-content\/uploads\/2024\/12\/09-Concurso-Nacional-de-Musica-FAJ-UNICEF.-Concierto-1024x768.webp?ssl=1\" data-amp-layout=\"responsive\" tabindex=\"0\" role=\"button\" aria-label=\"Open image 7 of 8 in full screen\"\/><\/a><\/figure><\/div><div class=\"tiled-gallery__col\" style=\"flex-basis:50.00000%\"><figure class=\"tiled-gallery__item\"><a href=\"https:\/\/artejoven.org\/wp-content\/uploads\/2024\/12\/10-Concurso-Nacional-de-Musica-FAJ-UNICEF.-Concierto-1024x768.webp\"><img decoding=\"async\" srcset=\"https:\/\/i0.wp.com\/artejoven.org\/wp-content\/uploads\/2024\/12\/10-Concurso-Nacional-de-Musica-FAJ-UNICEF.-Concierto-1024x768.webp?strip=info&#038;w=600&#038;ssl=1 600w,https:\/\/i0.wp.com\/artejoven.org\/wp-content\/uploads\/2024\/12\/10-Concurso-Nacional-de-Musica-FAJ-UNICEF.-Concierto-1024x768.webp?strip=info&#038;w=900&#038;ssl=1 900w,https:\/\/i0.wp.com\/artejoven.org\/wp-content\/uploads\/2024\/12\/10-Concurso-Nacional-de-Musica-FAJ-UNICEF.-Concierto-1024x768.webp?strip=info&#038;w=1200&#038;ssl=1 1200w,https:\/\/i0.wp.com\/artejoven.org\/wp-content\/uploads\/2024\/12\/10-Concurso-Nacional-de-Musica-FAJ-UNICEF.-Concierto-1024x768.webp?strip=info&#038;w=1500&#038;ssl=1 1500w,https:\/\/i0.wp.com\/artejoven.org\/wp-content\/uploads\/2024\/12\/10-Concurso-Nacional-de-Musica-FAJ-UNICEF.-Concierto-1024x768.webp?strip=info&#038;w=1800&#038;ssl=1 1800w,https:\/\/i0.wp.com\/artejoven.org\/wp-content\/uploads\/2024\/12\/10-Concurso-Nacional-de-Musica-FAJ-UNICEF.-Concierto-1024x768.webp?strip=info&#038;w=2000&#038;ssl=1 2000w\" alt=\"\" data-height=\"1920\" data-id=\"8389\" data-link=\"https:\/\/artejoven.org\/?attachment_id=8389#main\" data-url=\"https:\/\/artejoven.org\/wp-content\/uploads\/2024\/12\/10-Concurso-Nacional-de-Musica-FAJ-UNICEF.-Concierto-1024x768.webp\" data-width=\"2560\" src=\"https:\/\/i0.wp.com\/artejoven.org\/wp-content\/uploads\/2024\/12\/10-Concurso-Nacional-de-Musica-FAJ-UNICEF.-Concierto-1024x768.webp?ssl=1\" data-amp-layout=\"responsive\" tabindex=\"0\" role=\"button\" aria-label=\"Open image 8 of 8 in full screen\"\/><\/a><\/figure><\/div><\/div><\/div><\/div><\/div>","protected":false},"excerpt":{"rendered":"<p>With almost two years of existence, the YAF has had culturally committed allies, which has been fundamental to promote culture and creativity in the new generations of artists. <\/p>","protected":false},"author":1,"featured_media":8413,"comment_status":"open","ping_status":"open","sticky":false,"template":"","format":"standard","meta":{"_acf_changed":false,"_jetpack_memberships_contains_paid_content":false,"footnotes":"","_links_to":"","_links_to_target":""},"categories":[35],"tags":[],"class_list":{"0":"post-8355","1":"post","2":"type-post","3":"status-publish","4":"format-standard","5":"has-post-thumbnail","6":"hentry","7":"category-desde-el-faj","9":"post-with-thumbnail","10":"post-with-thumbnail-large"},"acf":[],"aioseo_notices":[],"jetpack_featured_media_url":"https:\/\/artejoven.org\/wp-content\/uploads\/2024\/12\/01-Concurso-Nacional-de-Musica-FAJ-UNICEF.-Concierto-1.webp","jetpack-related-posts":[{"id":8105,"url":"https:\/\/artejoven.org\/en\/fondo-de-arte-joven-y-unicef-cuba-convocan-a-la-primera-edicion-del-concurso-nacional-de-musica\/","url_meta":{"origin":8355,"position":0},"title":"Fondo de Arte Joven and UNICEF Cuba call for the first edition of the National Music Contest","author":"Ren\u00e9 Manuel Puig","date":"19 de September de 2024","format":false,"excerpt":"The Fondo de Arte Joven (FAJ) and the United Nations Children's Fund in Cuba (UNICEF Cuba), announce the First Edition of the National Music Contest, a unique opportunity for adolescents and teenagers to participate in the","rel":"","context":"In &quot;Desde el FAJ&quot;","block_context":{"text":"Desde el FAJ","link":"https:\/\/artejoven.org\/en\/category\/noticias\/desde-el-faj\/"},"img":{"alt_text":"Concurso Nacional de M\u00fasica. Convocatoria FAJ-UNICEF","src":"https:\/\/i0.wp.com\/artejoven.org\/wp-content\/uploads\/2024\/09\/Concurso-Nacional-de-Musica.-Convocatoria-FAJ-UNICEF--jpg.webp?resize=350%2C200&ssl=1","width":350,"height":200,"srcset":"https:\/\/i0.wp.com\/artejoven.org\/wp-content\/uploads\/2024\/09\/Concurso-Nacional-de-Musica.-Convocatoria-FAJ-UNICEF--jpg.webp?resize=350%2C200&ssl=1 1x, https:\/\/i0.wp.com\/artejoven.org\/wp-content\/uploads\/2024\/09\/Concurso-Nacional-de-Musica.-Convocatoria-FAJ-UNICEF--jpg.webp?resize=525%2C300&ssl=1 1.5x, https:\/\/i0.wp.com\/artejoven.org\/wp-content\/uploads\/2024\/09\/Concurso-Nacional-de-Musica.-Convocatoria-FAJ-UNICEF--jpg.webp?resize=700%2C400&ssl=1 2x, https:\/\/i0.wp.com\/artejoven.org\/wp-content\/uploads\/2024\/09\/Concurso-Nacional-de-Musica.-Convocatoria-FAJ-UNICEF--jpg.webp?resize=1050%2C600&ssl=1 3x, https:\/\/i0.wp.com\/artejoven.org\/wp-content\/uploads\/2024\/09\/Concurso-Nacional-de-Musica.-Convocatoria-FAJ-UNICEF--jpg.webp?resize=1400%2C800&ssl=1 4x"},"classes":[]},{"id":9687,"url":"https:\/\/artejoven.org\/en\/fondo-de-arte-joven-y-unicef-cuba-convocan-a-la-segunda-convocatoria-del-concurso-nacional-de-musica\/","url_meta":{"origin":8355,"position":1},"title":"Fondo de Arte Joven and UNICEF Cuba, call for the second call of the National Music Competition","author":"Ren\u00e9 Manuel Puig","date":"17 de July de 2025","format":false,"excerpt":"La segunda edici\u00f3n del Concurso Nacional de M\u00fasica, tambi\u00e9n persigue generar un impacto positivo en la formaci\u00f3n art\u00edstica y profesional de esta poblaci\u00f3n, contribuyendo a crear entornos inclusivos y oportunidades que respalden el ejercicio del derecho de ni\u00f1os, ni\u00f1as y adolescentes a participar libremente en la vida cultural y en\u2026","rel":"","context":"In &quot;Desde el FAJ&quot;","block_context":{"text":"Desde el FAJ","link":"https:\/\/artejoven.org\/en\/category\/noticias\/desde-el-faj\/"},"img":{"alt_text":"","src":"https:\/\/i0.wp.com\/artejoven.org\/wp-content\/uploads\/2025\/07\/BANNER_CONCURSO-NACIONAL-DE-MUSICA-2DA-EDICION.webp?resize=350%2C200&ssl=1","width":350,"height":200,"srcset":"https:\/\/i0.wp.com\/artejoven.org\/wp-content\/uploads\/2025\/07\/BANNER_CONCURSO-NACIONAL-DE-MUSICA-2DA-EDICION.webp?resize=350%2C200&ssl=1 1x, https:\/\/i0.wp.com\/artejoven.org\/wp-content\/uploads\/2025\/07\/BANNER_CONCURSO-NACIONAL-DE-MUSICA-2DA-EDICION.webp?resize=525%2C300&ssl=1 1.5x, https:\/\/i0.wp.com\/artejoven.org\/wp-content\/uploads\/2025\/07\/BANNER_CONCURSO-NACIONAL-DE-MUSICA-2DA-EDICION.webp?resize=700%2C400&ssl=1 2x, https:\/\/i0.wp.com\/artejoven.org\/wp-content\/uploads\/2025\/07\/BANNER_CONCURSO-NACIONAL-DE-MUSICA-2DA-EDICION.webp?resize=1050%2C600&ssl=1 3x"},"classes":[]},{"id":7843,"url":"https:\/\/artejoven.org\/en\/fondo-de-arte-joven-en-alianza-con-unicef-cuba\/","url_meta":{"origin":8355,"position":2},"title":"Youth Art Fund in partnership with UNICEF Cuba","author":"Ren\u00e9 Manuel Puig","date":"22 de July de 2024","format":false,"excerpt":"The first collaboration between UNICEF Cuba and FAJ leaves the door open for future alliances and helps identify opportunities for resource mobilization, with the aim of expanding this cooperation.","rel":"","context":"In &quot;Desde el FAJ&quot;","block_context":{"text":"Desde el FAJ","link":"https:\/\/artejoven.org\/en\/category\/noticias\/desde-el-faj\/"},"img":{"alt_text":"Taller verano Bellas Artes - Colab FAJ - Unicef","src":"https:\/\/i0.wp.com\/artejoven.org\/wp-content\/uploads\/2024\/07\/UNICEF-Cuba-jpg.webp?resize=350%2C200&ssl=1","width":350,"height":200,"srcset":"https:\/\/i0.wp.com\/artejoven.org\/wp-content\/uploads\/2024\/07\/UNICEF-Cuba-jpg.webp?resize=350%2C200&ssl=1 1x, https:\/\/i0.wp.com\/artejoven.org\/wp-content\/uploads\/2024\/07\/UNICEF-Cuba-jpg.webp?resize=525%2C300&ssl=1 1.5x, https:\/\/i0.wp.com\/artejoven.org\/wp-content\/uploads\/2024\/07\/UNICEF-Cuba-jpg.webp?resize=700%2C400&ssl=1 2x, https:\/\/i0.wp.com\/artejoven.org\/wp-content\/uploads\/2024\/07\/UNICEF-Cuba-jpg.webp?resize=1050%2C600&ssl=1 3x"},"classes":[]},{"id":8177,"url":"https:\/\/www.adelante.cu\/index.php\/es\/cultura\/30239-convocatoria-abierta-concurso-nacional-de-musica","url_meta":{"origin":8355,"position":3},"title":"Open Call: National Music Contest","author":"Ren\u00e9 Manuel Puig","date":"27 de September de 2024","format":false,"excerpt":"Publicado en adelante.cu: El Fondo de Arte Joven y UNICEF Cuba anuncian la primera edici\u00f3n del Concurso Nacional de M\u00fasica, iniciativa destinada a j\u00f3venes talentos de entre 12 y 18 a\u00f1os.","rel":"","context":"In &quot;Desde la prensa&quot;","block_context":{"text":"Desde la prensa","link":"https:\/\/artejoven.org\/en\/category\/noticias\/desde-la-prensa\/"},"img":{"alt_text":"Concurso Nacional de M\u00fasica. Convocatoria FAJ-UNICEF","src":"https:\/\/i0.wp.com\/artejoven.org\/wp-content\/uploads\/2024\/09\/Concurso-Nacional-de-Musica.-Convocatoria-FAJ-UNICEF--jpg.webp?resize=350%2C200&ssl=1","width":350,"height":200,"srcset":"https:\/\/i0.wp.com\/artejoven.org\/wp-content\/uploads\/2024\/09\/Concurso-Nacional-de-Musica.-Convocatoria-FAJ-UNICEF--jpg.webp?resize=350%2C200&ssl=1 1x, https:\/\/i0.wp.com\/artejoven.org\/wp-content\/uploads\/2024\/09\/Concurso-Nacional-de-Musica.-Convocatoria-FAJ-UNICEF--jpg.webp?resize=525%2C300&ssl=1 1.5x, https:\/\/i0.wp.com\/artejoven.org\/wp-content\/uploads\/2024\/09\/Concurso-Nacional-de-Musica.-Convocatoria-FAJ-UNICEF--jpg.webp?resize=700%2C400&ssl=1 2x, https:\/\/i0.wp.com\/artejoven.org\/wp-content\/uploads\/2024\/09\/Concurso-Nacional-de-Musica.-Convocatoria-FAJ-UNICEF--jpg.webp?resize=1050%2C600&ssl=1 3x, https:\/\/i0.wp.com\/artejoven.org\/wp-content\/uploads\/2024\/09\/Concurso-Nacional-de-Musica.-Convocatoria-FAJ-UNICEF--jpg.webp?resize=1400%2C800&ssl=1 4x"},"classes":[]},{"id":9701,"url":"https:\/\/artejoven.org\/en\/concurso-nacional-de-musica-caravana-a-matanzas\/","url_meta":{"origin":8355,"position":4},"title":"National Music Contest: caravan to Matanzas","author":"Ren\u00e9 Manuel Puig","date":"23 de July de 2025","format":false,"excerpt":"Organizado por el Fondo de Arte Joven y UNICEF Cuba, en el marco de los 80 a\u00f1os de las Naciones Unidas, este evento replic\u00f3 por primera vez fuera de La Habana la experiencia de la primera edici\u00f3n, con la direcci\u00f3n musical de Janio Abreu, multiinstrumentista de vientos, compositor, arreglista y\u2026","rel":"","context":"In &quot;Desde el FAJ&quot;","block_context":{"text":"Desde el FAJ","link":"https:\/\/artejoven.org\/en\/category\/noticias\/desde-el-faj\/"},"img":{"alt_text":"","src":"https:\/\/i0.wp.com\/artejoven.org\/wp-content\/uploads\/2025\/07\/07-Caravana-a-Matanzas.-FAJ-UNICEF-Cuba.webp?resize=350%2C200&ssl=1","width":350,"height":200,"srcset":"https:\/\/i0.wp.com\/artejoven.org\/wp-content\/uploads\/2025\/07\/07-Caravana-a-Matanzas.-FAJ-UNICEF-Cuba.webp?resize=350%2C200&ssl=1 1x, https:\/\/i0.wp.com\/artejoven.org\/wp-content\/uploads\/2025\/07\/07-Caravana-a-Matanzas.-FAJ-UNICEF-Cuba.webp?resize=525%2C300&ssl=1 1.5x, https:\/\/i0.wp.com\/artejoven.org\/wp-content\/uploads\/2025\/07\/07-Caravana-a-Matanzas.-FAJ-UNICEF-Cuba.webp?resize=700%2C400&ssl=1 2x, https:\/\/i0.wp.com\/artejoven.org\/wp-content\/uploads\/2025\/07\/07-Caravana-a-Matanzas.-FAJ-UNICEF-Cuba.webp?resize=1050%2C600&ssl=1 3x, https:\/\/i0.wp.com\/artejoven.org\/wp-content\/uploads\/2025\/07\/07-Caravana-a-Matanzas.-FAJ-UNICEF-Cuba.webp?resize=1400%2C800&ssl=1 4x"},"classes":[]},{"id":8336,"url":"https:\/\/artejoven.org\/en\/sesiona-en-la-habana-programa-de-intercambio-creativo-de-la-primera-edicion-del-concurso-nacional-de-musica\/","url_meta":{"origin":8355,"position":5},"title":"Creative exchange program of the first edition of the National Music Competition takes place in Havana","author":"Ren\u00e9 Manuel Puig","date":"25 de November de 2024","format":false,"excerpt":"Between improvisation techniques and discussions on the history of Cuban music and heritage, the first day of exchange between the winners of the first edition of the National Music Contest took place.","rel":"","context":"In &quot;Desde el FAJ&quot;","block_context":{"text":"Desde el FAJ","link":"https:\/\/artejoven.org\/en\/category\/noticias\/desde-el-faj\/"},"img":{"alt_text":"Concurso Nacional de M\u00fasica","src":"https:\/\/i0.wp.com\/artejoven.org\/wp-content\/uploads\/2024\/11\/Portada-Concurso-Nacional-de-Musica.webp?resize=350%2C200&ssl=1","width":350,"height":200,"srcset":"https:\/\/i0.wp.com\/artejoven.org\/wp-content\/uploads\/2024\/11\/Portada-Concurso-Nacional-de-Musica.webp?resize=350%2C200&ssl=1 1x, https:\/\/i0.wp.com\/artejoven.org\/wp-content\/uploads\/2024\/11\/Portada-Concurso-Nacional-de-Musica.webp?resize=525%2C300&ssl=1 1.5x, https:\/\/i0.wp.com\/artejoven.org\/wp-content\/uploads\/2024\/11\/Portada-Concurso-Nacional-de-Musica.webp?resize=700%2C400&ssl=1 2x, https:\/\/i0.wp.com\/artejoven.org\/wp-content\/uploads\/2024\/11\/Portada-Concurso-Nacional-de-Musica.webp?resize=1050%2C600&ssl=1 3x"},"classes":[]}],"jetpack_sharing_enabled":true,"_links":{"self":[{"href":"https:\/\/artejoven.org\/en\/wp-json\/wp\/v2\/posts\/8355","targetHints":{"allow":["GET"]}}],"collection":[{"href":"https:\/\/artejoven.org\/en\/wp-json\/wp\/v2\/posts"}],"about":[{"href":"https:\/\/artejoven.org\/en\/wp-json\/wp\/v2\/types\/post"}],"author":[{"embeddable":true,"href":"https:\/\/artejoven.org\/en\/wp-json\/wp\/v2\/users\/1"}],"replies":[{"embeddable":true,"href":"https:\/\/artejoven.org\/en\/wp-json\/wp\/v2\/comments?post=8355"}],"version-history":[{"count":0,"href":"https:\/\/artejoven.org\/en\/wp-json\/wp\/v2\/posts\/8355\/revisions"}],"wp:featuredmedia":[{"embeddable":true,"href":"https:\/\/artejoven.org\/en\/wp-json\/wp\/v2\/media\/8413"}],"wp:attachment":[{"href":"https:\/\/artejoven.org\/en\/wp-json\/wp\/v2\/media?parent=8355"}],"wp:term":[{"taxonomy":"category","embeddable":true,"href":"https:\/\/artejoven.org\/en\/wp-json\/wp\/v2\/categories?post=8355"},{"taxonomy":"post_tag","embeddable":true,"href":"https:\/\/artejoven.org\/en\/wp-json\/wp\/v2\/tags?post=8355"}],"curies":[{"name":"wp","href":"https:\/\/api.w.org\/{rel}","templated":true}]}}