{"id":9141,"date":"2025-03-31T21:53:54","date_gmt":"2025-04-01T01:53:54","guid":{"rendered":"https:\/\/artejoven.org\/?p=9141"},"modified":"2025-04-09T09:22:09","modified_gmt":"2025-04-09T13:22:09","slug":"the-residency-a-cinematographic-experience-that-unites-cultures","status":"publish","type":"post","link":"https:\/\/artejoven.org\/en\/la-residencia-una-experiencia-cinematografica-que-une-culturas\/","title":{"rendered":"\"The Residence\": a cinematic experience that unites cultures"},"content":{"rendered":"<p>Like a cinematic journey in retrospective, the public lived the experience of the young Cubans and Haitians who starred in the documentary \"The Residence\", presented by the Youth Art Found (YAF) this Sunday, March 30 at the Nave 3 of F\u00e1brica de Arte Cubano.<\/p>\n\n\n\n<p>Produced by i4films, this project stands out not only for its excellent audiovisual quality, but also for being the debut feature of Cuban filmmaker Zulema Samuel. This opportunity is in line with FAJ's objectives, which seek to make the talent of young female creators visible and contribute to their empowerment in the creative industries.<\/p>\n\n\n\n<p>\"La Residencia\" is a collection of the experiences of photographers and musicians from Cuba and Haiti, who participated in the first Academic Residency program, launched by YAF in October 2023. This documentary, more than a visual testimony of the creativity and talent of emerging artists, celebrates collaboration and cultural exchange, despite the context of crisis, providing resources, knowledge and innovative approaches in key sectors.<\/p>\n\n\n\n<p>YAF continues its commitment to support and make visible the work of young artists taking their first steps in the art world, with a special focus on women. Through various cultural manifestations and forms of exhibition of creative content, YAF establishes partnerships with public and private organizations and institutions, which has allowed the creation of stimuli for creation, cultural encounters and teaching.<\/p>\n\n\n\n<div class=\"wp-block-jetpack-tiled-gallery aligncenter is-style-rectangular\"><div class=\"has-rounded-corners-15\"><div class=\"tiled-gallery__gallery\"><div class=\"tiled-gallery__row\"><div class=\"tiled-gallery__col\" style=\"flex-basis:66.80788%\"><figure class=\"tiled-gallery__item\"><a href=\"https:\/\/artejoven.org\/wp-content\/uploads\/2025\/03\/Presentacion-de-La-Residencia_-Un-documental-del-Fondo-de-Arte-Joven-7-1024x683.webp\"><img decoding=\"async\" srcset=\"https:\/\/i0.wp.com\/artejoven.org\/wp-content\/uploads\/2025\/03\/Presentacion-de-La-Residencia_-Un-documental-del-Fondo-de-Arte-Joven-7-1024x683.webp?strip=info&#038;w=600&#038;ssl=1 600w,https:\/\/i0.wp.com\/artejoven.org\/wp-content\/uploads\/2025\/03\/Presentacion-de-La-Residencia_-Un-documental-del-Fondo-de-Arte-Joven-7-1024x683.webp?strip=info&#038;w=900&#038;ssl=1 900w,https:\/\/i0.wp.com\/artejoven.org\/wp-content\/uploads\/2025\/03\/Presentacion-de-La-Residencia_-Un-documental-del-Fondo-de-Arte-Joven-7-1024x683.webp?strip=info&#038;w=1200&#038;ssl=1 1200w,https:\/\/i0.wp.com\/artejoven.org\/wp-content\/uploads\/2025\/03\/Presentacion-de-La-Residencia_-Un-documental-del-Fondo-de-Arte-Joven-7-1024x683.webp?strip=info&#038;w=1500&#038;ssl=1 1500w,https:\/\/i0.wp.com\/artejoven.org\/wp-content\/uploads\/2025\/03\/Presentacion-de-La-Residencia_-Un-documental-del-Fondo-de-Arte-Joven-7-1024x683.webp?strip=info&#038;w=1800&#038;ssl=1 1800w,https:\/\/i0.wp.com\/artejoven.org\/wp-content\/uploads\/2025\/03\/Presentacion-de-La-Residencia_-Un-documental-del-Fondo-de-Arte-Joven-7-1024x683.webp?strip=info&#038;w=2000&#038;ssl=1 2000w\" alt=\"\" data-height=\"1707\" data-id=\"9144\" data-link=\"https:\/\/artejoven.org\/?attachment_id=9144#main\" data-url=\"https:\/\/artejoven.org\/wp-content\/uploads\/2025\/03\/Presentacion-de-La-Residencia_-Un-documental-del-Fondo-de-Arte-Joven-7-1024x683.webp\" data-width=\"2560\" src=\"https:\/\/i0.wp.com\/artejoven.org\/wp-content\/uploads\/2025\/03\/Presentacion-de-La-Residencia_-Un-documental-del-Fondo-de-Arte-Joven-7-1024x683.webp?ssl=1\" data-amp-layout=\"responsive\" tabindex=\"0\" role=\"button\" aria-label=\"Open image 1 of 7 in full screen\"\/><\/a><\/figure><\/div><div class=\"tiled-gallery__col\" style=\"flex-basis:33.19212%\"><figure class=\"tiled-gallery__item\"><a href=\"https:\/\/artejoven.org\/wp-content\/uploads\/2025\/03\/Presentacion-de-La-Residencia_-Un-documental-del-Fondo-de-Arte-Joven-4-1024x683.webp\"><img decoding=\"async\" srcset=\"https:\/\/i0.wp.com\/artejoven.org\/wp-content\/uploads\/2025\/03\/Presentacion-de-La-Residencia_-Un-documental-del-Fondo-de-Arte-Joven-4-1024x683.webp?strip=info&#038;w=600&#038;ssl=1 600w,https:\/\/i0.wp.com\/artejoven.org\/wp-content\/uploads\/2025\/03\/Presentacion-de-La-Residencia_-Un-documental-del-Fondo-de-Arte-Joven-4-1024x683.webp?strip=info&#038;w=900&#038;ssl=1 900w,https:\/\/i0.wp.com\/artejoven.org\/wp-content\/uploads\/2025\/03\/Presentacion-de-La-Residencia_-Un-documental-del-Fondo-de-Arte-Joven-4-1024x683.webp?strip=info&#038;w=1200&#038;ssl=1 1200w,https:\/\/i0.wp.com\/artejoven.org\/wp-content\/uploads\/2025\/03\/Presentacion-de-La-Residencia_-Un-documental-del-Fondo-de-Arte-Joven-4-1024x683.webp?strip=info&#038;w=1500&#038;ssl=1 1500w,https:\/\/i0.wp.com\/artejoven.org\/wp-content\/uploads\/2025\/03\/Presentacion-de-La-Residencia_-Un-documental-del-Fondo-de-Arte-Joven-4-1024x683.webp?strip=info&#038;w=1800&#038;ssl=1 1800w,https:\/\/i0.wp.com\/artejoven.org\/wp-content\/uploads\/2025\/03\/Presentacion-de-La-Residencia_-Un-documental-del-Fondo-de-Arte-Joven-4-1024x683.webp?strip=info&#038;w=2000&#038;ssl=1 2000w\" alt=\"\" data-height=\"1707\" data-id=\"9147\" data-link=\"https:\/\/artejoven.org\/?attachment_id=9147#main\" data-url=\"https:\/\/artejoven.org\/wp-content\/uploads\/2025\/03\/Presentacion-de-La-Residencia_-Un-documental-del-Fondo-de-Arte-Joven-4-1024x683.webp\" data-width=\"2560\" src=\"https:\/\/i0.wp.com\/artejoven.org\/wp-content\/uploads\/2025\/03\/Presentacion-de-La-Residencia_-Un-documental-del-Fondo-de-Arte-Joven-4-1024x683.webp?ssl=1\" data-amp-layout=\"responsive\" tabindex=\"0\" role=\"button\" aria-label=\"Open image 2 of 7 in full screen\"\/><\/a><\/figure><figure class=\"tiled-gallery__item\"><a href=\"https:\/\/artejoven.org\/wp-content\/uploads\/2025\/03\/Presentacion-de-La-Residencia_-Un-documental-del-Fondo-de-Arte-Joven-2-1024x683.webp\"><img decoding=\"async\" srcset=\"https:\/\/i0.wp.com\/artejoven.org\/wp-content\/uploads\/2025\/03\/Presentacion-de-La-Residencia_-Un-documental-del-Fondo-de-Arte-Joven-2-1024x683.webp?strip=info&#038;w=600&#038;ssl=1 600w,https:\/\/i0.wp.com\/artejoven.org\/wp-content\/uploads\/2025\/03\/Presentacion-de-La-Residencia_-Un-documental-del-Fondo-de-Arte-Joven-2-1024x683.webp?strip=info&#038;w=900&#038;ssl=1 900w,https:\/\/i0.wp.com\/artejoven.org\/wp-content\/uploads\/2025\/03\/Presentacion-de-La-Residencia_-Un-documental-del-Fondo-de-Arte-Joven-2-1024x683.webp?strip=info&#038;w=1200&#038;ssl=1 1200w,https:\/\/i0.wp.com\/artejoven.org\/wp-content\/uploads\/2025\/03\/Presentacion-de-La-Residencia_-Un-documental-del-Fondo-de-Arte-Joven-2-1024x683.webp?strip=info&#038;w=1500&#038;ssl=1 1500w,https:\/\/i0.wp.com\/artejoven.org\/wp-content\/uploads\/2025\/03\/Presentacion-de-La-Residencia_-Un-documental-del-Fondo-de-Arte-Joven-2-1024x683.webp?strip=info&#038;w=1800&#038;ssl=1 1800w,https:\/\/i0.wp.com\/artejoven.org\/wp-content\/uploads\/2025\/03\/Presentacion-de-La-Residencia_-Un-documental-del-Fondo-de-Arte-Joven-2-1024x683.webp?strip=info&#038;w=2000&#038;ssl=1 2000w\" alt=\"\" data-height=\"1707\" data-id=\"9143\" data-link=\"https:\/\/artejoven.org\/?attachment_id=9143#main\" data-url=\"https:\/\/artejoven.org\/wp-content\/uploads\/2025\/03\/Presentacion-de-La-Residencia_-Un-documental-del-Fondo-de-Arte-Joven-2-1024x683.webp\" data-width=\"2560\" src=\"https:\/\/i0.wp.com\/artejoven.org\/wp-content\/uploads\/2025\/03\/Presentacion-de-La-Residencia_-Un-documental-del-Fondo-de-Arte-Joven-2-1024x683.webp?ssl=1\" data-amp-layout=\"responsive\" tabindex=\"0\" role=\"button\" aria-label=\"Open image 3 of 7 in full screen\"\/><\/a><\/figure><\/div><\/div><div class=\"tiled-gallery__row\"><div class=\"tiled-gallery__col\" style=\"flex-basis:25.00000%\"><figure class=\"tiled-gallery__item\"><a href=\"https:\/\/artejoven.org\/wp-content\/uploads\/2025\/03\/Presentacion-de-La-Residencia_-Un-documental-del-Fondo-de-Arte-Joven-1-1024x683.webp\"><img decoding=\"async\" srcset=\"https:\/\/i0.wp.com\/artejoven.org\/wp-content\/uploads\/2025\/03\/Presentacion-de-La-Residencia_-Un-documental-del-Fondo-de-Arte-Joven-1-1024x683.webp?strip=info&#038;w=600&#038;ssl=1 600w,https:\/\/i0.wp.com\/artejoven.org\/wp-content\/uploads\/2025\/03\/Presentacion-de-La-Residencia_-Un-documental-del-Fondo-de-Arte-Joven-1-1024x683.webp?strip=info&#038;w=900&#038;ssl=1 900w,https:\/\/i0.wp.com\/artejoven.org\/wp-content\/uploads\/2025\/03\/Presentacion-de-La-Residencia_-Un-documental-del-Fondo-de-Arte-Joven-1-1024x683.webp?strip=info&#038;w=1200&#038;ssl=1 1200w,https:\/\/i0.wp.com\/artejoven.org\/wp-content\/uploads\/2025\/03\/Presentacion-de-La-Residencia_-Un-documental-del-Fondo-de-Arte-Joven-1-1024x683.webp?strip=info&#038;w=1500&#038;ssl=1 1500w,https:\/\/i0.wp.com\/artejoven.org\/wp-content\/uploads\/2025\/03\/Presentacion-de-La-Residencia_-Un-documental-del-Fondo-de-Arte-Joven-1-1024x683.webp?strip=info&#038;w=1800&#038;ssl=1 1800w,https:\/\/i0.wp.com\/artejoven.org\/wp-content\/uploads\/2025\/03\/Presentacion-de-La-Residencia_-Un-documental-del-Fondo-de-Arte-Joven-1-1024x683.webp?strip=info&#038;w=2000&#038;ssl=1 2000w\" alt=\"\" data-height=\"1707\" data-id=\"9145\" data-link=\"https:\/\/artejoven.org\/?attachment_id=9145#main\" data-url=\"https:\/\/artejoven.org\/wp-content\/uploads\/2025\/03\/Presentacion-de-La-Residencia_-Un-documental-del-Fondo-de-Arte-Joven-1-1024x683.webp\" data-width=\"2560\" src=\"https:\/\/i0.wp.com\/artejoven.org\/wp-content\/uploads\/2025\/03\/Presentacion-de-La-Residencia_-Un-documental-del-Fondo-de-Arte-Joven-1-1024x683.webp?ssl=1\" data-amp-layout=\"responsive\" tabindex=\"0\" role=\"button\" aria-label=\"Open image 4 of 7 in full screen\"\/><\/a><\/figure><\/div><div class=\"tiled-gallery__col\" style=\"flex-basis:25.00000%\"><figure class=\"tiled-gallery__item\"><a href=\"https:\/\/artejoven.org\/wp-content\/uploads\/2025\/03\/Presentacion-de-La-Residencia_-Un-documental-del-Fondo-de-Arte-Joven-5-1024x683.webp\"><img decoding=\"async\" srcset=\"https:\/\/i0.wp.com\/artejoven.org\/wp-content\/uploads\/2025\/03\/Presentacion-de-La-Residencia_-Un-documental-del-Fondo-de-Arte-Joven-5-1024x683.webp?strip=info&#038;w=600&#038;ssl=1 600w,https:\/\/i0.wp.com\/artejoven.org\/wp-content\/uploads\/2025\/03\/Presentacion-de-La-Residencia_-Un-documental-del-Fondo-de-Arte-Joven-5-1024x683.webp?strip=info&#038;w=900&#038;ssl=1 900w,https:\/\/i0.wp.com\/artejoven.org\/wp-content\/uploads\/2025\/03\/Presentacion-de-La-Residencia_-Un-documental-del-Fondo-de-Arte-Joven-5-1024x683.webp?strip=info&#038;w=1200&#038;ssl=1 1200w,https:\/\/i0.wp.com\/artejoven.org\/wp-content\/uploads\/2025\/03\/Presentacion-de-La-Residencia_-Un-documental-del-Fondo-de-Arte-Joven-5-1024x683.webp?strip=info&#038;w=1500&#038;ssl=1 1500w,https:\/\/i0.wp.com\/artejoven.org\/wp-content\/uploads\/2025\/03\/Presentacion-de-La-Residencia_-Un-documental-del-Fondo-de-Arte-Joven-5-1024x683.webp?strip=info&#038;w=1800&#038;ssl=1 1800w,https:\/\/i0.wp.com\/artejoven.org\/wp-content\/uploads\/2025\/03\/Presentacion-de-La-Residencia_-Un-documental-del-Fondo-de-Arte-Joven-5-1024x683.webp?strip=info&#038;w=2000&#038;ssl=1 2000w\" alt=\"\" data-height=\"1707\" data-id=\"9149\" data-link=\"https:\/\/artejoven.org\/?attachment_id=9149#main\" data-url=\"https:\/\/artejoven.org\/wp-content\/uploads\/2025\/03\/Presentacion-de-La-Residencia_-Un-documental-del-Fondo-de-Arte-Joven-5-1024x683.webp\" data-width=\"2560\" src=\"https:\/\/i0.wp.com\/artejoven.org\/wp-content\/uploads\/2025\/03\/Presentacion-de-La-Residencia_-Un-documental-del-Fondo-de-Arte-Joven-5-1024x683.webp?ssl=1\" data-amp-layout=\"responsive\" tabindex=\"0\" role=\"button\" aria-label=\"Open image 5 of 7 in full screen\"\/><\/a><\/figure><\/div><div class=\"tiled-gallery__col\" style=\"flex-basis:25.00000%\"><figure class=\"tiled-gallery__item\"><a href=\"https:\/\/artejoven.org\/wp-content\/uploads\/2025\/03\/Presentacion-de-La-Residencia_-Un-documental-del-Fondo-de-Arte-Joven-3-1024x683.webp\"><img decoding=\"async\" srcset=\"https:\/\/i0.wp.com\/artejoven.org\/wp-content\/uploads\/2025\/03\/Presentacion-de-La-Residencia_-Un-documental-del-Fondo-de-Arte-Joven-3-1024x683.webp?strip=info&#038;w=600&#038;ssl=1 600w,https:\/\/i0.wp.com\/artejoven.org\/wp-content\/uploads\/2025\/03\/Presentacion-de-La-Residencia_-Un-documental-del-Fondo-de-Arte-Joven-3-1024x683.webp?strip=info&#038;w=900&#038;ssl=1 900w,https:\/\/i0.wp.com\/artejoven.org\/wp-content\/uploads\/2025\/03\/Presentacion-de-La-Residencia_-Un-documental-del-Fondo-de-Arte-Joven-3-1024x683.webp?strip=info&#038;w=1200&#038;ssl=1 1200w,https:\/\/i0.wp.com\/artejoven.org\/wp-content\/uploads\/2025\/03\/Presentacion-de-La-Residencia_-Un-documental-del-Fondo-de-Arte-Joven-3-1024x683.webp?strip=info&#038;w=1500&#038;ssl=1 1500w,https:\/\/i0.wp.com\/artejoven.org\/wp-content\/uploads\/2025\/03\/Presentacion-de-La-Residencia_-Un-documental-del-Fondo-de-Arte-Joven-3-1024x683.webp?strip=info&#038;w=1800&#038;ssl=1 1800w,https:\/\/i0.wp.com\/artejoven.org\/wp-content\/uploads\/2025\/03\/Presentacion-de-La-Residencia_-Un-documental-del-Fondo-de-Arte-Joven-3-1024x683.webp?strip=info&#038;w=2000&#038;ssl=1 2000w\" alt=\"\" data-height=\"1707\" data-id=\"9148\" data-link=\"https:\/\/artejoven.org\/?attachment_id=9148#main\" data-url=\"https:\/\/artejoven.org\/wp-content\/uploads\/2025\/03\/Presentacion-de-La-Residencia_-Un-documental-del-Fondo-de-Arte-Joven-3-1024x683.webp\" data-width=\"2560\" src=\"https:\/\/i0.wp.com\/artejoven.org\/wp-content\/uploads\/2025\/03\/Presentacion-de-La-Residencia_-Un-documental-del-Fondo-de-Arte-Joven-3-1024x683.webp?ssl=1\" data-amp-layout=\"responsive\" tabindex=\"0\" role=\"button\" aria-label=\"Open image 6 of 7 in full screen\"\/><\/a><\/figure><\/div><div class=\"tiled-gallery__col\" style=\"flex-basis:25.00000%\"><figure class=\"tiled-gallery__item\"><a href=\"https:\/\/artejoven.org\/wp-content\/uploads\/2025\/03\/Presentacion-de-La-Residencia_-Un-documental-del-Fondo-de-Arte-Joven-6-1024x683.webp\"><img decoding=\"async\" srcset=\"https:\/\/i0.wp.com\/artejoven.org\/wp-content\/uploads\/2025\/03\/Presentacion-de-La-Residencia_-Un-documental-del-Fondo-de-Arte-Joven-6-1024x683.webp?strip=info&#038;w=600&#038;ssl=1 600w,https:\/\/i0.wp.com\/artejoven.org\/wp-content\/uploads\/2025\/03\/Presentacion-de-La-Residencia_-Un-documental-del-Fondo-de-Arte-Joven-6-1024x683.webp?strip=info&#038;w=900&#038;ssl=1 900w,https:\/\/i0.wp.com\/artejoven.org\/wp-content\/uploads\/2025\/03\/Presentacion-de-La-Residencia_-Un-documental-del-Fondo-de-Arte-Joven-6-1024x683.webp?strip=info&#038;w=1200&#038;ssl=1 1200w,https:\/\/i0.wp.com\/artejoven.org\/wp-content\/uploads\/2025\/03\/Presentacion-de-La-Residencia_-Un-documental-del-Fondo-de-Arte-Joven-6-1024x683.webp?strip=info&#038;w=1500&#038;ssl=1 1500w,https:\/\/i0.wp.com\/artejoven.org\/wp-content\/uploads\/2025\/03\/Presentacion-de-La-Residencia_-Un-documental-del-Fondo-de-Arte-Joven-6-1024x683.webp?strip=info&#038;w=1800&#038;ssl=1 1800w,https:\/\/i0.wp.com\/artejoven.org\/wp-content\/uploads\/2025\/03\/Presentacion-de-La-Residencia_-Un-documental-del-Fondo-de-Arte-Joven-6-1024x683.webp?strip=info&#038;w=2000&#038;ssl=1 2000w\" alt=\"\" data-height=\"1707\" data-id=\"9146\" data-link=\"https:\/\/artejoven.org\/?attachment_id=9146#main\" data-url=\"https:\/\/artejoven.org\/wp-content\/uploads\/2025\/03\/Presentacion-de-La-Residencia_-Un-documental-del-Fondo-de-Arte-Joven-6-1024x683.webp\" data-width=\"2560\" src=\"https:\/\/i0.wp.com\/artejoven.org\/wp-content\/uploads\/2025\/03\/Presentacion-de-La-Residencia_-Un-documental-del-Fondo-de-Arte-Joven-6-1024x683.webp?ssl=1\" data-amp-layout=\"responsive\" tabindex=\"0\" role=\"button\" aria-label=\"Open image 7 of 7 in full screen\"\/><\/a><\/figure><\/div><\/div><\/div><\/div><\/div>","protected":false},"excerpt":{"rendered":"<p>The YAF continues its commitment to support and make visible the work of young artists taking their first steps in the art world, with a special focus on women.<\/p>","protected":false},"author":1,"featured_media":9145,"comment_status":"open","ping_status":"open","sticky":false,"template":"","format":"standard","meta":{"_acf_changed":false,"_jetpack_memberships_contains_paid_content":false,"footnotes":"","_links_to":"","_links_to_target":""},"categories":[35],"tags":[],"class_list":{"0":"post-9141","1":"post","2":"type-post","3":"status-publish","4":"format-standard","5":"has-post-thumbnail","6":"hentry","7":"category-desde-el-faj","9":"post-with-thumbnail","10":"post-with-thumbnail-large"},"acf":[],"aioseo_notices":[],"jetpack_featured_media_url":"https:\/\/artejoven.org\/wp-content\/uploads\/2025\/03\/Presentacion-de-La-Residencia_-Un-documental-del-Fondo-de-Arte-Joven-1-scaled.webp","jetpack-related-posts":[{"id":6083,"url":"https:\/\/artejoven.org\/en\/fondo-de-arte-joven-impulsa-programa-de-residencia-academica-haiti-cuba\/","url_meta":{"origin":9141,"position":0},"title":"Youth Art Fund promotes Haiti - Cuba Academic Residency Program","author":"Ren\u00e9 Manuel Puig","date":"19 de October de 2023","format":false,"excerpt":"This week a group of young Haitian creators arrived in Havana to participate in the first Academic Residency Program promoted by the Youth Art Fund (YAF), with an emphasis on music and photography.","rel":"","context":"In &quot;Desde el FAJ&quot;","block_context":{"text":"Desde el FAJ","link":"https:\/\/artejoven.org\/en\/category\/noticias\/desde-el-faj\/"},"img":{"alt_text":"Residencia Acad\u00e9mica Hait\u00ed - Cuba","src":"https:\/\/i0.wp.com\/artejoven.org\/wp-content\/uploads\/2023\/10\/Residencia-academica-Haiti-Cuba-jpg.webp?resize=350%2C200&ssl=1","width":350,"height":200,"srcset":"https:\/\/i0.wp.com\/artejoven.org\/wp-content\/uploads\/2023\/10\/Residencia-academica-Haiti-Cuba-jpg.webp?resize=350%2C200&ssl=1 1x, https:\/\/i0.wp.com\/artejoven.org\/wp-content\/uploads\/2023\/10\/Residencia-academica-Haiti-Cuba-jpg.webp?resize=525%2C300&ssl=1 1.5x, https:\/\/i0.wp.com\/artejoven.org\/wp-content\/uploads\/2023\/10\/Residencia-academica-Haiti-Cuba-jpg.webp?resize=700%2C400&ssl=1 2x, https:\/\/i0.wp.com\/artejoven.org\/wp-content\/uploads\/2023\/10\/Residencia-academica-Haiti-Cuba-jpg.webp?resize=1050%2C600&ssl=1 3x"},"classes":[]},{"id":6271,"url":"https:\/\/artejoven.org\/en\/bitacoras-del-programa-de-residencias-academicas-haiti-cuba-del-fondo-de-arte-joven-parte-ii\/","url_meta":{"origin":9141,"position":1},"title":"Journals of the Haiti - Cuba Academic Residency Program of the Youth Art Fund (Part II)","author":"Ren\u00e9 Manuel Puig","date":"31 de October de 2023","format":false,"excerpt":"The second week of the Haiti-Cuba Academic Residency Program of the Youth Art Fund began with a small but emotional meeting with YAF beneficiaries.","rel":"","context":"In &quot;Desde el FAJ&quot;","block_context":{"text":"Desde el FAJ","link":"https:\/\/artejoven.org\/en\/category\/noticias\/desde-el-faj\/"},"img":{"alt_text":"Descarga en la terraza del Hotel Claxon","src":"https:\/\/i0.wp.com\/artejoven.org\/wp-content\/uploads\/2023\/10\/2023_10_26_00_09_IMG_4519.JPG.WEBP?resize=350%2C200&ssl=1","width":350,"height":200,"srcset":"https:\/\/i0.wp.com\/artejoven.org\/wp-content\/uploads\/2023\/10\/2023_10_26_00_09_IMG_4519.JPG.WEBP?resize=350%2C200&ssl=1 1x, https:\/\/i0.wp.com\/artejoven.org\/wp-content\/uploads\/2023\/10\/2023_10_26_00_09_IMG_4519.JPG.WEBP?resize=525%2C300&ssl=1 1.5x, https:\/\/i0.wp.com\/artejoven.org\/wp-content\/uploads\/2023\/10\/2023_10_26_00_09_IMG_4519.JPG.WEBP?resize=700%2C400&ssl=1 2x, https:\/\/i0.wp.com\/artejoven.org\/wp-content\/uploads\/2023\/10\/2023_10_26_00_09_IMG_4519.JPG.WEBP?resize=1050%2C600&ssl=1 3x, https:\/\/i0.wp.com\/artejoven.org\/wp-content\/uploads\/2023\/10\/2023_10_26_00_09_IMG_4519.JPG.WEBP?resize=1400%2C800&ssl=1 4x"},"classes":[]},{"id":7165,"url":"https:\/\/artejoven.org\/en\/intercambia-enrique-martinez-celaya-con-jovenes-creadores-cubanos\/","url_meta":{"origin":9141,"position":2},"title":"Enrique Mart\u00ednez Celaya exchanges with young Cuban creators","author":"Ren\u00e9 Manuel Puig","date":"15 de February de 2024","format":false,"excerpt":"El artista, autor y f\u00edsico Enrique Mart\u00ednez Celaya intercambi\u00f3 con j\u00f3venes creadores cubanos en la Galer\u00eda Sal\u00f3n Blanco del Fondo de Arte Joven (FAJ). Durante poco m\u00e1s de dos horas, los asistentes pudieron acercarse a la carrera de Mart\u00ednez Celaya, conocer sobre la incidencia de la f\u00edsica y el arte\u2026","rel":"","context":"In &quot;Desde el FAJ&quot;","block_context":{"text":"Desde el FAJ","link":"https:\/\/artejoven.org\/en\/category\/noticias\/desde-el-faj\/"},"img":{"alt_text":"Mart\u00ednez Celaya","src":"https:\/\/i0.wp.com\/artejoven.org\/wp-content\/uploads\/2024\/02\/Martinez-Celaya-jpg.webp?resize=350%2C200&ssl=1","width":350,"height":200,"srcset":"https:\/\/i0.wp.com\/artejoven.org\/wp-content\/uploads\/2024\/02\/Martinez-Celaya-jpg.webp?resize=350%2C200&ssl=1 1x, https:\/\/i0.wp.com\/artejoven.org\/wp-content\/uploads\/2024\/02\/Martinez-Celaya-jpg.webp?resize=525%2C300&ssl=1 1.5x, https:\/\/i0.wp.com\/artejoven.org\/wp-content\/uploads\/2024\/02\/Martinez-Celaya-jpg.webp?resize=700%2C400&ssl=1 2x, https:\/\/i0.wp.com\/artejoven.org\/wp-content\/uploads\/2024\/02\/Martinez-Celaya-jpg.webp?resize=1050%2C600&ssl=1 3x"},"classes":[]},{"id":6096,"url":"https:\/\/artejoven.org\/en\/bitacoras-del-programa-de-residencias-academicas-haiti-cuba-del-fondo-de-arte-joven-parte-i\/","url_meta":{"origin":9141,"position":3},"title":"Journals of the Haiti - Cuba Academic Residency Program of the Youth Art Fund (Part I)","author":"Ren\u00e9 Manuel Puig","date":"22 de October de 2023","format":false,"excerpt":"Summarizing the first week of the Haiti-Cuba Academic Residency Program of the Youth Art Fund (YAF) is not easy, to say the least. The extension and variety of the itinerary, masterfully fuses lectures and theoretical workshops on music and photography, with collateral activities that constitute a journey to the center of the roots.","rel":"","context":"In &quot;Desde el FAJ&quot;","block_context":{"text":"Desde el FAJ","link":"https:\/\/artejoven.org\/en\/category\/noticias\/desde-el-faj\/"},"img":{"alt_text":"Residencia Acad\u00e9mica Hait\u00ed - Cuba","src":"https:\/\/i0.wp.com\/artejoven.org\/wp-content\/uploads\/2023\/10\/Residencia-Cuba-Haiti-portada.WEBP?resize=350%2C200&ssl=1","width":350,"height":200,"srcset":"https:\/\/i0.wp.com\/artejoven.org\/wp-content\/uploads\/2023\/10\/Residencia-Cuba-Haiti-portada.WEBP?resize=350%2C200&ssl=1 1x, https:\/\/i0.wp.com\/artejoven.org\/wp-content\/uploads\/2023\/10\/Residencia-Cuba-Haiti-portada.WEBP?resize=525%2C300&ssl=1 1.5x, https:\/\/i0.wp.com\/artejoven.org\/wp-content\/uploads\/2023\/10\/Residencia-Cuba-Haiti-portada.WEBP?resize=700%2C400&ssl=1 2x, https:\/\/i0.wp.com\/artejoven.org\/wp-content\/uploads\/2023\/10\/Residencia-Cuba-Haiti-portada.WEBP?resize=1050%2C600&ssl=1 3x, https:\/\/i0.wp.com\/artejoven.org\/wp-content\/uploads\/2023\/10\/Residencia-Cuba-Haiti-portada.WEBP?resize=1400%2C800&ssl=1 4x"},"classes":[]},{"id":7135,"url":"https:\/\/artejoven.org\/en\/luzlimye-un-canto-cubano-haitiano-que-trasciende-culturas\/","url_meta":{"origin":9141,"position":4},"title":"LUZLIMY\u00c8, a Cuban-Haitian song that transcends cultures","author":"Ren\u00e9 Manuel Puig","date":"24 de January de 2024","format":false,"excerpt":"The first meeting at the headquarters of the Fondo de Arte Joven (FAJ) was decisive. The itinerary of the Haiti-Cuba Academic Residency Program included a day of exchange between the grantees and the FAJ beneficiaries at the project's headquarters.","rel":"","context":"In &quot;Desde el FAJ&quot;","block_context":{"text":"Desde el FAJ","link":"https:\/\/artejoven.org\/en\/category\/noticias\/desde-el-faj\/"},"img":{"alt_text":"Luzlimy\u00e9","src":"https:\/\/i0.wp.com\/artejoven.org\/wp-content\/uploads\/2024\/01\/Luzlimye-jpg.webp?resize=350%2C200&ssl=1","width":350,"height":200,"srcset":"https:\/\/i0.wp.com\/artejoven.org\/wp-content\/uploads\/2024\/01\/Luzlimye-jpg.webp?resize=350%2C200&ssl=1 1x, https:\/\/i0.wp.com\/artejoven.org\/wp-content\/uploads\/2024\/01\/Luzlimye-jpg.webp?resize=525%2C300&ssl=1 1.5x, https:\/\/i0.wp.com\/artejoven.org\/wp-content\/uploads\/2024\/01\/Luzlimye-jpg.webp?resize=700%2C400&ssl=1 2x, https:\/\/i0.wp.com\/artejoven.org\/wp-content\/uploads\/2024\/01\/Luzlimye-jpg.webp?resize=1050%2C600&ssl=1 3x"},"classes":[]},{"id":6307,"url":"https:\/\/artejoven.org\/en\/bitacoras-del-programa-de-residencias-academicas-haiti-cuba-del-fondo-de-arte-joven-parte-iii\/","url_meta":{"origin":9141,"position":5},"title":"Journals of the Haiti - Cuba Academic Residency Program of the Youth Art Fund (Part III)","author":"Ren\u00e9 Manuel Puig","date":"9 de November de 2023","format":false,"excerpt":"With today's post, we end this series of blogs that has succinctly collected what happened during the Haiti-Cuba Academic Residency Program of the Youth Art Fund (YAF).","rel":"","context":"In &quot;Desde el FAJ&quot;","block_context":{"text":"Desde el FAJ","link":"https:\/\/artejoven.org\/en\/category\/noticias\/desde-el-faj\/"},"img":{"alt_text":"Residencia Hait\u00ed - Cuba","src":"https:\/\/i0.wp.com\/artejoven.org\/wp-content\/uploads\/2023\/11\/Residencia-Haiti-Cuba-1.WEBP?resize=350%2C200&ssl=1","width":350,"height":200,"srcset":"https:\/\/i0.wp.com\/artejoven.org\/wp-content\/uploads\/2023\/11\/Residencia-Haiti-Cuba-1.WEBP?resize=350%2C200&ssl=1 1x, https:\/\/i0.wp.com\/artejoven.org\/wp-content\/uploads\/2023\/11\/Residencia-Haiti-Cuba-1.WEBP?resize=525%2C300&ssl=1 1.5x, https:\/\/i0.wp.com\/artejoven.org\/wp-content\/uploads\/2023\/11\/Residencia-Haiti-Cuba-1.WEBP?resize=700%2C400&ssl=1 2x, https:\/\/i0.wp.com\/artejoven.org\/wp-content\/uploads\/2023\/11\/Residencia-Haiti-Cuba-1.WEBP?resize=1050%2C600&ssl=1 3x, https:\/\/i0.wp.com\/artejoven.org\/wp-content\/uploads\/2023\/11\/Residencia-Haiti-Cuba-1.WEBP?resize=1400%2C800&ssl=1 4x"},"classes":[]}],"jetpack_sharing_enabled":true,"_links":{"self":[{"href":"https:\/\/artejoven.org\/en\/wp-json\/wp\/v2\/posts\/9141","targetHints":{"allow":["GET"]}}],"collection":[{"href":"https:\/\/artejoven.org\/en\/wp-json\/wp\/v2\/posts"}],"about":[{"href":"https:\/\/artejoven.org\/en\/wp-json\/wp\/v2\/types\/post"}],"author":[{"embeddable":true,"href":"https:\/\/artejoven.org\/en\/wp-json\/wp\/v2\/users\/1"}],"replies":[{"embeddable":true,"href":"https:\/\/artejoven.org\/en\/wp-json\/wp\/v2\/comments?post=9141"}],"version-history":[{"count":0,"href":"https:\/\/artejoven.org\/en\/wp-json\/wp\/v2\/posts\/9141\/revisions"}],"wp:featuredmedia":[{"embeddable":true,"href":"https:\/\/artejoven.org\/en\/wp-json\/wp\/v2\/media\/9145"}],"wp:attachment":[{"href":"https:\/\/artejoven.org\/en\/wp-json\/wp\/v2\/media?parent=9141"}],"wp:term":[{"taxonomy":"category","embeddable":true,"href":"https:\/\/artejoven.org\/en\/wp-json\/wp\/v2\/categories?post=9141"},{"taxonomy":"post_tag","embeddable":true,"href":"https:\/\/artejoven.org\/en\/wp-json\/wp\/v2\/tags?post=9141"}],"curies":[{"name":"wp","href":"https:\/\/api.w.org\/{rel}","templated":true}]}}