{"id":10159,"date":"2025-11-07T06:52:53","date_gmt":"2025-11-07T11:52:53","guid":{"rendered":"https:\/\/artejoven.org\/?p=10159"},"modified":"2025-11-12T17:47:55","modified_gmt":"2025-11-12T22:47:55","slug":"une-carriere-pour-lavenir","status":"publish","type":"post","link":"https:\/\/artejoven.org\/fr\/una-cantera-de-futuro\/","title":{"rendered":"Une carri\u00e8re du futur : l'impulsion du Fonds artistique pour la jeunesse \u00e0 l'Acad\u00e9mie orchestrale de La Havane"},"content":{"rendered":"<p>Dans une p\u00e9riode marqu\u00e9e par l'\u00e9migration et le d\u00e9fi de pr\u00e9server l'excellence artistique \u00e0 Cuba, le travail soutenu de la plateforme culturelle <strong>Fonds pour les artistes jeunes\u00a0(FAJ)<\/strong> a contribu\u00e9 \u00e0 l'\u00e9mergence d'une alternative int\u00e9ressante pour l'apprentissage partag\u00e9 : la <strong>Acad\u00e9mie d'orchestre <\/strong><strong>de <\/strong><strong>La Havane<\/strong><strong>.<\/strong><\/p>\n\n\n\n<p>L'Acad\u00e9mie d'orchestre a \u00e9t\u00e9 cr\u00e9\u00e9e en 2023 pour assurer l'avenir professionnel de la musique symphonique cubaine.<strong>, <\/strong>Le projet est une initiative du Lyceum Orchestra de La Havane, financ\u00e9e par le FAJ, en collaboration avec d'importants acteurs de la sc\u00e8ne symphonique internationale tels que l'Acad\u00e9mie Balthasar Neumann, le Gabinete de Patrimonio Musical Esteban Salas, la C\u00e1tedra de M\u00fasica Sacra du Centro Cultural Padre F\u00e9lix Varela et l'Instituto Cubano de la M\u00fasica.<strong><\/strong><\/p>\n\n\n\n<p>Aujourd'hui, elle donne des r\u00e9sultats remarquables <a>en l<\/a>La formation de jeunes musiciens d'orchestre, sous la direction de maestros nationaux et internationaux. Ses fruits se manifestent par de jeunes interpr\u00e8tes qui \u00e9largissent leur vision professionnelle, enrichissent la performance collective et contribuent \u00e0 un environnement musical plus diversifi\u00e9 et plus r\u00e9sistant, en explorant le sens de chaque \u0153uvre par une pratique authentique et solidaire de l'interpr\u00e9tation sur sc\u00e8ne, avec une grande qualit\u00e9 artistique.<\/p>\n\n\n\n<div class=\"wp-block-jetpack-tiled-gallery aligncenter is-style-rectangular\"><div class=\"has-rounded-corners-15\"><div class=\"tiled-gallery__gallery\"><div class=\"tiled-gallery__row\"><div class=\"tiled-gallery__col\" style=\"flex-basis:24.98365%\"><figure class=\"tiled-gallery__item\"><a href=\"https:\/\/artejoven.org\/wp-content\/uploads\/2025\/11\/alemania.en_.cuba_20240415_p_3346848573620722937_1_3346848563579578693-819x1024.webp\"><img decoding=\"async\" srcset=\"https:\/\/i0.wp.com\/artejoven.org\/wp-content\/uploads\/2025\/11\/alemania.en_.cuba_20240415_p_3346848573620722937_1_3346848563579578693-819x1024.webp?strip=info&#038;w=600&#038;ssl=1 600w,https:\/\/i0.wp.com\/artejoven.org\/wp-content\/uploads\/2025\/11\/alemania.en_.cuba_20240415_p_3346848573620722937_1_3346848563579578693-819x1024.webp?strip=info&#038;w=900&#038;ssl=1 900w,https:\/\/i0.wp.com\/artejoven.org\/wp-content\/uploads\/2025\/11\/alemania.en_.cuba_20240415_p_3346848573620722937_1_3346848563579578693-819x1024.webp?strip=info&#038;w=1065&#038;ssl=1 1065w\" alt=\"\" data-height=\"1332\" data-id=\"10161\" data-link=\"https:\/\/artejoven.org\/?attachment_id=10161#main\" data-url=\"https:\/\/artejoven.org\/wp-content\/uploads\/2025\/11\/alemania.en_.cuba_20240415_p_3346848573620722937_1_3346848563579578693-819x1024.webp\" data-width=\"1065\" src=\"https:\/\/i0.wp.com\/artejoven.org\/wp-content\/uploads\/2025\/11\/alemania.en_.cuba_20240415_p_3346848573620722937_1_3346848563579578693-819x1024.webp?ssl=1\" data-amp-layout=\"responsive\"\/><\/a><\/figure><\/div><div class=\"tiled-gallery__col\" style=\"flex-basis:24.98365%\"><figure class=\"tiled-gallery__item\"><a href=\"https:\/\/artejoven.org\/wp-content\/uploads\/2025\/11\/alemania.en_.cuba_20240415_p_3346848573620722937_2_3346848563604700934-819x1024.webp\"><img decoding=\"async\" srcset=\"https:\/\/i0.wp.com\/artejoven.org\/wp-content\/uploads\/2025\/11\/alemania.en_.cuba_20240415_p_3346848573620722937_2_3346848563604700934-819x1024.webp?strip=info&#038;w=600&#038;ssl=1 600w,https:\/\/i0.wp.com\/artejoven.org\/wp-content\/uploads\/2025\/11\/alemania.en_.cuba_20240415_p_3346848573620722937_2_3346848563604700934-819x1024.webp?strip=info&#038;w=900&#038;ssl=1 900w,https:\/\/i0.wp.com\/artejoven.org\/wp-content\/uploads\/2025\/11\/alemania.en_.cuba_20240415_p_3346848573620722937_2_3346848563604700934-819x1024.webp?strip=info&#038;w=1065&#038;ssl=1 1065w\" alt=\"\" data-height=\"1332\" data-id=\"10165\" data-link=\"https:\/\/artejoven.org\/?attachment_id=10165#main\" data-url=\"https:\/\/artejoven.org\/wp-content\/uploads\/2025\/11\/alemania.en_.cuba_20240415_p_3346848573620722937_2_3346848563604700934-819x1024.webp\" data-width=\"1065\" src=\"https:\/\/i0.wp.com\/artejoven.org\/wp-content\/uploads\/2025\/11\/alemania.en_.cuba_20240415_p_3346848573620722937_2_3346848563604700934-819x1024.webp?ssl=1\" data-amp-layout=\"responsive\"\/><\/a><\/figure><\/div><div class=\"tiled-gallery__col\" style=\"flex-basis:25.02570%\"><figure class=\"tiled-gallery__item\"><a href=\"https:\/\/artejoven.org\/wp-content\/uploads\/2025\/11\/alemania.en_.cuba_20240415_p_3346848573620722937_3_3346848563554194728-820x1024.webp\"><img decoding=\"async\" srcset=\"https:\/\/i0.wp.com\/artejoven.org\/wp-content\/uploads\/2025\/11\/alemania.en_.cuba_20240415_p_3346848573620722937_3_3346848563554194728-820x1024.webp?strip=info&#038;w=600&#038;ssl=1 600w,https:\/\/i0.wp.com\/artejoven.org\/wp-content\/uploads\/2025\/11\/alemania.en_.cuba_20240415_p_3346848573620722937_3_3346848563554194728-820x1024.webp?strip=info&#038;w=900&#038;ssl=1 900w,https:\/\/i0.wp.com\/artejoven.org\/wp-content\/uploads\/2025\/11\/alemania.en_.cuba_20240415_p_3346848573620722937_3_3346848563554194728-820x1024.webp?strip=info&#038;w=1066&#038;ssl=1 1066w\" alt=\"\" data-height=\"1331\" data-id=\"10166\" data-link=\"https:\/\/artejoven.org\/?attachment_id=10166#main\" data-url=\"https:\/\/artejoven.org\/wp-content\/uploads\/2025\/11\/alemania.en_.cuba_20240415_p_3346848573620722937_3_3346848563554194728-820x1024.webp\" data-width=\"1066\" src=\"https:\/\/i0.wp.com\/artejoven.org\/wp-content\/uploads\/2025\/11\/alemania.en_.cuba_20240415_p_3346848573620722937_3_3346848563554194728-820x1024.webp?ssl=1\" data-amp-layout=\"responsive\"\/><\/a><\/figure><\/div><div class=\"tiled-gallery__col\" style=\"flex-basis:25.00700%\"><figure class=\"tiled-gallery__item\"><a href=\"https:\/\/artejoven.org\/wp-content\/uploads\/2025\/11\/alemania.en_.cuba_20240415_p_3346848573620722937_6_3346848563596267711-820x1024.webp\"><img decoding=\"async\" srcset=\"https:\/\/i0.wp.com\/artejoven.org\/wp-content\/uploads\/2025\/11\/alemania.en_.cuba_20240415_p_3346848573620722937_6_3346848563596267711-820x1024.webp?strip=info&#038;w=600&#038;ssl=1 600w,https:\/\/i0.wp.com\/artejoven.org\/wp-content\/uploads\/2025\/11\/alemania.en_.cuba_20240415_p_3346848573620722937_6_3346848563596267711-820x1024.webp?strip=info&#038;w=900&#038;ssl=1 900w,https:\/\/i0.wp.com\/artejoven.org\/wp-content\/uploads\/2025\/11\/alemania.en_.cuba_20240415_p_3346848573620722937_6_3346848563596267711-820x1024.webp?strip=info&#038;w=1066&#038;ssl=1 1066w\" alt=\"\" data-height=\"1332\" data-id=\"10167\" data-link=\"https:\/\/artejoven.org\/?attachment_id=10167#main\" data-url=\"https:\/\/artejoven.org\/wp-content\/uploads\/2025\/11\/alemania.en_.cuba_20240415_p_3346848573620722937_6_3346848563596267711-820x1024.webp\" data-width=\"1066\" src=\"https:\/\/i0.wp.com\/artejoven.org\/wp-content\/uploads\/2025\/11\/alemania.en_.cuba_20240415_p_3346848573620722937_6_3346848563596267711-820x1024.webp?ssl=1\" data-amp-layout=\"responsive\"\/><\/a><\/figure><\/div><\/div><div class=\"tiled-gallery__row\"><div class=\"tiled-gallery__col\" style=\"flex-basis:50.00000%\"><figure class=\"tiled-gallery__item\"><a href=\"https:\/\/artejoven.org\/wp-content\/uploads\/2025\/11\/alemania.en_.cuba_20240415_p_3346848573620722937_7_3346848563587848684-820x1024.webp\"><img decoding=\"async\" srcset=\"https:\/\/i0.wp.com\/artejoven.org\/wp-content\/uploads\/2025\/11\/alemania.en_.cuba_20240415_p_3346848573620722937_7_3346848563587848684-820x1024.webp?strip=info&#038;w=600&#038;ssl=1 600w,https:\/\/i0.wp.com\/artejoven.org\/wp-content\/uploads\/2025\/11\/alemania.en_.cuba_20240415_p_3346848573620722937_7_3346848563587848684-820x1024.webp?strip=info&#038;w=900&#038;ssl=1 900w,https:\/\/i0.wp.com\/artejoven.org\/wp-content\/uploads\/2025\/11\/alemania.en_.cuba_20240415_p_3346848573620722937_7_3346848563587848684-820x1024.webp?strip=info&#038;w=1066&#038;ssl=1 1066w\" alt=\"\" data-height=\"1332\" data-id=\"10168\" data-link=\"https:\/\/artejoven.org\/?attachment_id=10168#main\" data-url=\"https:\/\/artejoven.org\/wp-content\/uploads\/2025\/11\/alemania.en_.cuba_20240415_p_3346848573620722937_7_3346848563587848684-820x1024.webp\" data-width=\"1066\" src=\"https:\/\/i0.wp.com\/artejoven.org\/wp-content\/uploads\/2025\/11\/alemania.en_.cuba_20240415_p_3346848573620722937_7_3346848563587848684-820x1024.webp?ssl=1\" data-amp-layout=\"responsive\"\/><\/a><\/figure><\/div><div class=\"tiled-gallery__col\" style=\"flex-basis:50.00000%\"><figure class=\"tiled-gallery__item\"><a href=\"https:\/\/artejoven.org\/wp-content\/uploads\/2025\/11\/alemania.en_.cuba_20240415_p_3346848573620722937_9_3346848563914924203-820x1024.webp\"><img decoding=\"async\" srcset=\"https:\/\/i0.wp.com\/artejoven.org\/wp-content\/uploads\/2025\/11\/alemania.en_.cuba_20240415_p_3346848573620722937_9_3346848563914924203-820x1024.webp?strip=info&#038;w=600&#038;ssl=1 600w,https:\/\/i0.wp.com\/artejoven.org\/wp-content\/uploads\/2025\/11\/alemania.en_.cuba_20240415_p_3346848573620722937_9_3346848563914924203-820x1024.webp?strip=info&#038;w=900&#038;ssl=1 900w,https:\/\/i0.wp.com\/artejoven.org\/wp-content\/uploads\/2025\/11\/alemania.en_.cuba_20240415_p_3346848573620722937_9_3346848563914924203-820x1024.webp?strip=info&#038;w=1066&#038;ssl=1 1066w\" alt=\"\" data-height=\"1332\" data-id=\"10170\" data-link=\"https:\/\/artejoven.org\/?attachment_id=10170#main\" data-url=\"https:\/\/artejoven.org\/wp-content\/uploads\/2025\/11\/alemania.en_.cuba_20240415_p_3346848573620722937_9_3346848563914924203-820x1024.webp\" data-width=\"1066\" src=\"https:\/\/i0.wp.com\/artejoven.org\/wp-content\/uploads\/2025\/11\/alemania.en_.cuba_20240415_p_3346848573620722937_9_3346848563914924203-820x1024.webp?ssl=1\" data-amp-layout=\"responsive\"\/><\/a><\/figure><\/div><\/div><\/div><\/div><\/div>\n\n\n\n<p>L'acad\u00e9mie, con\u00e7ue comme une carri\u00e8re pour l'Orchestre du Lyc\u00e9e de La Havane, permet aux lyc\u00e9ens et aux \u00e9tudiants de partager la sc\u00e8ne et le pupitre avec des musiciens professionnels, selon un mod\u00e8le p\u00e9dagogique h\u00e9rit\u00e9 des grands orchestres europ\u00e9ens. C'est ce qu'explique Jos\u00e9 Antonio M\u00e9ndez Padr\u00f3n (Pepito), directeur de l'orchestre et chef de file du projet :<\/p>\n\n\n\n<p>\u00abNous nous sommes inspir\u00e9s du mod\u00e8le des acad\u00e9mies d'orchestre comme celles de Berlin ou de Paris. L'id\u00e9e est que les jeunes musiciens ne se contentent pas de se pr\u00e9parer techniquement, mais qu'ils apprennent directement comment fonctionne un orchestre professionnel : son phras\u00e9, sa respiration, son rythme de r\u00e9p\u00e9tition\u00bb.\u00bb<\/p>\n\n\n\n<p>Son premier programme d'\u00e9tudes, promu par la FAJ, a encourag\u00e9 l'\u00e9change syst\u00e9matique avec des professeurs cubains et internationaux poss\u00e9dant une vaste exp\u00e9rience de l'enseignement et de l'interpr\u00e9tation au sein d'ensembles orchestraux, dans le but de compl\u00e9ter la formation de douze jeunes instrumentistes \u00e0 cordes frett\u00e9es, s\u00e9lectionn\u00e9s \u00e0 l'issue d'une proc\u00e9dure d'audition.<\/p>\n\n\n\n<p>Ce soutien initial a permis \u00e0 l'acad\u00e9mie de se d\u00e9velopper quantitativement - en nombre d'\u00e9tudiants et de sections - et qualitativement, avec un impact notable sur la maturation artistique et intellectuelle de ses participants.<\/p>\n\n\n\n<p>\u00abC'est gr\u00e2ce au Fonds d'aide \u00e0 la jeunesse que l'acad\u00e9mie existe aujourd'hui. La premi\u00e8re impulsion est toujours d\u00e9cisive. Depuis, nous avons pu faire un bond en avant, non seulement sur le plan technique, mais aussi sur le plan de la vision artistique\u00bb, a d\u00e9clar\u00e9 M. M\u00e9ndez.<\/p>\n\n\n\n<div class=\"wp-block-jetpack-tiled-gallery aligncenter is-style-rectangular\"><div class=\"has-rounded-corners-15\"><div class=\"tiled-gallery__gallery\"><div class=\"tiled-gallery__row\"><div class=\"tiled-gallery__col\" style=\"flex-basis:66.79293%\"><figure class=\"tiled-gallery__item\"><a href=\"https:\/\/artejoven.org\/wp-content\/uploads\/2025\/11\/academiaorquestal_habana_20240410_p_3343335910434211943_5_3343335901819276655-1024x768.webp\"><img decoding=\"async\" srcset=\"https:\/\/i0.wp.com\/artejoven.org\/wp-content\/uploads\/2025\/11\/academiaorquestal_habana_20240410_p_3343335910434211943_5_3343335901819276655-1024x768.webp?strip=info&#038;w=600&#038;ssl=1 600w,https:\/\/i0.wp.com\/artejoven.org\/wp-content\/uploads\/2025\/11\/academiaorquestal_habana_20240410_p_3343335910434211943_5_3343335901819276655-1024x768.webp?strip=info&#038;w=900&#038;ssl=1 900w,https:\/\/i0.wp.com\/artejoven.org\/wp-content\/uploads\/2025\/11\/academiaorquestal_habana_20240410_p_3343335910434211943_5_3343335901819276655-1024x768.webp?strip=info&#038;w=1080&#038;ssl=1 1080w\" alt=\"\" data-height=\"810\" data-id=\"10172\" data-link=\"https:\/\/artejoven.org\/?attachment_id=10172#main\" data-url=\"https:\/\/artejoven.org\/wp-content\/uploads\/2025\/11\/academiaorquestal_habana_20240410_p_3343335910434211943_5_3343335901819276655-1024x768.webp\" data-width=\"1080\" src=\"https:\/\/i0.wp.com\/artejoven.org\/wp-content\/uploads\/2025\/11\/academiaorquestal_habana_20240410_p_3343335910434211943_5_3343335901819276655-1024x768.webp?ssl=1\" data-amp-layout=\"responsive\"\/><\/a><\/figure><\/div><div class=\"tiled-gallery__col\" style=\"flex-basis:33.20707%\"><figure class=\"tiled-gallery__item\"><a href=\"https:\/\/artejoven.org\/wp-content\/uploads\/2025\/11\/orquestalyceum_habana_20240918_p_3459920680038740731_1_3459920672078122548-1024x768.webp\"><img decoding=\"async\" srcset=\"https:\/\/i0.wp.com\/artejoven.org\/wp-content\/uploads\/2025\/11\/orquestalyceum_habana_20240918_p_3459920680038740731_1_3459920672078122548-1024x768.webp?strip=info&#038;w=600&#038;ssl=1 600w,https:\/\/i0.wp.com\/artejoven.org\/wp-content\/uploads\/2025\/11\/orquestalyceum_habana_20240918_p_3459920680038740731_1_3459920672078122548-1024x768.webp?strip=info&#038;w=900&#038;ssl=1 900w,https:\/\/i0.wp.com\/artejoven.org\/wp-content\/uploads\/2025\/11\/orquestalyceum_habana_20240918_p_3459920680038740731_1_3459920672078122548-1024x768.webp?strip=info&#038;w=1080&#038;ssl=1 1080w\" alt=\"\" data-height=\"810\" data-id=\"10173\" data-link=\"https:\/\/artejoven.org\/?attachment_id=10173#main\" data-url=\"https:\/\/artejoven.org\/wp-content\/uploads\/2025\/11\/orquestalyceum_habana_20240918_p_3459920680038740731_1_3459920672078122548-1024x768.webp\" data-width=\"1080\" src=\"https:\/\/i0.wp.com\/artejoven.org\/wp-content\/uploads\/2025\/11\/orquestalyceum_habana_20240918_p_3459920680038740731_1_3459920672078122548-1024x768.webp?ssl=1\" data-amp-layout=\"responsive\"\/><\/a><\/figure><figure class=\"tiled-gallery__item\"><a href=\"https:\/\/artejoven.org\/wp-content\/uploads\/2025\/11\/orquestalyceum_habana_20240918_p_3459920680038740731_2_3459920671859831664-1024x768.webp\"><img decoding=\"async\" srcset=\"https:\/\/i0.wp.com\/artejoven.org\/wp-content\/uploads\/2025\/11\/orquestalyceum_habana_20240918_p_3459920680038740731_2_3459920671859831664-1024x768.webp?strip=info&#038;w=600&#038;ssl=1 600w,https:\/\/i0.wp.com\/artejoven.org\/wp-content\/uploads\/2025\/11\/orquestalyceum_habana_20240918_p_3459920680038740731_2_3459920671859831664-1024x768.webp?strip=info&#038;w=900&#038;ssl=1 900w,https:\/\/i0.wp.com\/artejoven.org\/wp-content\/uploads\/2025\/11\/orquestalyceum_habana_20240918_p_3459920680038740731_2_3459920671859831664-1024x768.webp?strip=info&#038;w=1080&#038;ssl=1 1080w\" alt=\"\" data-height=\"810\" data-id=\"10174\" data-link=\"https:\/\/artejoven.org\/?attachment_id=10174#main\" data-url=\"https:\/\/artejoven.org\/wp-content\/uploads\/2025\/11\/orquestalyceum_habana_20240918_p_3459920680038740731_2_3459920671859831664-1024x768.webp\" data-width=\"1080\" src=\"https:\/\/i0.wp.com\/artejoven.org\/wp-content\/uploads\/2025\/11\/orquestalyceum_habana_20240918_p_3459920680038740731_2_3459920671859831664-1024x768.webp?ssl=1\" data-amp-layout=\"responsive\"\/><\/a><\/figure><\/div><\/div><div class=\"tiled-gallery__row\"><div class=\"tiled-gallery__col\" style=\"flex-basis:28.54720%\"><figure class=\"tiled-gallery__item\"><a href=\"https:\/\/artejoven.org\/wp-content\/uploads\/2025\/11\/orquestalyceum_habana_20240918_p_3459920680038740731_3_3459920671859941877-1024x768.webp\"><img decoding=\"async\" srcset=\"https:\/\/i0.wp.com\/artejoven.org\/wp-content\/uploads\/2025\/11\/orquestalyceum_habana_20240918_p_3459920680038740731_3_3459920671859941877-1024x768.webp?strip=info&#038;w=600&#038;ssl=1 600w,https:\/\/i0.wp.com\/artejoven.org\/wp-content\/uploads\/2025\/11\/orquestalyceum_habana_20240918_p_3459920680038740731_3_3459920671859941877-1024x768.webp?strip=info&#038;w=900&#038;ssl=1 900w,https:\/\/i0.wp.com\/artejoven.org\/wp-content\/uploads\/2025\/11\/orquestalyceum_habana_20240918_p_3459920680038740731_3_3459920671859941877-1024x768.webp?strip=info&#038;w=1080&#038;ssl=1 1080w\" alt=\"\" data-height=\"810\" data-id=\"10175\" data-link=\"https:\/\/artejoven.org\/?attachment_id=10175#main\" data-url=\"https:\/\/artejoven.org\/wp-content\/uploads\/2025\/11\/orquestalyceum_habana_20240918_p_3459920680038740731_3_3459920671859941877-1024x768.webp\" data-width=\"1080\" src=\"https:\/\/i0.wp.com\/artejoven.org\/wp-content\/uploads\/2025\/11\/orquestalyceum_habana_20240918_p_3459920680038740731_3_3459920671859941877-1024x768.webp?ssl=1\" data-amp-layout=\"responsive\"\/><\/a><\/figure><\/div><div class=\"tiled-gallery__col\" style=\"flex-basis:28.54720%\"><figure class=\"tiled-gallery__item\"><a href=\"https:\/\/artejoven.org\/wp-content\/uploads\/2025\/11\/orquestalyceum_habana_20240918_p_3459920680038740731_4_3459920671977461253-1024x768.webp\"><img decoding=\"async\" srcset=\"https:\/\/i0.wp.com\/artejoven.org\/wp-content\/uploads\/2025\/11\/orquestalyceum_habana_20240918_p_3459920680038740731_4_3459920671977461253-1024x768.webp?strip=info&#038;w=600&#038;ssl=1 600w,https:\/\/i0.wp.com\/artejoven.org\/wp-content\/uploads\/2025\/11\/orquestalyceum_habana_20240918_p_3459920680038740731_4_3459920671977461253-1024x768.webp?strip=info&#038;w=900&#038;ssl=1 900w,https:\/\/i0.wp.com\/artejoven.org\/wp-content\/uploads\/2025\/11\/orquestalyceum_habana_20240918_p_3459920680038740731_4_3459920671977461253-1024x768.webp?strip=info&#038;w=1080&#038;ssl=1 1080w\" alt=\"\" data-height=\"810\" data-id=\"10176\" data-link=\"https:\/\/artejoven.org\/?attachment_id=10176#main\" data-url=\"https:\/\/artejoven.org\/wp-content\/uploads\/2025\/11\/orquestalyceum_habana_20240918_p_3459920680038740731_4_3459920671977461253-1024x768.webp\" data-width=\"1080\" src=\"https:\/\/i0.wp.com\/artejoven.org\/wp-content\/uploads\/2025\/11\/orquestalyceum_habana_20240918_p_3459920680038740731_4_3459920671977461253-1024x768.webp?ssl=1\" data-amp-layout=\"responsive\"\/><\/a><\/figure><\/div><div class=\"tiled-gallery__col\" style=\"flex-basis:21.45280%\"><figure class=\"tiled-gallery__item\"><a href=\"https:\/\/artejoven.org\/wp-content\/uploads\/2025\/11\/lyceum_mozartiano_habana_20240514_p_3367882949776284692_1_3367882939877556556-1024x1024.webp\"><img decoding=\"async\" srcset=\"https:\/\/i0.wp.com\/artejoven.org\/wp-content\/uploads\/2025\/11\/lyceum_mozartiano_habana_20240514_p_3367882949776284692_1_3367882939877556556-1024x1024.webp?strip=info&#038;w=600&#038;ssl=1 600w,https:\/\/i0.wp.com\/artejoven.org\/wp-content\/uploads\/2025\/11\/lyceum_mozartiano_habana_20240514_p_3367882949776284692_1_3367882939877556556-1024x1024.webp?strip=info&#038;w=900&#038;ssl=1 900w,https:\/\/i0.wp.com\/artejoven.org\/wp-content\/uploads\/2025\/11\/lyceum_mozartiano_habana_20240514_p_3367882949776284692_1_3367882939877556556-1024x1024.webp?strip=info&#038;w=1080&#038;ssl=1 1080w\" alt=\"\" data-height=\"1080\" data-id=\"10177\" data-link=\"https:\/\/artejoven.org\/?attachment_id=10177#main\" data-url=\"https:\/\/artejoven.org\/wp-content\/uploads\/2025\/11\/lyceum_mozartiano_habana_20240514_p_3367882949776284692_1_3367882939877556556-1024x1024.webp\" data-width=\"1080\" src=\"https:\/\/i0.wp.com\/artejoven.org\/wp-content\/uploads\/2025\/11\/lyceum_mozartiano_habana_20240514_p_3367882949776284692_1_3367882939877556556-1024x1024.webp?ssl=1\" data-amp-layout=\"responsive\"\/><\/a><\/figure><\/div><div class=\"tiled-gallery__col\" style=\"flex-basis:21.45280%\"><figure class=\"tiled-gallery__item\"><a href=\"https:\/\/artejoven.org\/wp-content\/uploads\/2025\/11\/lyceum_mozartiano_habana_20240514_p_3367882949776284692_3_3367882939869408189-1024x1024.webp\"><img decoding=\"async\" srcset=\"https:\/\/i0.wp.com\/artejoven.org\/wp-content\/uploads\/2025\/11\/lyceum_mozartiano_habana_20240514_p_3367882949776284692_3_3367882939869408189-1024x1024.webp?strip=info&#038;w=600&#038;ssl=1 600w,https:\/\/i0.wp.com\/artejoven.org\/wp-content\/uploads\/2025\/11\/lyceum_mozartiano_habana_20240514_p_3367882949776284692_3_3367882939869408189-1024x1024.webp?strip=info&#038;w=900&#038;ssl=1 900w,https:\/\/i0.wp.com\/artejoven.org\/wp-content\/uploads\/2025\/11\/lyceum_mozartiano_habana_20240514_p_3367882949776284692_3_3367882939869408189-1024x1024.webp?strip=info&#038;w=1080&#038;ssl=1 1080w\" alt=\"\" data-height=\"1080\" data-id=\"10179\" data-link=\"https:\/\/artejoven.org\/?attachment_id=10179#main\" data-url=\"https:\/\/artejoven.org\/wp-content\/uploads\/2025\/11\/lyceum_mozartiano_habana_20240514_p_3367882949776284692_3_3367882939869408189-1024x1024.webp\" data-width=\"1080\" src=\"https:\/\/i0.wp.com\/artejoven.org\/wp-content\/uploads\/2025\/11\/lyceum_mozartiano_habana_20240514_p_3367882949776284692_3_3367882939869408189-1024x1024.webp?ssl=1\" data-amp-layout=\"responsive\"\/><\/a><\/figure><\/div><\/div><\/div><\/div><\/div>\n\n\n\n<p><strong>UNE \u00c9COLE PARALL\u00c8LE<\/strong><\/p>\n\n\n\n<p>L'acad\u00e9mie ne remplace pas la formation r\u00e9guli\u00e8re dispens\u00e9e dans le cadre du syst\u00e8me national d'\u00e9ducation artistique, mais la compl\u00e8te par une v\u00e9ritable pratique orchestrale, des le\u00e7ons individuelles et un mentorat personnalis\u00e9. Cette combinaison a \u00e9t\u00e9 d\u00e9terminante pour des musiciens comme Kevin Bouza, 23 ans, \u00e9tudiant en cor d'harmonie \u00e0 l'Universit\u00e9 des arts de Cuba (ISA).<strong>.<\/strong><\/p>\n\n\n\n<p>\u00abL'acad\u00e9mie est une \u00e9tape importante dans ma carri\u00e8re. Ils nous pr\u00e9parent \u00e0 la vie professionnelle et nous apprenons \u00e0 travailler ensemble, non seulement sur le plan technique, mais aussi sur le plan de l'\u00e9thique et de la camaraderie.\u00bb<\/p>\n\n\n\n<p>Pour Ana Gabriela Le\u00f3n, 19 ans, dipl\u00f4m\u00e9e en alto de l'Escuela Nacional de Arte (ENA), le d\u00e9fi a \u00e9t\u00e9 double : combiner ses \u00e9tudes avec les exigences professionnelles de l'orchestre. Cependant, elle reconna\u00eet la croissance qu'elle a connue.<\/p>\n\n\n\n<p>\u00abCela m'a appris \u00e0 g\u00e9rer mes nerfs, \u00e0 \u00eatre toujours pr\u00eate. Je pense que j'ai maintenant les outils n\u00e9cessaires pour aborder les auditions, les classes de ma\u00eetre et les nouvelles opportunit\u00e9s avec plus de confiance\u00bb, a-t-elle d\u00e9clar\u00e9.<\/p>\n\n\n\n<div class=\"wp-block-jetpack-tiled-gallery aligncenter is-style-rectangular\"><div class=\"has-rounded-corners-15\"><div class=\"tiled-gallery__gallery\"><div class=\"tiled-gallery__row\"><div class=\"tiled-gallery__col\" style=\"flex-basis:29.24057%\"><figure class=\"tiled-gallery__item\"><a href=\"https:\/\/artejoven.org\/wp-content\/uploads\/2025\/11\/01-Academia-Orquestal-de-La-Habana-1024x865.webp\"><img decoding=\"async\" srcset=\"https:\/\/i0.wp.com\/artejoven.org\/wp-content\/uploads\/2025\/11\/01-Academia-Orquestal-de-La-Habana-1024x865.webp?strip=info&#038;w=600&#038;ssl=1 600w,https:\/\/i0.wp.com\/artejoven.org\/wp-content\/uploads\/2025\/11\/01-Academia-Orquestal-de-La-Habana-1024x865.webp?strip=info&#038;w=900&#038;ssl=1 900w,https:\/\/i0.wp.com\/artejoven.org\/wp-content\/uploads\/2025\/11\/01-Academia-Orquestal-de-La-Habana-1024x865.webp?strip=info&#038;w=1080&#038;ssl=1 1080w\" alt=\"\" data-height=\"912\" data-id=\"10182\" data-link=\"https:\/\/artejoven.org\/?attachment_id=10182#main\" data-url=\"https:\/\/artejoven.org\/wp-content\/uploads\/2025\/11\/01-Academia-Orquestal-de-La-Habana-1024x865.webp\" data-width=\"1080\" src=\"https:\/\/i0.wp.com\/artejoven.org\/wp-content\/uploads\/2025\/11\/01-Academia-Orquestal-de-La-Habana-1024x865.webp?ssl=1\" data-amp-layout=\"responsive\"\/><\/a><\/figure><\/div><div class=\"tiled-gallery__col\" style=\"flex-basis:19.80133%\"><figure class=\"tiled-gallery__item\"><a href=\"https:\/\/artejoven.org\/wp-content\/uploads\/2025\/11\/Ana-Gabriela-Viola-819x1024.webp\"><img decoding=\"async\" srcset=\"https:\/\/i0.wp.com\/artejoven.org\/wp-content\/uploads\/2025\/11\/Ana-Gabriela-Viola-819x1024.webp?strip=info&#038;w=600&#038;ssl=1 600w,https:\/\/i0.wp.com\/artejoven.org\/wp-content\/uploads\/2025\/11\/Ana-Gabriela-Viola-819x1024.webp?strip=info&#038;w=900&#038;ssl=1 900w,https:\/\/i0.wp.com\/artejoven.org\/wp-content\/uploads\/2025\/11\/Ana-Gabriela-Viola-819x1024.webp?strip=info&#038;w=1080&#038;ssl=1 1080w\" alt=\"\" data-height=\"1350\" data-id=\"10183\" data-link=\"https:\/\/artejoven.org\/?attachment_id=10183#main\" data-url=\"https:\/\/artejoven.org\/wp-content\/uploads\/2025\/11\/Ana-Gabriela-Viola-819x1024.webp\" data-width=\"1080\" src=\"https:\/\/i0.wp.com\/artejoven.org\/wp-content\/uploads\/2025\/11\/Ana-Gabriela-Viola-819x1024.webp?ssl=1\" data-amp-layout=\"responsive\"\/><\/a><\/figure><\/div><div class=\"tiled-gallery__col\" style=\"flex-basis:24.71491%\"><figure class=\"tiled-gallery__item\"><a href=\"https:\/\/artejoven.org\/wp-content\/uploads\/2025\/11\/Kevyn-Bouza-corno-2-1024x1024.webp\"><img decoding=\"async\" srcset=\"https:\/\/i0.wp.com\/artejoven.org\/wp-content\/uploads\/2025\/11\/Kevyn-Bouza-corno-2-1024x1024.webp?strip=info&#038;w=600&#038;ssl=1 600w,https:\/\/i0.wp.com\/artejoven.org\/wp-content\/uploads\/2025\/11\/Kevyn-Bouza-corno-2-1024x1024.webp?strip=info&#038;w=900&#038;ssl=1 900w,https:\/\/i0.wp.com\/artejoven.org\/wp-content\/uploads\/2025\/11\/Kevyn-Bouza-corno-2-1024x1024.webp?strip=info&#038;w=1080&#038;ssl=1 1080w\" alt=\"\" data-height=\"1080\" data-id=\"10185\" data-link=\"https:\/\/artejoven.org\/?attachment_id=10185#main\" data-url=\"https:\/\/artejoven.org\/wp-content\/uploads\/2025\/11\/Kevyn-Bouza-corno-2-1024x1024.webp\" data-width=\"1080\" src=\"https:\/\/i0.wp.com\/artejoven.org\/wp-content\/uploads\/2025\/11\/Kevyn-Bouza-corno-2-1024x1024.webp?ssl=1\" data-amp-layout=\"responsive\"\/><\/a><\/figure><\/div><div class=\"tiled-gallery__col\" style=\"flex-basis:26.24319%\"><figure class=\"tiled-gallery__item\"><a href=\"https:\/\/artejoven.org\/wp-content\/uploads\/2025\/11\/02-Academia-Orquestal-de-La-Habana.webp\"><img decoding=\"async\" srcset=\"https:\/\/i0.wp.com\/artejoven.org\/wp-content\/uploads\/2025\/11\/02-Academia-Orquestal-de-La-Habana.webp?strip=info&#038;w=600&#038;ssl=1 600w,https:\/\/i0.wp.com\/artejoven.org\/wp-content\/uploads\/2025\/11\/02-Academia-Orquestal-de-La-Habana.webp?strip=info&#038;w=900&#038;ssl=1 900w,https:\/\/i0.wp.com\/artejoven.org\/wp-content\/uploads\/2025\/11\/02-Academia-Orquestal-de-La-Habana.webp?strip=info&#038;w=905&#038;ssl=1 905w\" alt=\"\" data-height=\"852\" data-id=\"10186\" data-link=\"https:\/\/artejoven.org\/?attachment_id=10186#main\" data-url=\"https:\/\/artejoven.org\/wp-content\/uploads\/2025\/11\/02-Academia-Orquestal-de-La-Habana.webp\" data-width=\"905\" src=\"https:\/\/i0.wp.com\/artejoven.org\/wp-content\/uploads\/2025\/11\/02-Academia-Orquestal-de-La-Habana.webp?ssl=1\" data-amp-layout=\"responsive\"\/><\/a><\/figure><\/div><\/div><\/div><\/div><\/div>\n\n\n\n<p><strong>UN MOD\u00c8LE INSTITUTIONNEL<\/strong><\/p>\n\n\n\n<p>En ce qui concerne les particularit\u00e9s de la gestion, de l'acc\u00e8s aux ressources et de la mise en r\u00e9seau, la coordinatrice de l'acad\u00e9mie et directrice de l'orchestre, Gabriela Rojas, souligne le r\u00f4le fondamental de la FAJ non seulement dans la cr\u00e9ation de l'acad\u00e9mie, mais aussi par sa participation \u00e0 des collaborations sp\u00e9ciales, comme le concert avec l'excellent pianiste Marcos Madrigal.<strong>, <\/strong>qui est \u00e9galement le directeur musical de la plateforme.<\/p>\n\n\n\n<p>\u201cLe FAJ a jou\u00e9 un r\u00f4le fondamental dans la promotion et la coordination avec les m\u00e9dias. Nous venions de mises en sc\u00e8ne tr\u00e8s intenses avec des <em>Actea<\/em> et leur soutien a \u00e9t\u00e9 essentiel pour que tout se passe bien et que la salle soit pleine\u00bb.\u00bb<\/p>\n\n\n\n<p>Ce concert n'\u00e9tait pas seulement un hommage \u00e0 Madrigal, distingu\u00e9 comme Chevalier des Arts et des Lettres de France, mais aussi une \u00e9preuve de v\u00e9rit\u00e9 pour les acad\u00e9miciens, qui ont \u00e9t\u00e9 int\u00e9gr\u00e9s dans l'orchestre sous forme de bin\u00f4me, aux c\u00f4t\u00e9s de joueurs exp\u00e9riment\u00e9s.<\/p>\n\n\n\n<figure class=\"wp-block-embed is-type-video is-provider-youtube wp-block-embed-youtube wp-embed-aspect-16-9 wp-has-aspect-ratio\"><div class=\"wp-block-embed__wrapper\">\n<iframe title=\"Concert Marcos Madrigal et l&#039;Orchestre du Lyc\u00e9e de La Havane - FAJ\" width=\"720\" height=\"405\" src=\"https:\/\/www.youtube.com\/embed\/5OTWaIMe42w?feature=oembed\" frameborder=\"0\" allow=\"accelerometer; autoplay; clipboard-write; encrypted-media; gyroscope; picture-in-picture; web-share\" referrerpolicy=\"strict-origin-when-cross-origin\" allowfullscreen><\/iframe>\n<\/div><\/figure>\n\n\n\n<p>\u00abCe travail en bin\u00f4me est essentiel\u00bb, explique M. Rojas. \u00abLes \u00e9l\u00e8ves apprennent \u00e0 jouer en section, \u00e0 lire le chef d'orchestre, \u00e0 \u00eatre attentifs au soliste. Ce sont des comp\u00e9tences qui ne s'acqui\u00e8rent pas uniquement en classe.<\/p>\n\n\n\n<p><strong>Elias Ferrer<\/strong>, Le percussionniste de 18 ans, dipl\u00f4m\u00e9 de l'ENA, r\u00e9sume bien la situation :<\/p>\n\n\n\n<p>\u00abC'\u00e9tait une explosion d'\u00e9motions de participer \u00e0 ce concert. Vous \u00eates aux c\u00f4t\u00e9s de musiciens incroyables, vous accompagnez quelqu'un comme Marcos Madrigal... c'est quelque chose qui vous marque\u00bb.\u00bb<\/p>\n\n\n\n<div class=\"wp-block-jetpack-tiled-gallery aligncenter is-style-rectangular\"><div class=\"has-rounded-corners-15\"><div class=\"tiled-gallery__gallery\"><div class=\"tiled-gallery__row\"><div class=\"tiled-gallery__col\" style=\"flex-basis:66.80846%\"><figure class=\"tiled-gallery__item\"><a href=\"https:\/\/artejoven.org\/wp-content\/uploads\/2025\/11\/Conc_Marcos_Madrigal_CG-8-1024x684.webp\"><img decoding=\"async\" srcset=\"https:\/\/i0.wp.com\/artejoven.org\/wp-content\/uploads\/2025\/11\/Conc_Marcos_Madrigal_CG-8-1024x684.webp?strip=info&#038;w=600&#038;ssl=1 600w,https:\/\/i0.wp.com\/artejoven.org\/wp-content\/uploads\/2025\/11\/Conc_Marcos_Madrigal_CG-8-1024x684.webp?strip=info&#038;w=900&#038;ssl=1 900w,https:\/\/i0.wp.com\/artejoven.org\/wp-content\/uploads\/2025\/11\/Conc_Marcos_Madrigal_CG-8-1024x684.webp?strip=info&#038;w=1200&#038;ssl=1 1200w,https:\/\/i0.wp.com\/artejoven.org\/wp-content\/uploads\/2025\/11\/Conc_Marcos_Madrigal_CG-8-1024x684.webp?strip=info&#038;w=1500&#038;ssl=1 1500w,https:\/\/i0.wp.com\/artejoven.org\/wp-content\/uploads\/2025\/11\/Conc_Marcos_Madrigal_CG-8-1024x684.webp?strip=info&#038;w=1800&#038;ssl=1 1800w,https:\/\/i0.wp.com\/artejoven.org\/wp-content\/uploads\/2025\/11\/Conc_Marcos_Madrigal_CG-8-1024x684.webp?strip=info&#038;w=2000&#038;ssl=1 2000w\" alt=\"\" data-height=\"1500\" data-id=\"10194\" data-link=\"https:\/\/artejoven.org\/?attachment_id=10194#main\" data-url=\"https:\/\/artejoven.org\/wp-content\/uploads\/2025\/11\/Conc_Marcos_Madrigal_CG-8-1024x684.webp\" data-width=\"2246\" src=\"https:\/\/i0.wp.com\/artejoven.org\/wp-content\/uploads\/2025\/11\/Conc_Marcos_Madrigal_CG-8-1024x684.webp?ssl=1\" data-amp-layout=\"responsive\"\/><\/a><\/figure><\/div><div class=\"tiled-gallery__col\" style=\"flex-basis:33.19154%\"><figure class=\"tiled-gallery__item\"><a href=\"https:\/\/artejoven.org\/wp-content\/uploads\/2025\/11\/Conc_Marcos_Madrigal_CG-9-1024x684.webp\"><img decoding=\"async\" srcset=\"https:\/\/i0.wp.com\/artejoven.org\/wp-content\/uploads\/2025\/11\/Conc_Marcos_Madrigal_CG-9-1024x684.webp?strip=info&#038;w=600&#038;ssl=1 600w,https:\/\/i0.wp.com\/artejoven.org\/wp-content\/uploads\/2025\/11\/Conc_Marcos_Madrigal_CG-9-1024x684.webp?strip=info&#038;w=900&#038;ssl=1 900w,https:\/\/i0.wp.com\/artejoven.org\/wp-content\/uploads\/2025\/11\/Conc_Marcos_Madrigal_CG-9-1024x684.webp?strip=info&#038;w=1200&#038;ssl=1 1200w,https:\/\/i0.wp.com\/artejoven.org\/wp-content\/uploads\/2025\/11\/Conc_Marcos_Madrigal_CG-9-1024x684.webp?strip=info&#038;w=1500&#038;ssl=1 1500w,https:\/\/i0.wp.com\/artejoven.org\/wp-content\/uploads\/2025\/11\/Conc_Marcos_Madrigal_CG-9-1024x684.webp?strip=info&#038;w=1800&#038;ssl=1 1800w,https:\/\/i0.wp.com\/artejoven.org\/wp-content\/uploads\/2025\/11\/Conc_Marcos_Madrigal_CG-9-1024x684.webp?strip=info&#038;w=2000&#038;ssl=1 2000w\" alt=\"\" data-height=\"1500\" data-id=\"10193\" data-link=\"https:\/\/artejoven.org\/?attachment_id=10193#main\" data-url=\"https:\/\/artejoven.org\/wp-content\/uploads\/2025\/11\/Conc_Marcos_Madrigal_CG-9-1024x684.webp\" data-width=\"2246\" src=\"https:\/\/i0.wp.com\/artejoven.org\/wp-content\/uploads\/2025\/11\/Conc_Marcos_Madrigal_CG-9-1024x684.webp?ssl=1\" data-amp-layout=\"responsive\"\/><\/a><\/figure><figure class=\"tiled-gallery__item\"><a href=\"https:\/\/artejoven.org\/wp-content\/uploads\/2025\/11\/Conc_Marcos_Madrigal_CG-3-1024x684.webp\"><img decoding=\"async\" srcset=\"https:\/\/i0.wp.com\/artejoven.org\/wp-content\/uploads\/2025\/11\/Conc_Marcos_Madrigal_CG-3-1024x684.webp?strip=info&#038;w=600&#038;ssl=1 600w,https:\/\/i0.wp.com\/artejoven.org\/wp-content\/uploads\/2025\/11\/Conc_Marcos_Madrigal_CG-3-1024x684.webp?strip=info&#038;w=900&#038;ssl=1 900w,https:\/\/i0.wp.com\/artejoven.org\/wp-content\/uploads\/2025\/11\/Conc_Marcos_Madrigal_CG-3-1024x684.webp?strip=info&#038;w=1200&#038;ssl=1 1200w,https:\/\/i0.wp.com\/artejoven.org\/wp-content\/uploads\/2025\/11\/Conc_Marcos_Madrigal_CG-3-1024x684.webp?strip=info&#038;w=1500&#038;ssl=1 1500w,https:\/\/i0.wp.com\/artejoven.org\/wp-content\/uploads\/2025\/11\/Conc_Marcos_Madrigal_CG-3-1024x684.webp?strip=info&#038;w=1800&#038;ssl=1 1800w,https:\/\/i0.wp.com\/artejoven.org\/wp-content\/uploads\/2025\/11\/Conc_Marcos_Madrigal_CG-3-1024x684.webp?strip=info&#038;w=2000&#038;ssl=1 2000w\" alt=\"\" data-height=\"1500\" data-id=\"10191\" data-link=\"https:\/\/artejoven.org\/?attachment_id=10191#main\" data-url=\"https:\/\/artejoven.org\/wp-content\/uploads\/2025\/11\/Conc_Marcos_Madrigal_CG-3-1024x684.webp\" data-width=\"2246\" src=\"https:\/\/i0.wp.com\/artejoven.org\/wp-content\/uploads\/2025\/11\/Conc_Marcos_Madrigal_CG-3-1024x684.webp?ssl=1\" data-amp-layout=\"responsive\"\/><\/a><\/figure><\/div><\/div><div class=\"tiled-gallery__row\"><div class=\"tiled-gallery__col\" style=\"flex-basis:33.33333%\"><figure class=\"tiled-gallery__item\"><a href=\"https:\/\/artejoven.org\/wp-content\/uploads\/2025\/11\/Conc_Marcos_Madrigal_CG-4-1024x684.webp\"><img decoding=\"async\" srcset=\"https:\/\/i0.wp.com\/artejoven.org\/wp-content\/uploads\/2025\/11\/Conc_Marcos_Madrigal_CG-4-1024x684.webp?strip=info&#038;w=600&#038;ssl=1 600w,https:\/\/i0.wp.com\/artejoven.org\/wp-content\/uploads\/2025\/11\/Conc_Marcos_Madrigal_CG-4-1024x684.webp?strip=info&#038;w=900&#038;ssl=1 900w,https:\/\/i0.wp.com\/artejoven.org\/wp-content\/uploads\/2025\/11\/Conc_Marcos_Madrigal_CG-4-1024x684.webp?strip=info&#038;w=1200&#038;ssl=1 1200w,https:\/\/i0.wp.com\/artejoven.org\/wp-content\/uploads\/2025\/11\/Conc_Marcos_Madrigal_CG-4-1024x684.webp?strip=info&#038;w=1500&#038;ssl=1 1500w,https:\/\/i0.wp.com\/artejoven.org\/wp-content\/uploads\/2025\/11\/Conc_Marcos_Madrigal_CG-4-1024x684.webp?strip=info&#038;w=1800&#038;ssl=1 1800w,https:\/\/i0.wp.com\/artejoven.org\/wp-content\/uploads\/2025\/11\/Conc_Marcos_Madrigal_CG-4-1024x684.webp?strip=info&#038;w=2000&#038;ssl=1 2000w\" alt=\"\" data-height=\"1500\" data-id=\"10190\" data-link=\"https:\/\/artejoven.org\/?attachment_id=10190#main\" data-url=\"https:\/\/artejoven.org\/wp-content\/uploads\/2025\/11\/Conc_Marcos_Madrigal_CG-4-1024x684.webp\" data-width=\"2246\" src=\"https:\/\/i0.wp.com\/artejoven.org\/wp-content\/uploads\/2025\/11\/Conc_Marcos_Madrigal_CG-4-1024x684.webp?ssl=1\" data-amp-layout=\"responsive\"\/><\/a><\/figure><\/div><div class=\"tiled-gallery__col\" style=\"flex-basis:33.33333%\"><figure class=\"tiled-gallery__item\"><a href=\"https:\/\/artejoven.org\/wp-content\/uploads\/2025\/11\/Conc_Marcos_Madrigal_CG-7-1024x684.webp\"><img decoding=\"async\" srcset=\"https:\/\/i0.wp.com\/artejoven.org\/wp-content\/uploads\/2025\/11\/Conc_Marcos_Madrigal_CG-7-1024x684.webp?strip=info&#038;w=600&#038;ssl=1 600w,https:\/\/i0.wp.com\/artejoven.org\/wp-content\/uploads\/2025\/11\/Conc_Marcos_Madrigal_CG-7-1024x684.webp?strip=info&#038;w=900&#038;ssl=1 900w,https:\/\/i0.wp.com\/artejoven.org\/wp-content\/uploads\/2025\/11\/Conc_Marcos_Madrigal_CG-7-1024x684.webp?strip=info&#038;w=1200&#038;ssl=1 1200w,https:\/\/i0.wp.com\/artejoven.org\/wp-content\/uploads\/2025\/11\/Conc_Marcos_Madrigal_CG-7-1024x684.webp?strip=info&#038;w=1500&#038;ssl=1 1500w,https:\/\/i0.wp.com\/artejoven.org\/wp-content\/uploads\/2025\/11\/Conc_Marcos_Madrigal_CG-7-1024x684.webp?strip=info&#038;w=1800&#038;ssl=1 1800w,https:\/\/i0.wp.com\/artejoven.org\/wp-content\/uploads\/2025\/11\/Conc_Marcos_Madrigal_CG-7-1024x684.webp?strip=info&#038;w=2000&#038;ssl=1 2000w\" alt=\"\" data-height=\"1500\" data-id=\"10189\" data-link=\"https:\/\/artejoven.org\/?attachment_id=10189#main\" data-url=\"https:\/\/artejoven.org\/wp-content\/uploads\/2025\/11\/Conc_Marcos_Madrigal_CG-7-1024x684.webp\" data-width=\"2246\" src=\"https:\/\/i0.wp.com\/artejoven.org\/wp-content\/uploads\/2025\/11\/Conc_Marcos_Madrigal_CG-7-1024x684.webp?ssl=1\" data-amp-layout=\"responsive\"\/><\/a><\/figure><\/div><div class=\"tiled-gallery__col\" style=\"flex-basis:33.33333%\"><figure class=\"tiled-gallery__item\"><a href=\"https:\/\/artejoven.org\/wp-content\/uploads\/2025\/11\/Conc_Marcos_Madrigal_CG-1024x684.webp\"><img decoding=\"async\" srcset=\"https:\/\/i0.wp.com\/artejoven.org\/wp-content\/uploads\/2025\/11\/Conc_Marcos_Madrigal_CG-1024x684.webp?strip=info&#038;w=600&#038;ssl=1 600w,https:\/\/i0.wp.com\/artejoven.org\/wp-content\/uploads\/2025\/11\/Conc_Marcos_Madrigal_CG-1024x684.webp?strip=info&#038;w=900&#038;ssl=1 900w,https:\/\/i0.wp.com\/artejoven.org\/wp-content\/uploads\/2025\/11\/Conc_Marcos_Madrigal_CG-1024x684.webp?strip=info&#038;w=1200&#038;ssl=1 1200w,https:\/\/i0.wp.com\/artejoven.org\/wp-content\/uploads\/2025\/11\/Conc_Marcos_Madrigal_CG-1024x684.webp?strip=info&#038;w=1500&#038;ssl=1 1500w,https:\/\/i0.wp.com\/artejoven.org\/wp-content\/uploads\/2025\/11\/Conc_Marcos_Madrigal_CG-1024x684.webp?strip=info&#038;w=1800&#038;ssl=1 1800w,https:\/\/i0.wp.com\/artejoven.org\/wp-content\/uploads\/2025\/11\/Conc_Marcos_Madrigal_CG-1024x684.webp?strip=info&#038;w=2000&#038;ssl=1 2000w\" alt=\"\" data-height=\"1500\" data-id=\"10188\" data-link=\"https:\/\/artejoven.org\/?attachment_id=10188#main\" data-url=\"https:\/\/artejoven.org\/wp-content\/uploads\/2025\/11\/Conc_Marcos_Madrigal_CG-1024x684.webp\" data-width=\"2246\" src=\"https:\/\/i0.wp.com\/artejoven.org\/wp-content\/uploads\/2025\/11\/Conc_Marcos_Madrigal_CG-1024x684.webp?ssl=1\" data-amp-layout=\"responsive\"\/><\/a><\/figure><\/div><\/div><div class=\"tiled-gallery__row\"><div class=\"tiled-gallery__col\" style=\"flex-basis:50.30107%\"><figure class=\"tiled-gallery__item\"><a href=\"https:\/\/artejoven.org\/wp-content\/uploads\/2025\/11\/Conc_Marcos_Madrigal_CG-2-1024x684.webp\"><img decoding=\"async\" srcset=\"https:\/\/i0.wp.com\/artejoven.org\/wp-content\/uploads\/2025\/11\/Conc_Marcos_Madrigal_CG-2-1024x684.webp?strip=info&#038;w=600&#038;ssl=1 600w,https:\/\/i0.wp.com\/artejoven.org\/wp-content\/uploads\/2025\/11\/Conc_Marcos_Madrigal_CG-2-1024x684.webp?strip=info&#038;w=900&#038;ssl=1 900w,https:\/\/i0.wp.com\/artejoven.org\/wp-content\/uploads\/2025\/11\/Conc_Marcos_Madrigal_CG-2-1024x684.webp?strip=info&#038;w=1200&#038;ssl=1 1200w,https:\/\/i0.wp.com\/artejoven.org\/wp-content\/uploads\/2025\/11\/Conc_Marcos_Madrigal_CG-2-1024x684.webp?strip=info&#038;w=1500&#038;ssl=1 1500w,https:\/\/i0.wp.com\/artejoven.org\/wp-content\/uploads\/2025\/11\/Conc_Marcos_Madrigal_CG-2-1024x684.webp?strip=info&#038;w=1800&#038;ssl=1 1800w,https:\/\/i0.wp.com\/artejoven.org\/wp-content\/uploads\/2025\/11\/Conc_Marcos_Madrigal_CG-2-1024x684.webp?strip=info&#038;w=2000&#038;ssl=1 2000w\" alt=\"\" data-height=\"1500\" data-id=\"10187\" data-link=\"https:\/\/artejoven.org\/?attachment_id=10187#main\" data-url=\"https:\/\/artejoven.org\/wp-content\/uploads\/2025\/11\/Conc_Marcos_Madrigal_CG-2-1024x684.webp\" data-width=\"2246\" src=\"https:\/\/i0.wp.com\/artejoven.org\/wp-content\/uploads\/2025\/11\/Conc_Marcos_Madrigal_CG-2-1024x684.webp?ssl=1\" data-amp-layout=\"responsive\"\/><\/a><\/figure><\/div><div class=\"tiled-gallery__col\" style=\"flex-basis:49.69893%\"><figure class=\"tiled-gallery__item\"><a href=\"https:\/\/artejoven.org\/wp-content\/uploads\/2025\/11\/Conc_Marcos_Madrigal_CG-10-1024x692.webp\"><img decoding=\"async\" srcset=\"https:\/\/i0.wp.com\/artejoven.org\/wp-content\/uploads\/2025\/11\/Conc_Marcos_Madrigal_CG-10-1024x692.webp?strip=info&#038;w=600&#038;ssl=1 600w,https:\/\/i0.wp.com\/artejoven.org\/wp-content\/uploads\/2025\/11\/Conc_Marcos_Madrigal_CG-10-1024x692.webp?strip=info&#038;w=900&#038;ssl=1 900w,https:\/\/i0.wp.com\/artejoven.org\/wp-content\/uploads\/2025\/11\/Conc_Marcos_Madrigal_CG-10-1024x692.webp?strip=info&#038;w=1200&#038;ssl=1 1200w,https:\/\/i0.wp.com\/artejoven.org\/wp-content\/uploads\/2025\/11\/Conc_Marcos_Madrigal_CG-10-1024x692.webp?strip=info&#038;w=1500&#038;ssl=1 1500w,https:\/\/i0.wp.com\/artejoven.org\/wp-content\/uploads\/2025\/11\/Conc_Marcos_Madrigal_CG-10-1024x692.webp?strip=info&#038;w=1800&#038;ssl=1 1800w,https:\/\/i0.wp.com\/artejoven.org\/wp-content\/uploads\/2025\/11\/Conc_Marcos_Madrigal_CG-10-1024x692.webp?strip=info&#038;w=2000&#038;ssl=1 2000w\" alt=\"\" data-height=\"1500\" data-id=\"10192\" data-link=\"https:\/\/artejoven.org\/?attachment_id=10192#main\" data-url=\"https:\/\/artejoven.org\/wp-content\/uploads\/2025\/11\/Conc_Marcos_Madrigal_CG-10-1024x692.webp\" data-width=\"2219\" src=\"https:\/\/i0.wp.com\/artejoven.org\/wp-content\/uploads\/2025\/11\/Conc_Marcos_Madrigal_CG-10-1024x692.webp?ssl=1\" data-amp-layout=\"responsive\"\/><\/a><\/figure><\/div><\/div><\/div><\/div><\/div>\n\n\n\n<p><strong>PARIER SUR L'AVENIR<\/strong><\/p>\n\n\n\n<p>L'acad\u00e9mie est \u00e9galement apparue comme une r\u00e9ponse \u00e0 un contexte complexe. L'\u00e9migration a vid\u00e9 les rangs de nombreuses formations musicales de l'\u00eele, et l'orchestre du Lyceum n'a pas fait exception. Selon le directeur Jos\u00e9 M\u00e9ndez lui-m\u00eame, plus de 80 % de ses musiciens ont quitt\u00e9 le pays au cours des trois derni\u00e8res ann\u00e9es :<\/p>\n\n\n\n<p>\u00abCombler cette lacune est un \u00e9norme d\u00e9fi. Et gr\u00e2ce \u00e0 l'Acad\u00e9mie, nous formons petit \u00e0 petit ceux qui peuvent combler ces lacunes\u00bb.\u00bb<\/p>\n\n\n\n<p>Il ne s'agit pas seulement de remplir des places. L'Acad\u00e9mie cherche \u00e0 former des artistes complets, des musiciens dot\u00e9s d'un esprit critique, d'une curiosit\u00e9 et d'une sensibilit\u00e9 au contexte social et historique des \u0153uvres qu'ils interpr\u00e8tent.<\/p>\n\n\n\n<p>\u00abIl ne s'agit plus seulement de technique\u00bb, souligne le chef d'orchestre. \u00abLes jeunes veulent savoir qui \u00e9tait le compositeur, comment il vivait, dans quel pays il se trouvait, comment cela influence l'\u0153uvre. C'est cela \u00eatre un artiste.\u00bb<\/p>\n\n\n\n<p>Gabriela Rojas souligne \u00e9galement les valeurs stimulantes de l'initiative :<\/p>\n\n\n\n<p>\u201cAu-del\u00e0 de la pr\u00e9paration technique, les b\u00e9n\u00e9fices sont mutuels. La pr\u00e9sence des jeunes a revitalis\u00e9 l'orchestre lui-m\u00eame. \u00abIls apportent de l'\u00e9nergie, de l'enthousiasme, l'envie d'apprendre et de faire de nouvelles choses. C'est une bouff\u00e9e d'air frais.<\/p>\n\n\n\n<p>Dans un pays o\u00f9 les opportunit\u00e9s sont rares et o\u00f9 les jeunes talents cherchent des horizons au-del\u00e0 de ses fronti\u00e8res, l'existence d'espaces tels que l'Acad\u00e9mie orchestrale de La Havane - et de projets qui la rendent possible, tels que le FAJ - repr\u00e9sente une lumi\u00e8re parmi les ombres.<\/p>\n\n\n\n<p>\u00abNous voulons laisser une trace chez ces enfants\u00bb, conclut M. Rojas. Qu'ils puissent regarder en arri\u00e8re et dire : \u00abC'est l\u00e0 que j'ai appris ce que signifie \u00eatre un musicien\u2018. Et si cela se produit, alors tout cela en aura valu la peine\u2019.\u00bb<\/p>\n\n\n\n<div class=\"wp-block-jetpack-tiled-gallery aligncenter is-style-rectangular\"><div class=\"has-rounded-corners-15\"><div class=\"tiled-gallery__gallery\"><div class=\"tiled-gallery__row\"><div class=\"tiled-gallery__col\" style=\"flex-basis:25.00348%\"><figure class=\"tiled-gallery__item\"><a href=\"https:\/\/artejoven.org\/wp-content\/uploads\/2025\/11\/alemania.en_.cuba_20240415_p_3346848573620722937_4_3346848563587793720-820x1024.webp\"><img decoding=\"async\" srcset=\"https:\/\/i0.wp.com\/artejoven.org\/wp-content\/uploads\/2025\/11\/alemania.en_.cuba_20240415_p_3346848573620722937_4_3346848563587793720-820x1024.webp?strip=info&#038;w=600&#038;ssl=1 600w,https:\/\/i0.wp.com\/artejoven.org\/wp-content\/uploads\/2025\/11\/alemania.en_.cuba_20240415_p_3346848573620722937_4_3346848563587793720-820x1024.webp?strip=info&#038;w=900&#038;ssl=1 900w,https:\/\/i0.wp.com\/artejoven.org\/wp-content\/uploads\/2025\/11\/alemania.en_.cuba_20240415_p_3346848573620722937_4_3346848563587793720-820x1024.webp?strip=info&#038;w=1066&#038;ssl=1 1066w\" alt=\"\" data-height=\"1332\" data-id=\"10162\" data-link=\"https:\/\/artejoven.org\/?attachment_id=10162#main\" data-url=\"https:\/\/artejoven.org\/wp-content\/uploads\/2025\/11\/alemania.en_.cuba_20240415_p_3346848573620722937_4_3346848563587793720-820x1024.webp\" data-width=\"1066\" src=\"https:\/\/i0.wp.com\/artejoven.org\/wp-content\/uploads\/2025\/11\/alemania.en_.cuba_20240415_p_3346848573620722937_4_3346848563587793720-820x1024.webp?ssl=1\" data-amp-layout=\"responsive\"\/><\/a><\/figure><\/div><div class=\"tiled-gallery__col\" style=\"flex-basis:25.02218%\"><figure class=\"tiled-gallery__item\"><a href=\"https:\/\/artejoven.org\/wp-content\/uploads\/2025\/11\/alemania.en_.cuba_20240415_p_3346848573620722937_5_3346848563587802923-820x1024.webp\"><img decoding=\"async\" srcset=\"https:\/\/i0.wp.com\/artejoven.org\/wp-content\/uploads\/2025\/11\/alemania.en_.cuba_20240415_p_3346848573620722937_5_3346848563587802923-820x1024.webp?strip=info&#038;w=600&#038;ssl=1 600w,https:\/\/i0.wp.com\/artejoven.org\/wp-content\/uploads\/2025\/11\/alemania.en_.cuba_20240415_p_3346848573620722937_5_3346848563587802923-820x1024.webp?strip=info&#038;w=900&#038;ssl=1 900w,https:\/\/i0.wp.com\/artejoven.org\/wp-content\/uploads\/2025\/11\/alemania.en_.cuba_20240415_p_3346848573620722937_5_3346848563587802923-820x1024.webp?strip=info&#038;w=1066&#038;ssl=1 1066w\" alt=\"\" data-height=\"1331\" data-id=\"10163\" data-link=\"https:\/\/artejoven.org\/?attachment_id=10163#main\" data-url=\"https:\/\/artejoven.org\/wp-content\/uploads\/2025\/11\/alemania.en_.cuba_20240415_p_3346848573620722937_5_3346848563587802923-820x1024.webp\" data-width=\"1066\" src=\"https:\/\/i0.wp.com\/artejoven.org\/wp-content\/uploads\/2025\/11\/alemania.en_.cuba_20240415_p_3346848573620722937_5_3346848563587802923-820x1024.webp?ssl=1\" data-amp-layout=\"responsive\"\/><\/a><\/figure><\/div><div class=\"tiled-gallery__col\" style=\"flex-basis:24.97085%\"><figure class=\"tiled-gallery__item\"><a href=\"https:\/\/artejoven.org\/wp-content\/uploads\/2025\/11\/alemania.en_.cuba_20240415_p_3346848573620722937_10_3346848563554295844-818x1024.webp\"><img decoding=\"async\" srcset=\"https:\/\/i0.wp.com\/artejoven.org\/wp-content\/uploads\/2025\/11\/alemania.en_.cuba_20240415_p_3346848573620722937_10_3346848563554295844-818x1024.webp?strip=info&#038;w=600&#038;ssl=1 600w,https:\/\/i0.wp.com\/artejoven.org\/wp-content\/uploads\/2025\/11\/alemania.en_.cuba_20240415_p_3346848573620722937_10_3346848563554295844-818x1024.webp?strip=info&#038;w=900&#038;ssl=1 900w,https:\/\/i0.wp.com\/artejoven.org\/wp-content\/uploads\/2025\/11\/alemania.en_.cuba_20240415_p_3346848573620722937_10_3346848563554295844-818x1024.webp?strip=info&#038;w=1067&#038;ssl=1 1067w\" alt=\"\" data-height=\"1335\" data-id=\"10164\" data-link=\"https:\/\/artejoven.org\/?attachment_id=10164#main\" data-url=\"https:\/\/artejoven.org\/wp-content\/uploads\/2025\/11\/alemania.en_.cuba_20240415_p_3346848573620722937_10_3346848563554295844-818x1024.webp\" data-width=\"1067\" src=\"https:\/\/i0.wp.com\/artejoven.org\/wp-content\/uploads\/2025\/11\/alemania.en_.cuba_20240415_p_3346848573620722937_10_3346848563554295844-818x1024.webp?ssl=1\" data-amp-layout=\"responsive\"\/><\/a><\/figure><\/div><div class=\"tiled-gallery__col\" style=\"flex-basis:25.00348%\"><figure class=\"tiled-gallery__item\"><a href=\"https:\/\/artejoven.org\/wp-content\/uploads\/2025\/11\/alemania.en_.cuba_20240415_p_3346848573620722937_8_3346848563956928488-820x1024.webp\"><img decoding=\"async\" srcset=\"https:\/\/i0.wp.com\/artejoven.org\/wp-content\/uploads\/2025\/11\/alemania.en_.cuba_20240415_p_3346848573620722937_8_3346848563956928488-820x1024.webp?strip=info&#038;w=600&#038;ssl=1 600w,https:\/\/i0.wp.com\/artejoven.org\/wp-content\/uploads\/2025\/11\/alemania.en_.cuba_20240415_p_3346848573620722937_8_3346848563956928488-820x1024.webp?strip=info&#038;w=900&#038;ssl=1 900w,https:\/\/i0.wp.com\/artejoven.org\/wp-content\/uploads\/2025\/11\/alemania.en_.cuba_20240415_p_3346848573620722937_8_3346848563956928488-820x1024.webp?strip=info&#038;w=1066&#038;ssl=1 1066w\" alt=\"\" data-height=\"1332\" data-id=\"10169\" data-link=\"https:\/\/artejoven.org\/?attachment_id=10169#main\" data-url=\"https:\/\/artejoven.org\/wp-content\/uploads\/2025\/11\/alemania.en_.cuba_20240415_p_3346848573620722937_8_3346848563956928488-820x1024.webp\" data-width=\"1066\" src=\"https:\/\/i0.wp.com\/artejoven.org\/wp-content\/uploads\/2025\/11\/alemania.en_.cuba_20240415_p_3346848573620722937_8_3346848563956928488-820x1024.webp?ssl=1\" data-amp-layout=\"responsive\"\/><\/a><\/figure><\/div><\/div><\/div><\/div><\/div>\n\n\n\n<p><\/p>","protected":false},"excerpt":{"rendered":"<p>L'impulsion du Fonds pour la jeunesse artistique \u00e0 l'Acad\u00e9mie orchestrale de La Havane<\/p>","protected":false},"author":1,"featured_media":10160,"comment_status":"open","ping_status":"open","sticky":false,"template":"","format":"standard","meta":{"_acf_changed":false,"_jetpack_memberships_contains_paid_content":false,"footnotes":"","_links_to":"","_links_to_target":""},"categories":[35],"tags":[],"class_list":{"0":"post-10159","1":"post","2":"type-post","3":"status-publish","4":"format-standard","5":"has-post-thumbnail","6":"hentry","7":"category-desde-el-faj","9":"post-with-thumbnail","10":"post-with-thumbnail-large"},"acf":[],"aioseo_notices":[],"jetpack_featured_media_url":"https:\/\/artejoven.org\/wp-content\/uploads\/2025\/11\/DSC05512-scaled.webp","jetpack-related-posts":[{"id":9503,"url":"https:\/\/artejoven.org\/fr\/fondo-de-arte-joven-y-museo-nacional-de-la-musica-presentan-el-libro-la-direccion-orquestal-sinfonica-y-su-expresion-en-cuba-del-maestro-guido-lopez-gavilan\/","url_meta":{"origin":10159,"position":0},"title":"Le Fonds pour les artistes jeunes et le Museo Nacional de la M\u00fasica pr\u00e9sentent le livre La direcci\u00f3n orquestal sinf\u00f3nica y su expresi\u00f3n en Cuba du maestro Guido L\u00f3pez-Gavil\u00e1n.","author":"Ren\u00e9 Manuel Puig","date":"28 de mai de 2025","format":false,"excerpt":"Le Fondo de Arte Joven (FAJ), le Museo Nacional de la M\u00fasica et le maestro Guido L\u00f3pez-Gavil\u00e1n ont l'honneur d'annoncer la pr\u00e9sentation du livre La direcci\u00f3n orquestal sinf\u00f3nica y su expresi\u00f3n en Cuba (La direction d'orchestre symphonique et son expression \u00e0 Cuba).","rel":"","context":"Dans &quot;Desde el FAJ&quot;","block_context":{"text":"Desde el FAJ","link":"https:\/\/artejoven.org\/fr\/category\/noticias\/desde-el-faj\/"},"img":{"alt_text":"La direcci\u00f3n orquestal","src":"https:\/\/i0.wp.com\/artejoven.org\/wp-content\/uploads\/2024\/02\/La-direccion-orquestal-jpg.webp?resize=350%2C200&ssl=1","width":350,"height":200,"srcset":"https:\/\/i0.wp.com\/artejoven.org\/wp-content\/uploads\/2024\/02\/La-direccion-orquestal-jpg.webp?resize=350%2C200&ssl=1 1x, https:\/\/i0.wp.com\/artejoven.org\/wp-content\/uploads\/2024\/02\/La-direccion-orquestal-jpg.webp?resize=525%2C300&ssl=1 1.5x, https:\/\/i0.wp.com\/artejoven.org\/wp-content\/uploads\/2024\/02\/La-direccion-orquestal-jpg.webp?resize=700%2C400&ssl=1 2x, https:\/\/i0.wp.com\/artejoven.org\/wp-content\/uploads\/2024\/02\/La-direccion-orquestal-jpg.webp?resize=1050%2C600&ssl=1 3x"},"classes":[]},{"id":6442,"url":"https:\/\/artejoven.org\/fr\/se-presenta-en-la-habana-el-libro-la-direccion-orquestal-sinfonica-y-su-expresion-en-cuba\/","url_meta":{"origin":10159,"position":1},"title":"Le livre \"La direction d'orchestre symphonique et son expression \u00e0 Cuba\" est pr\u00e9sent\u00e9 \u00e0 La Havane.","author":"Ren\u00e9 Manuel Puig","date":"4 de d\u00e9cembre de 2023","format":false,"excerpt":"Le livre La direcci\u00f3n orquestal sinf\u00f3nica y su expresi\u00f3n en Cuba, du maestro Guido L\u00f3pez-Gavil\u00e1n, a \u00e9t\u00e9 pr\u00e9sent\u00e9 ce samedi \u00e0 La Havane, lors de la c\u00e9r\u00e9monie de cl\u00f4ture du festival international Habana Cl\u00e1sica, \u00e0 la Bas\u00edlica del Convento San Francisco de As\u00eds.","rel":"","context":"Dans &quot;Desde el FAJ&quot;","block_context":{"text":"Desde el FAJ","link":"https:\/\/artejoven.org\/fr\/category\/noticias\/desde-el-faj\/"},"img":{"alt_text":"Presentaci\u00f3n del libro La direcci\u00f3n orquestal sinf\u00f3nica y su expresi\u00f3n en Cuba","src":"https:\/\/i0.wp.com\/artejoven.org\/wp-content\/uploads\/2023\/12\/Presentacion-de-libro-La-Direccion-Orquestal-en-Cuba-jpg.webp?resize=350%2C200&ssl=1","width":350,"height":200,"srcset":"https:\/\/i0.wp.com\/artejoven.org\/wp-content\/uploads\/2023\/12\/Presentacion-de-libro-La-Direccion-Orquestal-en-Cuba-jpg.webp?resize=350%2C200&ssl=1 1x, https:\/\/i0.wp.com\/artejoven.org\/wp-content\/uploads\/2023\/12\/Presentacion-de-libro-La-Direccion-Orquestal-en-Cuba-jpg.webp?resize=525%2C300&ssl=1 1.5x, https:\/\/i0.wp.com\/artejoven.org\/wp-content\/uploads\/2023\/12\/Presentacion-de-libro-La-Direccion-Orquestal-en-Cuba-jpg.webp?resize=700%2C400&ssl=1 2x, https:\/\/i0.wp.com\/artejoven.org\/wp-content\/uploads\/2023\/12\/Presentacion-de-libro-La-Direccion-Orquestal-en-Cuba-jpg.webp?resize=1050%2C600&ssl=1 3x"},"classes":[]},{"id":9506,"url":"https:\/\/artejoven.org\/fr\/la-magia-de-la-direccion-de-orquesta-como-si-embrujara-la-musica\/","url_meta":{"origin":10159,"position":2},"title":"La magie de la direction, comme une musique envo\u00fbtante","author":"Ren\u00e9 Manuel Puig","date":"5 de juin de 2025","format":false,"excerpt":"La pr\u00e9sentation du livre \"La direcci\u00f3n orquestal sinf\u00f3nica y su expresi\u00f3n en Cuba\" (La direction d'orchestre symphonique et son expression \u00e0 Cuba) a eu lieu lors d'une soir\u00e9e intime, entour\u00e9e d'\u00e9l\u00e8ves, de parents, de jeunes musiciens et d'\u00e9tudiants.","rel":"","context":"Dans &quot;Desde el FAJ&quot;","block_context":{"text":"Desde el FAJ","link":"https:\/\/artejoven.org\/fr\/category\/noticias\/desde-el-faj\/"},"img":{"alt_text":"Presentaci\u00f3n La direcci\u00f3n orquestal sinfonica y su expresi\u00f3n en Cuba","src":"https:\/\/i0.wp.com\/artejoven.org\/wp-content\/uploads\/2025\/06\/Presentacion-La-direccion-orquestal-sinfonica-y-su-expresion-en-Cuba-6-scaled.webp?resize=350%2C200&ssl=1","width":350,"height":200,"srcset":"https:\/\/i0.wp.com\/artejoven.org\/wp-content\/uploads\/2025\/06\/Presentacion-La-direccion-orquestal-sinfonica-y-su-expresion-en-Cuba-6-scaled.webp?resize=350%2C200&ssl=1 1x, https:\/\/i0.wp.com\/artejoven.org\/wp-content\/uploads\/2025\/06\/Presentacion-La-direccion-orquestal-sinfonica-y-su-expresion-en-Cuba-6-scaled.webp?resize=525%2C300&ssl=1 1.5x, https:\/\/i0.wp.com\/artejoven.org\/wp-content\/uploads\/2025\/06\/Presentacion-La-direccion-orquestal-sinfonica-y-su-expresion-en-Cuba-6-scaled.webp?resize=700%2C400&ssl=1 2x, https:\/\/i0.wp.com\/artejoven.org\/wp-content\/uploads\/2025\/06\/Presentacion-La-direccion-orquestal-sinfonica-y-su-expresion-en-Cuba-6-scaled.webp?resize=1050%2C600&ssl=1 3x, https:\/\/i0.wp.com\/artejoven.org\/wp-content\/uploads\/2025\/06\/Presentacion-La-direccion-orquestal-sinfonica-y-su-expresion-en-Cuba-6-scaled.webp?resize=1400%2C800&ssl=1 4x"},"classes":[]},{"id":7186,"url":"https:\/\/artejoven.org\/fr\/presentaran-libro-del-maestro-guido-lopez-gavilan-en-feria-del-libro-de-la-habana\/","url_meta":{"origin":10159,"position":3},"title":"Pr\u00e9sentation du livre de Guido L\u00f3pez Gavil\u00e1n \u00e0 la Foire du livre de La Havane","author":"Ren\u00e9 Manuel Puig","date":"20 de f\u00e9vrier de 2024","format":false,"excerpt":"La Foire internationale du livre se tient \u00e0 Cuba chaque ann\u00e9e depuis 32 \u00e9ditions. Il s'agit d'un \u00e9v\u00e9nement culturel qui, en raison de son importance et de sa port\u00e9e nationale, est devenu l'un des plus importants du pays.","rel":"","context":"Dans &quot;Desde el FAJ&quot;","block_context":{"text":"Desde el FAJ","link":"https:\/\/artejoven.org\/fr\/category\/noticias\/desde-el-faj\/"},"img":{"alt_text":"La direcci\u00f3n orquestal","src":"https:\/\/i0.wp.com\/artejoven.org\/wp-content\/uploads\/2024\/02\/La-direccion-orquestal-jpg.webp?resize=350%2C200&ssl=1","width":350,"height":200,"srcset":"https:\/\/i0.wp.com\/artejoven.org\/wp-content\/uploads\/2024\/02\/La-direccion-orquestal-jpg.webp?resize=350%2C200&ssl=1 1x, https:\/\/i0.wp.com\/artejoven.org\/wp-content\/uploads\/2024\/02\/La-direccion-orquestal-jpg.webp?resize=525%2C300&ssl=1 1.5x, https:\/\/i0.wp.com\/artejoven.org\/wp-content\/uploads\/2024\/02\/La-direccion-orquestal-jpg.webp?resize=700%2C400&ssl=1 2x, https:\/\/i0.wp.com\/artejoven.org\/wp-content\/uploads\/2024\/02\/La-direccion-orquestal-jpg.webp?resize=1050%2C600&ssl=1 3x"},"classes":[]},{"id":4632,"url":"https:\/\/www.eda.admin.ch\/countries\/cuba\/es\/home\/noticias\/novedades.html\/content\/countries\/cuba\/es\/meta\/news\/2023\/7\/guido-lopez-gavilan-direccion-orquestal-sinfonica","url_meta":{"origin":10159,"position":4},"title":"Guido L\u00f3pez-Gavil\u00e1n et la direction d'orchestre symphonique","author":"Ren\u00e9 Manuel Puig","date":"7 de juillet de 2023","format":false,"excerpt":"Guido L\u00f3pez-Gavil\u00e1n, un paradigme de la direction d'orchestre \u00e0 Cuba","rel":"","context":"Dans &quot;Desde el FAJ&quot;","block_context":{"text":"Desde el FAJ","link":"https:\/\/artejoven.org\/fr\/category\/noticias\/desde-el-faj\/"},"img":{"alt_text":"Guido L\u00f3pez-Gavil\u00e1n y la Direcci\u00f3n Orquestal Sinf\u00f3nica","src":"https:\/\/i0.wp.com\/artejoven.org\/wp-content\/uploads\/2023\/07\/Guido-Lopez-Gavilan-y-la-Direccion-Orquestal-Sinfonica-jpg.webp?resize=350%2C200&ssl=1","width":350,"height":200,"srcset":"https:\/\/i0.wp.com\/artejoven.org\/wp-content\/uploads\/2023\/07\/Guido-Lopez-Gavilan-y-la-Direccion-Orquestal-Sinfonica-jpg.webp?resize=350%2C200&ssl=1 1x, https:\/\/i0.wp.com\/artejoven.org\/wp-content\/uploads\/2023\/07\/Guido-Lopez-Gavilan-y-la-Direccion-Orquestal-Sinfonica-jpg.webp?resize=525%2C300&ssl=1 1.5x, https:\/\/i0.wp.com\/artejoven.org\/wp-content\/uploads\/2023\/07\/Guido-Lopez-Gavilan-y-la-Direccion-Orquestal-Sinfonica-jpg.webp?resize=700%2C400&ssl=1 2x, https:\/\/i0.wp.com\/artejoven.org\/wp-content\/uploads\/2023\/07\/Guido-Lopez-Gavilan-y-la-Direccion-Orquestal-Sinfonica-jpg.webp?resize=1050%2C600&ssl=1 3x"},"classes":[]},{"id":9473,"url":"https:\/\/artejoven.org\/fr\/director-musical-del-fondo-de-arte-joven-recibe-orden-de-las-artes-y-letras-de-francia\/","url_meta":{"origin":10159,"position":5},"title":"Le directeur musical du Fonds de l'Art Jeunesse re\u00e7oit l'Ordre des Arts et des Lettres de France","author":"Ren\u00e9 Manuel Puig","date":"14 de mai de 2025","format":false,"excerpt":"Avec cette distinction, le minist\u00e8re fran\u00e7ais de la Culture honore une double vocation : celle d'un pianiste d'excellence et celle d'un gestionnaire culturel de longue date.","rel":"","context":"Dans &quot;Desde el FAJ&quot;","block_context":{"text":"Desde el FAJ","link":"https:\/\/artejoven.org\/fr\/category\/noticias\/desde-el-faj\/"},"img":{"alt_text":"Marcos Madrigal","src":"https:\/\/i0.wp.com\/artejoven.org\/wp-content\/uploads\/2025\/05\/02-Director-Musical-de-FAJ-recibe-orden-Caballero-de-las-Artes.webp?resize=350%2C200&ssl=1","width":350,"height":200,"srcset":"https:\/\/i0.wp.com\/artejoven.org\/wp-content\/uploads\/2025\/05\/02-Director-Musical-de-FAJ-recibe-orden-Caballero-de-las-Artes.webp?resize=350%2C200&ssl=1 1x, https:\/\/i0.wp.com\/artejoven.org\/wp-content\/uploads\/2025\/05\/02-Director-Musical-de-FAJ-recibe-orden-Caballero-de-las-Artes.webp?resize=525%2C300&ssl=1 1.5x, https:\/\/i0.wp.com\/artejoven.org\/wp-content\/uploads\/2025\/05\/02-Director-Musical-de-FAJ-recibe-orden-Caballero-de-las-Artes.webp?resize=700%2C400&ssl=1 2x, https:\/\/i0.wp.com\/artejoven.org\/wp-content\/uploads\/2025\/05\/02-Director-Musical-de-FAJ-recibe-orden-Caballero-de-las-Artes.webp?resize=1050%2C600&ssl=1 3x"},"classes":[]}],"jetpack_sharing_enabled":true,"_links":{"self":[{"href":"https:\/\/artejoven.org\/fr\/wp-json\/wp\/v2\/posts\/10159","targetHints":{"allow":["GET"]}}],"collection":[{"href":"https:\/\/artejoven.org\/fr\/wp-json\/wp\/v2\/posts"}],"about":[{"href":"https:\/\/artejoven.org\/fr\/wp-json\/wp\/v2\/types\/post"}],"author":[{"embeddable":true,"href":"https:\/\/artejoven.org\/fr\/wp-json\/wp\/v2\/users\/1"}],"replies":[{"embeddable":true,"href":"https:\/\/artejoven.org\/fr\/wp-json\/wp\/v2\/comments?post=10159"}],"version-history":[{"count":0,"href":"https:\/\/artejoven.org\/fr\/wp-json\/wp\/v2\/posts\/10159\/revisions"}],"wp:featuredmedia":[{"embeddable":true,"href":"https:\/\/artejoven.org\/fr\/wp-json\/wp\/v2\/media\/10160"}],"wp:attachment":[{"href":"https:\/\/artejoven.org\/fr\/wp-json\/wp\/v2\/media?parent=10159"}],"wp:term":[{"taxonomy":"category","embeddable":true,"href":"https:\/\/artejoven.org\/fr\/wp-json\/wp\/v2\/categories?post=10159"},{"taxonomy":"post_tag","embeddable":true,"href":"https:\/\/artejoven.org\/fr\/wp-json\/wp\/v2\/tags?post=10159"}],"curies":[{"name":"wp","href":"https:\/\/api.w.org\/{rel}","templated":true}]}}