{"id":10239,"date":"2026-01-09T16:53:11","date_gmt":"2026-01-09T21:53:11","guid":{"rendered":"https:\/\/artejoven.org\/?p=10239"},"modified":"2026-01-09T17:10:24","modified_gmt":"2026-01-09T22:10:24","slug":"le-dernier-chapitre-dun-drame-magnifique-et-leffort-du-fonds-dart-pour-la-jeunesse-pour-construire-lart-dans-la-communaute","status":"publish","type":"post","link":"https:\/\/artejoven.org\/fr\/ultimo-capitulo-de-un-lindo-drama-y-el-impulso-del-fondo-de-arte-joven-por-construir-el-arte-en-comunidad\/","title":{"rendered":"\u201cLe dernier chapitre d'un drame magnifique\u201d et la volont\u00e9 du Fonds d'art pour la jeunesse de d\u00e9velopper l'art au sein de la communaut\u00e9"},"content":{"rendered":"<p>Au sein de l'Acad\u00e9mie nationale des beaux-arts de San Alejandro, l'une des institutions d'enseignement artistique les plus embl\u00e9matiques de Cuba, a \u00e9t\u00e9 con\u00e7ue une initiative qui a marqu\u00e9 ses \u00e9tudiants. Sous le titre <em>\u201cDernier chapitre d'un beau drame\u201d.\u201d<\/em>, Ce programme de discussions et de rencontres entre artistes, conservateurs, enseignants et gestionnaires culturels a pour but d'ouvrir de nouvelles voies d'apprentissage au-del\u00e0 de la salle de classe. La proposition, con\u00e7ue et dirig\u00e9e par l'artiste, conservatrice et enseignante Evelynn Alvarez, a \u00e9t\u00e9 soutenue par le Fondo de Arte Joven (FAJ), une plateforme culturelle qui, depuis sa cr\u00e9ation en 2023, promeut des projets qui renforcent le d\u00e9veloppement de l'art \u00e9mergent sur l'\u00eele.<\/p>\n\n\n\n<p>Le projet est n\u00e9 du d\u00e9sir de mettre en contact des \u00e9tudiants professionnels de niveau moyen avec des agents actifs dans le circuit de l'art contemporain cubain. Par le biais de conf\u00e9rences, de visites d'ateliers et de conversations ouvertes, <em>\u201cDernier chapitre d'un beau drame\u201d.\u201d<\/em> a cherch\u00e9 \u00e0 compl\u00e9ter les programmes d'\u00e9tudes par des exp\u00e9riences directes, g\u00e9n\u00e9rationnelles et humaines.<\/p>\n\n\n\n<div class=\"wp-block-jetpack-tiled-gallery aligncenter is-style-rectangular\"><div class=\"has-rounded-corners-15\"><div class=\"tiled-gallery__gallery\"><div class=\"tiled-gallery__row\"><div class=\"tiled-gallery__col\" style=\"flex-basis:34.52572%\"><figure class=\"tiled-gallery__item\"><a href=\"https:\/\/artejoven.org\/wp-content\/uploads\/2026\/01\/participacion-en-Daily-News-Agency_Ultimo-capitulo-de-un-lindo-drama-1024x768.webp\"><img decoding=\"async\" srcset=\"https:\/\/i0.wp.com\/artejoven.org\/wp-content\/uploads\/2026\/01\/participacion-en-Daily-News-Agency_Ultimo-capitulo-de-un-lindo-drama-1024x768.webp?strip=info&#038;w=600&#038;ssl=1 600w,https:\/\/i0.wp.com\/artejoven.org\/wp-content\/uploads\/2026\/01\/participacion-en-Daily-News-Agency_Ultimo-capitulo-de-un-lindo-drama-1024x768.webp?strip=info&#038;w=900&#038;ssl=1 900w,https:\/\/i0.wp.com\/artejoven.org\/wp-content\/uploads\/2026\/01\/participacion-en-Daily-News-Agency_Ultimo-capitulo-de-un-lindo-drama-1024x768.webp?strip=info&#038;w=1080&#038;ssl=1 1080w\" alt=\"\" data-height=\"810\" data-id=\"10241\" data-link=\"https:\/\/artejoven.org\/?attachment_id=10241#main\" data-url=\"https:\/\/artejoven.org\/wp-content\/uploads\/2026\/01\/participacion-en-Daily-News-Agency_Ultimo-capitulo-de-un-lindo-drama-1024x768.webp\" data-width=\"1080\" src=\"https:\/\/i0.wp.com\/artejoven.org\/wp-content\/uploads\/2026\/01\/participacion-en-Daily-News-Agency_Ultimo-capitulo-de-un-lindo-drama-1024x768.webp?ssl=1\" data-amp-layout=\"responsive\"\/><\/a><\/figure><\/div><div class=\"tiled-gallery__col\" style=\"flex-basis:19.50162%\"><figure class=\"tiled-gallery__item\"><a href=\"https:\/\/artejoven.org\/wp-content\/uploads\/2026\/01\/studio-Suamy-Hernandez_Ultimo-capitulo-de-un-lindo-drama-2-768x1024.webp\"><img decoding=\"async\" srcset=\"https:\/\/i0.wp.com\/artejoven.org\/wp-content\/uploads\/2026\/01\/studio-Suamy-Hernandez_Ultimo-capitulo-de-un-lindo-drama-2-768x1024.webp?strip=info&#038;w=600&#038;ssl=1 600w,https:\/\/i0.wp.com\/artejoven.org\/wp-content\/uploads\/2026\/01\/studio-Suamy-Hernandez_Ultimo-capitulo-de-un-lindo-drama-2-768x1024.webp?strip=info&#038;w=900&#038;ssl=1 900w,https:\/\/i0.wp.com\/artejoven.org\/wp-content\/uploads\/2026\/01\/studio-Suamy-Hernandez_Ultimo-capitulo-de-un-lindo-drama-2-768x1024.webp?strip=info&#038;w=1200&#038;ssl=1 1200w,https:\/\/i0.wp.com\/artejoven.org\/wp-content\/uploads\/2026\/01\/studio-Suamy-Hernandez_Ultimo-capitulo-de-un-lindo-drama-2-768x1024.webp?strip=info&#038;w=1500&#038;ssl=1 1500w,https:\/\/i0.wp.com\/artejoven.org\/wp-content\/uploads\/2026\/01\/studio-Suamy-Hernandez_Ultimo-capitulo-de-un-lindo-drama-2-768x1024.webp?strip=info&#038;w=1800&#038;ssl=1 1800w,https:\/\/i0.wp.com\/artejoven.org\/wp-content\/uploads\/2026\/01\/studio-Suamy-Hernandez_Ultimo-capitulo-de-un-lindo-drama-2-768x1024.webp?strip=info&#038;w=1920&#038;ssl=1 1920w\" alt=\"\" data-height=\"2560\" data-id=\"10242\" data-link=\"https:\/\/artejoven.org\/?attachment_id=10242#main\" data-url=\"https:\/\/artejoven.org\/wp-content\/uploads\/2026\/01\/studio-Suamy-Hernandez_Ultimo-capitulo-de-un-lindo-drama-2-768x1024.webp\" data-width=\"1920\" src=\"https:\/\/i0.wp.com\/artejoven.org\/wp-content\/uploads\/2026\/01\/studio-Suamy-Hernandez_Ultimo-capitulo-de-un-lindo-drama-2-768x1024.webp?ssl=1\" data-amp-layout=\"responsive\"\/><\/a><\/figure><\/div><div class=\"tiled-gallery__col\" style=\"flex-basis:45.97266%\"><figure class=\"tiled-gallery__item\"><a href=\"https:\/\/artejoven.org\/wp-content\/uploads\/2026\/01\/Lazaro-y-Cesar-Saavedra-Nande_Ultimo-capitulo-de-un-lindo-drama-1024x576.webp\"><img decoding=\"async\" srcset=\"https:\/\/i0.wp.com\/artejoven.org\/wp-content\/uploads\/2026\/01\/Lazaro-y-Cesar-Saavedra-Nande_Ultimo-capitulo-de-un-lindo-drama-1024x576.webp?strip=info&#038;w=600&#038;ssl=1 600w,https:\/\/i0.wp.com\/artejoven.org\/wp-content\/uploads\/2026\/01\/Lazaro-y-Cesar-Saavedra-Nande_Ultimo-capitulo-de-un-lindo-drama-1024x576.webp?strip=info&#038;w=900&#038;ssl=1 900w,https:\/\/i0.wp.com\/artejoven.org\/wp-content\/uploads\/2026\/01\/Lazaro-y-Cesar-Saavedra-Nande_Ultimo-capitulo-de-un-lindo-drama-1024x576.webp?strip=info&#038;w=1200&#038;ssl=1 1200w,https:\/\/i0.wp.com\/artejoven.org\/wp-content\/uploads\/2026\/01\/Lazaro-y-Cesar-Saavedra-Nande_Ultimo-capitulo-de-un-lindo-drama-1024x576.webp?strip=info&#038;w=1500&#038;ssl=1 1500w,https:\/\/i0.wp.com\/artejoven.org\/wp-content\/uploads\/2026\/01\/Lazaro-y-Cesar-Saavedra-Nande_Ultimo-capitulo-de-un-lindo-drama-1024x576.webp?strip=info&#038;w=1800&#038;ssl=1 1800w,https:\/\/i0.wp.com\/artejoven.org\/wp-content\/uploads\/2026\/01\/Lazaro-y-Cesar-Saavedra-Nande_Ultimo-capitulo-de-un-lindo-drama-1024x576.webp?strip=info&#038;w=2000&#038;ssl=1 2000w\" alt=\"\" data-height=\"1440\" data-id=\"10243\" data-link=\"https:\/\/artejoven.org\/?attachment_id=10243#main\" data-url=\"https:\/\/artejoven.org\/wp-content\/uploads\/2026\/01\/Lazaro-y-Cesar-Saavedra-Nande_Ultimo-capitulo-de-un-lindo-drama-1024x576.webp\" data-width=\"2560\" src=\"https:\/\/i0.wp.com\/artejoven.org\/wp-content\/uploads\/2026\/01\/Lazaro-y-Cesar-Saavedra-Nande_Ultimo-capitulo-de-un-lindo-drama-1024x576.webp?ssl=1\" data-amp-layout=\"responsive\"\/><\/a><\/figure><\/div><\/div><\/div><\/div><\/div>\n\n\n\n<p>Malgr\u00e9 mes crises p\u00e9dagogiques, je suis toujours reconnaissante de tout ce que j'ai appris des \u00e9tudiants\u00bb, explique Evelynn Alvarez. C'est \u00e0 partir de cette conscience d'une am\u00e9lioration conjointe que j'ai con\u00e7u et formul\u00e9 cette proposition\".\u00bb<\/p>\n\n\n\n<p>Alvarez, qui est membre de la facult\u00e9 San Alejandro depuis 2015, est impliqu\u00e9e dans l'enseignement et l'accompagnement de jeunes cr\u00e9ateurs depuis des ann\u00e9es. \u00c0 cette occasion, elle a vu dans le FAJ un alli\u00e9 naturel : \u201cJ'ai connu le travail du FAJ \u00e0 travers ses b\u00e9n\u00e9ficiaires. J'ai pu constater son impact sur la carri\u00e8re des auteurs que je suis. Il n'a donc pas \u00e9t\u00e9 difficile de rep\u00e9rer la collaboration et j'ai postul\u00e9 \u00e0 l'une de ses opportunit\u00e9s.<\/p>\n\n\n\n<p>La premi\u00e8re partie du programme s'est d\u00e9roul\u00e9e pendant le semestre d'\u00e9t\u00e9 2024 et a co\u00efncid\u00e9 avec les stages de travail de dipl\u00f4me des \u00e9tudiants, une p\u00e9riode qui est habituellement un temps de repos ou de concentration sur des projets personnels. Cependant, la r\u00e9ponse a \u00e9t\u00e9 enthousiaste. \u201cUn groupe d'\u00e9tudiants a d\u00e9cid\u00e9 d'aborder, en dehors de la salle de classe, les implications de la poursuite d'une carri\u00e8re d'artiste visuel \u00e0 Cuba. Au milieu de l'oisivet\u00e9, garder un adolescent motiv\u00e9 par ces sujets a d\u00e9pass\u00e9 tous mes objectifs\u201d, avoue Alvarez.<\/p>\n\n\n\n<div class=\"wp-block-jetpack-tiled-gallery aligncenter is-style-rectangular\"><div class=\"has-rounded-corners-15\"><div class=\"tiled-gallery__gallery\"><div class=\"tiled-gallery__row\"><div class=\"tiled-gallery__col\" style=\"flex-basis:36.34235%\"><figure class=\"tiled-gallery__item\"><a href=\"https:\/\/artejoven.org\/wp-content\/uploads\/2026\/01\/Harold-Ramirez-Veliz_Ultimo-capitulo-de-un-lindo-drama-1024x576.webp\"><img decoding=\"async\" srcset=\"https:\/\/i0.wp.com\/artejoven.org\/wp-content\/uploads\/2026\/01\/Harold-Ramirez-Veliz_Ultimo-capitulo-de-un-lindo-drama-1024x576.webp?strip=info&#038;w=600&#038;ssl=1 600w,https:\/\/i0.wp.com\/artejoven.org\/wp-content\/uploads\/2026\/01\/Harold-Ramirez-Veliz_Ultimo-capitulo-de-un-lindo-drama-1024x576.webp?strip=info&#038;w=900&#038;ssl=1 900w,https:\/\/i0.wp.com\/artejoven.org\/wp-content\/uploads\/2026\/01\/Harold-Ramirez-Veliz_Ultimo-capitulo-de-un-lindo-drama-1024x576.webp?strip=info&#038;w=1200&#038;ssl=1 1200w,https:\/\/i0.wp.com\/artejoven.org\/wp-content\/uploads\/2026\/01\/Harold-Ramirez-Veliz_Ultimo-capitulo-de-un-lindo-drama-1024x576.webp?strip=info&#038;w=1500&#038;ssl=1 1500w,https:\/\/i0.wp.com\/artejoven.org\/wp-content\/uploads\/2026\/01\/Harold-Ramirez-Veliz_Ultimo-capitulo-de-un-lindo-drama-1024x576.webp?strip=info&#038;w=1800&#038;ssl=1 1800w,https:\/\/i0.wp.com\/artejoven.org\/wp-content\/uploads\/2026\/01\/Harold-Ramirez-Veliz_Ultimo-capitulo-de-un-lindo-drama-1024x576.webp?strip=info&#038;w=2000&#038;ssl=1 2000w\" alt=\"\" data-height=\"1440\" data-id=\"10244\" data-link=\"https:\/\/artejoven.org\/?attachment_id=10244#main\" data-url=\"https:\/\/artejoven.org\/wp-content\/uploads\/2026\/01\/Harold-Ramirez-Veliz_Ultimo-capitulo-de-un-lindo-drama-1024x576.webp\" data-width=\"2560\" src=\"https:\/\/i0.wp.com\/artejoven.org\/wp-content\/uploads\/2026\/01\/Harold-Ramirez-Veliz_Ultimo-capitulo-de-un-lindo-drama-1024x576.webp?ssl=1\" data-amp-layout=\"responsive\"\/><\/a><\/figure><\/div><div class=\"tiled-gallery__col\" style=\"flex-basis:27.31530%\"><figure class=\"tiled-gallery__item\"><a href=\"https:\/\/artejoven.org\/wp-content\/uploads\/2026\/01\/Jorge-Pere_Ultimo-capitulo-de-un-lindo-drama-1024x768.webp\"><img decoding=\"async\" srcset=\"https:\/\/i0.wp.com\/artejoven.org\/wp-content\/uploads\/2026\/01\/Jorge-Pere_Ultimo-capitulo-de-un-lindo-drama-1024x768.webp?strip=info&#038;w=600&#038;ssl=1 600w,https:\/\/i0.wp.com\/artejoven.org\/wp-content\/uploads\/2026\/01\/Jorge-Pere_Ultimo-capitulo-de-un-lindo-drama-1024x768.webp?strip=info&#038;w=900&#038;ssl=1 900w,https:\/\/i0.wp.com\/artejoven.org\/wp-content\/uploads\/2026\/01\/Jorge-Pere_Ultimo-capitulo-de-un-lindo-drama-1024x768.webp?strip=info&#038;w=1200&#038;ssl=1 1200w,https:\/\/i0.wp.com\/artejoven.org\/wp-content\/uploads\/2026\/01\/Jorge-Pere_Ultimo-capitulo-de-un-lindo-drama-1024x768.webp?strip=info&#038;w=1500&#038;ssl=1 1500w,https:\/\/i0.wp.com\/artejoven.org\/wp-content\/uploads\/2026\/01\/Jorge-Pere_Ultimo-capitulo-de-un-lindo-drama-1024x768.webp?strip=info&#038;w=1800&#038;ssl=1 1800w,https:\/\/i0.wp.com\/artejoven.org\/wp-content\/uploads\/2026\/01\/Jorge-Pere_Ultimo-capitulo-de-un-lindo-drama-1024x768.webp?strip=info&#038;w=2000&#038;ssl=1 2000w\" alt=\"\" data-height=\"1920\" data-id=\"10245\" data-link=\"https:\/\/artejoven.org\/?attachment_id=10245#main\" data-url=\"https:\/\/artejoven.org\/wp-content\/uploads\/2026\/01\/Jorge-Pere_Ultimo-capitulo-de-un-lindo-drama-1024x768.webp\" data-width=\"2560\" src=\"https:\/\/i0.wp.com\/artejoven.org\/wp-content\/uploads\/2026\/01\/Jorge-Pere_Ultimo-capitulo-de-un-lindo-drama-1024x768.webp?ssl=1\" data-amp-layout=\"responsive\"\/><\/a><\/figure><\/div><div class=\"tiled-gallery__col\" style=\"flex-basis:36.34235%\"><figure class=\"tiled-gallery__item\"><a href=\"https:\/\/artejoven.org\/wp-content\/uploads\/2026\/01\/Jose-Manuel-Mesias_Ultimo-capitulo-de-un-lindo-drama-1024x576.webp\"><img decoding=\"async\" srcset=\"https:\/\/i0.wp.com\/artejoven.org\/wp-content\/uploads\/2026\/01\/Jose-Manuel-Mesias_Ultimo-capitulo-de-un-lindo-drama-1024x576.webp?strip=info&#038;w=600&#038;ssl=1 600w,https:\/\/i0.wp.com\/artejoven.org\/wp-content\/uploads\/2026\/01\/Jose-Manuel-Mesias_Ultimo-capitulo-de-un-lindo-drama-1024x576.webp?strip=info&#038;w=900&#038;ssl=1 900w,https:\/\/i0.wp.com\/artejoven.org\/wp-content\/uploads\/2026\/01\/Jose-Manuel-Mesias_Ultimo-capitulo-de-un-lindo-drama-1024x576.webp?strip=info&#038;w=1200&#038;ssl=1 1200w,https:\/\/i0.wp.com\/artejoven.org\/wp-content\/uploads\/2026\/01\/Jose-Manuel-Mesias_Ultimo-capitulo-de-un-lindo-drama-1024x576.webp?strip=info&#038;w=1500&#038;ssl=1 1500w,https:\/\/i0.wp.com\/artejoven.org\/wp-content\/uploads\/2026\/01\/Jose-Manuel-Mesias_Ultimo-capitulo-de-un-lindo-drama-1024x576.webp?strip=info&#038;w=1800&#038;ssl=1 1800w,https:\/\/i0.wp.com\/artejoven.org\/wp-content\/uploads\/2026\/01\/Jose-Manuel-Mesias_Ultimo-capitulo-de-un-lindo-drama-1024x576.webp?strip=info&#038;w=2000&#038;ssl=1 2000w\" alt=\"\" data-height=\"1440\" data-id=\"10246\" data-link=\"https:\/\/artejoven.org\/?attachment_id=10246#main\" data-url=\"https:\/\/artejoven.org\/wp-content\/uploads\/2026\/01\/Jose-Manuel-Mesias_Ultimo-capitulo-de-un-lindo-drama-1024x576.webp\" data-width=\"2560\" src=\"https:\/\/i0.wp.com\/artejoven.org\/wp-content\/uploads\/2026\/01\/Jose-Manuel-Mesias_Ultimo-capitulo-de-un-lindo-drama-1024x576.webp?ssl=1\" data-amp-layout=\"responsive\"\/><\/a><\/figure><\/div><\/div><\/div><\/div><\/div>\n\n\n\n<p>Pour les \u00e9tudiants, l'exp\u00e9rience a \u00e9t\u00e9 transformatrice. Suamy Hern\u00e1ndez, l'une des participantes, d\u00e9crit l'atelier comme \u201cune immersion profonde dans le monde de l'art qui a d\u00e9pass\u00e9 toutes mes attentes\u201d. Elle souligne que la visite des studios de diff\u00e9rents collectifs d'artistes et les discussions avec les conservateurs lui ont \u201couvert les yeux sur un univers de possibilit\u00e9s\u201d.<br \/><br \/>\u201cJ'ai compris que l'art n'est pas un chemin solitaire. La collaboration et l'\u00e9change sont essentiels \u00e0 la croissance. J'ai appris de la g\u00e9n\u00e9rosit\u00e9 des artistes qui ont partag\u00e9 leurs \u00e9checs et leurs succ\u00e8s, et de l'importance de la pers\u00e9v\u00e9rance et de l'authenticit\u00e9\u201d, ajoute-t-il.<\/p>\n\n\n\n<p><strong>La valeur de l'\u00e9change g\u00e9n\u00e9rationnel<\/strong><\/p>\n\n\n\n<p>Les objectifs strat\u00e9giques du FAJ comprennent le financement et le soutien de projets, l'offre d'outils et de r\u00e9seaux qui renforcent le tissu culturel du pays. Selon M. Alvarez, \u201cles \u00e9changes entre les g\u00e9n\u00e9rations sont essentiels, mais de plus en plus difficiles \u00e0 r\u00e9aliser dans notre contexte\u201d. Nous remercions chaleureusement le Fondo de Arte Joven, qui consacre des ressources - pas seulement financi\u00e8res - \u00e0 la consolidation de ces espaces\".\u201d<\/p>\n\n\n\n<p>Pour des artistes confirm\u00e9s comme Gabriela Reyna, \u00e9galement enseignante \u00e0 San Alejandro et collaboratrice du projet, cette dynamique a \u00e9t\u00e9 tout aussi enrichissante. \u201cPartager mon atelier avec les \u00e9tudiants \u00e9tait sp\u00e9cial : ils ont pu voir le c\u00f4t\u00e9 plus personnel de l'artiste. Je me reconnais en eux, comme je le faisais lorsque j'\u00e9tais \u00e9tudiante\u201d. Reyna souligne que l'\u00e9change se fait dans les deux sens : \u201cIls d\u00e9couvrent l'univers de l'art professionnel, et j'apprends de leur regard neuf. C'est un cadeau de pouvoir partager et se nourrir mutuellement\u201d.\u201d<\/p>\n\n\n\n<div class=\"wp-block-jetpack-tiled-gallery aligncenter is-style-rectangular\"><div class=\"has-rounded-corners-15\"><div class=\"tiled-gallery__gallery\"><div class=\"tiled-gallery__row\"><div class=\"tiled-gallery__col\" style=\"flex-basis:26.63688%\"><figure class=\"tiled-gallery__item\"><a href=\"https:\/\/artejoven.org\/wp-content\/uploads\/2026\/01\/Gabriela-Reyna_Ultimo-capitulo-de-un-lindo-drama-1024x576.webp\"><img decoding=\"async\" srcset=\"https:\/\/i0.wp.com\/artejoven.org\/wp-content\/uploads\/2026\/01\/Gabriela-Reyna_Ultimo-capitulo-de-un-lindo-drama-1024x576.webp?strip=info&#038;w=600&#038;ssl=1 600w,https:\/\/i0.wp.com\/artejoven.org\/wp-content\/uploads\/2026\/01\/Gabriela-Reyna_Ultimo-capitulo-de-un-lindo-drama-1024x576.webp?strip=info&#038;w=900&#038;ssl=1 900w,https:\/\/i0.wp.com\/artejoven.org\/wp-content\/uploads\/2026\/01\/Gabriela-Reyna_Ultimo-capitulo-de-un-lindo-drama-1024x576.webp?strip=info&#038;w=1200&#038;ssl=1 1200w,https:\/\/i0.wp.com\/artejoven.org\/wp-content\/uploads\/2026\/01\/Gabriela-Reyna_Ultimo-capitulo-de-un-lindo-drama-1024x576.webp?strip=info&#038;w=1500&#038;ssl=1 1500w,https:\/\/i0.wp.com\/artejoven.org\/wp-content\/uploads\/2026\/01\/Gabriela-Reyna_Ultimo-capitulo-de-un-lindo-drama-1024x576.webp?strip=info&#038;w=1800&#038;ssl=1 1800w,https:\/\/i0.wp.com\/artejoven.org\/wp-content\/uploads\/2026\/01\/Gabriela-Reyna_Ultimo-capitulo-de-un-lindo-drama-1024x576.webp?strip=info&#038;w=1892&#038;ssl=1 1892w\" alt=\"\" data-height=\"1065\" data-id=\"10247\" data-link=\"https:\/\/artejoven.org\/?attachment_id=10247#main\" data-url=\"https:\/\/artejoven.org\/wp-content\/uploads\/2026\/01\/Gabriela-Reyna_Ultimo-capitulo-de-un-lindo-drama-1024x576.webp\" data-width=\"1892\" src=\"https:\/\/i0.wp.com\/artejoven.org\/wp-content\/uploads\/2026\/01\/Gabriela-Reyna_Ultimo-capitulo-de-un-lindo-drama-1024x576.webp?ssl=1\" data-amp-layout=\"responsive\"\/><\/a><\/figure><\/div><div class=\"tiled-gallery__col\" style=\"flex-basis:26.65548%\"><figure class=\"tiled-gallery__item\"><a href=\"https:\/\/artejoven.org\/wp-content\/uploads\/2026\/01\/Cristina-Vives_Ultimo-capitulo-de-un-lindo-drama-1024x576.webp\"><img decoding=\"async\" srcset=\"https:\/\/i0.wp.com\/artejoven.org\/wp-content\/uploads\/2026\/01\/Cristina-Vives_Ultimo-capitulo-de-un-lindo-drama-1024x576.webp?strip=info&#038;w=600&#038;ssl=1 600w,https:\/\/i0.wp.com\/artejoven.org\/wp-content\/uploads\/2026\/01\/Cristina-Vives_Ultimo-capitulo-de-un-lindo-drama-1024x576.webp?strip=info&#038;w=900&#038;ssl=1 900w,https:\/\/i0.wp.com\/artejoven.org\/wp-content\/uploads\/2026\/01\/Cristina-Vives_Ultimo-capitulo-de-un-lindo-drama-1024x576.webp?strip=info&#038;w=1200&#038;ssl=1 1200w,https:\/\/i0.wp.com\/artejoven.org\/wp-content\/uploads\/2026\/01\/Cristina-Vives_Ultimo-capitulo-de-un-lindo-drama-1024x576.webp?strip=info&#038;w=1500&#038;ssl=1 1500w,https:\/\/i0.wp.com\/artejoven.org\/wp-content\/uploads\/2026\/01\/Cristina-Vives_Ultimo-capitulo-de-un-lindo-drama-1024x576.webp?strip=info&#038;w=1800&#038;ssl=1 1800w,https:\/\/i0.wp.com\/artejoven.org\/wp-content\/uploads\/2026\/01\/Cristina-Vives_Ultimo-capitulo-de-un-lindo-drama-1024x576.webp?strip=info&#038;w=2000&#038;ssl=1 2000w\" alt=\"\" data-height=\"1440\" data-id=\"10248\" data-link=\"https:\/\/artejoven.org\/?attachment_id=10248#main\" data-url=\"https:\/\/artejoven.org\/wp-content\/uploads\/2026\/01\/Cristina-Vives_Ultimo-capitulo-de-un-lindo-drama-1024x576.webp\" data-width=\"2560\" src=\"https:\/\/i0.wp.com\/artejoven.org\/wp-content\/uploads\/2026\/01\/Cristina-Vives_Ultimo-capitulo-de-un-lindo-drama-1024x576.webp?ssl=1\" data-amp-layout=\"responsive\"\/><\/a><\/figure><\/div><div class=\"tiled-gallery__col\" style=\"flex-basis:26.65548%\"><figure class=\"tiled-gallery__item\"><a href=\"https:\/\/artejoven.org\/wp-content\/uploads\/2026\/01\/Gabriel-Raul-Cisneros-Baez_Ultimo-capitulo-de-un-lindo-drama-1024x576.webp\"><img decoding=\"async\" srcset=\"https:\/\/i0.wp.com\/artejoven.org\/wp-content\/uploads\/2026\/01\/Gabriel-Raul-Cisneros-Baez_Ultimo-capitulo-de-un-lindo-drama-1024x576.webp?strip=info&#038;w=600&#038;ssl=1 600w,https:\/\/i0.wp.com\/artejoven.org\/wp-content\/uploads\/2026\/01\/Gabriel-Raul-Cisneros-Baez_Ultimo-capitulo-de-un-lindo-drama-1024x576.webp?strip=info&#038;w=900&#038;ssl=1 900w,https:\/\/i0.wp.com\/artejoven.org\/wp-content\/uploads\/2026\/01\/Gabriel-Raul-Cisneros-Baez_Ultimo-capitulo-de-un-lindo-drama-1024x576.webp?strip=info&#038;w=1200&#038;ssl=1 1200w,https:\/\/i0.wp.com\/artejoven.org\/wp-content\/uploads\/2026\/01\/Gabriel-Raul-Cisneros-Baez_Ultimo-capitulo-de-un-lindo-drama-1024x576.webp?strip=info&#038;w=1500&#038;ssl=1 1500w,https:\/\/i0.wp.com\/artejoven.org\/wp-content\/uploads\/2026\/01\/Gabriel-Raul-Cisneros-Baez_Ultimo-capitulo-de-un-lindo-drama-1024x576.webp?strip=info&#038;w=1800&#038;ssl=1 1800w,https:\/\/i0.wp.com\/artejoven.org\/wp-content\/uploads\/2026\/01\/Gabriel-Raul-Cisneros-Baez_Ultimo-capitulo-de-un-lindo-drama-1024x576.webp?strip=info&#038;w=2000&#038;ssl=1 2000w\" alt=\"\" data-height=\"1440\" data-id=\"10250\" data-link=\"https:\/\/artejoven.org\/?attachment_id=10250#main\" data-url=\"https:\/\/artejoven.org\/wp-content\/uploads\/2026\/01\/Gabriel-Raul-Cisneros-Baez_Ultimo-capitulo-de-un-lindo-drama-1024x576.webp\" data-width=\"2560\" src=\"https:\/\/i0.wp.com\/artejoven.org\/wp-content\/uploads\/2026\/01\/Gabriel-Raul-Cisneros-Baez_Ultimo-capitulo-de-un-lindo-drama-1024x576.webp?ssl=1\" data-amp-layout=\"responsive\"\/><\/a><\/figure><\/div><div class=\"tiled-gallery__col\" style=\"flex-basis:20.05216%\"><figure class=\"tiled-gallery__item\"><a href=\"https:\/\/artejoven.org\/wp-content\/uploads\/2026\/01\/FAJ_Ultimo-capitulo-de-un-lindo-drama-1024x768.webp\"><img decoding=\"async\" srcset=\"https:\/\/i0.wp.com\/artejoven.org\/wp-content\/uploads\/2026\/01\/FAJ_Ultimo-capitulo-de-un-lindo-drama-1024x768.webp?strip=info&#038;w=600&#038;ssl=1 600w,https:\/\/i0.wp.com\/artejoven.org\/wp-content\/uploads\/2026\/01\/FAJ_Ultimo-capitulo-de-un-lindo-drama-1024x768.webp?strip=info&#038;w=900&#038;ssl=1 900w,https:\/\/i0.wp.com\/artejoven.org\/wp-content\/uploads\/2026\/01\/FAJ_Ultimo-capitulo-de-un-lindo-drama-1024x768.webp?strip=info&#038;w=1200&#038;ssl=1 1200w,https:\/\/i0.wp.com\/artejoven.org\/wp-content\/uploads\/2026\/01\/FAJ_Ultimo-capitulo-de-un-lindo-drama-1024x768.webp?strip=info&#038;w=1500&#038;ssl=1 1500w,https:\/\/i0.wp.com\/artejoven.org\/wp-content\/uploads\/2026\/01\/FAJ_Ultimo-capitulo-de-un-lindo-drama-1024x768.webp?strip=info&#038;w=1800&#038;ssl=1 1800w,https:\/\/i0.wp.com\/artejoven.org\/wp-content\/uploads\/2026\/01\/FAJ_Ultimo-capitulo-de-un-lindo-drama-1024x768.webp?strip=info&#038;w=2000&#038;ssl=1 2000w\" alt=\"\" data-height=\"1920\" data-id=\"10249\" data-link=\"https:\/\/artejoven.org\/?attachment_id=10249#main\" data-url=\"https:\/\/artejoven.org\/wp-content\/uploads\/2026\/01\/FAJ_Ultimo-capitulo-de-un-lindo-drama-1024x768.webp\" data-width=\"2560\" src=\"https:\/\/i0.wp.com\/artejoven.org\/wp-content\/uploads\/2026\/01\/FAJ_Ultimo-capitulo-de-un-lindo-drama-1024x768.webp?ssl=1\" data-amp-layout=\"responsive\"\/><\/a><\/figure><\/div><\/div><\/div><\/div><\/div>\n\n\n\n<p>\u201cLe Fonds pour la jeunesse artistique est devenu une r\u00e9f\u00e9rence inestimable. Il int\u00e8gre des voix diverses et montre que l'art se d\u00e9veloppe lorsque nous partageons nos connaissances. J'aimerais qu'il y ait plus d'espaces comme celui-ci \u00e0 Cuba\u201d, a-t-il d\u00e9clar\u00e9.<\/p>\n\n\n\n<p><strong>\u00c9duquer, inspirer, connecter<\/strong><\/p>\n\n\n\n<p>Pour couronner une exp\u00e9rience telle que <em>\u201cDernier chapitre d'un beau drame\u201d,<\/em> et conditionn\u00e9e par des entretiens et des \u00e9changes avec de jeunes artistes visuels, Evelynn Alvarez a structur\u00e9 l'exposition collective \u201cEl Motivo\u201d, pr\u00e9sent\u00e9e \u00e0 la galerie Acacia de La Havane, \u00e0 partir de sa vision d'enseignante.<\/p>\n\n\n\n<p>Huit artistes, dont Suamy Hern\u00e1ndez, ont particip\u00e9 aux \u00e9changes avec les \u00e9tudiants, cl\u00f4turant ainsi un cycle qui a g\u00e9n\u00e9r\u00e9 des opportunit\u00e9s de perfectionnement, de connexion et d'inspiration.<\/p>\n\n\n\n<div class=\"wp-block-jetpack-tiled-gallery aligncenter is-style-rectangular\"><div class=\"has-rounded-corners-15\"><div class=\"tiled-gallery__gallery\"><div class=\"tiled-gallery__row\"><div class=\"tiled-gallery__col\" style=\"flex-basis:66.79293%\"><figure class=\"tiled-gallery__item\"><a href=\"https:\/\/artejoven.org\/wp-content\/uploads\/2026\/01\/inauguracion_El-Motivo-6-1024x768.webp\"><img decoding=\"async\" srcset=\"https:\/\/i0.wp.com\/artejoven.org\/wp-content\/uploads\/2026\/01\/inauguracion_El-Motivo-6-1024x768.webp?strip=info&#038;w=600&#038;ssl=1 600w,https:\/\/i0.wp.com\/artejoven.org\/wp-content\/uploads\/2026\/01\/inauguracion_El-Motivo-6-1024x768.webp?strip=info&#038;w=900&#038;ssl=1 900w,https:\/\/i0.wp.com\/artejoven.org\/wp-content\/uploads\/2026\/01\/inauguracion_El-Motivo-6-1024x768.webp?strip=info&#038;w=1200&#038;ssl=1 1200w,https:\/\/i0.wp.com\/artejoven.org\/wp-content\/uploads\/2026\/01\/inauguracion_El-Motivo-6-1024x768.webp?strip=info&#038;w=1500&#038;ssl=1 1500w,https:\/\/i0.wp.com\/artejoven.org\/wp-content\/uploads\/2026\/01\/inauguracion_El-Motivo-6-1024x768.webp?strip=info&#038;w=1800&#038;ssl=1 1800w,https:\/\/i0.wp.com\/artejoven.org\/wp-content\/uploads\/2026\/01\/inauguracion_El-Motivo-6-1024x768.webp?strip=info&#038;w=2000&#038;ssl=1 2000w\" alt=\"\" data-height=\"1920\" data-id=\"10251\" data-link=\"https:\/\/artejoven.org\/?attachment_id=10251#main\" data-url=\"https:\/\/artejoven.org\/wp-content\/uploads\/2026\/01\/inauguracion_El-Motivo-6-1024x768.webp\" data-width=\"2560\" src=\"https:\/\/i0.wp.com\/artejoven.org\/wp-content\/uploads\/2026\/01\/inauguracion_El-Motivo-6-1024x768.webp?ssl=1\" data-amp-layout=\"responsive\"\/><\/a><\/figure><\/div><div class=\"tiled-gallery__col\" style=\"flex-basis:33.20707%\"><figure class=\"tiled-gallery__item\"><a href=\"https:\/\/artejoven.org\/wp-content\/uploads\/2026\/01\/inauguracion_El-Motivo-2-1024x768.webp\"><img decoding=\"async\" srcset=\"https:\/\/i0.wp.com\/artejoven.org\/wp-content\/uploads\/2026\/01\/inauguracion_El-Motivo-2-1024x768.webp?strip=info&#038;w=600&#038;ssl=1 600w,https:\/\/i0.wp.com\/artejoven.org\/wp-content\/uploads\/2026\/01\/inauguracion_El-Motivo-2-1024x768.webp?strip=info&#038;w=900&#038;ssl=1 900w,https:\/\/i0.wp.com\/artejoven.org\/wp-content\/uploads\/2026\/01\/inauguracion_El-Motivo-2-1024x768.webp?strip=info&#038;w=1200&#038;ssl=1 1200w,https:\/\/i0.wp.com\/artejoven.org\/wp-content\/uploads\/2026\/01\/inauguracion_El-Motivo-2-1024x768.webp?strip=info&#038;w=1500&#038;ssl=1 1500w,https:\/\/i0.wp.com\/artejoven.org\/wp-content\/uploads\/2026\/01\/inauguracion_El-Motivo-2-1024x768.webp?strip=info&#038;w=1800&#038;ssl=1 1800w,https:\/\/i0.wp.com\/artejoven.org\/wp-content\/uploads\/2026\/01\/inauguracion_El-Motivo-2-1024x768.webp?strip=info&#038;w=2000&#038;ssl=1 2000w\" alt=\"\" data-height=\"1920\" data-id=\"10252\" data-link=\"https:\/\/artejoven.org\/?attachment_id=10252#main\" data-url=\"https:\/\/artejoven.org\/wp-content\/uploads\/2026\/01\/inauguracion_El-Motivo-2-1024x768.webp\" data-width=\"2560\" src=\"https:\/\/i0.wp.com\/artejoven.org\/wp-content\/uploads\/2026\/01\/inauguracion_El-Motivo-2-1024x768.webp?ssl=1\" data-amp-layout=\"responsive\"\/><\/a><\/figure><figure class=\"tiled-gallery__item\"><a href=\"https:\/\/artejoven.org\/wp-content\/uploads\/2026\/01\/inauguracion_El-Motivo-3-1024x768.webp\"><img decoding=\"async\" srcset=\"https:\/\/i0.wp.com\/artejoven.org\/wp-content\/uploads\/2026\/01\/inauguracion_El-Motivo-3-1024x768.webp?strip=info&#038;w=600&#038;ssl=1 600w,https:\/\/i0.wp.com\/artejoven.org\/wp-content\/uploads\/2026\/01\/inauguracion_El-Motivo-3-1024x768.webp?strip=info&#038;w=900&#038;ssl=1 900w,https:\/\/i0.wp.com\/artejoven.org\/wp-content\/uploads\/2026\/01\/inauguracion_El-Motivo-3-1024x768.webp?strip=info&#038;w=1200&#038;ssl=1 1200w,https:\/\/i0.wp.com\/artejoven.org\/wp-content\/uploads\/2026\/01\/inauguracion_El-Motivo-3-1024x768.webp?strip=info&#038;w=1500&#038;ssl=1 1500w,https:\/\/i0.wp.com\/artejoven.org\/wp-content\/uploads\/2026\/01\/inauguracion_El-Motivo-3-1024x768.webp?strip=info&#038;w=1800&#038;ssl=1 1800w,https:\/\/i0.wp.com\/artejoven.org\/wp-content\/uploads\/2026\/01\/inauguracion_El-Motivo-3-1024x768.webp?strip=info&#038;w=2000&#038;ssl=1 2000w\" alt=\"\" data-height=\"1920\" data-id=\"10253\" data-link=\"https:\/\/artejoven.org\/?attachment_id=10253#main\" data-url=\"https:\/\/artejoven.org\/wp-content\/uploads\/2026\/01\/inauguracion_El-Motivo-3-1024x768.webp\" data-width=\"2560\" src=\"https:\/\/i0.wp.com\/artejoven.org\/wp-content\/uploads\/2026\/01\/inauguracion_El-Motivo-3-1024x768.webp?ssl=1\" data-amp-layout=\"responsive\"\/><\/a><\/figure><\/div><\/div><div class=\"tiled-gallery__row\"><div class=\"tiled-gallery__col\" style=\"flex-basis:50.00000%\"><figure class=\"tiled-gallery__item\"><a href=\"https:\/\/artejoven.org\/wp-content\/uploads\/2026\/01\/inauguracion_El-Motivo-4-1024x768.webp\"><img decoding=\"async\" srcset=\"https:\/\/i0.wp.com\/artejoven.org\/wp-content\/uploads\/2026\/01\/inauguracion_El-Motivo-4-1024x768.webp?strip=info&#038;w=600&#038;ssl=1 600w,https:\/\/i0.wp.com\/artejoven.org\/wp-content\/uploads\/2026\/01\/inauguracion_El-Motivo-4-1024x768.webp?strip=info&#038;w=900&#038;ssl=1 900w,https:\/\/i0.wp.com\/artejoven.org\/wp-content\/uploads\/2026\/01\/inauguracion_El-Motivo-4-1024x768.webp?strip=info&#038;w=1200&#038;ssl=1 1200w,https:\/\/i0.wp.com\/artejoven.org\/wp-content\/uploads\/2026\/01\/inauguracion_El-Motivo-4-1024x768.webp?strip=info&#038;w=1500&#038;ssl=1 1500w,https:\/\/i0.wp.com\/artejoven.org\/wp-content\/uploads\/2026\/01\/inauguracion_El-Motivo-4-1024x768.webp?strip=info&#038;w=1800&#038;ssl=1 1800w,https:\/\/i0.wp.com\/artejoven.org\/wp-content\/uploads\/2026\/01\/inauguracion_El-Motivo-4-1024x768.webp?strip=info&#038;w=2000&#038;ssl=1 2000w\" alt=\"\" data-height=\"1920\" data-id=\"10254\" data-link=\"https:\/\/artejoven.org\/?attachment_id=10254#main\" data-url=\"https:\/\/artejoven.org\/wp-content\/uploads\/2026\/01\/inauguracion_El-Motivo-4-1024x768.webp\" data-width=\"2560\" src=\"https:\/\/i0.wp.com\/artejoven.org\/wp-content\/uploads\/2026\/01\/inauguracion_El-Motivo-4-1024x768.webp?ssl=1\" data-amp-layout=\"responsive\"\/><\/a><\/figure><\/div><div class=\"tiled-gallery__col\" style=\"flex-basis:50.00000%\"><figure class=\"tiled-gallery__item\"><a href=\"https:\/\/artejoven.org\/wp-content\/uploads\/2026\/01\/inauguracion_El-Motivo-5-1024x768.webp\"><img decoding=\"async\" srcset=\"https:\/\/i0.wp.com\/artejoven.org\/wp-content\/uploads\/2026\/01\/inauguracion_El-Motivo-5-1024x768.webp?strip=info&#038;w=600&#038;ssl=1 600w,https:\/\/i0.wp.com\/artejoven.org\/wp-content\/uploads\/2026\/01\/inauguracion_El-Motivo-5-1024x768.webp?strip=info&#038;w=900&#038;ssl=1 900w,https:\/\/i0.wp.com\/artejoven.org\/wp-content\/uploads\/2026\/01\/inauguracion_El-Motivo-5-1024x768.webp?strip=info&#038;w=1200&#038;ssl=1 1200w,https:\/\/i0.wp.com\/artejoven.org\/wp-content\/uploads\/2026\/01\/inauguracion_El-Motivo-5-1024x768.webp?strip=info&#038;w=1500&#038;ssl=1 1500w,https:\/\/i0.wp.com\/artejoven.org\/wp-content\/uploads\/2026\/01\/inauguracion_El-Motivo-5-1024x768.webp?strip=info&#038;w=1800&#038;ssl=1 1800w,https:\/\/i0.wp.com\/artejoven.org\/wp-content\/uploads\/2026\/01\/inauguracion_El-Motivo-5-1024x768.webp?strip=info&#038;w=2000&#038;ssl=1 2000w\" alt=\"\" data-height=\"1920\" data-id=\"10255\" data-link=\"https:\/\/artejoven.org\/?attachment_id=10255#main\" data-url=\"https:\/\/artejoven.org\/wp-content\/uploads\/2026\/01\/inauguracion_El-Motivo-5-1024x768.webp\" data-width=\"2560\" src=\"https:\/\/i0.wp.com\/artejoven.org\/wp-content\/uploads\/2026\/01\/inauguracion_El-Motivo-5-1024x768.webp?ssl=1\" data-amp-layout=\"responsive\"\/><\/a><\/figure><\/div><\/div><\/div><\/div><\/div>\n\n\n\n<p>Alvarez utilise le terme \u00abhappy end\u00bb pour faire r\u00e9f\u00e9rence \u00e0 l'exposition, dans laquelle <em>d\u00e9claration<\/em> peut \u00e9galement \u00eatre lue comme \u00abun exercice de conservation qui fonctionne \u00e0 travers l'identification de <em>leitmotivs<\/em>Chaque pi\u00e8ce expose des r\u00e9currences fondamentales de l'auteur \u00e0 travers son \u0153uvre. De m\u00eame, une autre constante oriente la s\u00e9lection des \u0153uvres : chaque pi\u00e8ce expose les consid\u00e9rations de l'auteur sur le ph\u00e9nom\u00e8ne de l'art\u00bb. De cette mani\u00e8re, l'atelier a ferm\u00e9 un cycle et a cr\u00e9\u00e9 des opportunit\u00e9s pour les \u00e9tudiants d'am\u00e9liorer leurs comp\u00e9tences.<\/p>\n\n\n\n<p>Pour elle, diriger ce processus a repr\u00e9sent\u00e9 plus qu'une simple r\u00e9ussite professionnelle : \u201cJ'ai pris en charge l'atelier. <em>Dernier chapitre d'un beau drame<\/em> comme une cl\u00f4ture. Une \u2018cl\u00f4ture\u2019 au sens populaire du terme, qui exprime le grand potentiel de quelque chose, mais aussi la fermeture d'une \u00e9tape, \u00e0 la fois pour les \u00e9tudiants qui terminaient alors leur niveau moyen professionnel et dans ma pratique actuelle, qui s'est \u00e9largie \u00e0 l'entrepreneuriat. D'o\u00f9 l'aura conclusive qui m'a amen\u00e9 \u00e0 revisiter des travaux et qui a fini par \u00eatre une sorte de filtre n\u00e9cessaire pour continuer \u00e0 circuler\u201d.<\/p>\n\n\n\n<p>Le projet <em>\u201cDernier chapitre d'un beau drame\u201d.\u201d<\/em> est un exemple de l'impact que peut avoir la collaboration entre une initiative telle que FAJ et l'\u00e9ducation artistique. Convaincue que l'art, comme l'\u00e9ducation, se construit dans la communaut\u00e9, la plateforme cherche \u00e0 tisser des r\u00e9seaux, \u00e0 renforcer les communaut\u00e9s et \u00e0 donner une voix \u00e0 une nouvelle g\u00e9n\u00e9ration d'artistes cubains qui r\u00eavent de transformer leur environnement par la cr\u00e9ation.<\/p>\n\n\n\n<figure class=\"wp-block-image size-large\"><img fetchpriority=\"high\" decoding=\"async\" width=\"768\" height=\"1024\" src=\"https:\/\/artejoven.org\/wp-content\/uploads\/2026\/01\/equipo-Acacia-artistas-y-Evelynn-Alvarez_El-Motivo-768x1024.webp\" alt=\"\" class=\"wp-image-10256\" srcset=\"https:\/\/artejoven.org\/wp-content\/uploads\/2026\/01\/equipo-Acacia-artistas-y-Evelynn-Alvarez_El-Motivo-768x1024.webp 768w, https:\/\/artejoven.org\/wp-content\/uploads\/2026\/01\/equipo-Acacia-artistas-y-Evelynn-Alvarez_El-Motivo-225x300.webp 225w, https:\/\/artejoven.org\/wp-content\/uploads\/2026\/01\/equipo-Acacia-artistas-y-Evelynn-Alvarez_El-Motivo-1152x1536.webp 1152w, https:\/\/artejoven.org\/wp-content\/uploads\/2026\/01\/equipo-Acacia-artistas-y-Evelynn-Alvarez_El-Motivo-1536x2048.webp 1536w, https:\/\/artejoven.org\/wp-content\/uploads\/2026\/01\/equipo-Acacia-artistas-y-Evelynn-Alvarez_El-Motivo-9x12.webp 9w, https:\/\/artejoven.org\/wp-content\/uploads\/2026\/01\/equipo-Acacia-artistas-y-Evelynn-Alvarez_El-Motivo.webp 1920w\" sizes=\"(max-width: 768px) 100vw, 768px\" \/><\/figure>","protected":false},"excerpt":{"rendered":"<p>Le projet \u201cLast chapter of a beautiful drama\u201d est un exemple de l'impact que peut avoir la collaboration entre une initiative telle que le Fonds des arts pour la jeunesse et l'\u00e9ducation artistique. <\/p>","protected":false},"author":1,"featured_media":10240,"comment_status":"open","ping_status":"open","sticky":false,"template":"","format":"standard","meta":{"_acf_changed":false,"_jetpack_memberships_contains_paid_content":false,"footnotes":"","_links_to":"","_links_to_target":""},"categories":[35],"tags":[],"class_list":{"0":"post-10239","1":"post","2":"type-post","3":"status-publish","4":"format-standard","5":"has-post-thumbnail","6":"hentry","7":"category-desde-el-faj","9":"post-with-thumbnail","10":"post-with-thumbnail-large"},"acf":[],"aioseo_notices":[],"jetpack_featured_media_url":"https:\/\/artejoven.org\/wp-content\/uploads\/2026\/01\/studio-Suamy-Hernandez_Ultimo-capitulo-de-un-lindo-drama-scaled.webp","jetpack-related-posts":[{"id":10603,"url":"https:\/\/artejoven.org\/fr\/mujeres-que-impulsan-el-arte-y-transforman-comunidades-con-apoyo-del-fondo-de-arte-joven\/","url_meta":{"origin":10239,"position":0},"title":"Des femmes qui promeuvent l'art et transforment les communaut\u00e9s avec le soutien du Fonds pour la jeune cr\u00e9ation artistique","author":"Ren\u00e9 Manuel Puig","date":"23 de mars de 2026","format":false,"excerpt":"L'innovation, le partage d'outils et le renforcement des r\u00e9seaux font partie des objectifs strat\u00e9giques du FAJ.","rel":"","context":"Dans &quot;Desde el FAJ&quot;","block_context":{"text":"Desde el FAJ","link":"https:\/\/artejoven.org\/fr\/category\/noticias\/desde-el-faj\/"},"img":{"alt_text":"","src":"https:\/\/i0.wp.com\/artejoven.org\/wp-content\/uploads\/2026\/03\/A7R8815-scaled.webp?resize=350%2C200&ssl=1","width":350,"height":200,"srcset":"https:\/\/i0.wp.com\/artejoven.org\/wp-content\/uploads\/2026\/03\/A7R8815-scaled.webp?resize=350%2C200&ssl=1 1x, https:\/\/i0.wp.com\/artejoven.org\/wp-content\/uploads\/2026\/03\/A7R8815-scaled.webp?resize=525%2C300&ssl=1 1.5x, https:\/\/i0.wp.com\/artejoven.org\/wp-content\/uploads\/2026\/03\/A7R8815-scaled.webp?resize=700%2C400&ssl=1 2x, https:\/\/i0.wp.com\/artejoven.org\/wp-content\/uploads\/2026\/03\/A7R8815-scaled.webp?resize=1050%2C600&ssl=1 3x, https:\/\/i0.wp.com\/artejoven.org\/wp-content\/uploads\/2026\/03\/A7R8815-scaled.webp?resize=1400%2C800&ssl=1 4x"},"classes":[]},{"id":7326,"url":"https:\/\/artejoven.org\/fr\/visita-el-critico-y-curador-de-arte-gerardo-mosquera-la-muestra-personal-niebla-en-la-galeria-salon-blanco\/","url_meta":{"origin":10239,"position":1},"title":"Le critique d'art et conservateur Gerardo Mosquera visite l'exposition personnelle Niebla, \u00e0 la galerie Sal\u00f3n Blanco.","author":"Ren\u00e9 Manuel Puig","date":"9 de avril de 2024","format":false,"excerpt":"L'espace d'exposition habituel du Fondo de Arte Joven (FAJ), la Galer\u00eda Sal\u00f3n Blanco, a accueilli pour la deuxi\u00e8me fois le critique d'art et commissaire d'exposition Gerardo Mosquera.","rel":"","context":"Dans &quot;Desde el FAJ&quot;","block_context":{"text":"Desde el FAJ","link":"https:\/\/artejoven.org\/fr\/category\/noticias\/desde-el-faj\/"},"img":{"alt_text":"Niebla, de Daniel Ant\u00f3n","src":"https:\/\/i0.wp.com\/artejoven.org\/wp-content\/uploads\/2024\/04\/img_9417-1-jpg.webp?resize=350%2C200&ssl=1","width":350,"height":200,"srcset":"https:\/\/i0.wp.com\/artejoven.org\/wp-content\/uploads\/2024\/04\/img_9417-1-jpg.webp?resize=350%2C200&ssl=1 1x, https:\/\/i0.wp.com\/artejoven.org\/wp-content\/uploads\/2024\/04\/img_9417-1-jpg.webp?resize=525%2C300&ssl=1 1.5x, https:\/\/i0.wp.com\/artejoven.org\/wp-content\/uploads\/2024\/04\/img_9417-1-jpg.webp?resize=700%2C400&ssl=1 2x, https:\/\/i0.wp.com\/artejoven.org\/wp-content\/uploads\/2024\/04\/img_9417-1-jpg.webp?resize=1050%2C600&ssl=1 3x, https:\/\/i0.wp.com\/artejoven.org\/wp-content\/uploads\/2024\/04\/img_9417-1-jpg.webp?resize=1400%2C800&ssl=1 4x"},"classes":[]},{"id":6416,"url":"https:\/\/artejoven.org\/fr\/fondo-de-arte-joven-inaugura-muestra-concurso-malayerba-en-la-galeria-salon-blanco\/","url_meta":{"origin":10239,"position":2},"title":"Le Fondo de Arte Joven inaugure l'exposition concours malaYerba \u00e0 la galerie Sal\u00f3n Blanco","author":"Ren\u00e9 Manuel Puig","date":"27 de novembre de 2023","format":false,"excerpt":"Le Fondo de Arte Joven (FAJ) inaugure une exposition concours dans son espace habituel, la Galer\u00eda Sal\u00f3n Blanco, situ\u00e9e dans le Couvent et la Basilique de San Francisco de As\u00eds dans la Vieille Havane, le jeudi 30 novembre.","rel":"","context":"Dans &quot;Desde el FAJ&quot;","block_context":{"text":"Desde el FAJ","link":"https:\/\/artejoven.org\/fr\/category\/noticias\/desde-el-faj\/"},"img":{"alt_text":"MalaYerba","src":"https:\/\/i0.wp.com\/artejoven.org\/wp-content\/uploads\/2023\/11\/MalaYerba.png?resize=350%2C200&ssl=1","width":350,"height":200,"srcset":"https:\/\/i0.wp.com\/artejoven.org\/wp-content\/uploads\/2023\/11\/MalaYerba.png?resize=350%2C200&ssl=1 1x, https:\/\/i0.wp.com\/artejoven.org\/wp-content\/uploads\/2023\/11\/MalaYerba.png?resize=525%2C300&ssl=1 1.5x, https:\/\/i0.wp.com\/artejoven.org\/wp-content\/uploads\/2023\/11\/MalaYerba.png?resize=700%2C400&ssl=1 2x, https:\/\/i0.wp.com\/artejoven.org\/wp-content\/uploads\/2023\/11\/MalaYerba.png?resize=1050%2C600&ssl=1 3x"},"classes":[]},{"id":6063,"url":"https:\/\/artejoven.org\/fr\/fondo-de-arte-joven-se-presenta-a-estudiantes-y-artistas-de-santiago-de-cuba\/","url_meta":{"origin":10239,"position":3},"title":"Le Fondo de Arte Joven se pr\u00e9sente aux \u00e9tudiants et artistes de Santiago de Cuba","author":"Ren\u00e9 Manuel Puig","date":"4 de octobre de 2023","format":false,"excerpt":"Dans le cadre d'un \u00e9change avec des artistes et des \u00e9tudiants de Santiago de Cuba, la pr\u00e9sentation du Fondo de Arte Joven (FAJ) a eu lieu mardi, lors du II Sal\u00f3n Regional de Arte Contempor\u00e1neo Ren\u00e9 Vald\u00e9s Cede\u00f1o, \u00e0 Santiago de Cuba.","rel":"","context":"Dans &quot;Desde el FAJ&quot;","block_context":{"text":"Desde el FAJ","link":"https:\/\/artejoven.org\/fr\/category\/noticias\/desde-el-faj\/"},"img":{"alt_text":"Sandra Garc\u00eda Herrera y Caridad Figueroa, en representaci\u00f3n del FAJ","src":"https:\/\/i0.wp.com\/artejoven.org\/wp-content\/uploads\/2023\/10\/FAJ-en-Santiago-de-Cuba-jpg.webp?resize=350%2C200&ssl=1","width":350,"height":200,"srcset":"https:\/\/i0.wp.com\/artejoven.org\/wp-content\/uploads\/2023\/10\/FAJ-en-Santiago-de-Cuba-jpg.webp?resize=350%2C200&ssl=1 1x, https:\/\/i0.wp.com\/artejoven.org\/wp-content\/uploads\/2023\/10\/FAJ-en-Santiago-de-Cuba-jpg.webp?resize=525%2C300&ssl=1 1.5x, https:\/\/i0.wp.com\/artejoven.org\/wp-content\/uploads\/2023\/10\/FAJ-en-Santiago-de-Cuba-jpg.webp?resize=700%2C400&ssl=1 2x, https:\/\/i0.wp.com\/artejoven.org\/wp-content\/uploads\/2023\/10\/FAJ-en-Santiago-de-Cuba-jpg.webp?resize=1050%2C600&ssl=1 3x"},"classes":[]},{"id":5892,"url":"https:\/\/artejoven.org\/fr\/fondo-de-arte-joven-faj-inaugura-nueva-exposicion-en-el-salon-blanco\/","url_meta":{"origin":10239,"position":4},"title":"Le Fondo de Arte Joven (FAJ) inaugure une nouvelle exposition dans le White Hall","author":"Ren\u00e9 Manuel Puig","date":"18 de septembre de 2023","format":false,"excerpt":"Dans l'apr\u00e8s-midi du mardi 14 septembre, le Fondo de Arte Joven (FAJ) a inaugur\u00e9 l'exposition photographique La Havane, une \u00e2me palpable, qui rassemble les travaux de plusieurs jeunes photographes cubains illustrant de multiples interpr\u00e9tations de la ville \u00e0 travers leur objectif.","rel":"","context":"Dans &quot;Desde el FAJ&quot;","block_context":{"text":"Desde el FAJ","link":"https:\/\/artejoven.org\/fr\/category\/noticias\/desde-el-faj\/"},"img":{"alt_text":"Equipo del Fondo de Arte Joven junto a artistas de la muestra.","src":"https:\/\/i0.wp.com\/artejoven.org\/wp-content\/uploads\/2023\/09\/Habana-un-alma-palpable-2-jpg.webp?resize=350%2C200&ssl=1","width":350,"height":200,"srcset":"https:\/\/i0.wp.com\/artejoven.org\/wp-content\/uploads\/2023\/09\/Habana-un-alma-palpable-2-jpg.webp?resize=350%2C200&ssl=1 1x, https:\/\/i0.wp.com\/artejoven.org\/wp-content\/uploads\/2023\/09\/Habana-un-alma-palpable-2-jpg.webp?resize=525%2C300&ssl=1 1.5x, https:\/\/i0.wp.com\/artejoven.org\/wp-content\/uploads\/2023\/09\/Habana-un-alma-palpable-2-jpg.webp?resize=700%2C400&ssl=1 2x, https:\/\/i0.wp.com\/artejoven.org\/wp-content\/uploads\/2023\/09\/Habana-un-alma-palpable-2-jpg.webp?resize=1050%2C600&ssl=1 3x, https:\/\/i0.wp.com\/artejoven.org\/wp-content\/uploads\/2023\/09\/Habana-un-alma-palpable-2-jpg.webp?resize=1400%2C800&ssl=1 4x"},"classes":[]},{"id":8049,"url":"https:\/\/artejoven.org\/fr\/fondo-de-arte-joven-inaugura-en-la-habana-la-segunda-edicion-de-la-muestra-concurso-malayerba\/","url_meta":{"origin":10239,"position":5},"title":"Le Fondo de Arte Joven inaugure \u00e0 La Havane la deuxi\u00e8me \u00e9dition de l'exposition-concours malaYerba","author":"Ren\u00e9 Manuel Puig","date":"13 de septembre de 2024","format":false,"excerpt":"Un an apr\u00e8s sa cr\u00e9ation, malaYerba s'est affirm\u00e9e comme un espace o\u00f9 les voix de l'art \u00e9mergent peuvent s'exprimer et entrer en contact avec le public.","rel":"","context":"Dans &quot;Desde el FAJ&quot;","block_context":{"text":"Desde el FAJ","link":"https:\/\/artejoven.org\/fr\/category\/noticias\/desde-el-faj\/"},"img":{"alt_text":"malaYerba II","src":"https:\/\/i0.wp.com\/artejoven.org\/wp-content\/uploads\/2024\/09\/01-jpg.webp?resize=350%2C200&ssl=1","width":350,"height":200,"srcset":"https:\/\/i0.wp.com\/artejoven.org\/wp-content\/uploads\/2024\/09\/01-jpg.webp?resize=350%2C200&ssl=1 1x, https:\/\/i0.wp.com\/artejoven.org\/wp-content\/uploads\/2024\/09\/01-jpg.webp?resize=525%2C300&ssl=1 1.5x, https:\/\/i0.wp.com\/artejoven.org\/wp-content\/uploads\/2024\/09\/01-jpg.webp?resize=700%2C400&ssl=1 2x, https:\/\/i0.wp.com\/artejoven.org\/wp-content\/uploads\/2024\/09\/01-jpg.webp?resize=1050%2C600&ssl=1 3x"},"classes":[]}],"jetpack_sharing_enabled":true,"_links":{"self":[{"href":"https:\/\/artejoven.org\/fr\/wp-json\/wp\/v2\/posts\/10239","targetHints":{"allow":["GET"]}}],"collection":[{"href":"https:\/\/artejoven.org\/fr\/wp-json\/wp\/v2\/posts"}],"about":[{"href":"https:\/\/artejoven.org\/fr\/wp-json\/wp\/v2\/types\/post"}],"author":[{"embeddable":true,"href":"https:\/\/artejoven.org\/fr\/wp-json\/wp\/v2\/users\/1"}],"replies":[{"embeddable":true,"href":"https:\/\/artejoven.org\/fr\/wp-json\/wp\/v2\/comments?post=10239"}],"version-history":[{"count":5,"href":"https:\/\/artejoven.org\/fr\/wp-json\/wp\/v2\/posts\/10239\/revisions"}],"predecessor-version":[{"id":10262,"href":"https:\/\/artejoven.org\/fr\/wp-json\/wp\/v2\/posts\/10239\/revisions\/10262"}],"wp:featuredmedia":[{"embeddable":true,"href":"https:\/\/artejoven.org\/fr\/wp-json\/wp\/v2\/media\/10240"}],"wp:attachment":[{"href":"https:\/\/artejoven.org\/fr\/wp-json\/wp\/v2\/media?parent=10239"}],"wp:term":[{"taxonomy":"category","embeddable":true,"href":"https:\/\/artejoven.org\/fr\/wp-json\/wp\/v2\/categories?post=10239"},{"taxonomy":"post_tag","embeddable":true,"href":"https:\/\/artejoven.org\/fr\/wp-json\/wp\/v2\/tags?post=10239"}],"curies":[{"name":"wp","href":"https:\/\/api.w.org\/{rel}","templated":true}]}}