{"id":6307,"date":"2023-11-09T16:16:02","date_gmt":"2023-11-09T21:16:02","guid":{"rendered":"https:\/\/artejoven.org\/?p=6307"},"modified":"2023-11-09T16:31:11","modified_gmt":"2023-11-09T21:31:11","slug":"logs-du-programme-de-residences-universitaires-haiti-cuba-du-fonds-pour-les-jeunes-artistes-partie-iii","status":"publish","type":"post","link":"https:\/\/artejoven.org\/fr\/bitacoras-del-programa-de-residencias-academicas-haiti-cuba-del-fondo-de-arte-joven-parte-iii\/","title":{"rendered":"Journaux du programme de r\u00e9sidence acad\u00e9mique Ha\u00efti-Cuba du Fondo de Arte Joven (Partie III)"},"content":{"rendered":"<p>Avec le billet d'aujourd'hui, nous mettons un terme \u00e0 cette s\u00e9rie de blogs qui a succinctement rassembl\u00e9 ce qui s'est pass\u00e9 pendant le programme de r\u00e9sidence acad\u00e9mique Ha\u00efti-Cuba du Fondo de Arte Joven (FAJ).&nbsp;<\/p>\n\n\n\n<p>Les adieux s'accompagnent toujours de beaucoup d'\u00e9motions, et celui-ci ne fait pas exception. Trois semaines plus tard, ce groupe de jeunes cr\u00e9ateurs arriv\u00e9s \u00e0 La Havane avec l'envie de se rencontrer et de partager n'est plus le m\u00eame, et nous non plus. Il y a eu tant \u00e0 offrir et \u00e0 recevoir que cet espace ne suffirait pas \u00e0 raconter l'histoire.<\/p>\n\n\n\n<p>Le programme a \u00e9t\u00e9 cr\u00e9\u00e9 en coop\u00e9ration avec la Coop\u00e9ration suisse en Ha\u00efti pour permettre l'\u00e9change de connaissances et d'exp\u00e9riences cr\u00e9atives, et surtout pour offrir un espace de dialogue culturel ouvert \u00e0 tous.<\/p>\n\n\n\n<p>Pendant vingt-deux jours, les \u00e9tudiants cubains et ha\u00eftiens ont suivi des cours, des conf\u00e9rences, des expos\u00e9s et des ateliers organis\u00e9s de mani\u00e8re th\u00e9matique et donn\u00e9s par des professionnels cubains de diff\u00e9rentes g\u00e9n\u00e9rations, ayant une trajectoire reconnue dans le domaine et dans l'enseignement de l'art.<\/p>\n\n\n\n<p class=\"translation-block\">Le premier cycle de conf\u00e9rences a \u00e9t\u00e9 anim\u00e9 par des professionnels cubains de renom tels qu'Anabel Letus\u00e9, professeur de solf\u00e8ge, et Claudia Fallarero, musicologue en charge de la conf\u00e9rence <em>Histoire de la musique<\/em>.<\/p>\n\n\n\n<div class=\"wp-block-jetpack-tiled-gallery aligncenter is-style-rectangular has-rounded-corners-15\"><div class=\"tiled-gallery__gallery\"><div class=\"tiled-gallery__row\"><div class=\"tiled-gallery__col\" style=\"flex-basis:50.00000%\"><figure class=\"tiled-gallery__item\"><a href=\"https:\/\/artejoven.org\/wp-content\/uploads\/2023\/10\/2023_10_24_10_24_IMG_4403-1024x684.webp\"><img decoding=\"async\" srcset=\"https:\/\/i0.wp.com\/artejoven.org\/wp-content\/uploads\/2023\/10\/2023_10_24_10_24_IMG_4403-1024x684.webp?strip=info&#038;w=600&#038;ssl=1 600w,https:\/\/i0.wp.com\/artejoven.org\/wp-content\/uploads\/2023\/10\/2023_10_24_10_24_IMG_4403-1024x684.webp?strip=info&#038;w=900&#038;ssl=1 900w,https:\/\/i0.wp.com\/artejoven.org\/wp-content\/uploads\/2023\/10\/2023_10_24_10_24_IMG_4403-1024x684.webp?strip=info&#038;w=1200&#038;ssl=1 1200w,https:\/\/i0.wp.com\/artejoven.org\/wp-content\/uploads\/2023\/10\/2023_10_24_10_24_IMG_4403-1024x684.webp?strip=info&#038;w=1500&#038;ssl=1 1500w\" alt=\"Cours de solf\u00e8ge avec Anabel Letus\u00e9\" data-height=\"1002\" data-id=\"6289\" data-link=\"https:\/\/artejoven.org\/bitacoras-del-programa-de-residencias-academicas-haiti-cuba-del-fondo-de-arte-joven-parte-ii\/2023_10_24_10_24_img_4403\/#main\" data-url=\"https:\/\/artejoven.org\/wp-content\/uploads\/2023\/10\/2023_10_24_10_24_IMG_4403-1024x684.webp\" data-width=\"1500\" src=\"https:\/\/i0.wp.com\/artejoven.org\/wp-content\/uploads\/2023\/10\/2023_10_24_10_24_IMG_4403-1024x684.webp?ssl=1\" data-amp-layout=\"responsive\"\/><\/a><\/figure><\/div><div class=\"tiled-gallery__col\" style=\"flex-basis:50.00000%\"><figure class=\"tiled-gallery__item\"><a href=\"https:\/\/artejoven.org\/wp-content\/uploads\/2023\/10\/2023_10_24_10_35_IMG_4408-1024x684.webp\"><img decoding=\"async\" srcset=\"https:\/\/i0.wp.com\/artejoven.org\/wp-content\/uploads\/2023\/10\/2023_10_24_10_35_IMG_4408-1024x684.webp?strip=info&#038;w=600&#038;ssl=1 600w,https:\/\/i0.wp.com\/artejoven.org\/wp-content\/uploads\/2023\/10\/2023_10_24_10_35_IMG_4408-1024x684.webp?strip=info&#038;w=900&#038;ssl=1 900w,https:\/\/i0.wp.com\/artejoven.org\/wp-content\/uploads\/2023\/10\/2023_10_24_10_35_IMG_4408-1024x684.webp?strip=info&#038;w=1200&#038;ssl=1 1200w,https:\/\/i0.wp.com\/artejoven.org\/wp-content\/uploads\/2023\/10\/2023_10_24_10_35_IMG_4408-1024x684.webp?strip=info&#038;w=1500&#038;ssl=1 1500w\" alt=\"Cours de solf\u00e8ge avec Anabel Letus\u00e9\" data-height=\"1002\" data-id=\"6290\" data-link=\"https:\/\/artejoven.org\/bitacoras-del-programa-de-residencias-academicas-haiti-cuba-del-fondo-de-arte-joven-parte-ii\/2023_10_24_10_35_img_4408\/#main\" data-url=\"https:\/\/artejoven.org\/wp-content\/uploads\/2023\/10\/2023_10_24_10_35_IMG_4408-1024x684.webp\" data-width=\"1500\" src=\"https:\/\/i0.wp.com\/artejoven.org\/wp-content\/uploads\/2023\/10\/2023_10_24_10_35_IMG_4408-1024x684.webp?ssl=1\" data-amp-layout=\"responsive\"\/><\/a><\/figure><\/div><\/div><\/div><\/div>\n\n\n\n<p>Nahela Hechavarr\u00eda, critique d'art cubaine, sp\u00e9cialiste et conservatrice du d\u00e9partement des arts plastiques de la Casa de las Am\u00e9ricas, s'est entretenue avec les participants sur la photographie latino-am\u00e9ricaine et carib\u00e9enne.<\/p>\n\n\n\n<p class=\"translation-block\">Caridad Diez, musicologue, productrice de musique et gestionnaire culturelle, \u00e9tait charg\u00e9e de la conf\u00e9rence illustr\u00e9e sur la musique cubaine, en guise d'introduction \u00e0 l'agenda des activit\u00e9s compl\u00e9mentaires.<\/p>\n\n\n\n<p>De m\u00eame, les cours d'improvisation musicale, avec le c\u00e9l\u00e8bre musicien Janio Abreu, et les cours de guitare populaire, sous la tutelle de Dayron Ortiz, ont magistralement m\u00eal\u00e9 th\u00e9orie et pratique lors de chaque rencontre.<\/p>\n\n\n\n<div class=\"wp-block-jetpack-tiled-gallery aligncenter is-style-rectangular has-rounded-corners-15\"><div class=\"tiled-gallery__gallery\"><div class=\"tiled-gallery__row\"><div class=\"tiled-gallery__col\" style=\"flex-basis:66.80763%\"><figure class=\"tiled-gallery__item\"><a href=\"https:\/\/artejoven.org\/wp-content\/uploads\/2023\/10\/2023_10_24_13_41_IMG_4450-1024x684.webp\"><img decoding=\"async\" srcset=\"https:\/\/i2.wp.com\/artejoven.org\/wp-content\/uploads\/2023\/10\/2023_10_24_13_41_IMG_4450-1024x684.webp?strip=info&#038;w=600&#038;ssl=1 600w,https:\/\/i2.wp.com\/artejoven.org\/wp-content\/uploads\/2023\/10\/2023_10_24_13_41_IMG_4450-1024x684.webp?strip=info&#038;w=900&#038;ssl=1 900w,https:\/\/i2.wp.com\/artejoven.org\/wp-content\/uploads\/2023\/10\/2023_10_24_13_41_IMG_4450-1024x684.webp?strip=info&#038;w=1200&#038;ssl=1 1200w,https:\/\/i2.wp.com\/artejoven.org\/wp-content\/uploads\/2023\/10\/2023_10_24_13_41_IMG_4450-1024x684.webp?strip=info&#038;w=1500&#038;ssl=1 1500w\" alt=\"Cours de th\u00e9\u00e2tre avec Janio Abreu\" data-height=\"1002\" data-id=\"6286\" data-link=\"https:\/\/artejoven.org\/bitacoras-del-programa-de-residencias-academicas-haiti-cuba-del-fondo-de-arte-joven-parte-ii\/2023_10_24_13_41_img_4450\/#main\" data-url=\"https:\/\/artejoven.org\/wp-content\/uploads\/2023\/10\/2023_10_24_13_41_IMG_4450-1024x684.webp\" data-width=\"1500\" src=\"https:\/\/i2.wp.com\/artejoven.org\/wp-content\/uploads\/2023\/10\/2023_10_24_13_41_IMG_4450-1024x684.webp?ssl=1\" data-amp-layout=\"responsive\"\/><\/a><\/figure><\/div><div class=\"tiled-gallery__col\" style=\"flex-basis:33.19237%\"><figure class=\"tiled-gallery__item\"><a href=\"https:\/\/artejoven.org\/wp-content\/uploads\/2023\/10\/2023_10_24_13_48_IMG_4455-1024x684.webp\"><img decoding=\"async\" srcset=\"https:\/\/i0.wp.com\/artejoven.org\/wp-content\/uploads\/2023\/10\/2023_10_24_13_48_IMG_4455-1024x684.webp?strip=info&#038;w=600&#038;ssl=1 600w,https:\/\/i0.wp.com\/artejoven.org\/wp-content\/uploads\/2023\/10\/2023_10_24_13_48_IMG_4455-1024x684.webp?strip=info&#038;w=900&#038;ssl=1 900w,https:\/\/i0.wp.com\/artejoven.org\/wp-content\/uploads\/2023\/10\/2023_10_24_13_48_IMG_4455-1024x684.webp?strip=info&#038;w=1200&#038;ssl=1 1200w,https:\/\/i0.wp.com\/artejoven.org\/wp-content\/uploads\/2023\/10\/2023_10_24_13_48_IMG_4455-1024x684.webp?strip=info&#038;w=1500&#038;ssl=1 1500w\" alt=\"Cours de th\u00e9\u00e2tre avec Janio Abreu\" data-height=\"1002\" data-id=\"6283\" data-link=\"https:\/\/artejoven.org\/bitacoras-del-programa-de-residencias-academicas-haiti-cuba-del-fondo-de-arte-joven-parte-ii\/2023_10_24_13_48_img_4455\/#main\" data-url=\"https:\/\/artejoven.org\/wp-content\/uploads\/2023\/10\/2023_10_24_13_48_IMG_4455-1024x684.webp\" data-width=\"1500\" src=\"https:\/\/i0.wp.com\/artejoven.org\/wp-content\/uploads\/2023\/10\/2023_10_24_13_48_IMG_4455-1024x684.webp?ssl=1\" data-amp-layout=\"responsive\"\/><\/a><\/figure><figure class=\"tiled-gallery__item\"><a href=\"https:\/\/artejoven.org\/wp-content\/uploads\/2023\/11\/2023_10_31_13_47_IMG_5300-1024x684.webp\"><img decoding=\"async\" srcset=\"https:\/\/i2.wp.com\/artejoven.org\/wp-content\/uploads\/2023\/11\/2023_10_31_13_47_IMG_5300-1024x684.webp?strip=info&#038;w=600&#038;ssl=1 600w,https:\/\/i2.wp.com\/artejoven.org\/wp-content\/uploads\/2023\/11\/2023_10_31_13_47_IMG_5300-1024x684.webp?strip=info&#038;w=900&#038;ssl=1 900w,https:\/\/i2.wp.com\/artejoven.org\/wp-content\/uploads\/2023\/11\/2023_10_31_13_47_IMG_5300-1024x684.webp?strip=info&#038;w=1200&#038;ssl=1 1200w,https:\/\/i2.wp.com\/artejoven.org\/wp-content\/uploads\/2023\/11\/2023_10_31_13_47_IMG_5300-1024x684.webp?strip=info&#038;w=1500&#038;ssl=1 1500w\" alt=\"Cours de guitare populaires sous la tutelle de Dayron Ortiz\" data-height=\"1002\" data-id=\"6382\" data-link=\"https:\/\/artejoven.org\/bitacoras-del-programa-de-residencias-academicas-haiti-cuba-del-fondo-de-arte-joven-parte-iii\/2023_10_31_13_47_img_5300\/#main\" data-url=\"https:\/\/artejoven.org\/wp-content\/uploads\/2023\/11\/2023_10_31_13_47_IMG_5300-1024x684.webp\" data-width=\"1500\" src=\"https:\/\/i2.wp.com\/artejoven.org\/wp-content\/uploads\/2023\/11\/2023_10_31_13_47_IMG_5300-1024x684.webp?ssl=1\" data-amp-layout=\"responsive\"\/><\/a><\/figure><\/div><\/div><div class=\"tiled-gallery__row\"><div class=\"tiled-gallery__col\" style=\"flex-basis:50.00000%\"><figure class=\"tiled-gallery__item\"><a href=\"https:\/\/artejoven.org\/wp-content\/uploads\/2023\/11\/2023_10_31_13_41_IMG_5293-1024x684.webp\"><img decoding=\"async\" srcset=\"https:\/\/i2.wp.com\/artejoven.org\/wp-content\/uploads\/2023\/11\/2023_10_31_13_41_IMG_5293-1024x684.webp?strip=info&#038;w=600&#038;ssl=1 600w,https:\/\/i2.wp.com\/artejoven.org\/wp-content\/uploads\/2023\/11\/2023_10_31_13_41_IMG_5293-1024x684.webp?strip=info&#038;w=900&#038;ssl=1 900w,https:\/\/i2.wp.com\/artejoven.org\/wp-content\/uploads\/2023\/11\/2023_10_31_13_41_IMG_5293-1024x684.webp?strip=info&#038;w=1200&#038;ssl=1 1200w,https:\/\/i2.wp.com\/artejoven.org\/wp-content\/uploads\/2023\/11\/2023_10_31_13_41_IMG_5293-1024x684.webp?strip=info&#038;w=1500&#038;ssl=1 1500w\" alt=\"Cours de guitare populaires sous la tutelle de Dayron Ortiz\" data-height=\"1002\" data-id=\"6383\" data-link=\"https:\/\/artejoven.org\/bitacoras-del-programa-de-residencias-academicas-haiti-cuba-del-fondo-de-arte-joven-parte-iii\/2023_10_31_13_41_img_5293\/#main\" data-url=\"https:\/\/artejoven.org\/wp-content\/uploads\/2023\/11\/2023_10_31_13_41_IMG_5293-1024x684.webp\" data-width=\"1500\" src=\"https:\/\/i2.wp.com\/artejoven.org\/wp-content\/uploads\/2023\/11\/2023_10_31_13_41_IMG_5293-1024x684.webp?ssl=1\" data-amp-layout=\"responsive\"\/><\/a><\/figure><\/div><div class=\"tiled-gallery__col\" style=\"flex-basis:50.00000%\"><figure class=\"tiled-gallery__item\"><a href=\"https:\/\/artejoven.org\/wp-content\/uploads\/2023\/11\/2023_10_31_13_41_IMG_5294-1024x684.webp\"><img decoding=\"async\" srcset=\"https:\/\/i2.wp.com\/artejoven.org\/wp-content\/uploads\/2023\/11\/2023_10_31_13_41_IMG_5294-1024x684.webp?strip=info&#038;w=600&#038;ssl=1 600w,https:\/\/i2.wp.com\/artejoven.org\/wp-content\/uploads\/2023\/11\/2023_10_31_13_41_IMG_5294-1024x684.webp?strip=info&#038;w=900&#038;ssl=1 900w,https:\/\/i2.wp.com\/artejoven.org\/wp-content\/uploads\/2023\/11\/2023_10_31_13_41_IMG_5294-1024x684.webp?strip=info&#038;w=1200&#038;ssl=1 1200w,https:\/\/i2.wp.com\/artejoven.org\/wp-content\/uploads\/2023\/11\/2023_10_31_13_41_IMG_5294-1024x684.webp?strip=info&#038;w=1500&#038;ssl=1 1500w\" alt=\"Cours de guitare populaires sous la tutelle de Dayron Ortiz\" data-height=\"1002\" data-id=\"6384\" data-link=\"https:\/\/artejoven.org\/bitacoras-del-programa-de-residencias-academicas-haiti-cuba-del-fondo-de-arte-joven-parte-iii\/2023_10_31_13_41_img_5294\/#main\" data-url=\"https:\/\/artejoven.org\/wp-content\/uploads\/2023\/11\/2023_10_31_13_41_IMG_5294-1024x684.webp\" data-width=\"1500\" src=\"https:\/\/i2.wp.com\/artejoven.org\/wp-content\/uploads\/2023\/11\/2023_10_31_13_41_IMG_5294-1024x684.webp?ssl=1\" data-amp-layout=\"responsive\"\/><\/a><\/figure><\/div><\/div><\/div><\/div>\n\n\n\n<p>Il en a \u00e9t\u00e9 de m\u00eame pendant les cours de piano, dirig\u00e9s par Ernesto Oliva, qui ont non seulement rapproch\u00e9 les \u00e9l\u00e8ves de la musique cubaine, mais ont \u00e9galement mis en \u00e9vidence les r\u00e9sultats culturels de l'influence ha\u00eftienne \u00e0 Cuba.&nbsp;<\/p>\n\n\n\n<p>Une rencontre avec le musicien, arrangeur et compositeur cubain Emilio Morales a ouvert la derni\u00e8re semaine de l'itin\u00e9raire. Lors de cet \u00e9v\u00e9nement, auquel participait \u00e9galement le producteur de musique Carlos Hueso, la musique a r\u00e9sonn\u00e9 spontan\u00e9ment, avec l'accompagnement et l'exp\u00e9rience d'instrumentistes chevronn\u00e9s.<\/p>\n\n\n\n<div class=\"wp-block-jetpack-tiled-gallery aligncenter is-style-rectangular has-rounded-corners-15\"><div class=\"tiled-gallery__gallery\"><div class=\"tiled-gallery__row\"><div class=\"tiled-gallery__col\" style=\"flex-basis:66.80763%\"><figure class=\"tiled-gallery__item\"><a href=\"https:\/\/artejoven.org\/wp-content\/uploads\/2023\/11\/2023_10_30_10_42_IMG_5130-1024x684.webp\"><img decoding=\"async\" srcset=\"https:\/\/i2.wp.com\/artejoven.org\/wp-content\/uploads\/2023\/11\/2023_10_30_10_42_IMG_5130-1024x684.webp?strip=info&#038;w=600&#038;ssl=1 600w,https:\/\/i2.wp.com\/artejoven.org\/wp-content\/uploads\/2023\/11\/2023_10_30_10_42_IMG_5130-1024x684.webp?strip=info&#038;w=900&#038;ssl=1 900w,https:\/\/i2.wp.com\/artejoven.org\/wp-content\/uploads\/2023\/11\/2023_10_30_10_42_IMG_5130-1024x684.webp?strip=info&#038;w=1200&#038;ssl=1 1200w,https:\/\/i2.wp.com\/artejoven.org\/wp-content\/uploads\/2023\/11\/2023_10_30_10_42_IMG_5130-1024x684.webp?strip=info&#038;w=1500&#038;ssl=1 1500w\" alt=\"Rencontre avec le musicien, arrangeur et compositeur cubain Emilio Morales \" data-height=\"1002\" data-id=\"6320\" data-link=\"https:\/\/artejoven.org\/?attachment_id=6320#main\" data-url=\"https:\/\/artejoven.org\/wp-content\/uploads\/2023\/11\/2023_10_30_10_42_IMG_5130-1024x684.webp\" data-width=\"1500\" src=\"https:\/\/i2.wp.com\/artejoven.org\/wp-content\/uploads\/2023\/11\/2023_10_30_10_42_IMG_5130-1024x684.webp?ssl=1\" data-amp-layout=\"responsive\"\/><\/a><\/figure><\/div><div class=\"tiled-gallery__col\" style=\"flex-basis:33.19237%\"><figure class=\"tiled-gallery__item\"><a href=\"https:\/\/artejoven.org\/wp-content\/uploads\/2023\/11\/2023_10_30_10_40_IMG_5122-1024x684.webp\"><img decoding=\"async\" srcset=\"https:\/\/i2.wp.com\/artejoven.org\/wp-content\/uploads\/2023\/11\/2023_10_30_10_40_IMG_5122-1024x684.webp?strip=info&#038;w=600&#038;ssl=1 600w,https:\/\/i2.wp.com\/artejoven.org\/wp-content\/uploads\/2023\/11\/2023_10_30_10_40_IMG_5122-1024x684.webp?strip=info&#038;w=900&#038;ssl=1 900w,https:\/\/i2.wp.com\/artejoven.org\/wp-content\/uploads\/2023\/11\/2023_10_30_10_40_IMG_5122-1024x684.webp?strip=info&#038;w=1200&#038;ssl=1 1200w,https:\/\/i2.wp.com\/artejoven.org\/wp-content\/uploads\/2023\/11\/2023_10_30_10_40_IMG_5122-1024x684.webp?strip=info&#038;w=1500&#038;ssl=1 1500w\" alt=\"Rencontre avec le musicien, arrangeur et compositeur cubain Emilio Morales \" data-height=\"1002\" data-id=\"6319\" data-link=\"https:\/\/artejoven.org\/?attachment_id=6319#main\" data-url=\"https:\/\/artejoven.org\/wp-content\/uploads\/2023\/11\/2023_10_30_10_40_IMG_5122-1024x684.webp\" data-width=\"1500\" src=\"https:\/\/i2.wp.com\/artejoven.org\/wp-content\/uploads\/2023\/11\/2023_10_30_10_40_IMG_5122-1024x684.webp?ssl=1\" data-amp-layout=\"responsive\"\/><\/a><\/figure><figure class=\"tiled-gallery__item\"><a href=\"https:\/\/artejoven.org\/wp-content\/uploads\/2023\/11\/2023_10_30_10_38_IMG_5115-1024x684.webp\"><img decoding=\"async\" srcset=\"https:\/\/i2.wp.com\/artejoven.org\/wp-content\/uploads\/2023\/11\/2023_10_30_10_38_IMG_5115-1024x684.webp?strip=info&#038;w=600&#038;ssl=1 600w,https:\/\/i2.wp.com\/artejoven.org\/wp-content\/uploads\/2023\/11\/2023_10_30_10_38_IMG_5115-1024x684.webp?strip=info&#038;w=900&#038;ssl=1 900w,https:\/\/i2.wp.com\/artejoven.org\/wp-content\/uploads\/2023\/11\/2023_10_30_10_38_IMG_5115-1024x684.webp?strip=info&#038;w=1200&#038;ssl=1 1200w,https:\/\/i2.wp.com\/artejoven.org\/wp-content\/uploads\/2023\/11\/2023_10_30_10_38_IMG_5115-1024x684.webp?strip=info&#038;w=1500&#038;ssl=1 1500w\" alt=\"Rencontre avec le musicien, arrangeur et compositeur cubain Emilio Morales \" data-height=\"1002\" data-id=\"6317\" data-link=\"https:\/\/artejoven.org\/?attachment_id=6317#main\" data-url=\"https:\/\/artejoven.org\/wp-content\/uploads\/2023\/11\/2023_10_30_10_38_IMG_5115-1024x684.webp\" data-width=\"1500\" src=\"https:\/\/i2.wp.com\/artejoven.org\/wp-content\/uploads\/2023\/11\/2023_10_30_10_38_IMG_5115-1024x684.webp?ssl=1\" data-amp-layout=\"responsive\"\/><\/a><\/figure><\/div><\/div><div class=\"tiled-gallery__row\"><div class=\"tiled-gallery__col\" style=\"flex-basis:33.33333%\"><figure class=\"tiled-gallery__item\"><a href=\"https:\/\/artejoven.org\/wp-content\/uploads\/2023\/11\/2023_10_30_10_51_IMG_5144-1024x684.webp\"><img decoding=\"async\" srcset=\"https:\/\/i2.wp.com\/artejoven.org\/wp-content\/uploads\/2023\/11\/2023_10_30_10_51_IMG_5144-1024x684.webp?strip=info&#038;w=600&#038;ssl=1 600w,https:\/\/i2.wp.com\/artejoven.org\/wp-content\/uploads\/2023\/11\/2023_10_30_10_51_IMG_5144-1024x684.webp?strip=info&#038;w=900&#038;ssl=1 900w,https:\/\/i2.wp.com\/artejoven.org\/wp-content\/uploads\/2023\/11\/2023_10_30_10_51_IMG_5144-1024x684.webp?strip=info&#038;w=1200&#038;ssl=1 1200w,https:\/\/i2.wp.com\/artejoven.org\/wp-content\/uploads\/2023\/11\/2023_10_30_10_51_IMG_5144-1024x684.webp?strip=info&#038;w=1500&#038;ssl=1 1500w\" alt=\"Rencontre avec le musicien, arrangeur et compositeur cubain Emilio Morales \" data-height=\"1002\" data-id=\"6321\" data-link=\"https:\/\/artejoven.org\/?attachment_id=6321#main\" data-url=\"https:\/\/artejoven.org\/wp-content\/uploads\/2023\/11\/2023_10_30_10_51_IMG_5144-1024x684.webp\" data-width=\"1500\" src=\"https:\/\/i2.wp.com\/artejoven.org\/wp-content\/uploads\/2023\/11\/2023_10_30_10_51_IMG_5144-1024x684.webp?ssl=1\" data-amp-layout=\"responsive\"\/><\/a><\/figure><\/div><div class=\"tiled-gallery__col\" style=\"flex-basis:33.33333%\"><figure class=\"tiled-gallery__item\"><a href=\"https:\/\/artejoven.org\/wp-content\/uploads\/2023\/11\/2023_10_30_10_55_IMG_5145-1024x684.webp\"><img decoding=\"async\" srcset=\"https:\/\/i0.wp.com\/artejoven.org\/wp-content\/uploads\/2023\/11\/2023_10_30_10_55_IMG_5145-1024x684.webp?strip=info&#038;w=600&#038;ssl=1 600w,https:\/\/i0.wp.com\/artejoven.org\/wp-content\/uploads\/2023\/11\/2023_10_30_10_55_IMG_5145-1024x684.webp?strip=info&#038;w=900&#038;ssl=1 900w,https:\/\/i0.wp.com\/artejoven.org\/wp-content\/uploads\/2023\/11\/2023_10_30_10_55_IMG_5145-1024x684.webp?strip=info&#038;w=1200&#038;ssl=1 1200w,https:\/\/i0.wp.com\/artejoven.org\/wp-content\/uploads\/2023\/11\/2023_10_30_10_55_IMG_5145-1024x684.webp?strip=info&#038;w=1500&#038;ssl=1 1500w\" alt=\"Rencontre avec le musicien, arrangeur et compositeur cubain Emilio Morales \" data-height=\"1002\" data-id=\"6322\" data-link=\"https:\/\/artejoven.org\/?attachment_id=6322#main\" data-url=\"https:\/\/artejoven.org\/wp-content\/uploads\/2023\/11\/2023_10_30_10_55_IMG_5145-1024x684.webp\" data-width=\"1500\" src=\"https:\/\/i0.wp.com\/artejoven.org\/wp-content\/uploads\/2023\/11\/2023_10_30_10_55_IMG_5145-1024x684.webp?ssl=1\" data-amp-layout=\"responsive\"\/><\/a><\/figure><\/div><div class=\"tiled-gallery__col\" style=\"flex-basis:33.33333%\"><figure class=\"tiled-gallery__item\"><a href=\"https:\/\/artejoven.org\/wp-content\/uploads\/2023\/11\/2023_10_30_11_03_IMG_5158-1024x684.webp\"><img decoding=\"async\" srcset=\"https:\/\/i2.wp.com\/artejoven.org\/wp-content\/uploads\/2023\/11\/2023_10_30_11_03_IMG_5158-1024x684.webp?strip=info&#038;w=600&#038;ssl=1 600w,https:\/\/i2.wp.com\/artejoven.org\/wp-content\/uploads\/2023\/11\/2023_10_30_11_03_IMG_5158-1024x684.webp?strip=info&#038;w=900&#038;ssl=1 900w,https:\/\/i2.wp.com\/artejoven.org\/wp-content\/uploads\/2023\/11\/2023_10_30_11_03_IMG_5158-1024x684.webp?strip=info&#038;w=1200&#038;ssl=1 1200w,https:\/\/i2.wp.com\/artejoven.org\/wp-content\/uploads\/2023\/11\/2023_10_30_11_03_IMG_5158-1024x684.webp?strip=info&#038;w=1500&#038;ssl=1 1500w\" alt=\"Rencontre avec le musicien, arrangeur et compositeur cubain Emilio Morales \" data-height=\"1002\" data-id=\"6323\" data-link=\"https:\/\/artejoven.org\/?attachment_id=6323#main\" data-url=\"https:\/\/artejoven.org\/wp-content\/uploads\/2023\/11\/2023_10_30_11_03_IMG_5158-1024x684.webp\" data-width=\"1500\" src=\"https:\/\/i2.wp.com\/artejoven.org\/wp-content\/uploads\/2023\/11\/2023_10_30_11_03_IMG_5158-1024x684.webp?ssl=1\" data-amp-layout=\"responsive\"\/><\/a><\/figure><\/div><\/div><\/div><\/div>\n\n\n\n<p>Les journ\u00e9es pluvieuses de l'automne carib\u00e9en n'ont pas emp\u00each\u00e9 les safaris photographiques pr\u00e9vus avec le photographe Alfredo Sarabia de se d\u00e9rouler. Comme le dit le proverbe, \"quand il pleut, il pleut \u00e0 verse\", et les apr\u00e8s-midi havanais arros\u00e9s conf\u00e8rent un charme mystique aux objectifs les plus s\u00e9v\u00e8res. C'est ainsi qu'ils ont explor\u00e9 les int\u00e9rieurs de l'immeuble Gir\u00f3n, r\u00e9put\u00e9 pour ses structures rythm\u00e9es, ses pl\u00e2tres et ses couloirs qui ressemblent \u00e0 s'y m\u00e9prendre \u00e0 un d\u00e9cor de science-fiction.<\/p>\n\n\n\n<div class=\"wp-block-jetpack-tiled-gallery aligncenter is-style-rectangular has-rounded-corners-15\"><div class=\"tiled-gallery__gallery\"><div class=\"tiled-gallery__row\"><div class=\"tiled-gallery__col\" style=\"flex-basis:66.80763%\"><figure class=\"tiled-gallery__item\"><a href=\"https:\/\/artejoven.org\/wp-content\/uploads\/2023\/11\/2023_11_02_11_17_IMG_5481-1024x684.webp\"><img decoding=\"async\" srcset=\"https:\/\/i1.wp.com\/artejoven.org\/wp-content\/uploads\/2023\/11\/2023_11_02_11_17_IMG_5481-1024x684.webp?strip=info&#038;w=600&#038;ssl=1 600w,https:\/\/i1.wp.com\/artejoven.org\/wp-content\/uploads\/2023\/11\/2023_11_02_11_17_IMG_5481-1024x684.webp?strip=info&#038;w=900&#038;ssl=1 900w,https:\/\/i1.wp.com\/artejoven.org\/wp-content\/uploads\/2023\/11\/2023_11_02_11_17_IMG_5481-1024x684.webp?strip=info&#038;w=1200&#038;ssl=1 1200w,https:\/\/i1.wp.com\/artejoven.org\/wp-content\/uploads\/2023\/11\/2023_11_02_11_17_IMG_5481-1024x684.webp?strip=info&#038;w=1500&#038;ssl=1 1500w\" alt=\"Des safaris photos sont pr\u00e9vus avec le photographe Alfredo Sarabia\" data-height=\"1002\" data-id=\"6326\" data-link=\"https:\/\/artejoven.org\/?attachment_id=6326#main\" data-url=\"https:\/\/artejoven.org\/wp-content\/uploads\/2023\/11\/2023_11_02_11_17_IMG_5481-1024x684.webp\" data-width=\"1500\" src=\"https:\/\/i1.wp.com\/artejoven.org\/wp-content\/uploads\/2023\/11\/2023_11_02_11_17_IMG_5481-1024x684.webp?ssl=1\" data-amp-layout=\"responsive\"\/><\/a><\/figure><\/div><div class=\"tiled-gallery__col\" style=\"flex-basis:33.19237%\"><figure class=\"tiled-gallery__item\"><a href=\"https:\/\/artejoven.org\/wp-content\/uploads\/2023\/11\/2023_11_02_11_45_IMG_5480-1024x684.webp\"><img decoding=\"async\" srcset=\"https:\/\/i0.wp.com\/artejoven.org\/wp-content\/uploads\/2023\/11\/2023_11_02_11_45_IMG_5480-1024x684.webp?strip=info&#038;w=600&#038;ssl=1 600w,https:\/\/i0.wp.com\/artejoven.org\/wp-content\/uploads\/2023\/11\/2023_11_02_11_45_IMG_5480-1024x684.webp?strip=info&#038;w=900&#038;ssl=1 900w,https:\/\/i0.wp.com\/artejoven.org\/wp-content\/uploads\/2023\/11\/2023_11_02_11_45_IMG_5480-1024x684.webp?strip=info&#038;w=1200&#038;ssl=1 1200w,https:\/\/i0.wp.com\/artejoven.org\/wp-content\/uploads\/2023\/11\/2023_11_02_11_45_IMG_5480-1024x684.webp?strip=info&#038;w=1500&#038;ssl=1 1500w\" alt=\"Des safaris photos sont pr\u00e9vus avec le photographe Alfredo Sarabia\" data-height=\"1002\" data-id=\"6329\" data-link=\"https:\/\/artejoven.org\/?attachment_id=6329#main\" data-url=\"https:\/\/artejoven.org\/wp-content\/uploads\/2023\/11\/2023_11_02_11_45_IMG_5480-1024x684.webp\" data-width=\"1500\" src=\"https:\/\/i0.wp.com\/artejoven.org\/wp-content\/uploads\/2023\/11\/2023_11_02_11_45_IMG_5480-1024x684.webp?ssl=1\" data-amp-layout=\"responsive\"\/><\/a><\/figure><figure class=\"tiled-gallery__item\"><a href=\"https:\/\/artejoven.org\/wp-content\/uploads\/2023\/11\/2023_11_02_11_05_IMG_5475-1024x684.webp\"><img decoding=\"async\" srcset=\"https:\/\/i0.wp.com\/artejoven.org\/wp-content\/uploads\/2023\/11\/2023_11_02_11_05_IMG_5475-1024x684.webp?strip=info&#038;w=600&#038;ssl=1 600w,https:\/\/i0.wp.com\/artejoven.org\/wp-content\/uploads\/2023\/11\/2023_11_02_11_05_IMG_5475-1024x684.webp?strip=info&#038;w=900&#038;ssl=1 900w,https:\/\/i0.wp.com\/artejoven.org\/wp-content\/uploads\/2023\/11\/2023_11_02_11_05_IMG_5475-1024x684.webp?strip=info&#038;w=1200&#038;ssl=1 1200w,https:\/\/i0.wp.com\/artejoven.org\/wp-content\/uploads\/2023\/11\/2023_11_02_11_05_IMG_5475-1024x684.webp?strip=info&#038;w=1500&#038;ssl=1 1500w\" alt=\"Des safaris photos sont pr\u00e9vus avec le photographe Alfredo Sarabia\" data-height=\"1002\" data-id=\"6324\" data-link=\"https:\/\/artejoven.org\/?attachment_id=6324#main\" data-url=\"https:\/\/artejoven.org\/wp-content\/uploads\/2023\/11\/2023_11_02_11_05_IMG_5475-1024x684.webp\" data-width=\"1500\" src=\"https:\/\/i0.wp.com\/artejoven.org\/wp-content\/uploads\/2023\/11\/2023_11_02_11_05_IMG_5475-1024x684.webp?ssl=1\" data-amp-layout=\"responsive\"\/><\/a><\/figure><\/div><\/div><div class=\"tiled-gallery__row\"><div class=\"tiled-gallery__col\" style=\"flex-basis:33.33333%\"><figure class=\"tiled-gallery__item\"><a href=\"https:\/\/artejoven.org\/wp-content\/uploads\/2023\/11\/2023_11_02_11_15_IMG_5479-1024x684.webp\"><img decoding=\"async\" srcset=\"https:\/\/i0.wp.com\/artejoven.org\/wp-content\/uploads\/2023\/11\/2023_11_02_11_15_IMG_5479-1024x684.webp?strip=info&#038;w=600&#038;ssl=1 600w,https:\/\/i0.wp.com\/artejoven.org\/wp-content\/uploads\/2023\/11\/2023_11_02_11_15_IMG_5479-1024x684.webp?strip=info&#038;w=900&#038;ssl=1 900w,https:\/\/i0.wp.com\/artejoven.org\/wp-content\/uploads\/2023\/11\/2023_11_02_11_15_IMG_5479-1024x684.webp?strip=info&#038;w=1200&#038;ssl=1 1200w,https:\/\/i0.wp.com\/artejoven.org\/wp-content\/uploads\/2023\/11\/2023_11_02_11_15_IMG_5479-1024x684.webp?strip=info&#038;w=1500&#038;ssl=1 1500w\" alt=\"Des safaris photos sont pr\u00e9vus avec le photographe Alfredo Sarabia\" data-height=\"1002\" data-id=\"6325\" data-link=\"https:\/\/artejoven.org\/?attachment_id=6325#main\" data-url=\"https:\/\/artejoven.org\/wp-content\/uploads\/2023\/11\/2023_11_02_11_15_IMG_5479-1024x684.webp\" data-width=\"1500\" src=\"https:\/\/i0.wp.com\/artejoven.org\/wp-content\/uploads\/2023\/11\/2023_11_02_11_15_IMG_5479-1024x684.webp?ssl=1\" data-amp-layout=\"responsive\"\/><\/a><\/figure><\/div><div class=\"tiled-gallery__col\" style=\"flex-basis:33.33333%\"><figure class=\"tiled-gallery__item\"><a href=\"https:\/\/artejoven.org\/wp-content\/uploads\/2023\/11\/2023_11_02_11_34_IMG_5478-1024x684.webp\"><img decoding=\"async\" srcset=\"https:\/\/i2.wp.com\/artejoven.org\/wp-content\/uploads\/2023\/11\/2023_11_02_11_34_IMG_5478-1024x684.webp?strip=info&#038;w=600&#038;ssl=1 600w,https:\/\/i2.wp.com\/artejoven.org\/wp-content\/uploads\/2023\/11\/2023_11_02_11_34_IMG_5478-1024x684.webp?strip=info&#038;w=900&#038;ssl=1 900w,https:\/\/i2.wp.com\/artejoven.org\/wp-content\/uploads\/2023\/11\/2023_11_02_11_34_IMG_5478-1024x684.webp?strip=info&#038;w=1200&#038;ssl=1 1200w,https:\/\/i2.wp.com\/artejoven.org\/wp-content\/uploads\/2023\/11\/2023_11_02_11_34_IMG_5478-1024x684.webp?strip=info&#038;w=1500&#038;ssl=1 1500w\" alt=\"Des safaris photos sont pr\u00e9vus avec le photographe Alfredo Sarabia\" data-height=\"1002\" data-id=\"6328\" data-link=\"https:\/\/artejoven.org\/?attachment_id=6328#main\" data-url=\"https:\/\/artejoven.org\/wp-content\/uploads\/2023\/11\/2023_11_02_11_34_IMG_5478-1024x684.webp\" data-width=\"1500\" src=\"https:\/\/i2.wp.com\/artejoven.org\/wp-content\/uploads\/2023\/11\/2023_11_02_11_34_IMG_5478-1024x684.webp?ssl=1\" data-amp-layout=\"responsive\"\/><\/a><\/figure><\/div><div class=\"tiled-gallery__col\" style=\"flex-basis:33.33333%\"><figure class=\"tiled-gallery__item\"><a href=\"https:\/\/artejoven.org\/wp-content\/uploads\/2023\/11\/2023_10_31_08_57_IMG_5192-1024x684.webp\"><img decoding=\"async\" srcset=\"https:\/\/i2.wp.com\/artejoven.org\/wp-content\/uploads\/2023\/11\/2023_10_31_08_57_IMG_5192-1024x684.webp?strip=info&#038;w=600&#038;ssl=1 600w,https:\/\/i2.wp.com\/artejoven.org\/wp-content\/uploads\/2023\/11\/2023_10_31_08_57_IMG_5192-1024x684.webp?strip=info&#038;w=900&#038;ssl=1 900w,https:\/\/i2.wp.com\/artejoven.org\/wp-content\/uploads\/2023\/11\/2023_10_31_08_57_IMG_5192-1024x684.webp?strip=info&#038;w=1200&#038;ssl=1 1200w,https:\/\/i2.wp.com\/artejoven.org\/wp-content\/uploads\/2023\/11\/2023_10_31_08_57_IMG_5192-1024x684.webp?strip=info&#038;w=1500&#038;ssl=1 1500w\" alt=\"Des safaris photos sont pr\u00e9vus avec le photographe Alfredo Sarabia\" data-height=\"1002\" data-id=\"6330\" data-link=\"https:\/\/artejoven.org\/?attachment_id=6330#main\" data-url=\"https:\/\/artejoven.org\/wp-content\/uploads\/2023\/11\/2023_10_31_08_57_IMG_5192-1024x684.webp\" data-width=\"1500\" src=\"https:\/\/i2.wp.com\/artejoven.org\/wp-content\/uploads\/2023\/11\/2023_10_31_08_57_IMG_5192-1024x684.webp?ssl=1\" data-amp-layout=\"responsive\"\/><\/a><\/figure><\/div><\/div><div class=\"tiled-gallery__row\"><div class=\"tiled-gallery__col\" style=\"flex-basis:27.24506%\"><figure class=\"tiled-gallery__item\"><a href=\"https:\/\/artejoven.org\/wp-content\/uploads\/2023\/11\/2023_10_31_09_07_IMG_5216-1024x684.webp\"><img decoding=\"async\" srcset=\"https:\/\/i0.wp.com\/artejoven.org\/wp-content\/uploads\/2023\/11\/2023_10_31_09_07_IMG_5216-1024x684.webp?strip=info&#038;w=600&#038;ssl=1 600w,https:\/\/i0.wp.com\/artejoven.org\/wp-content\/uploads\/2023\/11\/2023_10_31_09_07_IMG_5216-1024x684.webp?strip=info&#038;w=900&#038;ssl=1 900w,https:\/\/i0.wp.com\/artejoven.org\/wp-content\/uploads\/2023\/11\/2023_10_31_09_07_IMG_5216-1024x684.webp?strip=info&#038;w=1200&#038;ssl=1 1200w,https:\/\/i0.wp.com\/artejoven.org\/wp-content\/uploads\/2023\/11\/2023_10_31_09_07_IMG_5216-1024x684.webp?strip=info&#038;w=1500&#038;ssl=1 1500w\" alt=\"Des safaris photos sont pr\u00e9vus avec le photographe Alfredo Sarabia\" data-height=\"1002\" data-id=\"6332\" data-link=\"https:\/\/artejoven.org\/?attachment_id=6332#main\" data-url=\"https:\/\/artejoven.org\/wp-content\/uploads\/2023\/11\/2023_10_31_09_07_IMG_5216-1024x684.webp\" data-width=\"1500\" src=\"https:\/\/i0.wp.com\/artejoven.org\/wp-content\/uploads\/2023\/11\/2023_10_31_09_07_IMG_5216-1024x684.webp?ssl=1\" data-amp-layout=\"responsive\"\/><\/a><\/figure><\/div><div class=\"tiled-gallery__col\" style=\"flex-basis:27.24506%\"><figure class=\"tiled-gallery__item\"><a href=\"https:\/\/artejoven.org\/wp-content\/uploads\/2023\/11\/2023_10_31_09_08_IMG_5217-1024x684.webp\"><img decoding=\"async\" srcset=\"https:\/\/i2.wp.com\/artejoven.org\/wp-content\/uploads\/2023\/11\/2023_10_31_09_08_IMG_5217-1024x684.webp?strip=info&#038;w=600&#038;ssl=1 600w,https:\/\/i2.wp.com\/artejoven.org\/wp-content\/uploads\/2023\/11\/2023_10_31_09_08_IMG_5217-1024x684.webp?strip=info&#038;w=900&#038;ssl=1 900w,https:\/\/i2.wp.com\/artejoven.org\/wp-content\/uploads\/2023\/11\/2023_10_31_09_08_IMG_5217-1024x684.webp?strip=info&#038;w=1200&#038;ssl=1 1200w,https:\/\/i2.wp.com\/artejoven.org\/wp-content\/uploads\/2023\/11\/2023_10_31_09_08_IMG_5217-1024x684.webp?strip=info&#038;w=1500&#038;ssl=1 1500w\" alt=\"Des safaris photos sont pr\u00e9vus avec le photographe Alfredo Sarabia\" data-height=\"1002\" data-id=\"6333\" data-link=\"https:\/\/artejoven.org\/?attachment_id=6333#main\" data-url=\"https:\/\/artejoven.org\/wp-content\/uploads\/2023\/11\/2023_10_31_09_08_IMG_5217-1024x684.webp\" data-width=\"1500\" src=\"https:\/\/i2.wp.com\/artejoven.org\/wp-content\/uploads\/2023\/11\/2023_10_31_09_08_IMG_5217-1024x684.webp?ssl=1\" data-amp-layout=\"responsive\"\/><\/a><\/figure><\/div><div class=\"tiled-gallery__col\" style=\"flex-basis:27.24506%\"><figure class=\"tiled-gallery__item\"><a href=\"https:\/\/artejoven.org\/wp-content\/uploads\/2023\/11\/2023_10_31_09_16_IMG_5284-1024x684.webp\"><img decoding=\"async\" srcset=\"https:\/\/i0.wp.com\/artejoven.org\/wp-content\/uploads\/2023\/11\/2023_10_31_09_16_IMG_5284-1024x684.webp?strip=info&#038;w=600&#038;ssl=1 600w,https:\/\/i0.wp.com\/artejoven.org\/wp-content\/uploads\/2023\/11\/2023_10_31_09_16_IMG_5284-1024x684.webp?strip=info&#038;w=900&#038;ssl=1 900w,https:\/\/i0.wp.com\/artejoven.org\/wp-content\/uploads\/2023\/11\/2023_10_31_09_16_IMG_5284-1024x684.webp?strip=info&#038;w=1200&#038;ssl=1 1200w,https:\/\/i0.wp.com\/artejoven.org\/wp-content\/uploads\/2023\/11\/2023_10_31_09_16_IMG_5284-1024x684.webp?strip=info&#038;w=1500&#038;ssl=1 1500w\" alt=\"Des safaris photos sont pr\u00e9vus avec le photographe Alfredo Sarabia\" data-height=\"1002\" data-id=\"6334\" data-link=\"https:\/\/artejoven.org\/?attachment_id=6334#main\" data-url=\"https:\/\/artejoven.org\/wp-content\/uploads\/2023\/11\/2023_10_31_09_16_IMG_5284-1024x684.webp\" data-width=\"1500\" src=\"https:\/\/i0.wp.com\/artejoven.org\/wp-content\/uploads\/2023\/11\/2023_10_31_09_16_IMG_5284-1024x684.webp?ssl=1\" data-amp-layout=\"responsive\"\/><\/a><\/figure><\/div><div class=\"tiled-gallery__col\" style=\"flex-basis:18.26481%\"><figure class=\"tiled-gallery__item\"><a href=\"https:\/\/artejoven.org\/wp-content\/uploads\/2023\/11\/2023_10_31_09_02_IMG_5429-1024x1024.webp\"><img decoding=\"async\" srcset=\"https:\/\/i1.wp.com\/artejoven.org\/wp-content\/uploads\/2023\/11\/2023_10_31_09_02_IMG_5429-1024x1024.webp?strip=info&#038;w=600&#038;ssl=1 600w,https:\/\/i1.wp.com\/artejoven.org\/wp-content\/uploads\/2023\/11\/2023_10_31_09_02_IMG_5429-1024x1024.webp?strip=info&#038;w=900&#038;ssl=1 900w,https:\/\/i1.wp.com\/artejoven.org\/wp-content\/uploads\/2023\/11\/2023_10_31_09_02_IMG_5429-1024x1024.webp?strip=info&#038;w=1200&#038;ssl=1 1200w,https:\/\/i1.wp.com\/artejoven.org\/wp-content\/uploads\/2023\/11\/2023_10_31_09_02_IMG_5429-1024x1024.webp?strip=info&#038;w=1500&#038;ssl=1 1500w\" alt=\"Des safaris photos sont pr\u00e9vus avec le photographe Alfredo Sarabia\" data-height=\"1500\" data-id=\"6331\" data-link=\"https:\/\/artejoven.org\/?attachment_id=6331#main\" data-url=\"https:\/\/artejoven.org\/wp-content\/uploads\/2023\/11\/2023_10_31_09_02_IMG_5429-1024x1024.webp\" data-width=\"1500\" src=\"https:\/\/i1.wp.com\/artejoven.org\/wp-content\/uploads\/2023\/11\/2023_10_31_09_02_IMG_5429-1024x1024.webp?ssl=1\" data-amp-layout=\"responsive\"\/><\/a><\/figure><\/div><\/div><\/div><\/div>\n\n\n\n<p class=\"translation-block\">Invit\u00e9s par les artistes visuels Gabriel Cisneros et Rolando Galindo, tous deux b\u00e9n\u00e9ficiaires du FAJ, les r\u00e9sidents ont visit\u00e9 les expositions <em>El Prestidigitador<\/em> et <em>Bolero para Stendhal<\/em>, de ces artistes respectivement. Ils ont \u00e9galement visit\u00e9 l'atelier de l'artiste visuel Yohy Su\u00e1rez, ce qui leur a permis de voir de leurs propres yeux comment travaillent les jeunes artistes cubains.<\/p>\n\n\n\n<div class=\"wp-block-jetpack-tiled-gallery aligncenter is-style-rectangular has-rounded-corners-15\"><div class=\"tiled-gallery__gallery\"><div class=\"tiled-gallery__row\"><div class=\"tiled-gallery__col\" style=\"flex-basis:66.80763%\"><figure class=\"tiled-gallery__item\"><a href=\"https:\/\/artejoven.org\/wp-content\/uploads\/2023\/11\/2023_11_01_10_47_IMG_5377-1024x684.webp\"><img decoding=\"async\" srcset=\"https:\/\/i2.wp.com\/artejoven.org\/wp-content\/uploads\/2023\/11\/2023_11_01_10_47_IMG_5377-1024x684.webp?strip=info&#038;w=600&#038;ssl=1 600w,https:\/\/i2.wp.com\/artejoven.org\/wp-content\/uploads\/2023\/11\/2023_11_01_10_47_IMG_5377-1024x684.webp?strip=info&#038;w=900&#038;ssl=1 900w,https:\/\/i2.wp.com\/artejoven.org\/wp-content\/uploads\/2023\/11\/2023_11_01_10_47_IMG_5377-1024x684.webp?strip=info&#038;w=1200&#038;ssl=1 1200w,https:\/\/i2.wp.com\/artejoven.org\/wp-content\/uploads\/2023\/11\/2023_11_01_10_47_IMG_5377-1024x684.webp?strip=info&#038;w=1500&#038;ssl=1 1500w\" alt=\"Visite de l&#039;exposition El Prestidigitador \" data-height=\"1002\" data-id=\"6337\" data-link=\"https:\/\/artejoven.org\/?attachment_id=6337#main\" data-url=\"https:\/\/artejoven.org\/wp-content\/uploads\/2023\/11\/2023_11_01_10_47_IMG_5377-1024x684.webp\" data-width=\"1500\" src=\"https:\/\/i2.wp.com\/artejoven.org\/wp-content\/uploads\/2023\/11\/2023_11_01_10_47_IMG_5377-1024x684.webp?ssl=1\" data-amp-layout=\"responsive\"\/><\/a><\/figure><\/div><div class=\"tiled-gallery__col\" style=\"flex-basis:33.19237%\"><figure class=\"tiled-gallery__item\"><a href=\"https:\/\/artejoven.org\/wp-content\/uploads\/2023\/11\/2023_11_01_10_49_IMG_5384-1024x684.webp\"><img decoding=\"async\" srcset=\"https:\/\/i2.wp.com\/artejoven.org\/wp-content\/uploads\/2023\/11\/2023_11_01_10_49_IMG_5384-1024x684.webp?strip=info&#038;w=600&#038;ssl=1 600w,https:\/\/i2.wp.com\/artejoven.org\/wp-content\/uploads\/2023\/11\/2023_11_01_10_49_IMG_5384-1024x684.webp?strip=info&#038;w=900&#038;ssl=1 900w,https:\/\/i2.wp.com\/artejoven.org\/wp-content\/uploads\/2023\/11\/2023_11_01_10_49_IMG_5384-1024x684.webp?strip=info&#038;w=1200&#038;ssl=1 1200w,https:\/\/i2.wp.com\/artejoven.org\/wp-content\/uploads\/2023\/11\/2023_11_01_10_49_IMG_5384-1024x684.webp?strip=info&#038;w=1500&#038;ssl=1 1500w\" alt=\"Visite de l&#039;exposition El Prestidigitador \" data-height=\"1002\" data-id=\"6338\" data-link=\"https:\/\/artejoven.org\/?attachment_id=6338#main\" data-url=\"https:\/\/artejoven.org\/wp-content\/uploads\/2023\/11\/2023_11_01_10_49_IMG_5384-1024x684.webp\" data-width=\"1500\" src=\"https:\/\/i2.wp.com\/artejoven.org\/wp-content\/uploads\/2023\/11\/2023_11_01_10_49_IMG_5384-1024x684.webp?ssl=1\" data-amp-layout=\"responsive\"\/><\/a><\/figure><figure class=\"tiled-gallery__item\"><a href=\"https:\/\/artejoven.org\/wp-content\/uploads\/2023\/11\/2023_11_01_10_56_IMG_5391-1024x684.webp\"><img decoding=\"async\" srcset=\"https:\/\/i1.wp.com\/artejoven.org\/wp-content\/uploads\/2023\/11\/2023_11_01_10_56_IMG_5391-1024x684.webp?strip=info&#038;w=600&#038;ssl=1 600w,https:\/\/i1.wp.com\/artejoven.org\/wp-content\/uploads\/2023\/11\/2023_11_01_10_56_IMG_5391-1024x684.webp?strip=info&#038;w=900&#038;ssl=1 900w,https:\/\/i1.wp.com\/artejoven.org\/wp-content\/uploads\/2023\/11\/2023_11_01_10_56_IMG_5391-1024x684.webp?strip=info&#038;w=1200&#038;ssl=1 1200w,https:\/\/i1.wp.com\/artejoven.org\/wp-content\/uploads\/2023\/11\/2023_11_01_10_56_IMG_5391-1024x684.webp?strip=info&#038;w=1500&#038;ssl=1 1500w\" alt=\"Visite de l&#039;exposition El Prestidigitador \" data-height=\"1002\" data-id=\"6341\" data-link=\"https:\/\/artejoven.org\/?attachment_id=6341#main\" data-url=\"https:\/\/artejoven.org\/wp-content\/uploads\/2023\/11\/2023_11_01_10_56_IMG_5391-1024x684.webp\" data-width=\"1500\" src=\"https:\/\/i1.wp.com\/artejoven.org\/wp-content\/uploads\/2023\/11\/2023_11_01_10_56_IMG_5391-1024x684.webp?ssl=1\" data-amp-layout=\"responsive\"\/><\/a><\/figure><\/div><\/div><div class=\"tiled-gallery__row\"><div class=\"tiled-gallery__col\" style=\"flex-basis:33.33333%\"><figure class=\"tiled-gallery__item\"><a href=\"https:\/\/artejoven.org\/wp-content\/uploads\/2023\/11\/2023_11_01_09_17_IMG_5330-1024x684.webp\"><img decoding=\"async\" srcset=\"https:\/\/i1.wp.com\/artejoven.org\/wp-content\/uploads\/2023\/11\/2023_11_01_09_17_IMG_5330-1024x684.webp?strip=info&#038;w=600&#038;ssl=1 600w,https:\/\/i1.wp.com\/artejoven.org\/wp-content\/uploads\/2023\/11\/2023_11_01_09_17_IMG_5330-1024x684.webp?strip=info&#038;w=900&#038;ssl=1 900w,https:\/\/i1.wp.com\/artejoven.org\/wp-content\/uploads\/2023\/11\/2023_11_01_09_17_IMG_5330-1024x684.webp?strip=info&#038;w=1200&#038;ssl=1 1200w,https:\/\/i1.wp.com\/artejoven.org\/wp-content\/uploads\/2023\/11\/2023_11_01_09_17_IMG_5330-1024x684.webp?strip=info&#038;w=1500&#038;ssl=1 1500w\" alt=\"Visite de l&#039;exposition Bol\u00e9ro pour Stendhal\" data-height=\"1002\" data-id=\"6354\" data-link=\"https:\/\/artejoven.org\/?attachment_id=6354#main\" data-url=\"https:\/\/artejoven.org\/wp-content\/uploads\/2023\/11\/2023_11_01_09_17_IMG_5330-1024x684.webp\" data-width=\"1500\" src=\"https:\/\/i1.wp.com\/artejoven.org\/wp-content\/uploads\/2023\/11\/2023_11_01_09_17_IMG_5330-1024x684.webp?ssl=1\" data-amp-layout=\"responsive\"\/><\/a><\/figure><\/div><div class=\"tiled-gallery__col\" style=\"flex-basis:33.33333%\"><figure class=\"tiled-gallery__item\"><a href=\"https:\/\/artejoven.org\/wp-content\/uploads\/2023\/11\/2023_11_01_09_20_IMG_5335-1024x684.webp\"><img decoding=\"async\" srcset=\"https:\/\/i0.wp.com\/artejoven.org\/wp-content\/uploads\/2023\/11\/2023_11_01_09_20_IMG_5335-1024x684.webp?strip=info&#038;w=600&#038;ssl=1 600w,https:\/\/i0.wp.com\/artejoven.org\/wp-content\/uploads\/2023\/11\/2023_11_01_09_20_IMG_5335-1024x684.webp?strip=info&#038;w=900&#038;ssl=1 900w,https:\/\/i0.wp.com\/artejoven.org\/wp-content\/uploads\/2023\/11\/2023_11_01_09_20_IMG_5335-1024x684.webp?strip=info&#038;w=1200&#038;ssl=1 1200w,https:\/\/i0.wp.com\/artejoven.org\/wp-content\/uploads\/2023\/11\/2023_11_01_09_20_IMG_5335-1024x684.webp?strip=info&#038;w=1500&#038;ssl=1 1500w\" alt=\"Visite de l&#039;exposition Bol\u00e9ro pour Stendhal\" data-height=\"1002\" data-id=\"6335\" data-link=\"https:\/\/artejoven.org\/?attachment_id=6335#main\" data-url=\"https:\/\/artejoven.org\/wp-content\/uploads\/2023\/11\/2023_11_01_09_20_IMG_5335-1024x684.webp\" data-width=\"1500\" src=\"https:\/\/i0.wp.com\/artejoven.org\/wp-content\/uploads\/2023\/11\/2023_11_01_09_20_IMG_5335-1024x684.webp?ssl=1\" data-amp-layout=\"responsive\"\/><\/a><\/figure><\/div><div class=\"tiled-gallery__col\" style=\"flex-basis:33.33333%\"><figure class=\"tiled-gallery__item\"><a href=\"https:\/\/artejoven.org\/wp-content\/uploads\/2023\/11\/2023_11_01_09_15_IMG_5325-1024x684.webp\"><img decoding=\"async\" srcset=\"https:\/\/i1.wp.com\/artejoven.org\/wp-content\/uploads\/2023\/11\/2023_11_01_09_15_IMG_5325-1024x684.webp?strip=info&#038;w=600&#038;ssl=1 600w,https:\/\/i1.wp.com\/artejoven.org\/wp-content\/uploads\/2023\/11\/2023_11_01_09_15_IMG_5325-1024x684.webp?strip=info&#038;w=900&#038;ssl=1 900w,https:\/\/i1.wp.com\/artejoven.org\/wp-content\/uploads\/2023\/11\/2023_11_01_09_15_IMG_5325-1024x684.webp?strip=info&#038;w=1200&#038;ssl=1 1200w,https:\/\/i1.wp.com\/artejoven.org\/wp-content\/uploads\/2023\/11\/2023_11_01_09_15_IMG_5325-1024x684.webp?strip=info&#038;w=1500&#038;ssl=1 1500w\" alt=\"Visite de l&#039;exposition Bol\u00e9ro pour Stendhal\" data-height=\"1002\" data-id=\"6353\" data-link=\"https:\/\/artejoven.org\/?attachment_id=6353#main\" data-url=\"https:\/\/artejoven.org\/wp-content\/uploads\/2023\/11\/2023_11_01_09_15_IMG_5325-1024x684.webp\" data-width=\"1500\" src=\"https:\/\/i1.wp.com\/artejoven.org\/wp-content\/uploads\/2023\/11\/2023_11_01_09_15_IMG_5325-1024x684.webp?ssl=1\" data-amp-layout=\"responsive\"\/><\/a><\/figure><\/div><\/div><div class=\"tiled-gallery__row\"><div class=\"tiled-gallery__col\" style=\"flex-basis:52.60478%\"><figure class=\"tiled-gallery__item\"><a href=\"https:\/\/artejoven.org\/wp-content\/uploads\/2023\/11\/2023_11_01_09_24_IMG_5339-1024x684.webp\"><img decoding=\"async\" srcset=\"https:\/\/i2.wp.com\/artejoven.org\/wp-content\/uploads\/2023\/11\/2023_11_01_09_24_IMG_5339-1024x684.webp?strip=info&#038;w=600&#038;ssl=1 600w,https:\/\/i2.wp.com\/artejoven.org\/wp-content\/uploads\/2023\/11\/2023_11_01_09_24_IMG_5339-1024x684.webp?strip=info&#038;w=900&#038;ssl=1 900w,https:\/\/i2.wp.com\/artejoven.org\/wp-content\/uploads\/2023\/11\/2023_11_01_09_24_IMG_5339-1024x684.webp?strip=info&#038;w=1200&#038;ssl=1 1200w,https:\/\/i2.wp.com\/artejoven.org\/wp-content\/uploads\/2023\/11\/2023_11_01_09_24_IMG_5339-1024x684.webp?strip=info&#038;w=1500&#038;ssl=1 1500w\" alt=\"Visite de l&#039;exposition Bol\u00e9ro pour Stendhal\" data-height=\"1002\" data-id=\"6336\" data-link=\"https:\/\/artejoven.org\/?attachment_id=6336#main\" data-url=\"https:\/\/artejoven.org\/wp-content\/uploads\/2023\/11\/2023_11_01_09_24_IMG_5339-1024x684.webp\" data-width=\"1500\" src=\"https:\/\/i2.wp.com\/artejoven.org\/wp-content\/uploads\/2023\/11\/2023_11_01_09_24_IMG_5339-1024x684.webp?ssl=1\" data-amp-layout=\"responsive\"\/><\/a><\/figure><figure class=\"tiled-gallery__item\"><a href=\"https:\/\/artejoven.org\/wp-content\/uploads\/2023\/11\/2023_11_01_09_18_IMG_5331-1024x684.webp\"><img decoding=\"async\" srcset=\"https:\/\/i1.wp.com\/artejoven.org\/wp-content\/uploads\/2023\/11\/2023_11_01_09_18_IMG_5331-1024x684.webp?strip=info&#038;w=600&#038;ssl=1 600w,https:\/\/i1.wp.com\/artejoven.org\/wp-content\/uploads\/2023\/11\/2023_11_01_09_18_IMG_5331-1024x684.webp?strip=info&#038;w=900&#038;ssl=1 900w,https:\/\/i1.wp.com\/artejoven.org\/wp-content\/uploads\/2023\/11\/2023_11_01_09_18_IMG_5331-1024x684.webp?strip=info&#038;w=1200&#038;ssl=1 1200w,https:\/\/i1.wp.com\/artejoven.org\/wp-content\/uploads\/2023\/11\/2023_11_01_09_18_IMG_5331-1024x684.webp?strip=info&#038;w=1500&#038;ssl=1 1500w\" alt=\"Visite de l&#039;exposition Bol\u00e9ro pour Stendhal\" data-height=\"1002\" data-id=\"6355\" data-link=\"https:\/\/artejoven.org\/?attachment_id=6355#main\" data-url=\"https:\/\/artejoven.org\/wp-content\/uploads\/2023\/11\/2023_11_01_09_18_IMG_5331-1024x684.webp\" data-width=\"1500\" src=\"https:\/\/i1.wp.com\/artejoven.org\/wp-content\/uploads\/2023\/11\/2023_11_01_09_18_IMG_5331-1024x684.webp?ssl=1\" data-amp-layout=\"responsive\"\/><\/a><\/figure><\/div><div class=\"tiled-gallery__col\" style=\"flex-basis:47.39522%\"><figure class=\"tiled-gallery__item\"><a href=\"https:\/\/artejoven.org\/wp-content\/uploads\/2023\/11\/2023_11_01_13_48_IMG_5402-684x1024.webp\"><img decoding=\"async\" srcset=\"https:\/\/i2.wp.com\/artejoven.org\/wp-content\/uploads\/2023\/11\/2023_11_01_13_48_IMG_5402-684x1024.webp?strip=info&#038;w=600&#038;ssl=1 600w,https:\/\/i2.wp.com\/artejoven.org\/wp-content\/uploads\/2023\/11\/2023_11_01_13_48_IMG_5402-684x1024.webp?strip=info&#038;w=900&#038;ssl=1 900w,https:\/\/i2.wp.com\/artejoven.org\/wp-content\/uploads\/2023\/11\/2023_11_01_13_48_IMG_5402-684x1024.webp?strip=info&#038;w=1200&#038;ssl=1 1200w,https:\/\/i2.wp.com\/artejoven.org\/wp-content\/uploads\/2023\/11\/2023_11_01_13_48_IMG_5402-684x1024.webp?strip=info&#038;w=1500&#038;ssl=1 1500w\" alt=\"Visite de l&#039;atelier du peintre Yohy Su\u00e1rez\" data-height=\"2244\" data-id=\"6343\" data-link=\"https:\/\/artejoven.org\/?attachment_id=6343#main\" data-url=\"https:\/\/artejoven.org\/wp-content\/uploads\/2023\/11\/2023_11_01_13_48_IMG_5402-684x1024.webp\" data-width=\"1500\" src=\"https:\/\/i2.wp.com\/artejoven.org\/wp-content\/uploads\/2023\/11\/2023_11_01_13_48_IMG_5402-684x1024.webp?ssl=1\" data-amp-layout=\"responsive\"\/><\/a><\/figure><\/div><\/div><div class=\"tiled-gallery__row\"><div class=\"tiled-gallery__col\" style=\"flex-basis:69.07272%\"><figure class=\"tiled-gallery__item\"><a href=\"https:\/\/artejoven.org\/wp-content\/uploads\/2023\/11\/2023_11_01_13_51_IMG_5408-1024x684.webp\"><img decoding=\"async\" srcset=\"https:\/\/i1.wp.com\/artejoven.org\/wp-content\/uploads\/2023\/11\/2023_11_01_13_51_IMG_5408-1024x684.webp?strip=info&#038;w=600&#038;ssl=1 600w,https:\/\/i1.wp.com\/artejoven.org\/wp-content\/uploads\/2023\/11\/2023_11_01_13_51_IMG_5408-1024x684.webp?strip=info&#038;w=900&#038;ssl=1 900w,https:\/\/i1.wp.com\/artejoven.org\/wp-content\/uploads\/2023\/11\/2023_11_01_13_51_IMG_5408-1024x684.webp?strip=info&#038;w=1200&#038;ssl=1 1200w,https:\/\/i1.wp.com\/artejoven.org\/wp-content\/uploads\/2023\/11\/2023_11_01_13_51_IMG_5408-1024x684.webp?strip=info&#038;w=1500&#038;ssl=1 1500w\" alt=\"Visite de l&#039;atelier du peintre Yohy Su\u00e1rez\" data-height=\"1002\" data-id=\"6346\" data-link=\"https:\/\/artejoven.org\/?attachment_id=6346#main\" data-url=\"https:\/\/artejoven.org\/wp-content\/uploads\/2023\/11\/2023_11_01_13_51_IMG_5408-1024x684.webp\" data-width=\"1500\" src=\"https:\/\/i1.wp.com\/artejoven.org\/wp-content\/uploads\/2023\/11\/2023_11_01_13_51_IMG_5408-1024x684.webp?ssl=1\" data-amp-layout=\"responsive\"\/><\/a><\/figure><\/div><div class=\"tiled-gallery__col\" style=\"flex-basis:30.92728%\"><figure class=\"tiled-gallery__item\"><a href=\"https:\/\/artejoven.org\/wp-content\/uploads\/2023\/11\/2023_11_01_13_50_IMG_5405-684x1024.webp\"><img decoding=\"async\" srcset=\"https:\/\/i1.wp.com\/artejoven.org\/wp-content\/uploads\/2023\/11\/2023_11_01_13_50_IMG_5405-684x1024.webp?strip=info&#038;w=600&#038;ssl=1 600w,https:\/\/i1.wp.com\/artejoven.org\/wp-content\/uploads\/2023\/11\/2023_11_01_13_50_IMG_5405-684x1024.webp?strip=info&#038;w=900&#038;ssl=1 900w,https:\/\/i1.wp.com\/artejoven.org\/wp-content\/uploads\/2023\/11\/2023_11_01_13_50_IMG_5405-684x1024.webp?strip=info&#038;w=1200&#038;ssl=1 1200w,https:\/\/i1.wp.com\/artejoven.org\/wp-content\/uploads\/2023\/11\/2023_11_01_13_50_IMG_5405-684x1024.webp?strip=info&#038;w=1500&#038;ssl=1 1500w\" alt=\"Visite de l&#039;atelier du peintre Yohy Su\u00e1rez\" data-height=\"2244\" data-id=\"6345\" data-link=\"https:\/\/artejoven.org\/?attachment_id=6345#main\" data-url=\"https:\/\/artejoven.org\/wp-content\/uploads\/2023\/11\/2023_11_01_13_50_IMG_5405-684x1024.webp\" data-width=\"1500\" src=\"https:\/\/i1.wp.com\/artejoven.org\/wp-content\/uploads\/2023\/11\/2023_11_01_13_50_IMG_5405-684x1024.webp?ssl=1\" data-amp-layout=\"responsive\"\/><\/a><\/figure><\/div><\/div><div class=\"tiled-gallery__row\"><div class=\"tiled-gallery__col\" style=\"flex-basis:28.98515%\"><figure class=\"tiled-gallery__item\"><a href=\"https:\/\/artejoven.org\/wp-content\/uploads\/2023\/11\/2023_11_01_13_53_IMG_5411-1024x684.webp\"><img decoding=\"async\" srcset=\"https:\/\/i2.wp.com\/artejoven.org\/wp-content\/uploads\/2023\/11\/2023_11_01_13_53_IMG_5411-1024x684.webp?strip=info&#038;w=600&#038;ssl=1 600w,https:\/\/i2.wp.com\/artejoven.org\/wp-content\/uploads\/2023\/11\/2023_11_01_13_53_IMG_5411-1024x684.webp?strip=info&#038;w=900&#038;ssl=1 900w,https:\/\/i2.wp.com\/artejoven.org\/wp-content\/uploads\/2023\/11\/2023_11_01_13_53_IMG_5411-1024x684.webp?strip=info&#038;w=1200&#038;ssl=1 1200w,https:\/\/i2.wp.com\/artejoven.org\/wp-content\/uploads\/2023\/11\/2023_11_01_13_53_IMG_5411-1024x684.webp?strip=info&#038;w=1500&#038;ssl=1 1500w\" alt=\"Visite de l&#039;atelier du peintre Yohy Su\u00e1rez\" data-height=\"1002\" data-id=\"6349\" data-link=\"https:\/\/artejoven.org\/?attachment_id=6349#main\" data-url=\"https:\/\/artejoven.org\/wp-content\/uploads\/2023\/11\/2023_11_01_13_53_IMG_5411-1024x684.webp\" data-width=\"1500\" src=\"https:\/\/i2.wp.com\/artejoven.org\/wp-content\/uploads\/2023\/11\/2023_11_01_13_53_IMG_5411-1024x684.webp?ssl=1\" data-amp-layout=\"responsive\"\/><\/a><\/figure><\/div><div class=\"tiled-gallery__col\" style=\"flex-basis:28.98515%\"><figure class=\"tiled-gallery__item\"><a href=\"https:\/\/artejoven.org\/wp-content\/uploads\/2023\/11\/2023_11_01_13_52_IMG_5410-1024x684.webp\"><img decoding=\"async\" srcset=\"https:\/\/i0.wp.com\/artejoven.org\/wp-content\/uploads\/2023\/11\/2023_11_01_13_52_IMG_5410-1024x684.webp?strip=info&#038;w=600&#038;ssl=1 600w,https:\/\/i0.wp.com\/artejoven.org\/wp-content\/uploads\/2023\/11\/2023_11_01_13_52_IMG_5410-1024x684.webp?strip=info&#038;w=900&#038;ssl=1 900w,https:\/\/i0.wp.com\/artejoven.org\/wp-content\/uploads\/2023\/11\/2023_11_01_13_52_IMG_5410-1024x684.webp?strip=info&#038;w=1200&#038;ssl=1 1200w,https:\/\/i0.wp.com\/artejoven.org\/wp-content\/uploads\/2023\/11\/2023_11_01_13_52_IMG_5410-1024x684.webp?strip=info&#038;w=1500&#038;ssl=1 1500w\" alt=\"Visite de l&#039;atelier du peintre Yohy Su\u00e1rez\" data-height=\"1002\" data-id=\"6348\" data-link=\"https:\/\/artejoven.org\/?attachment_id=6348#main\" data-url=\"https:\/\/artejoven.org\/wp-content\/uploads\/2023\/11\/2023_11_01_13_52_IMG_5410-1024x684.webp\" data-width=\"1500\" src=\"https:\/\/i0.wp.com\/artejoven.org\/wp-content\/uploads\/2023\/11\/2023_11_01_13_52_IMG_5410-1024x684.webp?ssl=1\" data-amp-layout=\"responsive\"\/><\/a><\/figure><\/div><div class=\"tiled-gallery__col\" style=\"flex-basis:13.04455%\"><figure class=\"tiled-gallery__item\"><a href=\"https:\/\/artejoven.org\/wp-content\/uploads\/2023\/11\/2023_11_01_13_50_IMG_5404-684x1024.webp\"><img decoding=\"async\" srcset=\"https:\/\/i1.wp.com\/artejoven.org\/wp-content\/uploads\/2023\/11\/2023_11_01_13_50_IMG_5404-684x1024.webp?strip=info&#038;w=600&#038;ssl=1 600w,https:\/\/i1.wp.com\/artejoven.org\/wp-content\/uploads\/2023\/11\/2023_11_01_13_50_IMG_5404-684x1024.webp?strip=info&#038;w=900&#038;ssl=1 900w,https:\/\/i1.wp.com\/artejoven.org\/wp-content\/uploads\/2023\/11\/2023_11_01_13_50_IMG_5404-684x1024.webp?strip=info&#038;w=1200&#038;ssl=1 1200w,https:\/\/i1.wp.com\/artejoven.org\/wp-content\/uploads\/2023\/11\/2023_11_01_13_50_IMG_5404-684x1024.webp?strip=info&#038;w=1500&#038;ssl=1 1500w\" alt=\"Visite de l&#039;atelier du peintre Yohy Su\u00e1rez\" data-height=\"2244\" data-id=\"6344\" data-link=\"https:\/\/artejoven.org\/?attachment_id=6344#main\" data-url=\"https:\/\/artejoven.org\/wp-content\/uploads\/2023\/11\/2023_11_01_13_50_IMG_5404-684x1024.webp\" data-width=\"1500\" src=\"https:\/\/i1.wp.com\/artejoven.org\/wp-content\/uploads\/2023\/11\/2023_11_01_13_50_IMG_5404-684x1024.webp?ssl=1\" data-amp-layout=\"responsive\"\/><\/a><\/figure><\/div><div class=\"tiled-gallery__col\" style=\"flex-basis:28.98515%\"><figure class=\"tiled-gallery__item\"><a href=\"https:\/\/artejoven.org\/wp-content\/uploads\/2023\/11\/2023_11_01_14_16_IMG_5419-1024x684.webp\"><img decoding=\"async\" srcset=\"https:\/\/i0.wp.com\/artejoven.org\/wp-content\/uploads\/2023\/11\/2023_11_01_14_16_IMG_5419-1024x684.webp?strip=info&#038;w=600&#038;ssl=1 600w,https:\/\/i0.wp.com\/artejoven.org\/wp-content\/uploads\/2023\/11\/2023_11_01_14_16_IMG_5419-1024x684.webp?strip=info&#038;w=900&#038;ssl=1 900w,https:\/\/i0.wp.com\/artejoven.org\/wp-content\/uploads\/2023\/11\/2023_11_01_14_16_IMG_5419-1024x684.webp?strip=info&#038;w=1200&#038;ssl=1 1200w,https:\/\/i0.wp.com\/artejoven.org\/wp-content\/uploads\/2023\/11\/2023_11_01_14_16_IMG_5419-1024x684.webp?strip=info&#038;w=1500&#038;ssl=1 1500w\" alt=\"Visite de l&#039;atelier du peintre Yohy Su\u00e1rez\" data-height=\"1002\" data-id=\"6351\" data-link=\"https:\/\/artejoven.org\/?attachment_id=6351#main\" data-url=\"https:\/\/artejoven.org\/wp-content\/uploads\/2023\/11\/2023_11_01_14_16_IMG_5419-1024x684.webp\" data-width=\"1500\" src=\"https:\/\/i0.wp.com\/artejoven.org\/wp-content\/uploads\/2023\/11\/2023_11_01_14_16_IMG_5419-1024x684.webp?ssl=1\" data-amp-layout=\"responsive\"\/><\/a><\/figure><\/div><\/div><\/div><\/div>\n\n\n\n<p class=\"translation-block\">Par ailleurs, la visite du projet communautaire <em>Patio de Tata G\u00fcines<\/em>, dans la province de Mayabeque, a permis de comprendre le travail r\u00e9alis\u00e9 avec les enfants et les jeunes de la r\u00e9gion, afin de sauvegarder la musique et la danse traditionnelles.<\/p>\n\n\n\n<p>Au si\u00e8ge du projet, dans la cour o\u00f9 est n\u00e9 le c\u00e9l\u00e8bre percussionniste Tata G\u00fcines, les \u00e9changes avec les membres du projet et de la communaut\u00e9 n'ont pas manqu\u00e9, \u00e0 travers le lien religieux, historique et culturel que Cuba et Ha\u00efti ont en commun.<\/p>\n\n\n\n<div class=\"wp-block-jetpack-tiled-gallery aligncenter is-style-rectangular has-rounded-corners-15\"><div class=\"tiled-gallery__gallery\"><div class=\"tiled-gallery__row\"><div class=\"tiled-gallery__col\" style=\"flex-basis:52.60478%\"><figure class=\"tiled-gallery__item\"><a href=\"https:\/\/artejoven.org\/wp-content\/uploads\/2023\/11\/2023_11_03_10_17_IMG_5496-1024x684.webp\"><img decoding=\"async\" srcset=\"https:\/\/i2.wp.com\/artejoven.org\/wp-content\/uploads\/2023\/11\/2023_11_03_10_17_IMG_5496-1024x684.webp?strip=info&#038;w=600&#038;ssl=1 600w,https:\/\/i2.wp.com\/artejoven.org\/wp-content\/uploads\/2023\/11\/2023_11_03_10_17_IMG_5496-1024x684.webp?strip=info&#038;w=900&#038;ssl=1 900w,https:\/\/i2.wp.com\/artejoven.org\/wp-content\/uploads\/2023\/11\/2023_11_03_10_17_IMG_5496-1024x684.webp?strip=info&#038;w=1200&#038;ssl=1 1200w,https:\/\/i2.wp.com\/artejoven.org\/wp-content\/uploads\/2023\/11\/2023_11_03_10_17_IMG_5496-1024x684.webp?strip=info&#038;w=1500&#038;ssl=1 1500w\" alt=\"Voyage au projet communautaire Patio de Tata G\u00fcines\" data-height=\"1002\" data-id=\"6357\" data-link=\"https:\/\/artejoven.org\/?attachment_id=6357#main\" data-url=\"https:\/\/artejoven.org\/wp-content\/uploads\/2023\/11\/2023_11_03_10_17_IMG_5496-1024x684.webp\" data-width=\"1500\" src=\"https:\/\/i2.wp.com\/artejoven.org\/wp-content\/uploads\/2023\/11\/2023_11_03_10_17_IMG_5496-1024x684.webp?ssl=1\" data-amp-layout=\"responsive\"\/><\/a><\/figure><figure class=\"tiled-gallery__item\"><a href=\"https:\/\/artejoven.org\/wp-content\/uploads\/2023\/11\/2023_11_03_10_22_IMG_5509-1024x684.webp\"><img decoding=\"async\" srcset=\"https:\/\/i1.wp.com\/artejoven.org\/wp-content\/uploads\/2023\/11\/2023_11_03_10_22_IMG_5509-1024x684.webp?strip=info&#038;w=600&#038;ssl=1 600w,https:\/\/i1.wp.com\/artejoven.org\/wp-content\/uploads\/2023\/11\/2023_11_03_10_22_IMG_5509-1024x684.webp?strip=info&#038;w=900&#038;ssl=1 900w,https:\/\/i1.wp.com\/artejoven.org\/wp-content\/uploads\/2023\/11\/2023_11_03_10_22_IMG_5509-1024x684.webp?strip=info&#038;w=1200&#038;ssl=1 1200w,https:\/\/i1.wp.com\/artejoven.org\/wp-content\/uploads\/2023\/11\/2023_11_03_10_22_IMG_5509-1024x684.webp?strip=info&#038;w=1500&#038;ssl=1 1500w\" alt=\"Voyage au projet communautaire Patio de Tata G\u00fcines\" data-height=\"1002\" data-id=\"6359\" data-link=\"https:\/\/artejoven.org\/?attachment_id=6359#main\" data-url=\"https:\/\/artejoven.org\/wp-content\/uploads\/2023\/11\/2023_11_03_10_22_IMG_5509-1024x684.webp\" data-width=\"1500\" src=\"https:\/\/i1.wp.com\/artejoven.org\/wp-content\/uploads\/2023\/11\/2023_11_03_10_22_IMG_5509-1024x684.webp?ssl=1\" data-amp-layout=\"responsive\"\/><\/a><\/figure><\/div><div class=\"tiled-gallery__col\" style=\"flex-basis:47.39522%\"><figure class=\"tiled-gallery__item\"><a href=\"https:\/\/artejoven.org\/wp-content\/uploads\/2023\/11\/2023_11_03_10_18_IMG_5502-684x1024.webp\"><img decoding=\"async\" srcset=\"https:\/\/i1.wp.com\/artejoven.org\/wp-content\/uploads\/2023\/11\/2023_11_03_10_18_IMG_5502-684x1024.webp?strip=info&#038;w=600&#038;ssl=1 600w,https:\/\/i1.wp.com\/artejoven.org\/wp-content\/uploads\/2023\/11\/2023_11_03_10_18_IMG_5502-684x1024.webp?strip=info&#038;w=900&#038;ssl=1 900w,https:\/\/i1.wp.com\/artejoven.org\/wp-content\/uploads\/2023\/11\/2023_11_03_10_18_IMG_5502-684x1024.webp?strip=info&#038;w=1200&#038;ssl=1 1200w,https:\/\/i1.wp.com\/artejoven.org\/wp-content\/uploads\/2023\/11\/2023_11_03_10_18_IMG_5502-684x1024.webp?strip=info&#038;w=1500&#038;ssl=1 1500w\" alt=\"Voyage au projet communautaire Patio de Tata G\u00fcines\" data-height=\"2244\" data-id=\"6358\" data-link=\"https:\/\/artejoven.org\/?attachment_id=6358#main\" data-url=\"https:\/\/artejoven.org\/wp-content\/uploads\/2023\/11\/2023_11_03_10_18_IMG_5502-684x1024.webp\" data-width=\"1500\" src=\"https:\/\/i1.wp.com\/artejoven.org\/wp-content\/uploads\/2023\/11\/2023_11_03_10_18_IMG_5502-684x1024.webp?ssl=1\" data-amp-layout=\"responsive\"\/><\/a><\/figure><\/div><\/div><div class=\"tiled-gallery__row\"><div class=\"tiled-gallery__col\" style=\"flex-basis:40.83509%\"><figure class=\"tiled-gallery__item\"><a href=\"https:\/\/artejoven.org\/wp-content\/uploads\/2023\/11\/2023_11_03_10_11_IMG_5489-1024x684.webp\"><img decoding=\"async\" srcset=\"https:\/\/i0.wp.com\/artejoven.org\/wp-content\/uploads\/2023\/11\/2023_11_03_10_11_IMG_5489-1024x684.webp?strip=info&#038;w=600&#038;ssl=1 600w,https:\/\/i0.wp.com\/artejoven.org\/wp-content\/uploads\/2023\/11\/2023_11_03_10_11_IMG_5489-1024x684.webp?strip=info&#038;w=900&#038;ssl=1 900w,https:\/\/i0.wp.com\/artejoven.org\/wp-content\/uploads\/2023\/11\/2023_11_03_10_11_IMG_5489-1024x684.webp?strip=info&#038;w=1200&#038;ssl=1 1200w,https:\/\/i0.wp.com\/artejoven.org\/wp-content\/uploads\/2023\/11\/2023_11_03_10_11_IMG_5489-1024x684.webp?strip=info&#038;w=1500&#038;ssl=1 1500w\" alt=\"Voyage au projet communautaire Patio de Tata G\u00fcines\" data-height=\"1002\" data-id=\"6356\" data-link=\"https:\/\/artejoven.org\/?attachment_id=6356#main\" data-url=\"https:\/\/artejoven.org\/wp-content\/uploads\/2023\/11\/2023_11_03_10_11_IMG_5489-1024x684.webp\" data-width=\"1500\" src=\"https:\/\/i0.wp.com\/artejoven.org\/wp-content\/uploads\/2023\/11\/2023_11_03_10_11_IMG_5489-1024x684.webp?ssl=1\" data-amp-layout=\"responsive\"\/><\/a><\/figure><\/div><div class=\"tiled-gallery__col\" style=\"flex-basis:18.32983%\"><figure class=\"tiled-gallery__item\"><a href=\"https:\/\/artejoven.org\/wp-content\/uploads\/2023\/11\/2023_11_03_10_47_IMG_5528-684x1024.webp\"><img decoding=\"async\" srcset=\"https:\/\/i2.wp.com\/artejoven.org\/wp-content\/uploads\/2023\/11\/2023_11_03_10_47_IMG_5528-684x1024.webp?strip=info&#038;w=600&#038;ssl=1 600w,https:\/\/i2.wp.com\/artejoven.org\/wp-content\/uploads\/2023\/11\/2023_11_03_10_47_IMG_5528-684x1024.webp?strip=info&#038;w=900&#038;ssl=1 900w,https:\/\/i2.wp.com\/artejoven.org\/wp-content\/uploads\/2023\/11\/2023_11_03_10_47_IMG_5528-684x1024.webp?strip=info&#038;w=1200&#038;ssl=1 1200w,https:\/\/i2.wp.com\/artejoven.org\/wp-content\/uploads\/2023\/11\/2023_11_03_10_47_IMG_5528-684x1024.webp?strip=info&#038;w=1500&#038;ssl=1 1500w\" alt=\"Voyage au projet communautaire Patio de Tata G\u00fcines\" data-height=\"2244\" data-id=\"6360\" data-link=\"https:\/\/artejoven.org\/?attachment_id=6360#main\" data-url=\"https:\/\/artejoven.org\/wp-content\/uploads\/2023\/11\/2023_11_03_10_47_IMG_5528-684x1024.webp\" data-width=\"1500\" src=\"https:\/\/i2.wp.com\/artejoven.org\/wp-content\/uploads\/2023\/11\/2023_11_03_10_47_IMG_5528-684x1024.webp?ssl=1\" data-amp-layout=\"responsive\"\/><\/a><\/figure><\/div><div class=\"tiled-gallery__col\" style=\"flex-basis:40.83509%\"><figure class=\"tiled-gallery__item\"><a href=\"https:\/\/artejoven.org\/wp-content\/uploads\/2023\/11\/2023_11_03_11_02_IMG_5530-1024x684.webp\"><img decoding=\"async\" srcset=\"https:\/\/i2.wp.com\/artejoven.org\/wp-content\/uploads\/2023\/11\/2023_11_03_11_02_IMG_5530-1024x684.webp?strip=info&#038;w=600&#038;ssl=1 600w,https:\/\/i2.wp.com\/artejoven.org\/wp-content\/uploads\/2023\/11\/2023_11_03_11_02_IMG_5530-1024x684.webp?strip=info&#038;w=900&#038;ssl=1 900w,https:\/\/i2.wp.com\/artejoven.org\/wp-content\/uploads\/2023\/11\/2023_11_03_11_02_IMG_5530-1024x684.webp?strip=info&#038;w=1200&#038;ssl=1 1200w,https:\/\/i2.wp.com\/artejoven.org\/wp-content\/uploads\/2023\/11\/2023_11_03_11_02_IMG_5530-1024x684.webp?strip=info&#038;w=1500&#038;ssl=1 1500w\" alt=\"Voyage au projet communautaire Patio de Tata G\u00fcines\" data-height=\"1002\" data-id=\"6361\" data-link=\"https:\/\/artejoven.org\/?attachment_id=6361#main\" data-url=\"https:\/\/artejoven.org\/wp-content\/uploads\/2023\/11\/2023_11_03_11_02_IMG_5530-1024x684.webp\" data-width=\"1500\" src=\"https:\/\/i2.wp.com\/artejoven.org\/wp-content\/uploads\/2023\/11\/2023_11_03_11_02_IMG_5530-1024x684.webp?ssl=1\" data-amp-layout=\"responsive\"\/><\/a><\/figure><\/div><\/div><div class=\"tiled-gallery__row\"><div class=\"tiled-gallery__col\" style=\"flex-basis:50.00000%\"><figure class=\"tiled-gallery__item\"><a href=\"https:\/\/artejoven.org\/wp-content\/uploads\/2023\/11\/2023_11_03_11_09_IMG_5541-1024x684.webp\"><img decoding=\"async\" srcset=\"https:\/\/i2.wp.com\/artejoven.org\/wp-content\/uploads\/2023\/11\/2023_11_03_11_09_IMG_5541-1024x684.webp?strip=info&#038;w=600&#038;ssl=1 600w,https:\/\/i2.wp.com\/artejoven.org\/wp-content\/uploads\/2023\/11\/2023_11_03_11_09_IMG_5541-1024x684.webp?strip=info&#038;w=900&#038;ssl=1 900w,https:\/\/i2.wp.com\/artejoven.org\/wp-content\/uploads\/2023\/11\/2023_11_03_11_09_IMG_5541-1024x684.webp?strip=info&#038;w=1200&#038;ssl=1 1200w,https:\/\/i2.wp.com\/artejoven.org\/wp-content\/uploads\/2023\/11\/2023_11_03_11_09_IMG_5541-1024x684.webp?strip=info&#038;w=1500&#038;ssl=1 1500w\" alt=\"Voyage au projet communautaire Patio de Tata G\u00fcines\" data-height=\"1002\" data-id=\"6362\" data-link=\"https:\/\/artejoven.org\/?attachment_id=6362#main\" data-url=\"https:\/\/artejoven.org\/wp-content\/uploads\/2023\/11\/2023_11_03_11_09_IMG_5541-1024x684.webp\" data-width=\"1500\" src=\"https:\/\/i2.wp.com\/artejoven.org\/wp-content\/uploads\/2023\/11\/2023_11_03_11_09_IMG_5541-1024x684.webp?ssl=1\" data-amp-layout=\"responsive\"\/><\/a><\/figure><\/div><div class=\"tiled-gallery__col\" style=\"flex-basis:50.00000%\"><figure class=\"tiled-gallery__item\"><a href=\"https:\/\/artejoven.org\/wp-content\/uploads\/2023\/11\/2023_11_03_12_44_IMG_5546-1024x684.webp\"><img decoding=\"async\" srcset=\"https:\/\/i2.wp.com\/artejoven.org\/wp-content\/uploads\/2023\/11\/2023_11_03_12_44_IMG_5546-1024x684.webp?strip=info&#038;w=600&#038;ssl=1 600w,https:\/\/i2.wp.com\/artejoven.org\/wp-content\/uploads\/2023\/11\/2023_11_03_12_44_IMG_5546-1024x684.webp?strip=info&#038;w=900&#038;ssl=1 900w,https:\/\/i2.wp.com\/artejoven.org\/wp-content\/uploads\/2023\/11\/2023_11_03_12_44_IMG_5546-1024x684.webp?strip=info&#038;w=1200&#038;ssl=1 1200w,https:\/\/i2.wp.com\/artejoven.org\/wp-content\/uploads\/2023\/11\/2023_11_03_12_44_IMG_5546-1024x684.webp?strip=info&#038;w=1500&#038;ssl=1 1500w\" alt=\"Voyage au projet communautaire Patio de Tata G\u00fcines\" data-height=\"1002\" data-id=\"6363\" data-link=\"https:\/\/artejoven.org\/?attachment_id=6363#main\" data-url=\"https:\/\/artejoven.org\/wp-content\/uploads\/2023\/11\/2023_11_03_12_44_IMG_5546-1024x684.webp\" data-width=\"1500\" src=\"https:\/\/i2.wp.com\/artejoven.org\/wp-content\/uploads\/2023\/11\/2023_11_03_12_44_IMG_5546-1024x684.webp?ssl=1\" data-amp-layout=\"responsive\"\/><\/a><\/figure><\/div><\/div><\/div><\/div>\n\n\n\n<p>L'une des exp\u00e9riences qui a cl\u00f4tur\u00e9 le stage a \u00e9t\u00e9 l'enregistrement d'une pi\u00e8ce musicale par les \u00e9tudiants en musique et le guitariste Dayron Ortiz. Ainsi, dans son studio de La Havane, les sessions pratiques et th\u00e9oriques ont \u00e9t\u00e9 combin\u00e9es en une pi\u00e8ce musicale de pr\u00e8s de cinq minutes.<\/p>\n\n\n\n<p class=\"translation-block\">L'exposition photographique \"Idantite\", qui a r\u00e9uni des professeurs, des \u00e9tudiants, des artistes et des b\u00e9n\u00e9ficiaires au si\u00e8ge du FAJ, a constitu\u00e9 un autre exercice de cl\u00f4ture. L'exposition \u00e9tait compos\u00e9e de photographies prises par les participants cubains et ha\u00eftiens du premier programme de r\u00e9sidence acad\u00e9mique.<\/p>\n\n\n\n<p>Cela a permis non seulement de montrer le travail r\u00e9alis\u00e9 par les jeunes cr\u00e9ateurs durant cette p\u00e9riode, mais aussi de r\u00e9v\u00e9ler les points de rencontre entre des traditions et des identit\u00e9s partag\u00e9es.<\/p>\n\n\n\n<p>L'\u00e9v\u00e9nement s'est d\u00e9roul\u00e9 en pr\u00e9sence de Son Excellence R\u00e9gine Lamur, ambassadrice d\u00e9sign\u00e9e d'Ha\u00efti \u00e0 Cuba, qui a \u00e9galement accompagn\u00e9 la remise des certificats attestant de la fin du stage.<\/p>\n\n\n\n<p>Les adieux collectifs ont \u00e9t\u00e9 marqu\u00e9s par des embrassades, des remerciements \u00e9mouvants et d'innombrables anecdotes, y compris l'appropriation de populaires pregones cubains.<\/p>\n\n\n\n<div class=\"wp-block-jetpack-tiled-gallery aligncenter is-style-rectangular has-rounded-corners-15\"><div class=\"tiled-gallery__gallery\"><div class=\"tiled-gallery__row\"><div class=\"tiled-gallery__col\" style=\"flex-basis:66.80763%\"><figure class=\"tiled-gallery__item\"><a href=\"https:\/\/artejoven.org\/wp-content\/uploads\/2023\/11\/2023_11_04_16_55_IMG_5838-1024x684.webp\"><img decoding=\"async\" srcset=\"https:\/\/i1.wp.com\/artejoven.org\/wp-content\/uploads\/2023\/11\/2023_11_04_16_55_IMG_5838-1024x684.webp?strip=info&#038;w=600&#038;ssl=1 600w,https:\/\/i1.wp.com\/artejoven.org\/wp-content\/uploads\/2023\/11\/2023_11_04_16_55_IMG_5838-1024x684.webp?strip=info&#038;w=900&#038;ssl=1 900w,https:\/\/i1.wp.com\/artejoven.org\/wp-content\/uploads\/2023\/11\/2023_11_04_16_55_IMG_5838-1024x684.webp?strip=info&#038;w=1200&#038;ssl=1 1200w,https:\/\/i1.wp.com\/artejoven.org\/wp-content\/uploads\/2023\/11\/2023_11_04_16_55_IMG_5838-1024x684.webp?strip=info&#038;w=1500&#038;ssl=1 1500w\" alt=\"Exposition de photos Idantite\" data-height=\"1002\" data-id=\"6376\" data-link=\"https:\/\/artejoven.org\/?attachment_id=6376#main\" data-url=\"https:\/\/artejoven.org\/wp-content\/uploads\/2023\/11\/2023_11_04_16_55_IMG_5838-1024x684.webp\" data-width=\"1500\" src=\"https:\/\/i1.wp.com\/artejoven.org\/wp-content\/uploads\/2023\/11\/2023_11_04_16_55_IMG_5838-1024x684.webp?ssl=1\" data-amp-layout=\"responsive\"\/><\/a><\/figure><\/div><div class=\"tiled-gallery__col\" style=\"flex-basis:33.19237%\"><figure class=\"tiled-gallery__item\"><a href=\"https:\/\/artejoven.org\/wp-content\/uploads\/2023\/11\/2023_11_04_15_28_IMG_5693-1024x684.webp\"><img decoding=\"async\" srcset=\"https:\/\/i0.wp.com\/artejoven.org\/wp-content\/uploads\/2023\/11\/2023_11_04_15_28_IMG_5693-1024x684.webp?strip=info&#038;w=600&#038;ssl=1 600w,https:\/\/i0.wp.com\/artejoven.org\/wp-content\/uploads\/2023\/11\/2023_11_04_15_28_IMG_5693-1024x684.webp?strip=info&#038;w=900&#038;ssl=1 900w,https:\/\/i0.wp.com\/artejoven.org\/wp-content\/uploads\/2023\/11\/2023_11_04_15_28_IMG_5693-1024x684.webp?strip=info&#038;w=1200&#038;ssl=1 1200w,https:\/\/i0.wp.com\/artejoven.org\/wp-content\/uploads\/2023\/11\/2023_11_04_15_28_IMG_5693-1024x684.webp?strip=info&#038;w=1500&#038;ssl=1 1500w\" alt=\"Exposition de photos Idantite\" data-height=\"1002\" data-id=\"6364\" data-link=\"https:\/\/artejoven.org\/?attachment_id=6364#main\" data-url=\"https:\/\/artejoven.org\/wp-content\/uploads\/2023\/11\/2023_11_04_15_28_IMG_5693-1024x684.webp\" data-width=\"1500\" src=\"https:\/\/i0.wp.com\/artejoven.org\/wp-content\/uploads\/2023\/11\/2023_11_04_15_28_IMG_5693-1024x684.webp?ssl=1\" data-amp-layout=\"responsive\"\/><\/a><\/figure><figure class=\"tiled-gallery__item\"><a href=\"https:\/\/artejoven.org\/wp-content\/uploads\/2023\/11\/2023_11_04_15_34_IMG_5721-1024x684.webp\"><img decoding=\"async\" srcset=\"https:\/\/i1.wp.com\/artejoven.org\/wp-content\/uploads\/2023\/11\/2023_11_04_15_34_IMG_5721-1024x684.webp?strip=info&#038;w=600&#038;ssl=1 600w,https:\/\/i1.wp.com\/artejoven.org\/wp-content\/uploads\/2023\/11\/2023_11_04_15_34_IMG_5721-1024x684.webp?strip=info&#038;w=900&#038;ssl=1 900w,https:\/\/i1.wp.com\/artejoven.org\/wp-content\/uploads\/2023\/11\/2023_11_04_15_34_IMG_5721-1024x684.webp?strip=info&#038;w=1200&#038;ssl=1 1200w,https:\/\/i1.wp.com\/artejoven.org\/wp-content\/uploads\/2023\/11\/2023_11_04_15_34_IMG_5721-1024x684.webp?strip=info&#038;w=1500&#038;ssl=1 1500w\" alt=\"Exposition de photos Idantite\" data-height=\"1002\" data-id=\"6365\" data-link=\"https:\/\/artejoven.org\/?attachment_id=6365#main\" data-url=\"https:\/\/artejoven.org\/wp-content\/uploads\/2023\/11\/2023_11_04_15_34_IMG_5721-1024x684.webp\" data-width=\"1500\" src=\"https:\/\/i1.wp.com\/artejoven.org\/wp-content\/uploads\/2023\/11\/2023_11_04_15_34_IMG_5721-1024x684.webp?ssl=1\" data-amp-layout=\"responsive\"\/><\/a><\/figure><\/div><\/div><div class=\"tiled-gallery__row\"><div class=\"tiled-gallery__col\" style=\"flex-basis:33.33333%\"><figure class=\"tiled-gallery__item\"><a href=\"https:\/\/artejoven.org\/wp-content\/uploads\/2023\/11\/2023_11_04_15_58_IMG_5754-1024x684.webp\"><img decoding=\"async\" srcset=\"https:\/\/i2.wp.com\/artejoven.org\/wp-content\/uploads\/2023\/11\/2023_11_04_15_58_IMG_5754-1024x684.webp?strip=info&#038;w=600&#038;ssl=1 600w,https:\/\/i2.wp.com\/artejoven.org\/wp-content\/uploads\/2023\/11\/2023_11_04_15_58_IMG_5754-1024x684.webp?strip=info&#038;w=900&#038;ssl=1 900w,https:\/\/i2.wp.com\/artejoven.org\/wp-content\/uploads\/2023\/11\/2023_11_04_15_58_IMG_5754-1024x684.webp?strip=info&#038;w=1200&#038;ssl=1 1200w,https:\/\/i2.wp.com\/artejoven.org\/wp-content\/uploads\/2023\/11\/2023_11_04_15_58_IMG_5754-1024x684.webp?strip=info&#038;w=1500&#038;ssl=1 1500w\" alt=\"Exposition de photos Idantite\" data-height=\"1002\" data-id=\"6367\" data-link=\"https:\/\/artejoven.org\/?attachment_id=6367#main\" data-url=\"https:\/\/artejoven.org\/wp-content\/uploads\/2023\/11\/2023_11_04_15_58_IMG_5754-1024x684.webp\" data-width=\"1500\" src=\"https:\/\/i2.wp.com\/artejoven.org\/wp-content\/uploads\/2023\/11\/2023_11_04_15_58_IMG_5754-1024x684.webp?ssl=1\" data-amp-layout=\"responsive\"\/><\/a><\/figure><\/div><div class=\"tiled-gallery__col\" style=\"flex-basis:33.33333%\"><figure class=\"tiled-gallery__item\"><a href=\"https:\/\/artejoven.org\/wp-content\/uploads\/2023\/11\/2023_11_04_15_46_IMG_5728-1024x684.webp\"><img decoding=\"async\" srcset=\"https:\/\/i1.wp.com\/artejoven.org\/wp-content\/uploads\/2023\/11\/2023_11_04_15_46_IMG_5728-1024x684.webp?strip=info&#038;w=600&#038;ssl=1 600w,https:\/\/i1.wp.com\/artejoven.org\/wp-content\/uploads\/2023\/11\/2023_11_04_15_46_IMG_5728-1024x684.webp?strip=info&#038;w=900&#038;ssl=1 900w,https:\/\/i1.wp.com\/artejoven.org\/wp-content\/uploads\/2023\/11\/2023_11_04_15_46_IMG_5728-1024x684.webp?strip=info&#038;w=1200&#038;ssl=1 1200w,https:\/\/i1.wp.com\/artejoven.org\/wp-content\/uploads\/2023\/11\/2023_11_04_15_46_IMG_5728-1024x684.webp?strip=info&#038;w=1500&#038;ssl=1 1500w\" alt=\"Exposition de photos Idantite\" data-height=\"1002\" data-id=\"6366\" data-link=\"https:\/\/artejoven.org\/?attachment_id=6366#main\" data-url=\"https:\/\/artejoven.org\/wp-content\/uploads\/2023\/11\/2023_11_04_15_46_IMG_5728-1024x684.webp\" data-width=\"1500\" src=\"https:\/\/i1.wp.com\/artejoven.org\/wp-content\/uploads\/2023\/11\/2023_11_04_15_46_IMG_5728-1024x684.webp?ssl=1\" data-amp-layout=\"responsive\"\/><\/a><\/figure><\/div><div class=\"tiled-gallery__col\" style=\"flex-basis:33.33333%\"><figure class=\"tiled-gallery__item\"><a href=\"https:\/\/artejoven.org\/wp-content\/uploads\/2023\/11\/2023_11_04_16_03_IMG_5757-1024x684.webp\"><img decoding=\"async\" srcset=\"https:\/\/i1.wp.com\/artejoven.org\/wp-content\/uploads\/2023\/11\/2023_11_04_16_03_IMG_5757-1024x684.webp?strip=info&#038;w=600&#038;ssl=1 600w,https:\/\/i1.wp.com\/artejoven.org\/wp-content\/uploads\/2023\/11\/2023_11_04_16_03_IMG_5757-1024x684.webp?strip=info&#038;w=900&#038;ssl=1 900w,https:\/\/i1.wp.com\/artejoven.org\/wp-content\/uploads\/2023\/11\/2023_11_04_16_03_IMG_5757-1024x684.webp?strip=info&#038;w=1200&#038;ssl=1 1200w,https:\/\/i1.wp.com\/artejoven.org\/wp-content\/uploads\/2023\/11\/2023_11_04_16_03_IMG_5757-1024x684.webp?strip=info&#038;w=1500&#038;ssl=1 1500w\" alt=\"Exposition de photos Idantite\" data-height=\"1002\" data-id=\"6368\" data-link=\"https:\/\/artejoven.org\/?attachment_id=6368#main\" data-url=\"https:\/\/artejoven.org\/wp-content\/uploads\/2023\/11\/2023_11_04_16_03_IMG_5757-1024x684.webp\" data-width=\"1500\" src=\"https:\/\/i1.wp.com\/artejoven.org\/wp-content\/uploads\/2023\/11\/2023_11_04_16_03_IMG_5757-1024x684.webp?ssl=1\" data-amp-layout=\"responsive\"\/><\/a><\/figure><\/div><\/div><div class=\"tiled-gallery__row\"><div class=\"tiled-gallery__col\" style=\"flex-basis:33.19237%\"><figure class=\"tiled-gallery__item\"><a href=\"https:\/\/artejoven.org\/wp-content\/uploads\/2023\/11\/2023_11_04_16_08_IMG_5758-1024x684.webp\"><img decoding=\"async\" srcset=\"https:\/\/i0.wp.com\/artejoven.org\/wp-content\/uploads\/2023\/11\/2023_11_04_16_08_IMG_5758-1024x684.webp?strip=info&#038;w=600&#038;ssl=1 600w,https:\/\/i0.wp.com\/artejoven.org\/wp-content\/uploads\/2023\/11\/2023_11_04_16_08_IMG_5758-1024x684.webp?strip=info&#038;w=900&#038;ssl=1 900w,https:\/\/i0.wp.com\/artejoven.org\/wp-content\/uploads\/2023\/11\/2023_11_04_16_08_IMG_5758-1024x684.webp?strip=info&#038;w=1200&#038;ssl=1 1200w,https:\/\/i0.wp.com\/artejoven.org\/wp-content\/uploads\/2023\/11\/2023_11_04_16_08_IMG_5758-1024x684.webp?strip=info&#038;w=1500&#038;ssl=1 1500w\" alt=\"Exposition de photos Idantite\" data-height=\"1002\" data-id=\"6369\" data-link=\"https:\/\/artejoven.org\/?attachment_id=6369#main\" data-url=\"https:\/\/artejoven.org\/wp-content\/uploads\/2023\/11\/2023_11_04_16_08_IMG_5758-1024x684.webp\" data-width=\"1500\" src=\"https:\/\/i0.wp.com\/artejoven.org\/wp-content\/uploads\/2023\/11\/2023_11_04_16_08_IMG_5758-1024x684.webp?ssl=1\" data-amp-layout=\"responsive\"\/><\/a><\/figure><figure class=\"tiled-gallery__item\"><a href=\"https:\/\/artejoven.org\/wp-content\/uploads\/2023\/11\/2023_11_04_16_13_IMG_5766-1024x684.webp\"><img decoding=\"async\" srcset=\"https:\/\/i0.wp.com\/artejoven.org\/wp-content\/uploads\/2023\/11\/2023_11_04_16_13_IMG_5766-1024x684.webp?strip=info&#038;w=600&#038;ssl=1 600w,https:\/\/i0.wp.com\/artejoven.org\/wp-content\/uploads\/2023\/11\/2023_11_04_16_13_IMG_5766-1024x684.webp?strip=info&#038;w=900&#038;ssl=1 900w,https:\/\/i0.wp.com\/artejoven.org\/wp-content\/uploads\/2023\/11\/2023_11_04_16_13_IMG_5766-1024x684.webp?strip=info&#038;w=1200&#038;ssl=1 1200w,https:\/\/i0.wp.com\/artejoven.org\/wp-content\/uploads\/2023\/11\/2023_11_04_16_13_IMG_5766-1024x684.webp?strip=info&#038;w=1500&#038;ssl=1 1500w\" alt=\"Exposition de photos Idantite\" data-height=\"1002\" data-id=\"6370\" data-link=\"https:\/\/artejoven.org\/?attachment_id=6370#main\" data-url=\"https:\/\/artejoven.org\/wp-content\/uploads\/2023\/11\/2023_11_04_16_13_IMG_5766-1024x684.webp\" data-width=\"1500\" src=\"https:\/\/i0.wp.com\/artejoven.org\/wp-content\/uploads\/2023\/11\/2023_11_04_16_13_IMG_5766-1024x684.webp?ssl=1\" data-amp-layout=\"responsive\"\/><\/a><\/figure><\/div><div class=\"tiled-gallery__col\" style=\"flex-basis:66.80763%\"><figure class=\"tiled-gallery__item\"><a href=\"https:\/\/artejoven.org\/wp-content\/uploads\/2023\/11\/2023_11_04_16_18_IMG_5776-1024x684.webp\"><img decoding=\"async\" srcset=\"https:\/\/i1.wp.com\/artejoven.org\/wp-content\/uploads\/2023\/11\/2023_11_04_16_18_IMG_5776-1024x684.webp?strip=info&#038;w=600&#038;ssl=1 600w,https:\/\/i1.wp.com\/artejoven.org\/wp-content\/uploads\/2023\/11\/2023_11_04_16_18_IMG_5776-1024x684.webp?strip=info&#038;w=900&#038;ssl=1 900w,https:\/\/i1.wp.com\/artejoven.org\/wp-content\/uploads\/2023\/11\/2023_11_04_16_18_IMG_5776-1024x684.webp?strip=info&#038;w=1200&#038;ssl=1 1200w,https:\/\/i1.wp.com\/artejoven.org\/wp-content\/uploads\/2023\/11\/2023_11_04_16_18_IMG_5776-1024x684.webp?strip=info&#038;w=1500&#038;ssl=1 1500w\" alt=\"Exposition de photos Idantite\" data-height=\"1002\" data-id=\"6371\" data-link=\"https:\/\/artejoven.org\/?attachment_id=6371#main\" data-url=\"https:\/\/artejoven.org\/wp-content\/uploads\/2023\/11\/2023_11_04_16_18_IMG_5776-1024x684.webp\" data-width=\"1500\" src=\"https:\/\/i1.wp.com\/artejoven.org\/wp-content\/uploads\/2023\/11\/2023_11_04_16_18_IMG_5776-1024x684.webp?ssl=1\" data-amp-layout=\"responsive\"\/><\/a><\/figure><\/div><\/div><div class=\"tiled-gallery__row\"><div class=\"tiled-gallery__col\" style=\"flex-basis:25.72254%\"><figure class=\"tiled-gallery__item\"><a href=\"https:\/\/artejoven.org\/wp-content\/uploads\/2023\/11\/2023_11_04_16_30_IMG_5787-1024x684.webp\"><img decoding=\"async\" srcset=\"https:\/\/i2.wp.com\/artejoven.org\/wp-content\/uploads\/2023\/11\/2023_11_04_16_30_IMG_5787-1024x684.webp?strip=info&#038;w=600&#038;ssl=1 600w,https:\/\/i2.wp.com\/artejoven.org\/wp-content\/uploads\/2023\/11\/2023_11_04_16_30_IMG_5787-1024x684.webp?strip=info&#038;w=900&#038;ssl=1 900w,https:\/\/i2.wp.com\/artejoven.org\/wp-content\/uploads\/2023\/11\/2023_11_04_16_30_IMG_5787-1024x684.webp?strip=info&#038;w=1200&#038;ssl=1 1200w,https:\/\/i2.wp.com\/artejoven.org\/wp-content\/uploads\/2023\/11\/2023_11_04_16_30_IMG_5787-1024x684.webp?strip=info&#038;w=1500&#038;ssl=1 1500w\" alt=\"Exposition de photos Idantite\" data-height=\"1002\" data-id=\"6372\" data-link=\"https:\/\/artejoven.org\/?attachment_id=6372#main\" data-url=\"https:\/\/artejoven.org\/wp-content\/uploads\/2023\/11\/2023_11_04_16_30_IMG_5787-1024x684.webp\" data-width=\"1500\" src=\"https:\/\/i2.wp.com\/artejoven.org\/wp-content\/uploads\/2023\/11\/2023_11_04_16_30_IMG_5787-1024x684.webp?ssl=1\" data-amp-layout=\"responsive\"\/><\/a><\/figure><\/div><div class=\"tiled-gallery__col\" style=\"flex-basis:25.72254%\"><figure class=\"tiled-gallery__item\"><a href=\"https:\/\/artejoven.org\/wp-content\/uploads\/2023\/11\/2023_11_04_16_49_IMG_5811-1024x684.webp\"><img decoding=\"async\" srcset=\"https:\/\/i0.wp.com\/artejoven.org\/wp-content\/uploads\/2023\/11\/2023_11_04_16_49_IMG_5811-1024x684.webp?strip=info&#038;w=600&#038;ssl=1 600w,https:\/\/i0.wp.com\/artejoven.org\/wp-content\/uploads\/2023\/11\/2023_11_04_16_49_IMG_5811-1024x684.webp?strip=info&#038;w=900&#038;ssl=1 900w,https:\/\/i0.wp.com\/artejoven.org\/wp-content\/uploads\/2023\/11\/2023_11_04_16_49_IMG_5811-1024x684.webp?strip=info&#038;w=1200&#038;ssl=1 1200w,https:\/\/i0.wp.com\/artejoven.org\/wp-content\/uploads\/2023\/11\/2023_11_04_16_49_IMG_5811-1024x684.webp?strip=info&#038;w=1500&#038;ssl=1 1500w\" alt=\"Exposition de photos Idantite\" data-height=\"1002\" data-id=\"6373\" data-link=\"https:\/\/artejoven.org\/?attachment_id=6373#main\" data-url=\"https:\/\/artejoven.org\/wp-content\/uploads\/2023\/11\/2023_11_04_16_49_IMG_5811-1024x684.webp\" data-width=\"1500\" src=\"https:\/\/i0.wp.com\/artejoven.org\/wp-content\/uploads\/2023\/11\/2023_11_04_16_49_IMG_5811-1024x684.webp?ssl=1\" data-amp-layout=\"responsive\"\/><\/a><\/figure><\/div><div class=\"tiled-gallery__col\" style=\"flex-basis:22.83238%\"><figure class=\"tiled-gallery__item\"><a href=\"https:\/\/artejoven.org\/wp-content\/uploads\/2023\/11\/2023_11_04_16_49_IMG_5817-1024x771.webp\"><img decoding=\"async\" srcset=\"https:\/\/i0.wp.com\/artejoven.org\/wp-content\/uploads\/2023\/11\/2023_11_04_16_49_IMG_5817-1024x771.webp?strip=info&#038;w=600&#038;ssl=1 600w,https:\/\/i0.wp.com\/artejoven.org\/wp-content\/uploads\/2023\/11\/2023_11_04_16_49_IMG_5817-1024x771.webp?strip=info&#038;w=900&#038;ssl=1 900w,https:\/\/i0.wp.com\/artejoven.org\/wp-content\/uploads\/2023\/11\/2023_11_04_16_49_IMG_5817-1024x771.webp?strip=info&#038;w=1200&#038;ssl=1 1200w,https:\/\/i0.wp.com\/artejoven.org\/wp-content\/uploads\/2023\/11\/2023_11_04_16_49_IMG_5817-1024x771.webp?strip=info&#038;w=1500&#038;ssl=1 1500w\" alt=\"Exposition de photos Idantite\" data-height=\"1130\" data-id=\"6374\" data-link=\"https:\/\/artejoven.org\/?attachment_id=6374#main\" data-url=\"https:\/\/artejoven.org\/wp-content\/uploads\/2023\/11\/2023_11_04_16_49_IMG_5817-1024x771.webp\" data-width=\"1500\" src=\"https:\/\/i0.wp.com\/artejoven.org\/wp-content\/uploads\/2023\/11\/2023_11_04_16_49_IMG_5817-1024x771.webp?ssl=1\" data-amp-layout=\"responsive\"\/><\/a><\/figure><\/div><div class=\"tiled-gallery__col\" style=\"flex-basis:25.72254%\"><figure class=\"tiled-gallery__item\"><a href=\"https:\/\/artejoven.org\/wp-content\/uploads\/2023\/11\/2023_11_04_16_51_IMG_5825-1024x684.webp\"><img decoding=\"async\" srcset=\"https:\/\/i1.wp.com\/artejoven.org\/wp-content\/uploads\/2023\/11\/2023_11_04_16_51_IMG_5825-1024x684.webp?strip=info&#038;w=600&#038;ssl=1 600w,https:\/\/i1.wp.com\/artejoven.org\/wp-content\/uploads\/2023\/11\/2023_11_04_16_51_IMG_5825-1024x684.webp?strip=info&#038;w=900&#038;ssl=1 900w,https:\/\/i1.wp.com\/artejoven.org\/wp-content\/uploads\/2023\/11\/2023_11_04_16_51_IMG_5825-1024x684.webp?strip=info&#038;w=1200&#038;ssl=1 1200w,https:\/\/i1.wp.com\/artejoven.org\/wp-content\/uploads\/2023\/11\/2023_11_04_16_51_IMG_5825-1024x684.webp?strip=info&#038;w=1500&#038;ssl=1 1500w\" alt=\"Exposition de photos Idantite\" data-height=\"1002\" data-id=\"6375\" data-link=\"https:\/\/artejoven.org\/?attachment_id=6375#main\" data-url=\"https:\/\/artejoven.org\/wp-content\/uploads\/2023\/11\/2023_11_04_16_51_IMG_5825-1024x684.webp\" data-width=\"1500\" src=\"https:\/\/i1.wp.com\/artejoven.org\/wp-content\/uploads\/2023\/11\/2023_11_04_16_51_IMG_5825-1024x684.webp?ssl=1\" data-amp-layout=\"responsive\"\/><\/a><\/figure><\/div><\/div><\/div><\/div>\n\n\n\n<p>Cette exp\u00e9rience a non seulement ouvert un nouvel espace de plaidoyer pour le FAJ, mais a \u00e9galement montr\u00e9 qu'il est possible et n\u00e9cessaire de promouvoir des \u00e9changes collaboratifs malgr\u00e9 les contextes de crise, en fournissant des ressources, des connaissances et de nouvelles approches dans des secteurs cl\u00e9s.<\/p>\n\n\n\n<p>La possibilit\u00e9 de ce programme renforce la viabilit\u00e9 de la l\u00e9gitimation des \u00e9changes bilat\u00e9raux en tirant parti du potentiel du Sud global, avec des b\u00e9n\u00e9fices mutuels, surmontant d'autres fa\u00e7ons plus habituelles et limitatives d'aborder la coop\u00e9ration culturelle, en la rendant moins centr\u00e9e sur les programmes techniques traditionnels Nord-Sud.<\/p>\n\n\n\n<p>Les r\u00e9sidences acad\u00e9miques du FAJ repr\u00e9sentent \u00e9galement une porte ouverte sur un avenir strat\u00e9gique de collaboration, o\u00f9 de nouveaux donateurs des secteurs public et priv\u00e9, tant \u00e0 Cuba qu'\u00e0 l'\u00e9tranger, int\u00e9ress\u00e9s par l'apport de ressources, avec des modalit\u00e9s de contribution plus rapides et plus flexibles, peuvent nous rejoindre et aider \u00e0 cofinancer nos actions, leur offrant ainsi de plus grandes possibilit\u00e9s de durabilit\u00e9.<\/p>\n\n\n\n<figure class=\"wp-block-image size-large\"><img fetchpriority=\"high\" decoding=\"async\" width=\"1024\" height=\"684\" src=\"https:\/\/artejoven.org\/wp-content\/uploads\/2023\/11\/2023_11_06_10_18_IMG_5935-1024x684.webp\" alt=\"Adieu aux b\u00e9n\u00e9ficiaires de la r\u00e9sidence universitaire\" class=\"wp-image-6377\" srcset=\"https:\/\/artejoven.org\/wp-content\/uploads\/2023\/11\/2023_11_06_10_18_IMG_5935-1024x684.webp 1024w, https:\/\/artejoven.org\/wp-content\/uploads\/2023\/11\/2023_11_06_10_18_IMG_5935-300x200.webp 300w, https:\/\/artejoven.org\/wp-content\/uploads\/2023\/11\/2023_11_06_10_18_IMG_5935-768x513.webp 768w, https:\/\/artejoven.org\/wp-content\/uploads\/2023\/11\/2023_11_06_10_18_IMG_5935-18x12.webp 18w, https:\/\/artejoven.org\/wp-content\/uploads\/2023\/11\/2023_11_06_10_18_IMG_5935-272x182.webp 272w, https:\/\/artejoven.org\/wp-content\/uploads\/2023\/11\/2023_11_06_10_18_IMG_5935.WEBP 1500w\" sizes=\"(max-width: 1024px) 100vw, 1024px\" \/><figcaption class=\"wp-element-caption\">Adieu aux b\u00e9n\u00e9ficiaires de la r\u00e9sidence universitaire<\/figcaption><\/figure>","protected":false},"excerpt":{"rendered":"<p>Avec le billet d'aujourd'hui, nous mettons un terme \u00e0 cette s\u00e9rie de blogs qui a succinctement rassembl\u00e9 ce qui s'est pass\u00e9 pendant le programme de r\u00e9sidence acad\u00e9mique Ha\u00efti-Cuba du Fondo de Arte Joven (FAJ).  <\/p>","protected":false},"author":1,"featured_media":6380,"comment_status":"open","ping_status":"open","sticky":false,"template":"","format":"standard","meta":{"_acf_changed":false,"_jetpack_memberships_contains_paid_content":false,"footnotes":"","_links_to":"","_links_to_target":""},"categories":[35],"tags":[59],"class_list":{"0":"post-6307","1":"post","2":"type-post","3":"status-publish","4":"format-standard","5":"has-post-thumbnail","6":"hentry","7":"category-desde-el-faj","8":"tag-residencia-haiti-cuba","10":"post-with-thumbnail","11":"post-with-thumbnail-large"},"acf":[],"aioseo_notices":[],"jetpack_featured_media_url":"https:\/\/artejoven.org\/wp-content\/uploads\/2023\/11\/Residencia-Haiti-Cuba-1.WEBP","jetpack-related-posts":[{"id":6096,"url":"https:\/\/artejoven.org\/fr\/bitacoras-del-programa-de-residencias-academicas-haiti-cuba-del-fondo-de-arte-joven-parte-i\/","url_meta":{"origin":6307,"position":0},"title":"Journaux du programme de r\u00e9sidence acad\u00e9mique Ha\u00efti - Cuba du Fondo de Arte Joven (Partie I)","author":"Ren\u00e9 Manuel Puig","date":"22 de octobre de 2023","format":false,"excerpt":"Le moins que l'on puisse dire, c'est qu'il est facile de r\u00e9sumer la premi\u00e8re semaine du programme de r\u00e9sidence acad\u00e9mique Ha\u00efti-Cuba du Fondo de Arte Joven (FAJ). L'extension et la vari\u00e9t\u00e9 de l'itin\u00e9raire fusionnent magistralement des conf\u00e9rences et des ateliers th\u00e9oriques de musique et de photographie, avec des activit\u00e9s collat\u00e9rales qui constituent un voyage au c\u0153ur des racines.","rel":"","context":"Dans &quot;Desde el FAJ&quot;","block_context":{"text":"Desde el FAJ","link":"https:\/\/artejoven.org\/fr\/category\/noticias\/desde-el-faj\/"},"img":{"alt_text":"Residencia Acad\u00e9mica Hait\u00ed - Cuba","src":"https:\/\/i0.wp.com\/artejoven.org\/wp-content\/uploads\/2023\/10\/Residencia-Cuba-Haiti-portada.WEBP?resize=350%2C200&ssl=1","width":350,"height":200,"srcset":"https:\/\/i0.wp.com\/artejoven.org\/wp-content\/uploads\/2023\/10\/Residencia-Cuba-Haiti-portada.WEBP?resize=350%2C200&ssl=1 1x, https:\/\/i0.wp.com\/artejoven.org\/wp-content\/uploads\/2023\/10\/Residencia-Cuba-Haiti-portada.WEBP?resize=525%2C300&ssl=1 1.5x, https:\/\/i0.wp.com\/artejoven.org\/wp-content\/uploads\/2023\/10\/Residencia-Cuba-Haiti-portada.WEBP?resize=700%2C400&ssl=1 2x, https:\/\/i0.wp.com\/artejoven.org\/wp-content\/uploads\/2023\/10\/Residencia-Cuba-Haiti-portada.WEBP?resize=1050%2C600&ssl=1 3x, https:\/\/i0.wp.com\/artejoven.org\/wp-content\/uploads\/2023\/10\/Residencia-Cuba-Haiti-portada.WEBP?resize=1400%2C800&ssl=1 4x"},"classes":[]},{"id":6271,"url":"https:\/\/artejoven.org\/fr\/bitacoras-del-programa-de-residencias-academicas-haiti-cuba-del-fondo-de-arte-joven-parte-ii\/","url_meta":{"origin":6307,"position":1},"title":"Journaux du programme de r\u00e9sidence acad\u00e9mique Ha\u00efti-Cuba du Fondo de Arte Joven (Partie II)","author":"Ren\u00e9 Manuel Puig","date":"31 de octobre de 2023","format":false,"excerpt":"La deuxi\u00e8me semaine du programme de r\u00e9sidence acad\u00e9mique Ha\u00efti-Cuba du Fondo de Arte Joven (FAJ) a d\u00e9but\u00e9 par une r\u00e9union restreinte mais pleine d'\u00e9motion avec les b\u00e9n\u00e9ficiaires du FAJ.","rel":"","context":"Dans &quot;Desde el FAJ&quot;","block_context":{"text":"Desde el FAJ","link":"https:\/\/artejoven.org\/fr\/category\/noticias\/desde-el-faj\/"},"img":{"alt_text":"Descarga en la terraza del Hotel Claxon","src":"https:\/\/i0.wp.com\/artejoven.org\/wp-content\/uploads\/2023\/10\/2023_10_26_00_09_IMG_4519.JPG.WEBP?resize=350%2C200&ssl=1","width":350,"height":200,"srcset":"https:\/\/i0.wp.com\/artejoven.org\/wp-content\/uploads\/2023\/10\/2023_10_26_00_09_IMG_4519.JPG.WEBP?resize=350%2C200&ssl=1 1x, https:\/\/i0.wp.com\/artejoven.org\/wp-content\/uploads\/2023\/10\/2023_10_26_00_09_IMG_4519.JPG.WEBP?resize=525%2C300&ssl=1 1.5x, https:\/\/i0.wp.com\/artejoven.org\/wp-content\/uploads\/2023\/10\/2023_10_26_00_09_IMG_4519.JPG.WEBP?resize=700%2C400&ssl=1 2x, https:\/\/i0.wp.com\/artejoven.org\/wp-content\/uploads\/2023\/10\/2023_10_26_00_09_IMG_4519.JPG.WEBP?resize=1050%2C600&ssl=1 3x, https:\/\/i0.wp.com\/artejoven.org\/wp-content\/uploads\/2023\/10\/2023_10_26_00_09_IMG_4519.JPG.WEBP?resize=1400%2C800&ssl=1 4x"},"classes":[]},{"id":6083,"url":"https:\/\/artejoven.org\/fr\/fondo-de-arte-joven-impulsa-programa-de-residencia-academica-haiti-cuba\/","url_meta":{"origin":6307,"position":2},"title":"Le Fondo de Arte Joven promeut le programme de r\u00e9sidence acad\u00e9mique Ha\u00efti-Cuba","author":"Ren\u00e9 Manuel Puig","date":"19 de octobre de 2023","format":false,"excerpt":"Cette semaine, un groupe de jeunes cr\u00e9ateurs ha\u00eftiens est arriv\u00e9 \u00e0 La Havane pour participer au premier programme de r\u00e9sidence acad\u00e9mique promu par le Fondo de Arte Joven (FAJ), qui met l'accent sur la musique et la photographie.","rel":"","context":"Dans &quot;Desde el FAJ&quot;","block_context":{"text":"Desde el FAJ","link":"https:\/\/artejoven.org\/fr\/category\/noticias\/desde-el-faj\/"},"img":{"alt_text":"Residencia Acad\u00e9mica Hait\u00ed - Cuba","src":"https:\/\/i0.wp.com\/artejoven.org\/wp-content\/uploads\/2023\/10\/Residencia-academica-Haiti-Cuba-jpg.webp?resize=350%2C200&ssl=1","width":350,"height":200,"srcset":"https:\/\/i0.wp.com\/artejoven.org\/wp-content\/uploads\/2023\/10\/Residencia-academica-Haiti-Cuba-jpg.webp?resize=350%2C200&ssl=1 1x, https:\/\/i0.wp.com\/artejoven.org\/wp-content\/uploads\/2023\/10\/Residencia-academica-Haiti-Cuba-jpg.webp?resize=525%2C300&ssl=1 1.5x, https:\/\/i0.wp.com\/artejoven.org\/wp-content\/uploads\/2023\/10\/Residencia-academica-Haiti-Cuba-jpg.webp?resize=700%2C400&ssl=1 2x, https:\/\/i0.wp.com\/artejoven.org\/wp-content\/uploads\/2023\/10\/Residencia-academica-Haiti-Cuba-jpg.webp?resize=1050%2C600&ssl=1 3x"},"classes":[]},{"id":6560,"url":"https:\/\/safetypromo.net\/residence-academique-haiti-cuba-une-premiere-edition-reussie\/?fbclid=IwAR1BW1Ukmnyb5HVAXp-m4AuccoC-VpyS61jFdjNNZBZp0-7-I8zP1aTNnGQ","url_meta":{"origin":6307,"position":3},"title":"R\u00e9sidence acad\u00e9mique Ha\u00efti-Cuba, une premi\u00e8re \u00e9dition r\u00e9ussie","author":"Ren\u00e9 Manuel Puig","date":"11 de d\u00e9cembre de 2023","format":false,"excerpt":"De nouveaux jeunes cr\u00e9ateurs ha\u00eftiens ont b\u00e9n\u00e9fici\u00e9 du programme de r\u00e9sidence acad\u00e9mique Ha\u00efti-Cuba du Fonds pour les jeunes artistes (FAJ).","rel":"","context":"Dans &quot;Desde la prensa&quot;","block_context":{"text":"Desde la prensa","link":"https:\/\/artejoven.org\/fr\/category\/noticias\/desde-la-prensa\/"},"img":{"alt_text":"Residencia Acad\u00e9mica Hait\u00ed - Cuba","src":"https:\/\/i0.wp.com\/artejoven.org\/wp-content\/uploads\/2023\/12\/Residencia-Academica-Haiti-Cuba.webp?resize=350%2C200&ssl=1","width":350,"height":200,"srcset":"https:\/\/i0.wp.com\/artejoven.org\/wp-content\/uploads\/2023\/12\/Residencia-Academica-Haiti-Cuba.webp?resize=350%2C200&ssl=1 1x, https:\/\/i0.wp.com\/artejoven.org\/wp-content\/uploads\/2023\/12\/Residencia-Academica-Haiti-Cuba.webp?resize=525%2C300&ssl=1 1.5x, https:\/\/i0.wp.com\/artejoven.org\/wp-content\/uploads\/2023\/12\/Residencia-Academica-Haiti-Cuba.webp?resize=700%2C400&ssl=1 2x, https:\/\/i0.wp.com\/artejoven.org\/wp-content\/uploads\/2023\/12\/Residencia-Academica-Haiti-Cuba.webp?resize=1050%2C600&ssl=1 3x, https:\/\/i0.wp.com\/artejoven.org\/wp-content\/uploads\/2023\/12\/Residencia-Academica-Haiti-Cuba.webp?resize=1400%2C800&ssl=1 4x"},"classes":[]},{"id":6253,"url":"https:\/\/www.lenouvelliste.com\/article\/245070\/darlin-johancy-michel-en-residence-academique-haiti-cuba","url_meta":{"origin":6307,"position":4},"title":"Darlin Johancy Michel en r\u00e9sidence universitaire Ha\u00efti-Cuba","author":"Ren\u00e9 Manuel Puig","date":"26 de octobre de 2023","format":false,"excerpt":"Publicado en: Le Nouveliste. El pianista Darlin Johancy Michel se encuentra participando en la residencia acad\u00e9mica Hait\u00ed-Cuba, del Fondo de Arte Joven de Cuba. Admitido en este programa, cuyo objetivo es estimular la integraci\u00f3n regional a trav\u00e9s de la cultura, Darlin est\u00e1 recibiendo formaci\u00f3n para reforzar sus aptitudes musicales. Es\u2026","rel":"","context":"Dans &quot;Desde la prensa&quot;","block_context":{"text":"Desde la prensa","link":"https:\/\/artejoven.org\/fr\/category\/noticias\/desde-la-prensa\/"},"img":{"alt_text":"Darlin Johancy Michel","src":"https:\/\/i0.wp.com\/artejoven.org\/wp-content\/uploads\/2023\/10\/Darlin-Johancy-Michel-jpg.webp?resize=350%2C200&ssl=1","width":350,"height":200,"srcset":"https:\/\/i0.wp.com\/artejoven.org\/wp-content\/uploads\/2023\/10\/Darlin-Johancy-Michel-jpg.webp?resize=350%2C200&ssl=1 1x, https:\/\/i0.wp.com\/artejoven.org\/wp-content\/uploads\/2023\/10\/Darlin-Johancy-Michel-jpg.webp?resize=525%2C300&ssl=1 1.5x, https:\/\/i0.wp.com\/artejoven.org\/wp-content\/uploads\/2023\/10\/Darlin-Johancy-Michel-jpg.webp?resize=700%2C400&ssl=1 2x, https:\/\/i0.wp.com\/artejoven.org\/wp-content\/uploads\/2023\/10\/Darlin-Johancy-Michel-jpg.webp?resize=1050%2C600&ssl=1 3x, https:\/\/i0.wp.com\/artejoven.org\/wp-content\/uploads\/2023\/10\/Darlin-Johancy-Michel-jpg.webp?resize=1400%2C800&ssl=1 4x"},"classes":[]},{"id":9141,"url":"https:\/\/artejoven.org\/fr\/la-residencia-una-experiencia-cinematografica-que-une-culturas\/","url_meta":{"origin":6307,"position":5},"title":"\"The Residence\" : une exp\u00e9rience cin\u00e9matographique qui unit les cultures","author":"Ren\u00e9 Manuel Puig","date":"31 de mars de 2025","format":false,"excerpt":"Le FAJ poursuit son engagement \u00e0 soutenir et \u00e0 rendre visible le travail de jeunes artistes qui font leurs premiers pas dans le monde de l'art, avec une attention particuli\u00e8re pour les femmes.","rel":"","context":"Dans &quot;Desde el FAJ&quot;","block_context":{"text":"Desde el FAJ","link":"https:\/\/artejoven.org\/fr\/category\/noticias\/desde-el-faj\/"},"img":{"alt_text":"","src":"https:\/\/i0.wp.com\/artejoven.org\/wp-content\/uploads\/2025\/03\/Presentacion-de-La-Residencia_-Un-documental-del-Fondo-de-Arte-Joven-1-scaled.webp?resize=350%2C200&ssl=1","width":350,"height":200,"srcset":"https:\/\/i0.wp.com\/artejoven.org\/wp-content\/uploads\/2025\/03\/Presentacion-de-La-Residencia_-Un-documental-del-Fondo-de-Arte-Joven-1-scaled.webp?resize=350%2C200&ssl=1 1x, https:\/\/i0.wp.com\/artejoven.org\/wp-content\/uploads\/2025\/03\/Presentacion-de-La-Residencia_-Un-documental-del-Fondo-de-Arte-Joven-1-scaled.webp?resize=525%2C300&ssl=1 1.5x, https:\/\/i0.wp.com\/artejoven.org\/wp-content\/uploads\/2025\/03\/Presentacion-de-La-Residencia_-Un-documental-del-Fondo-de-Arte-Joven-1-scaled.webp?resize=700%2C400&ssl=1 2x, https:\/\/i0.wp.com\/artejoven.org\/wp-content\/uploads\/2025\/03\/Presentacion-de-La-Residencia_-Un-documental-del-Fondo-de-Arte-Joven-1-scaled.webp?resize=1050%2C600&ssl=1 3x, https:\/\/i0.wp.com\/artejoven.org\/wp-content\/uploads\/2025\/03\/Presentacion-de-La-Residencia_-Un-documental-del-Fondo-de-Arte-Joven-1-scaled.webp?resize=1400%2C800&ssl=1 4x"},"classes":[]}],"jetpack_sharing_enabled":true,"_links":{"self":[{"href":"https:\/\/artejoven.org\/fr\/wp-json\/wp\/v2\/posts\/6307","targetHints":{"allow":["GET"]}}],"collection":[{"href":"https:\/\/artejoven.org\/fr\/wp-json\/wp\/v2\/posts"}],"about":[{"href":"https:\/\/artejoven.org\/fr\/wp-json\/wp\/v2\/types\/post"}],"author":[{"embeddable":true,"href":"https:\/\/artejoven.org\/fr\/wp-json\/wp\/v2\/users\/1"}],"replies":[{"embeddable":true,"href":"https:\/\/artejoven.org\/fr\/wp-json\/wp\/v2\/comments?post=6307"}],"version-history":[{"count":0,"href":"https:\/\/artejoven.org\/fr\/wp-json\/wp\/v2\/posts\/6307\/revisions"}],"wp:featuredmedia":[{"embeddable":true,"href":"https:\/\/artejoven.org\/fr\/wp-json\/wp\/v2\/media\/6380"}],"wp:attachment":[{"href":"https:\/\/artejoven.org\/fr\/wp-json\/wp\/v2\/media?parent=6307"}],"wp:term":[{"taxonomy":"category","embeddable":true,"href":"https:\/\/artejoven.org\/fr\/wp-json\/wp\/v2\/categories?post=6307"},{"taxonomy":"post_tag","embeddable":true,"href":"https:\/\/artejoven.org\/fr\/wp-json\/wp\/v2\/tags?post=6307"}],"curies":[{"name":"wp","href":"https:\/\/api.w.org\/{rel}","templated":true}]}}