{"id":6399,"date":"2023-11-15T19:39:58","date_gmt":"2023-11-16T00:39:58","guid":{"rendered":"https:\/\/artejoven.org\/?p=6399"},"modified":"2023-12-20T12:25:56","modified_gmt":"2023-12-20T17:25:56","slug":"coup-denvoi-du-festival-international-havana-clasica-celebration-de-la-diversite-et-de-la-beaute-de-la-musique-coup-denvoi-du-festival-international-havana-clasica","status":"publish","type":"post","link":"https:\/\/artejoven.org\/fr\/inicia-el-festival-internacional-habana-clasica-una-celebracion-a-la-diversidad-y-la-belleza-de-la-musica-inicia-el-festival-internacional-habana-clasica\/","title":{"rendered":"Coup d'envoi du festival international Habana Cl\u00e1sica : une c\u00e9l\u00e9bration de la diversit\u00e9 et de la beaut\u00e9 de la musique"},"content":{"rendered":"<p class=\"translation-block\">Avec pour objectif d'offrir un programme d'excellence con\u00e7u pour satisfaire les go\u00fbts les plus exigeants, la cinqui\u00e8me \u00e9dition de <a href=\"http:\/\/festivalhabanaclasica.org\" target=\"_blank\" rel=\"noopener\" title=\"\"><span style=\"text-decoration : underline\">Habana Cl\u00e1sica<\/span><\/a> est sur le point de lever le rideau. Du 18 novembre au 3 d\u00e9cembre, le public cubain et du monde entier assistera \u00e0 l'une des plus grandes c\u00e9l\u00e9brations en l'honneur des nombreux genres musicaux qui convergent ici.<\/p>\n\n\n\n<p>Fond\u00e9 en 2017 par Marcos Madrigal, pianiste cubain de renom et directeur artistique, le festival rendra cette ann\u00e9e hommage au c\u00e9l\u00e8bre interpr\u00e8te et professeur de fl\u00fbte Roberto Ondina (1904-1963), \u00e0 l'occasion du 60e anniversaire de sa mort. Depuis sa cr\u00e9ation, Habana Cl\u00e1sica a favoris\u00e9 le d\u00e9veloppement artistique de jeunes talents gr\u00e2ce \u00e0 un dialogue direct avec certains des plus grands artistes du monde. En m\u00eame temps, il articule un programme qui alterne concerts, enseignement et projets sociaux, une singularit\u00e9 qui le positionne comme une r\u00e9f\u00e9rence dans le panorama culturel de la ville.&nbsp;<\/p>\n\n\n\n<p>Pour la deuxi\u00e8me fois, l'\u00e9v\u00e9nement b\u00e9n\u00e9ficie du soutien de la Coop\u00e9ration suisse (Cosude) en tant que donateur principal, par l'interm\u00e9diaire de Lorenzo Su\u00e1rez, directeur adjoint de Cosude et conseiller culturel de l'ambassade de Suisse \u00e0 Cuba. Su\u00e1rez est \u00e9galement le producteur g\u00e9n\u00e9ral de cette \u00e9dition, la plus ambitieuse de celles organis\u00e9es jusqu'\u00e0 pr\u00e9sent, qui a rassembl\u00e9 plus d'une centaine d'artistes, y compris des solistes et des orchestres du Canada, de Cuba, de France, d'Allemagne, d'Italie, du Liban, du Mali, du Mexique, des Pays-Bas, du Paraguay, de Pologne, du Royaume-Uni, de Syrie, de Su\u00e8de, de Suisse, de Tunisie, des \u00c9tats-Unis et du Royaume-Uni.&nbsp;<\/p>\n\n\n\n<p>Le Fondo de Arte Joven (FAJ), la plateforme culturelle de Cosude qui soutient la cr\u00e9ation artistique \u00e9mergente, assure la gestion financi\u00e8re et op\u00e9rationnelle du festival, en collaboration avec le Gabinete de Patrimonio Musical Esteban Salas. Le festival est \u00e9galement parrain\u00e9 par l'Asociaci\u00f3n Cultural Habana Cl\u00e1sica (ACHC) bas\u00e9e \u00e0 Rome, en Italie, l'Oficina del Historiador de la Ciudad de La Habana (OHCH) et l'Instituto Cubano de la M\u00fasica (ICM).&nbsp;<\/p>\n\n\n\n<p>Cette ann\u00e9e, le festival a invit\u00e9 Daniel Toledo Guill\u00e9n \u00e0 occuper le poste de compositeur en r\u00e9sidence. Le jeune Cubain, dipl\u00f4m\u00e9 de l'Universit\u00e9 des Arts (ISA) et du HfKM-Regensburg, en Allemagne, est un repr\u00e9sentant d\u00e9vou\u00e9 d'une g\u00e9n\u00e9ration qui commence, \u00e0 pas s\u00fbrs, \u00e0 \u00e9crire sa propre histoire. Sa mission est de montrer au public les nouveaux chemins qu'empruntent les langages de la cr\u00e9ation contemporaine.&nbsp;<\/p>\n\n\n\n<p>D'importants artistes internationaux viennent pour la premi\u00e8re fois au festival. \u00c0 cette occasion, nous accueillons Jacques Zoon (fl\u00fbte, Suisse\/Pays-Bas), Sarah Willis (cor, Allemagne\/Royaume-Uni), Trio Chagall (violon, violoncelle et piano, Italie), Gr\u00e9goire Maret (harmonica, Suisse\/\u00c9tats-Unis), Thomas Mesa (violoncelle, \u00c9tats-Unis), Nada Mahmoud (oud, Tunisie), Iseut Chuat (violoncelle, Suisse\/France), Giulia Rimonda (violon, Tunisie), Iseut Chuat (violoncelle, Suisse\/France), Giulia Rimonda (violon, Tunisie), Nada Mahmoud (oud, Tunisie), Iseut Chuat (violoncelle, Suisse\/France), Giulia Rimonda (violon, Italie), le duo Karolina Mikolajczyk &amp; Iwo Jedynecki (violon et physharmonica, Pologne), Layale Chaker (violon, Liban\/France) et Kinan Azmeh (clarinette, Syrie\/\u00c9tats-Unis).&nbsp;&nbsp;<\/p>\n\n\n\n<p>Le compositeur Nicola Sani (Italie), le pianiste Alessandro Stella (Italie), le fl\u00fbtiste Jona Venturi (Suisse\/Italie), les violonistes Linus Roth (Allemagne) et Lissy Abreu Ru\u00edz (Cuba\/Su\u00e8de), les violoncellistes Sonja Kraus (Allemagne) et Willem Stam (Canada\/Pays-Bas) et la soprano M\u00f3nica Marziota (Italie) reviennent \u00e9galement \u00e0 la rencontre annuelle Habana Cl\u00e1sica.&nbsp;&nbsp;<\/p>\n\n\n\n<p>D'\u00e9minents artistes cubains tels que Niurka Gonz\u00e1lez (fl\u00fbte), Guido L\u00f3pez Gavil\u00e1n (fondateur et directeur de l'orchestre de chambre M\u00fasica Eterna), Daiana Garc\u00eda (directeur de l'orchestre de chambre de La Havane), Yasek Manzano (trompette), Harold L\u00f3pez-Nussa (piano), Yosvany Terry (saxophone) et Bryan L\u00f3pez (t\u00e9nor) participeront \u00e9galement \u00e0 l'\u00e9v\u00e9nement.&nbsp;&nbsp;<\/p>\n\n\n\n<p>Chaque programme a \u00e9t\u00e9 soigneusement \u00e9labor\u00e9 en fonction de l'expertise de chaque artiste. L'intention est pr\u00e9cis\u00e9ment de promouvoir l'int\u00e9gration entre les styles, les r\u00e9pertoires et les \u00e9poques dans un engagement en faveur de la diversit\u00e9 de l'art le plus \u00e9ph\u00e9m\u00e8re et le plus p\u00e9renne \u00e0 la fois.&nbsp;<\/p>\n\n\n\n<p>Motiv\u00e9s par la possibilit\u00e9 d'apporter de nouveaux sons \u00e0 nos publics, quatre r\u00e9citals ax\u00e9s sur la musique issue de traditions classiques non acad\u00e9miques, du monde arabe et de l'Afrique de l'Ouest, constitueront une autre nouveaut\u00e9. Nous recevons la chanteuse Afef Ouni (Tunisie) et l'oudiste Nada Mahmoud (Tunisie), un duo de jeunes femmes maghr\u00e9bines qui offriront la richesse artistique de leur pays. Elles seront rejointes par trois excellents musiciens cubains : le pianiste Ernesto Oliva, la contrebassiste Olivia Rodr\u00edguez et le percussionniste Alejandro Aguiar, qui interpr\u00e9teront une partie de ce r\u00e9pertoire. Un autre moment fort sera offert par le ma\u00eetre malien de la kora Ch\u00e9rif Soumano et le pianiste virtuose cubain Rolando Luna, qui partageront la sc\u00e8ne pour la premi\u00e8re fois \u00e0 La Havane.&nbsp;&nbsp;<\/p>\n\n\n\n<p>Les sc\u00e8nes les plus prestigieuses du centre historique deviennent le lieu principal d'un festival qui grandit et rayonne \u00e9galement sur d'autres r\u00e9alit\u00e9s \u00e9loign\u00e9es des circuits principaux. En ce sens, Habana Cl\u00e1sica r\u00e9affirme son engagement social \u00e0 travers des projets dont les principaux b\u00e9n\u00e9ficiaires seront les enfants recevant des soins m\u00e9dicaux dans les h\u00f4pitaux p\u00e9diatriques, ainsi que les habitants des quartiers de La G\u00fcinera, dans la municipalit\u00e9 d'Arroyo Naranjo, et de La Timba, situ\u00e9e \u00e0 El Vedado. Des ateliers sont \u00e9galement pr\u00e9vus au Mus\u00e9e national des beaux-arts. Destin\u00e9s aux enfants en synergie avec les \u00e9coles sp\u00e9cialis\u00e9es, la proposition sera ax\u00e9e sur la musique arabe combin\u00e9e \u00e0 des s\u00e9ances de dessin. A la fin des ateliers, les \u0153uvres r\u00e9alis\u00e9es seront expos\u00e9es pour t\u00e9moigner de ce qui a \u00e9t\u00e9 appris.&nbsp;&nbsp;<\/p>\n\n\n\n<p>L'agenda du festival comprend, en plus du programme artistique et des actions sociales, une longue liste de rencontres \u00e9ducatives et de masterclasses pour les \u00e9tudiants en musique, qui permettent d'apprendre et d'enrichir l'exp\u00e9rience des artistes qui participeront \u00e0 cette cinqui\u00e8me \u00e9dition.&nbsp;&nbsp;<\/p>\n\n\n\n<p>Habana Cl\u00e1sica a connu une croissance admirable en termes de fr\u00e9quentation. Lors de sa derni\u00e8re \u00e9dition, en 2022, elle a r\u00e9uni un public de plus de onze mille m\u00e9lomanes. Dans l'espoir que ces chiffres se traduisent en vitalit\u00e9 et en joie, tous sont invit\u00e9s \u00e0 cette c\u00e9l\u00e9bration de la musique.&nbsp;<\/p>","protected":false},"excerpt":{"rendered":"<p>Avec pour objectif d'offrir un programme d'excellence con\u00e7u pour satisfaire les go\u00fbts les plus exigeants, la cinqui\u00e8me \u00e9dition de Habana Cl\u00e1sica est sur le point de lever le rideau. <\/p>","protected":false},"author":1,"featured_media":6400,"comment_status":"open","ping_status":"open","sticky":false,"template":"","format":"standard","meta":{"_acf_changed":false,"_jetpack_memberships_contains_paid_content":false,"footnotes":"","_links_to":"","_links_to_target":""},"categories":[35],"tags":[],"class_list":{"0":"post-6399","1":"post","2":"type-post","3":"status-publish","4":"format-standard","5":"has-post-thumbnail","6":"hentry","7":"category-desde-el-faj","9":"post-with-thumbnail","10":"post-with-thumbnail-large"},"acf":[],"aioseo_notices":[],"jetpack_featured_media_url":"https:\/\/artejoven.org\/wp-content\/uploads\/2023\/11\/Habana-Clasica-jpg.webp","jetpack-related-posts":[{"id":8300,"url":"https:\/\/artejoven.org\/fr\/una-colaboracion-historica-festival-internacional-habana-clasica-se-une-al-festival-internacional-de-ballet-de-la-habana\/","url_meta":{"origin":6399,"position":0},"title":"Une collaboration historique : le Festival Internacional Habana Cl\u00e1sica s'associe au Festival Internacional de Ballet de La Habana \"Alicia Alonso\".","author":"Ren\u00e9 Manuel Puig","date":"9 de octobre de 2024","format":false,"excerpt":"Pour FAJ et Habana Cl\u00e1sica, cette collaboration repr\u00e9sente un grand honneur et une opportunit\u00e9 inestimable, en assumant la responsabilit\u00e9 de la programmation de la musique en direct dans le cadre du Festival international de ballet de La Havane.","rel":"","context":"Dans &quot;Desde el FAJ&quot;","block_context":{"text":"Desde el FAJ","link":"https:\/\/artejoven.org\/fr\/category\/noticias\/desde-el-faj\/"},"img":{"alt_text":"Festiva Internacional de Ballet de La Habana","src":"https:\/\/i0.wp.com\/artejoven.org\/wp-content\/uploads\/2024\/10\/Festival-de-ballet-jpg.webp?resize=350%2C200&ssl=1","width":350,"height":200,"srcset":"https:\/\/i0.wp.com\/artejoven.org\/wp-content\/uploads\/2024\/10\/Festival-de-ballet-jpg.webp?resize=350%2C200&ssl=1 1x, https:\/\/i0.wp.com\/artejoven.org\/wp-content\/uploads\/2024\/10\/Festival-de-ballet-jpg.webp?resize=525%2C300&ssl=1 1.5x, https:\/\/i0.wp.com\/artejoven.org\/wp-content\/uploads\/2024\/10\/Festival-de-ballet-jpg.webp?resize=700%2C400&ssl=1 2x, https:\/\/i0.wp.com\/artejoven.org\/wp-content\/uploads\/2024\/10\/Festival-de-ballet-jpg.webp?resize=1050%2C600&ssl=1 3x"},"classes":[]},{"id":6709,"url":"https:\/\/artejoven.org\/fr\/habana-clasica-y-sus-jovenes\/","url_meta":{"origin":6399,"position":1},"title":"Habana Cl\u00e1sica et ses jeunes","author":"Ren\u00e9 Manuel Puig","date":"15 de d\u00e9cembre de 2023","format":false,"excerpt":"par Gabriela Mili\u00e1n Calzadilla. La condition humaine elle-m\u00eame a voulu faire de la musique un langage. Je reconnais sans h\u00e9siter qu'elle est la plus particuli\u00e8re de toutes. Il n'est pas indispensable de ma\u00eetriser la grammaire des sons pour \u00e9couter, sentir, se laisser aller...","rel":"","context":"Dans &quot;Desde el FAJ&quot;","block_context":{"text":"Desde el FAJ","link":"https:\/\/artejoven.org\/fr\/category\/noticias\/desde-el-faj\/"},"img":{"alt_text":"Mar\u00eda Montenegro","src":"https:\/\/i0.wp.com\/artejoven.org\/wp-content\/uploads\/2023\/12\/Maria-Montenegro-1-jpg.webp?resize=350%2C200&ssl=1","width":350,"height":200,"srcset":"https:\/\/i0.wp.com\/artejoven.org\/wp-content\/uploads\/2023\/12\/Maria-Montenegro-1-jpg.webp?resize=350%2C200&ssl=1 1x, https:\/\/i0.wp.com\/artejoven.org\/wp-content\/uploads\/2023\/12\/Maria-Montenegro-1-jpg.webp?resize=525%2C300&ssl=1 1.5x, https:\/\/i0.wp.com\/artejoven.org\/wp-content\/uploads\/2023\/12\/Maria-Montenegro-1-jpg.webp?resize=700%2C400&ssl=1 2x, https:\/\/i0.wp.com\/artejoven.org\/wp-content\/uploads\/2023\/12\/Maria-Montenegro-1-jpg.webp?resize=1050%2C600&ssl=1 3x"},"classes":[]},{"id":9473,"url":"https:\/\/artejoven.org\/fr\/director-musical-del-fondo-de-arte-joven-recibe-orden-de-las-artes-y-letras-de-francia\/","url_meta":{"origin":6399,"position":2},"title":"Le directeur musical du Fonds de l'Art Jeunesse re\u00e7oit l'Ordre des Arts et des Lettres de France","author":"Ren\u00e9 Manuel Puig","date":"14 de mai de 2025","format":false,"excerpt":"Avec cette distinction, le minist\u00e8re fran\u00e7ais de la Culture honore une double vocation : celle d'un pianiste d'excellence et celle d'un gestionnaire culturel de longue date.","rel":"","context":"Dans &quot;Desde el FAJ&quot;","block_context":{"text":"Desde el FAJ","link":"https:\/\/artejoven.org\/fr\/category\/noticias\/desde-el-faj\/"},"img":{"alt_text":"Marcos Madrigal","src":"https:\/\/i0.wp.com\/artejoven.org\/wp-content\/uploads\/2025\/05\/02-Director-Musical-de-FAJ-recibe-orden-Caballero-de-las-Artes.webp?resize=350%2C200&ssl=1","width":350,"height":200,"srcset":"https:\/\/i0.wp.com\/artejoven.org\/wp-content\/uploads\/2025\/05\/02-Director-Musical-de-FAJ-recibe-orden-Caballero-de-las-Artes.webp?resize=350%2C200&ssl=1 1x, https:\/\/i0.wp.com\/artejoven.org\/wp-content\/uploads\/2025\/05\/02-Director-Musical-de-FAJ-recibe-orden-Caballero-de-las-Artes.webp?resize=525%2C300&ssl=1 1.5x, https:\/\/i0.wp.com\/artejoven.org\/wp-content\/uploads\/2025\/05\/02-Director-Musical-de-FAJ-recibe-orden-Caballero-de-las-Artes.webp?resize=700%2C400&ssl=1 2x, https:\/\/i0.wp.com\/artejoven.org\/wp-content\/uploads\/2025\/05\/02-Director-Musical-de-FAJ-recibe-orden-Caballero-de-las-Artes.webp?resize=1050%2C600&ssl=1 3x"},"classes":[]},{"id":9503,"url":"https:\/\/artejoven.org\/fr\/fondo-de-arte-joven-y-museo-nacional-de-la-musica-presentan-el-libro-la-direccion-orquestal-sinfonica-y-su-expresion-en-cuba-del-maestro-guido-lopez-gavilan\/","url_meta":{"origin":6399,"position":3},"title":"Le Fonds pour les artistes jeunes et le Museo Nacional de la M\u00fasica pr\u00e9sentent le livre La direcci\u00f3n orquestal sinf\u00f3nica y su expresi\u00f3n en Cuba du maestro Guido L\u00f3pez-Gavil\u00e1n.","author":"Ren\u00e9 Manuel Puig","date":"28 de mai de 2025","format":false,"excerpt":"Le Fondo de Arte Joven (FAJ), le Museo Nacional de la M\u00fasica et le maestro Guido L\u00f3pez-Gavil\u00e1n ont l'honneur d'annoncer la pr\u00e9sentation du livre La direcci\u00f3n orquestal sinf\u00f3nica y su expresi\u00f3n en Cuba (La direction d'orchestre symphonique et son expression \u00e0 Cuba).","rel":"","context":"Dans &quot;Desde el FAJ&quot;","block_context":{"text":"Desde el FAJ","link":"https:\/\/artejoven.org\/fr\/category\/noticias\/desde-el-faj\/"},"img":{"alt_text":"La direcci\u00f3n orquestal","src":"https:\/\/i0.wp.com\/artejoven.org\/wp-content\/uploads\/2024\/02\/La-direccion-orquestal-jpg.webp?resize=350%2C200&ssl=1","width":350,"height":200,"srcset":"https:\/\/i0.wp.com\/artejoven.org\/wp-content\/uploads\/2024\/02\/La-direccion-orquestal-jpg.webp?resize=350%2C200&ssl=1 1x, https:\/\/i0.wp.com\/artejoven.org\/wp-content\/uploads\/2024\/02\/La-direccion-orquestal-jpg.webp?resize=525%2C300&ssl=1 1.5x, https:\/\/i0.wp.com\/artejoven.org\/wp-content\/uploads\/2024\/02\/La-direccion-orquestal-jpg.webp?resize=700%2C400&ssl=1 2x, https:\/\/i0.wp.com\/artejoven.org\/wp-content\/uploads\/2024\/02\/La-direccion-orquestal-jpg.webp?resize=1050%2C600&ssl=1 3x"},"classes":[]},{"id":6419,"url":"https:\/\/artejoven.org\/fr\/impulsar-el-arte-como-puente-entre-culturas-y-generaciones\/","url_meta":{"origin":6399,"position":4},"title":"Promouvoir l'art en tant que pont entre les cultures et les g\u00e9n\u00e9rations","author":"Ren\u00e9 Manuel Puig","date":"29 de novembre de 2023","format":false,"excerpt":"En tant que pont qui enrichit et diversifie l'exp\u00e9rience artistique \u00e0 Cuba et au-del\u00e0 de ses fronti\u00e8res, le FAJ construit un espace innovant, interdisciplinaire et r\u00e9silient, \u00e9galement \u00e0 Habana Cl\u00e1sica.","rel":"","context":"Dans &quot;Desde el FAJ&quot;","block_context":{"text":"Desde el FAJ","link":"https:\/\/artejoven.org\/fr\/category\/noticias\/desde-el-faj\/"},"img":{"alt_text":"Impulsar el arte como puente entre culturas y generaciones","src":"https:\/\/i0.wp.com\/artejoven.org\/wp-content\/uploads\/2023\/11\/Habana-Clasica-1-jpg.webp?resize=350%2C200&ssl=1","width":350,"height":200,"srcset":"https:\/\/i0.wp.com\/artejoven.org\/wp-content\/uploads\/2023\/11\/Habana-Clasica-1-jpg.webp?resize=350%2C200&ssl=1 1x, https:\/\/i0.wp.com\/artejoven.org\/wp-content\/uploads\/2023\/11\/Habana-Clasica-1-jpg.webp?resize=525%2C300&ssl=1 1.5x, https:\/\/i0.wp.com\/artejoven.org\/wp-content\/uploads\/2023\/11\/Habana-Clasica-1-jpg.webp?resize=700%2C400&ssl=1 2x, https:\/\/i0.wp.com\/artejoven.org\/wp-content\/uploads\/2023\/11\/Habana-Clasica-1-jpg.webp?resize=1050%2C600&ssl=1 3x"},"classes":[]},{"id":4007,"url":"https:\/\/rialta.org\/fondo-de-arte-joven-una-ventana-que-se-abre-en-la-habana\/","url_meta":{"origin":6399,"position":5},"title":"Fondo de Arte Joven, une fen\u00eatre qui s'ouvre sur La Havane","author":"Ren\u00e9 Manuel Puig","date":"4 de f\u00e9vrier de 2023","format":false,"excerpt":"Publicado en: Rialta. El Festival Internacional JazzPlaza tuvo esta vez un cierre diferente. En una de sus largas ramas, doblando por Trocadero para atravesar el Museo Nacional de Arte Cubano, ha tenido lugar un concierto especial: la confluencia de consagrados artistas cubanos con una muestra de la nueva generaci\u00f3n de\u2026","rel":"","context":"Dans &quot;Desde la prensa&quot;","block_context":{"text":"Desde la prensa","link":"https:\/\/artejoven.org\/fr\/category\/noticias\/desde-la-prensa\/"},"img":{"alt_text":"Yilian Ca\u00f1izares","src":"https:\/\/i0.wp.com\/artejoven.org\/wp-content\/uploads\/2023\/06\/yillian-canizares-concierto-habaja-faj-768x481-1-jpg.webp?resize=350%2C200&ssl=1","width":350,"height":200,"srcset":"https:\/\/i0.wp.com\/artejoven.org\/wp-content\/uploads\/2023\/06\/yillian-canizares-concierto-habaja-faj-768x481-1-jpg.webp?resize=350%2C200&ssl=1 1x, https:\/\/i0.wp.com\/artejoven.org\/wp-content\/uploads\/2023\/06\/yillian-canizares-concierto-habaja-faj-768x481-1-jpg.webp?resize=525%2C300&ssl=1 1.5x, https:\/\/i0.wp.com\/artejoven.org\/wp-content\/uploads\/2023\/06\/yillian-canizares-concierto-habaja-faj-768x481-1-jpg.webp?resize=700%2C400&ssl=1 2x"},"classes":[]}],"jetpack_sharing_enabled":true,"_links":{"self":[{"href":"https:\/\/artejoven.org\/fr\/wp-json\/wp\/v2\/posts\/6399","targetHints":{"allow":["GET"]}}],"collection":[{"href":"https:\/\/artejoven.org\/fr\/wp-json\/wp\/v2\/posts"}],"about":[{"href":"https:\/\/artejoven.org\/fr\/wp-json\/wp\/v2\/types\/post"}],"author":[{"embeddable":true,"href":"https:\/\/artejoven.org\/fr\/wp-json\/wp\/v2\/users\/1"}],"replies":[{"embeddable":true,"href":"https:\/\/artejoven.org\/fr\/wp-json\/wp\/v2\/comments?post=6399"}],"version-history":[{"count":0,"href":"https:\/\/artejoven.org\/fr\/wp-json\/wp\/v2\/posts\/6399\/revisions"}],"wp:featuredmedia":[{"embeddable":true,"href":"https:\/\/artejoven.org\/fr\/wp-json\/wp\/v2\/media\/6400"}],"wp:attachment":[{"href":"https:\/\/artejoven.org\/fr\/wp-json\/wp\/v2\/media?parent=6399"}],"wp:term":[{"taxonomy":"category","embeddable":true,"href":"https:\/\/artejoven.org\/fr\/wp-json\/wp\/v2\/categories?post=6399"},{"taxonomy":"post_tag","embeddable":true,"href":"https:\/\/artejoven.org\/fr\/wp-json\/wp\/v2\/tags?post=6399"}],"curies":[{"name":"wp","href":"https:\/\/api.w.org\/{rel}","templated":true}]}}