{"id":7165,"date":"2024-02-15T12:20:58","date_gmt":"2024-02-15T17:20:58","guid":{"rendered":"https:\/\/artejoven.org\/?p=7165"},"modified":"2024-02-15T12:22:55","modified_gmt":"2024-02-15T17:22:55","slug":"enrique-martinez-celaya-echange-avec-de-jeunes-createurs-cubains","status":"publish","type":"post","link":"https:\/\/artejoven.org\/fr\/intercambia-enrique-martinez-celaya-con-jovenes-creadores-cubanos\/","title":{"rendered":"Enrique Mart\u00ednez Celaya \u00e9change avec de jeunes cr\u00e9ateurs cubains"},"content":{"rendered":"<p class=\"translation-block\">L'artiste, auteur et physicien Enrique Mart\u00ednez Celaya a \u00e9chang\u00e9 avec de jeunes cr\u00e9ateurs cubains lors de la <a href=\"https:\/\/artejoven.org\/fr\/espaces-faj\/chambre-blanche\/\" title=\"\" target=\"_self\">Galer\u00eda Sal\u00f3n Blanco del Fondo de Arte Joven (FAJ)<\/a>. Pendant un peu plus de deux heures, les participants ont pu d\u00e9couvrir de plus pr\u00e8s la carri\u00e8re de Mart\u00ednez Celaya, d\u00e9couvrir l'impact de la physique et de l'art dans ses cr\u00e9ations et partager des exp\u00e9riences cr\u00e9atives.<\/p>\n\n\n\n<p class=\"translation-block\">L'artiste a d'ailleurs appr\u00e9ci\u00e9 l'exposition <a href=\"https:\/\/artejoven.org\/fr\/espaces-faj\/malayerba\/\" title=\"\" target=\"_self\">\"malaYerba\"<\/a>, qui rassemble les \u0153uvres d'une nouvelle g\u00e9n\u00e9ration d'artistes visuels, et qui est le r\u00e9sultat de la premi\u00e8re \u00e9dition du concours du m\u00eame nom, lanc\u00e9 par le FAJ en 2023. L'\u00e9v\u00e9nement a \u00e9galement \u00e9t\u00e9 l'occasion d'apprendre de leurs auteurs les m\u00e9thodes de production et d'exposition des jeunes cr\u00e9ateurs cubains vivant sur l'\u00eele.<\/p>\n\n\n\n<div class=\"wp-block-jetpack-tiled-gallery aligncenter is-style-rectangular has-rounded-corners-15\"><div class=\"tiled-gallery__gallery\"><div class=\"tiled-gallery__row\"><div class=\"tiled-gallery__col\" style=\"flex-basis:66.80752%\"><figure class=\"tiled-gallery__item\"><a href=\"https:\/\/artejoven.org\/wp-content\/uploads\/2024\/02\/PHOTO-2024-02-14-12-31-56-1024x685.webp\"><img decoding=\"async\" srcset=\"https:\/\/i2.wp.com\/artejoven.org\/wp-content\/uploads\/2024\/02\/PHOTO-2024-02-14-12-31-56-1024x685.webp?strip=info&#038;w=600&#038;ssl=1 600w,https:\/\/i2.wp.com\/artejoven.org\/wp-content\/uploads\/2024\/02\/PHOTO-2024-02-14-12-31-56-1024x685.webp?strip=info&#038;w=900&#038;ssl=1 900w,https:\/\/i2.wp.com\/artejoven.org\/wp-content\/uploads\/2024\/02\/PHOTO-2024-02-14-12-31-56-1024x685.webp?strip=info&#038;w=1080&#038;ssl=1 1080w\" alt=\"Mart\u00ednez Celaya\" data-height=\"722\" data-id=\"7167\" data-link=\"https:\/\/artejoven.org\/?attachment_id=7167#main\" data-url=\"https:\/\/artejoven.org\/wp-content\/uploads\/2024\/02\/PHOTO-2024-02-14-12-31-56-1024x685.webp\" data-width=\"1080\" src=\"https:\/\/i2.wp.com\/artejoven.org\/wp-content\/uploads\/2024\/02\/PHOTO-2024-02-14-12-31-56-1024x685.webp?ssl=1\" data-amp-layout=\"responsive\"\/><\/a><\/figure><\/div><div class=\"tiled-gallery__col\" style=\"flex-basis:33.19248%\"><figure class=\"tiled-gallery__item\"><a href=\"https:\/\/artejoven.org\/wp-content\/uploads\/2024\/02\/PHOTO-2024-02-14-12-31-46-1024x685.webp\"><img decoding=\"async\" srcset=\"https:\/\/i0.wp.com\/artejoven.org\/wp-content\/uploads\/2024\/02\/PHOTO-2024-02-14-12-31-46-1024x685.webp?strip=info&#038;w=600&#038;ssl=1 600w,https:\/\/i0.wp.com\/artejoven.org\/wp-content\/uploads\/2024\/02\/PHOTO-2024-02-14-12-31-46-1024x685.webp?strip=info&#038;w=900&#038;ssl=1 900w,https:\/\/i0.wp.com\/artejoven.org\/wp-content\/uploads\/2024\/02\/PHOTO-2024-02-14-12-31-46-1024x685.webp?strip=info&#038;w=1080&#038;ssl=1 1080w\" alt=\"Mart\u00ednez Celaya\" data-height=\"722\" data-id=\"7169\" data-link=\"https:\/\/artejoven.org\/?attachment_id=7169#main\" data-url=\"https:\/\/artejoven.org\/wp-content\/uploads\/2024\/02\/PHOTO-2024-02-14-12-31-46-1024x685.webp\" data-width=\"1080\" src=\"https:\/\/i0.wp.com\/artejoven.org\/wp-content\/uploads\/2024\/02\/PHOTO-2024-02-14-12-31-46-1024x685.webp?ssl=1\" data-amp-layout=\"responsive\"\/><\/a><\/figure><figure class=\"tiled-gallery__item\"><a href=\"https:\/\/artejoven.org\/wp-content\/uploads\/2024\/02\/PHOTO-2024-02-14-12-31-47-1024x685.webp\"><img decoding=\"async\" srcset=\"https:\/\/i0.wp.com\/artejoven.org\/wp-content\/uploads\/2024\/02\/PHOTO-2024-02-14-12-31-47-1024x685.webp?strip=info&#038;w=600&#038;ssl=1 600w,https:\/\/i0.wp.com\/artejoven.org\/wp-content\/uploads\/2024\/02\/PHOTO-2024-02-14-12-31-47-1024x685.webp?strip=info&#038;w=900&#038;ssl=1 900w,https:\/\/i0.wp.com\/artejoven.org\/wp-content\/uploads\/2024\/02\/PHOTO-2024-02-14-12-31-47-1024x685.webp?strip=info&#038;w=1080&#038;ssl=1 1080w\" alt=\"Mart\u00ednez Celaya\" data-height=\"722\" data-id=\"7170\" data-link=\"https:\/\/artejoven.org\/?attachment_id=7170#main\" data-url=\"https:\/\/artejoven.org\/wp-content\/uploads\/2024\/02\/PHOTO-2024-02-14-12-31-47-1024x685.webp\" data-width=\"1080\" src=\"https:\/\/i0.wp.com\/artejoven.org\/wp-content\/uploads\/2024\/02\/PHOTO-2024-02-14-12-31-47-1024x685.webp?ssl=1\" data-amp-layout=\"responsive\"\/><\/a><\/figure><\/div><\/div><div class=\"tiled-gallery__row\"><div class=\"tiled-gallery__col\" style=\"flex-basis:23.65134%\"><figure class=\"tiled-gallery__item\"><a href=\"https:\/\/artejoven.org\/wp-content\/uploads\/2024\/02\/PHOTO-2024-02-14-12-31-49-1024x685.webp\"><img decoding=\"async\" srcset=\"https:\/\/i2.wp.com\/artejoven.org\/wp-content\/uploads\/2024\/02\/PHOTO-2024-02-14-12-31-49-1024x685.webp?strip=info&#038;w=600&#038;ssl=1 600w,https:\/\/i2.wp.com\/artejoven.org\/wp-content\/uploads\/2024\/02\/PHOTO-2024-02-14-12-31-49-1024x685.webp?strip=info&#038;w=900&#038;ssl=1 900w,https:\/\/i2.wp.com\/artejoven.org\/wp-content\/uploads\/2024\/02\/PHOTO-2024-02-14-12-31-49-1024x685.webp?strip=info&#038;w=1080&#038;ssl=1 1080w\" alt=\"Mart\u00ednez Celaya\" data-height=\"722\" data-id=\"7171\" data-link=\"https:\/\/artejoven.org\/?attachment_id=7171#main\" data-url=\"https:\/\/artejoven.org\/wp-content\/uploads\/2024\/02\/PHOTO-2024-02-14-12-31-49-1024x685.webp\" data-width=\"1080\" src=\"https:\/\/i2.wp.com\/artejoven.org\/wp-content\/uploads\/2024\/02\/PHOTO-2024-02-14-12-31-49-1024x685.webp?ssl=1\" data-amp-layout=\"responsive\"\/><\/a><\/figure><\/div><div class=\"tiled-gallery__col\" style=\"flex-basis:23.65134%\"><figure class=\"tiled-gallery__item\"><a href=\"https:\/\/artejoven.org\/wp-content\/uploads\/2024\/02\/PHOTO-2024-02-14-12-31-54-1024x685.webp\"><img decoding=\"async\" srcset=\"https:\/\/i0.wp.com\/artejoven.org\/wp-content\/uploads\/2024\/02\/PHOTO-2024-02-14-12-31-54-1024x685.webp?strip=info&#038;w=600&#038;ssl=1 600w,https:\/\/i0.wp.com\/artejoven.org\/wp-content\/uploads\/2024\/02\/PHOTO-2024-02-14-12-31-54-1024x685.webp?strip=info&#038;w=900&#038;ssl=1 900w,https:\/\/i0.wp.com\/artejoven.org\/wp-content\/uploads\/2024\/02\/PHOTO-2024-02-14-12-31-54-1024x685.webp?strip=info&#038;w=1080&#038;ssl=1 1080w\" alt=\"Mart\u00ednez Celaya\" data-height=\"722\" data-id=\"7172\" data-link=\"https:\/\/artejoven.org\/?attachment_id=7172#main\" data-url=\"https:\/\/artejoven.org\/wp-content\/uploads\/2024\/02\/PHOTO-2024-02-14-12-31-54-1024x685.webp\" data-width=\"1080\" src=\"https:\/\/i0.wp.com\/artejoven.org\/wp-content\/uploads\/2024\/02\/PHOTO-2024-02-14-12-31-54-1024x685.webp?ssl=1\" data-amp-layout=\"responsive\"\/><\/a><\/figure><\/div><div class=\"tiled-gallery__col\" style=\"flex-basis:23.65134%\"><figure class=\"tiled-gallery__item\"><a href=\"https:\/\/artejoven.org\/wp-content\/uploads\/2024\/02\/PHOTO-2024-02-14-12-31-55-1024x685.webp\"><img decoding=\"async\" srcset=\"https:\/\/i1.wp.com\/artejoven.org\/wp-content\/uploads\/2024\/02\/PHOTO-2024-02-14-12-31-55-1024x685.webp?strip=info&#038;w=600&#038;ssl=1 600w,https:\/\/i1.wp.com\/artejoven.org\/wp-content\/uploads\/2024\/02\/PHOTO-2024-02-14-12-31-55-1024x685.webp?strip=info&#038;w=900&#038;ssl=1 900w,https:\/\/i1.wp.com\/artejoven.org\/wp-content\/uploads\/2024\/02\/PHOTO-2024-02-14-12-31-55-1024x685.webp?strip=info&#038;w=1080&#038;ssl=1 1080w\" alt=\"Mart\u00ednez Celaya\" data-height=\"722\" data-id=\"7173\" data-link=\"https:\/\/artejoven.org\/?attachment_id=7173#main\" data-url=\"https:\/\/artejoven.org\/wp-content\/uploads\/2024\/02\/PHOTO-2024-02-14-12-31-55-1024x685.webp\" data-width=\"1080\" src=\"https:\/\/i1.wp.com\/artejoven.org\/wp-content\/uploads\/2024\/02\/PHOTO-2024-02-14-12-31-55-1024x685.webp?ssl=1\" data-amp-layout=\"responsive\"\/><\/a><\/figure><\/div><div class=\"tiled-gallery__col\" style=\"flex-basis:29.04599%\"><figure class=\"tiled-gallery__item\"><a href=\"https:\/\/artejoven.org\/wp-content\/uploads\/2024\/02\/Martinez-Celaya-1024x556.webp\"><img decoding=\"async\" srcset=\"https:\/\/i1.wp.com\/artejoven.org\/wp-content\/uploads\/2024\/02\/Martinez-Celaya-1024x556.webp?strip=info&#038;w=600&#038;ssl=1 600w,https:\/\/i1.wp.com\/artejoven.org\/wp-content\/uploads\/2024\/02\/Martinez-Celaya-1024x556.webp?strip=info&#038;w=900&#038;ssl=1 900w,https:\/\/i1.wp.com\/artejoven.org\/wp-content\/uploads\/2024\/02\/Martinez-Celaya-1024x556.webp?strip=info&#038;w=1200&#038;ssl=1 1200w,https:\/\/i1.wp.com\/artejoven.org\/wp-content\/uploads\/2024\/02\/Martinez-Celaya-1024x556.webp?strip=info&#038;w=1360&#038;ssl=1 1360w\" alt=\"Mart\u00ednez Celaya\" data-height=\"739\" data-id=\"7166\" data-link=\"https:\/\/artejoven.org\/?attachment_id=7166#main\" data-url=\"https:\/\/artejoven.org\/wp-content\/uploads\/2024\/02\/Martinez-Celaya-1024x556.webp\" data-width=\"1360\" src=\"https:\/\/i1.wp.com\/artejoven.org\/wp-content\/uploads\/2024\/02\/Martinez-Celaya-1024x556.webp?ssl=1\" data-amp-layout=\"responsive\"\/><\/a><\/figure><\/div><\/div><\/div><\/div>\n\n\n\n<p>La rencontre, promue par la FAJ et la Fondation Los Carbonell (FLC), a non seulement r\u00e9uni des g\u00e9n\u00e9rations d'artistes, mais a \u00e9galement \u00e9t\u00e9 l'occasion d'acc\u00e9der \u00e0 des connaissances et \u00e0 des outils sp\u00e9cialis\u00e9s pour d\u00e9velopper leur activit\u00e9 artistique professionnelle.<\/p>\n\n\n\n<p>Un peu plus d'un an apr\u00e8s sa cr\u00e9ation, le FAJ s'est consolid\u00e9 comme une plateforme de cr\u00e9ation, de r\u00e9flexion et de d\u00e9bat sur le jeune art, tant pour les nouvelles g\u00e9n\u00e9rations que pour les artistes confirm\u00e9s, les sp\u00e9cialistes de l'art, les collectionneurs et le grand public, en maintenant son objectif de transformer les utopies en art.<\/p>\n\n\n\n<div class=\"wp-block-jetpack-tiled-gallery aligncenter is-style-rectangular has-rounded-corners-15\"><div class=\"tiled-gallery__gallery\"><div class=\"tiled-gallery__row\"><div class=\"tiled-gallery__col\" style=\"flex-basis:66.80752%\"><figure class=\"tiled-gallery__item\"><a href=\"https:\/\/artejoven.org\/wp-content\/uploads\/2024\/02\/PHOTO-2024-02-14-12-31-55-1024x685.webp\"><img decoding=\"async\" srcset=\"https:\/\/i1.wp.com\/artejoven.org\/wp-content\/uploads\/2024\/02\/PHOTO-2024-02-14-12-31-55-1024x685.webp?strip=info&#038;w=600&#038;ssl=1 600w,https:\/\/i1.wp.com\/artejoven.org\/wp-content\/uploads\/2024\/02\/PHOTO-2024-02-14-12-31-55-1024x685.webp?strip=info&#038;w=900&#038;ssl=1 900w,https:\/\/i1.wp.com\/artejoven.org\/wp-content\/uploads\/2024\/02\/PHOTO-2024-02-14-12-31-55-1024x685.webp?strip=info&#038;w=1080&#038;ssl=1 1080w\" alt=\"Mart\u00ednez Celaya\" data-height=\"722\" data-id=\"7173\" data-link=\"https:\/\/artejoven.org\/?attachment_id=7173#main\" data-url=\"https:\/\/artejoven.org\/wp-content\/uploads\/2024\/02\/PHOTO-2024-02-14-12-31-55-1024x685.webp\" data-width=\"1080\" src=\"https:\/\/i1.wp.com\/artejoven.org\/wp-content\/uploads\/2024\/02\/PHOTO-2024-02-14-12-31-55-1024x685.webp?ssl=1\" data-amp-layout=\"responsive\"\/><\/a><\/figure><\/div><div class=\"tiled-gallery__col\" style=\"flex-basis:33.19248%\"><figure class=\"tiled-gallery__item\"><a href=\"https:\/\/artejoven.org\/wp-content\/uploads\/2024\/02\/PHOTO-2024-02-14-12-31-68-1024x685.webp\"><img decoding=\"async\" srcset=\"https:\/\/i2.wp.com\/artejoven.org\/wp-content\/uploads\/2024\/02\/PHOTO-2024-02-14-12-31-68-1024x685.webp?strip=info&#038;w=600&#038;ssl=1 600w,https:\/\/i2.wp.com\/artejoven.org\/wp-content\/uploads\/2024\/02\/PHOTO-2024-02-14-12-31-68-1024x685.webp?strip=info&#038;w=900&#038;ssl=1 900w,https:\/\/i2.wp.com\/artejoven.org\/wp-content\/uploads\/2024\/02\/PHOTO-2024-02-14-12-31-68-1024x685.webp?strip=info&#038;w=1080&#038;ssl=1 1080w\" alt=\"Mart\u00ednez Celaya\" data-height=\"722\" data-id=\"7181\" data-link=\"https:\/\/artejoven.org\/?attachment_id=7181#main\" data-url=\"https:\/\/artejoven.org\/wp-content\/uploads\/2024\/02\/PHOTO-2024-02-14-12-31-68-1024x685.webp\" data-width=\"1080\" src=\"https:\/\/i2.wp.com\/artejoven.org\/wp-content\/uploads\/2024\/02\/PHOTO-2024-02-14-12-31-68-1024x685.webp?ssl=1\" data-amp-layout=\"responsive\"\/><\/a><\/figure><figure class=\"tiled-gallery__item\"><a href=\"https:\/\/artejoven.org\/wp-content\/uploads\/2024\/02\/PHOTO-2024-02-14-12-31-48-1024x685.webp\"><img decoding=\"async\" srcset=\"https:\/\/i0.wp.com\/artejoven.org\/wp-content\/uploads\/2024\/02\/PHOTO-2024-02-14-12-31-48-1024x685.webp?strip=info&#038;w=600&#038;ssl=1 600w,https:\/\/i0.wp.com\/artejoven.org\/wp-content\/uploads\/2024\/02\/PHOTO-2024-02-14-12-31-48-1024x685.webp?strip=info&#038;w=900&#038;ssl=1 900w,https:\/\/i0.wp.com\/artejoven.org\/wp-content\/uploads\/2024\/02\/PHOTO-2024-02-14-12-31-48-1024x685.webp?strip=info&#038;w=1080&#038;ssl=1 1080w\" alt=\"Mart\u00ednez Celaya\" data-height=\"722\" data-id=\"7175\" data-link=\"https:\/\/artejoven.org\/?attachment_id=7175#main\" data-url=\"https:\/\/artejoven.org\/wp-content\/uploads\/2024\/02\/PHOTO-2024-02-14-12-31-48-1024x685.webp\" data-width=\"1080\" src=\"https:\/\/i0.wp.com\/artejoven.org\/wp-content\/uploads\/2024\/02\/PHOTO-2024-02-14-12-31-48-1024x685.webp?ssl=1\" data-amp-layout=\"responsive\"\/><\/a><\/figure><\/div><\/div><div class=\"tiled-gallery__row\"><div class=\"tiled-gallery__col\" style=\"flex-basis:33.19248%\"><figure class=\"tiled-gallery__item\"><a href=\"https:\/\/artejoven.org\/wp-content\/uploads\/2024\/02\/PHOTO-2024-02-14-12-31-65-1024x685.webp\"><img decoding=\"async\" srcset=\"https:\/\/i1.wp.com\/artejoven.org\/wp-content\/uploads\/2024\/02\/PHOTO-2024-02-14-12-31-65-1024x685.webp?strip=info&#038;w=600&#038;ssl=1 600w,https:\/\/i1.wp.com\/artejoven.org\/wp-content\/uploads\/2024\/02\/PHOTO-2024-02-14-12-31-65-1024x685.webp?strip=info&#038;w=900&#038;ssl=1 900w,https:\/\/i1.wp.com\/artejoven.org\/wp-content\/uploads\/2024\/02\/PHOTO-2024-02-14-12-31-65-1024x685.webp?strip=info&#038;w=1080&#038;ssl=1 1080w\" alt=\"Mart\u00ednez Celaya\" data-height=\"722\" data-id=\"7179\" data-link=\"https:\/\/artejoven.org\/?attachment_id=7179#main\" data-url=\"https:\/\/artejoven.org\/wp-content\/uploads\/2024\/02\/PHOTO-2024-02-14-12-31-65-1024x685.webp\" data-width=\"1080\" src=\"https:\/\/i1.wp.com\/artejoven.org\/wp-content\/uploads\/2024\/02\/PHOTO-2024-02-14-12-31-65-1024x685.webp?ssl=1\" data-amp-layout=\"responsive\"\/><\/a><\/figure><figure class=\"tiled-gallery__item\"><a href=\"https:\/\/artejoven.org\/wp-content\/uploads\/2024\/02\/PHOTO-2024-02-14-12-31-61-1024x685.webp\"><img decoding=\"async\" srcset=\"https:\/\/i0.wp.com\/artejoven.org\/wp-content\/uploads\/2024\/02\/PHOTO-2024-02-14-12-31-61-1024x685.webp?strip=info&#038;w=600&#038;ssl=1 600w,https:\/\/i0.wp.com\/artejoven.org\/wp-content\/uploads\/2024\/02\/PHOTO-2024-02-14-12-31-61-1024x685.webp?strip=info&#038;w=900&#038;ssl=1 900w,https:\/\/i0.wp.com\/artejoven.org\/wp-content\/uploads\/2024\/02\/PHOTO-2024-02-14-12-31-61-1024x685.webp?strip=info&#038;w=1080&#038;ssl=1 1080w\" alt=\"Mart\u00ednez Celaya\" data-height=\"722\" data-id=\"7178\" data-link=\"https:\/\/artejoven.org\/?attachment_id=7178#main\" data-url=\"https:\/\/artejoven.org\/wp-content\/uploads\/2024\/02\/PHOTO-2024-02-14-12-31-61-1024x685.webp\" data-width=\"1080\" src=\"https:\/\/i0.wp.com\/artejoven.org\/wp-content\/uploads\/2024\/02\/PHOTO-2024-02-14-12-31-61-1024x685.webp?ssl=1\" data-amp-layout=\"responsive\"\/><\/a><\/figure><\/div><div class=\"tiled-gallery__col\" style=\"flex-basis:66.80752%\"><figure class=\"tiled-gallery__item\"><a href=\"https:\/\/artejoven.org\/wp-content\/uploads\/2024\/02\/PHOTO-2024-02-14-12-31-67-1024x685.webp\"><img decoding=\"async\" srcset=\"https:\/\/i2.wp.com\/artejoven.org\/wp-content\/uploads\/2024\/02\/PHOTO-2024-02-14-12-31-67-1024x685.webp?strip=info&#038;w=600&#038;ssl=1 600w,https:\/\/i2.wp.com\/artejoven.org\/wp-content\/uploads\/2024\/02\/PHOTO-2024-02-14-12-31-67-1024x685.webp?strip=info&#038;w=900&#038;ssl=1 900w,https:\/\/i2.wp.com\/artejoven.org\/wp-content\/uploads\/2024\/02\/PHOTO-2024-02-14-12-31-67-1024x685.webp?strip=info&#038;w=1080&#038;ssl=1 1080w\" alt=\"Mart\u00ednez Celaya\" data-height=\"722\" data-id=\"7180\" data-link=\"https:\/\/artejoven.org\/?attachment_id=7180#main\" data-url=\"https:\/\/artejoven.org\/wp-content\/uploads\/2024\/02\/PHOTO-2024-02-14-12-31-67-1024x685.webp\" data-width=\"1080\" src=\"https:\/\/i2.wp.com\/artejoven.org\/wp-content\/uploads\/2024\/02\/PHOTO-2024-02-14-12-31-67-1024x685.webp?ssl=1\" data-amp-layout=\"responsive\"\/><\/a><\/figure><\/div><\/div><div class=\"tiled-gallery__row\"><div class=\"tiled-gallery__col\" style=\"flex-basis:33.33333%\"><figure class=\"tiled-gallery__item\"><a href=\"https:\/\/artejoven.org\/wp-content\/uploads\/2024\/02\/PHOTO-2024-02-14-12-31-64-1024x685.webp\"><img decoding=\"async\" srcset=\"https:\/\/i0.wp.com\/artejoven.org\/wp-content\/uploads\/2024\/02\/PHOTO-2024-02-14-12-31-64-1024x685.webp?strip=info&#038;w=600&#038;ssl=1 600w,https:\/\/i0.wp.com\/artejoven.org\/wp-content\/uploads\/2024\/02\/PHOTO-2024-02-14-12-31-64-1024x685.webp?strip=info&#038;w=900&#038;ssl=1 900w,https:\/\/i0.wp.com\/artejoven.org\/wp-content\/uploads\/2024\/02\/PHOTO-2024-02-14-12-31-64-1024x685.webp?strip=info&#038;w=1080&#038;ssl=1 1080w\" alt=\"Mart\u00ednez Celaya\" data-height=\"722\" data-id=\"7174\" data-link=\"https:\/\/artejoven.org\/?attachment_id=7174#main\" data-url=\"https:\/\/artejoven.org\/wp-content\/uploads\/2024\/02\/PHOTO-2024-02-14-12-31-64-1024x685.webp\" data-width=\"1080\" src=\"https:\/\/i0.wp.com\/artejoven.org\/wp-content\/uploads\/2024\/02\/PHOTO-2024-02-14-12-31-64-1024x685.webp?ssl=1\" data-amp-layout=\"responsive\"\/><\/a><\/figure><\/div><div class=\"tiled-gallery__col\" style=\"flex-basis:33.33333%\"><figure class=\"tiled-gallery__item\"><a href=\"https:\/\/artejoven.org\/wp-content\/uploads\/2024\/02\/PHOTO-2024-02-14-12-31-53-1024x685.webp\"><img decoding=\"async\" srcset=\"https:\/\/i0.wp.com\/artejoven.org\/wp-content\/uploads\/2024\/02\/PHOTO-2024-02-14-12-31-53-1024x685.webp?strip=info&#038;w=600&#038;ssl=1 600w,https:\/\/i0.wp.com\/artejoven.org\/wp-content\/uploads\/2024\/02\/PHOTO-2024-02-14-12-31-53-1024x685.webp?strip=info&#038;w=900&#038;ssl=1 900w,https:\/\/i0.wp.com\/artejoven.org\/wp-content\/uploads\/2024\/02\/PHOTO-2024-02-14-12-31-53-1024x685.webp?strip=info&#038;w=1080&#038;ssl=1 1080w\" alt=\"Mart\u00ednez Celaya\" data-height=\"722\" data-id=\"7177\" data-link=\"https:\/\/artejoven.org\/?attachment_id=7177#main\" data-url=\"https:\/\/artejoven.org\/wp-content\/uploads\/2024\/02\/PHOTO-2024-02-14-12-31-53-1024x685.webp\" data-width=\"1080\" src=\"https:\/\/i0.wp.com\/artejoven.org\/wp-content\/uploads\/2024\/02\/PHOTO-2024-02-14-12-31-53-1024x685.webp?ssl=1\" data-amp-layout=\"responsive\"\/><\/a><\/figure><\/div><div class=\"tiled-gallery__col\" style=\"flex-basis:33.33333%\"><figure class=\"tiled-gallery__item\"><a href=\"https:\/\/artejoven.org\/wp-content\/uploads\/2024\/02\/PHOTO-2024-02-14-12-31-74-1024x685.webp\"><img decoding=\"async\" srcset=\"https:\/\/i0.wp.com\/artejoven.org\/wp-content\/uploads\/2024\/02\/PHOTO-2024-02-14-12-31-74-1024x685.webp?strip=info&#038;w=600&#038;ssl=1 600w,https:\/\/i0.wp.com\/artejoven.org\/wp-content\/uploads\/2024\/02\/PHOTO-2024-02-14-12-31-74-1024x685.webp?strip=info&#038;w=900&#038;ssl=1 900w,https:\/\/i0.wp.com\/artejoven.org\/wp-content\/uploads\/2024\/02\/PHOTO-2024-02-14-12-31-74-1024x685.webp?strip=info&#038;w=1080&#038;ssl=1 1080w\" alt=\"Mart\u00ednez Celaya\" data-height=\"722\" data-id=\"7182\" data-link=\"https:\/\/artejoven.org\/?attachment_id=7182#main\" data-url=\"https:\/\/artejoven.org\/wp-content\/uploads\/2024\/02\/PHOTO-2024-02-14-12-31-74-1024x685.webp\" data-width=\"1080\" src=\"https:\/\/i0.wp.com\/artejoven.org\/wp-content\/uploads\/2024\/02\/PHOTO-2024-02-14-12-31-74-1024x685.webp?ssl=1\" data-amp-layout=\"responsive\"\/><\/a><\/figure><\/div><\/div><\/div><\/div>","protected":false},"excerpt":{"rendered":"<p class=\"translation-block\">L'artiste, auteur et physicien Enrique Mart\u00ednez Celaya a \u00e9chang\u00e9 avec de jeunes cr\u00e9ateurs cubains lors de la <a href=\"https:\/\/artejoven.org\/fr\/espaces-faj\/chambre-blanche\/\" title=\"\" target=\"_self\">Galer\u00eda Sal\u00f3n Blanco del Fondo de Arte Joven (FAJ)<\/a>. Pendant un peu plus de deux heures, les participants ont pu d\u00e9couvrir de plus pr\u00e8s la carri\u00e8re de Mart\u00ednez Celaya, d\u00e9couvrir l'impact de la physique et de l'art dans ses cr\u00e9ations et partager des exp\u00e9riences cr\u00e9atives.<\/p>","protected":false},"author":1,"featured_media":7166,"comment_status":"open","ping_status":"open","sticky":false,"template":"","format":"standard","meta":{"_acf_changed":false,"_jetpack_memberships_contains_paid_content":false,"footnotes":"","_links_to":"","_links_to_target":""},"categories":[35],"tags":[],"class_list":{"0":"post-7165","1":"post","2":"type-post","3":"status-publish","4":"format-standard","5":"has-post-thumbnail","6":"hentry","7":"category-desde-el-faj","9":"post-with-thumbnail","10":"post-with-thumbnail-large"},"acf":[],"aioseo_notices":[],"jetpack_featured_media_url":"https:\/\/artejoven.org\/wp-content\/uploads\/2024\/02\/Martinez-Celaya-jpg.webp","jetpack-related-posts":[{"id":8010,"url":"https:\/\/artejoven.org\/fr\/inauguracion-de-la-segunda-edicion-del-concurso-malayerba-un-espacio-para-la-joven-creatividad-cubana\/","url_meta":{"origin":7165,"position":0},"title":"Inauguration de la deuxi\u00e8me \u00e9dition du concours malaYerba : un espace pour la jeune cr\u00e9ativit\u00e9 cubaine.","author":"Ren\u00e9 Manuel Puig","date":"5 de septembre de 2024","format":false,"excerpt":"Le Fondo de Arte Joven (FAJ) a le plaisir d'annoncer l'ouverture de la deuxi\u00e8me \u00e9dition de malaYerba","rel":"","context":"Dans &quot;Desde el FAJ&quot;","block_context":{"text":"Desde el FAJ","link":"https:\/\/artejoven.org\/fr\/category\/noticias\/desde-el-faj\/"},"img":{"alt_text":"malaYerba","src":"https:\/\/i0.wp.com\/artejoven.org\/wp-content\/uploads\/2024\/07\/malaYerba-Segunda-Convocatoria-1-jpg.webp?resize=350%2C200&ssl=1","width":350,"height":200,"srcset":"https:\/\/i0.wp.com\/artejoven.org\/wp-content\/uploads\/2024\/07\/malaYerba-Segunda-Convocatoria-1-jpg.webp?resize=350%2C200&ssl=1 1x, https:\/\/i0.wp.com\/artejoven.org\/wp-content\/uploads\/2024\/07\/malaYerba-Segunda-Convocatoria-1-jpg.webp?resize=525%2C300&ssl=1 1.5x, https:\/\/i0.wp.com\/artejoven.org\/wp-content\/uploads\/2024\/07\/malaYerba-Segunda-Convocatoria-1-jpg.webp?resize=700%2C400&ssl=1 2x, https:\/\/i0.wp.com\/artejoven.org\/wp-content\/uploads\/2024\/07\/malaYerba-Segunda-Convocatoria-1-jpg.webp?resize=1050%2C600&ssl=1 3x, https:\/\/i0.wp.com\/artejoven.org\/wp-content\/uploads\/2024\/07\/malaYerba-Segunda-Convocatoria-1-jpg.webp?resize=1400%2C800&ssl=1 4x"},"classes":[]},{"id":9141,"url":"https:\/\/artejoven.org\/fr\/la-residencia-una-experiencia-cinematografica-que-une-culturas\/","url_meta":{"origin":7165,"position":1},"title":"\"The Residence\" : une exp\u00e9rience cin\u00e9matographique qui unit les cultures","author":"Ren\u00e9 Manuel Puig","date":"31 de mars de 2025","format":false,"excerpt":"Le FAJ poursuit son engagement \u00e0 soutenir et \u00e0 rendre visible le travail de jeunes artistes qui font leurs premiers pas dans le monde de l'art, avec une attention particuli\u00e8re pour les femmes.","rel":"","context":"Dans &quot;Desde el FAJ&quot;","block_context":{"text":"Desde el FAJ","link":"https:\/\/artejoven.org\/fr\/category\/noticias\/desde-el-faj\/"},"img":{"alt_text":"","src":"https:\/\/i0.wp.com\/artejoven.org\/wp-content\/uploads\/2025\/03\/Presentacion-de-La-Residencia_-Un-documental-del-Fondo-de-Arte-Joven-1-scaled.webp?resize=350%2C200&ssl=1","width":350,"height":200,"srcset":"https:\/\/i0.wp.com\/artejoven.org\/wp-content\/uploads\/2025\/03\/Presentacion-de-La-Residencia_-Un-documental-del-Fondo-de-Arte-Joven-1-scaled.webp?resize=350%2C200&ssl=1 1x, https:\/\/i0.wp.com\/artejoven.org\/wp-content\/uploads\/2025\/03\/Presentacion-de-La-Residencia_-Un-documental-del-Fondo-de-Arte-Joven-1-scaled.webp?resize=525%2C300&ssl=1 1.5x, https:\/\/i0.wp.com\/artejoven.org\/wp-content\/uploads\/2025\/03\/Presentacion-de-La-Residencia_-Un-documental-del-Fondo-de-Arte-Joven-1-scaled.webp?resize=700%2C400&ssl=1 2x, https:\/\/i0.wp.com\/artejoven.org\/wp-content\/uploads\/2025\/03\/Presentacion-de-La-Residencia_-Un-documental-del-Fondo-de-Arte-Joven-1-scaled.webp?resize=1050%2C600&ssl=1 3x, https:\/\/i0.wp.com\/artejoven.org\/wp-content\/uploads\/2025\/03\/Presentacion-de-La-Residencia_-Un-documental-del-Fondo-de-Arte-Joven-1-scaled.webp?resize=1400%2C800&ssl=1 4x"},"classes":[]},{"id":7485,"url":"https:\/\/artejoven.org\/fr\/fondo-de-arte-joven-se-une-a-la-harvard-jazz-orchestra-en-un-primer-intercambio-de-talento-musical\/","url_meta":{"origin":7165,"position":2},"title":"Le Fondo de Arte Joven s'associe au Harvard Jazz Orchestra dans le cadre d'un premier \u00e9change de talents musicaux","author":"Ren\u00e9 Manuel Puig","date":"5 de juin de 2024","format":false,"excerpt":"Une d\u00e9l\u00e9gation de jeunes musiciens du Harvard Jazz Orchestra a \u00e9chang\u00e9 la semaine derni\u00e8re avec le Fondo de Arte Joven (FAJ).","rel":"","context":"Dans &quot;Desde el FAJ&quot;","block_context":{"text":"Desde el FAJ","link":"https:\/\/artejoven.org\/fr\/category\/noticias\/desde-el-faj\/"},"img":{"alt_text":"Harvard Jazz Orchestra","src":"https:\/\/i0.wp.com\/artejoven.org\/wp-content\/uploads\/2024\/06\/Harvard-01.jpg?resize=350%2C200&ssl=1","width":350,"height":200,"srcset":"https:\/\/i0.wp.com\/artejoven.org\/wp-content\/uploads\/2024\/06\/Harvard-01.jpg?resize=350%2C200&ssl=1 1x, https:\/\/i0.wp.com\/artejoven.org\/wp-content\/uploads\/2024\/06\/Harvard-01.jpg?resize=525%2C300&ssl=1 1.5x, https:\/\/i0.wp.com\/artejoven.org\/wp-content\/uploads\/2024\/06\/Harvard-01.jpg?resize=700%2C400&ssl=1 2x, https:\/\/i0.wp.com\/artejoven.org\/wp-content\/uploads\/2024\/06\/Harvard-01.jpg?resize=1050%2C600&ssl=1 3x"},"classes":[]},{"id":6063,"url":"https:\/\/artejoven.org\/fr\/fondo-de-arte-joven-se-presenta-a-estudiantes-y-artistas-de-santiago-de-cuba\/","url_meta":{"origin":7165,"position":3},"title":"Le Fondo de Arte Joven se pr\u00e9sente aux \u00e9tudiants et artistes de Santiago de Cuba","author":"Ren\u00e9 Manuel Puig","date":"4 de octobre de 2023","format":false,"excerpt":"Dans le cadre d'un \u00e9change avec des artistes et des \u00e9tudiants de Santiago de Cuba, la pr\u00e9sentation du Fondo de Arte Joven (FAJ) a eu lieu mardi, lors du II Sal\u00f3n Regional de Arte Contempor\u00e1neo Ren\u00e9 Vald\u00e9s Cede\u00f1o, \u00e0 Santiago de Cuba.","rel":"","context":"Dans &quot;Desde el FAJ&quot;","block_context":{"text":"Desde el FAJ","link":"https:\/\/artejoven.org\/fr\/category\/noticias\/desde-el-faj\/"},"img":{"alt_text":"Sandra Garc\u00eda Herrera y Caridad Figueroa, en representaci\u00f3n del FAJ","src":"https:\/\/i0.wp.com\/artejoven.org\/wp-content\/uploads\/2023\/10\/FAJ-en-Santiago-de-Cuba-jpg.webp?resize=350%2C200&ssl=1","width":350,"height":200,"srcset":"https:\/\/i0.wp.com\/artejoven.org\/wp-content\/uploads\/2023\/10\/FAJ-en-Santiago-de-Cuba-jpg.webp?resize=350%2C200&ssl=1 1x, https:\/\/i0.wp.com\/artejoven.org\/wp-content\/uploads\/2023\/10\/FAJ-en-Santiago-de-Cuba-jpg.webp?resize=525%2C300&ssl=1 1.5x, https:\/\/i0.wp.com\/artejoven.org\/wp-content\/uploads\/2023\/10\/FAJ-en-Santiago-de-Cuba-jpg.webp?resize=700%2C400&ssl=1 2x, https:\/\/i0.wp.com\/artejoven.org\/wp-content\/uploads\/2023\/10\/FAJ-en-Santiago-de-Cuba-jpg.webp?resize=1050%2C600&ssl=1 3x"},"classes":[]},{"id":6083,"url":"https:\/\/artejoven.org\/fr\/fondo-de-arte-joven-impulsa-programa-de-residencia-academica-haiti-cuba\/","url_meta":{"origin":7165,"position":4},"title":"Le Fondo de Arte Joven promeut le programme de r\u00e9sidence acad\u00e9mique Ha\u00efti-Cuba","author":"Ren\u00e9 Manuel Puig","date":"19 de octobre de 2023","format":false,"excerpt":"Cette semaine, un groupe de jeunes cr\u00e9ateurs ha\u00eftiens est arriv\u00e9 \u00e0 La Havane pour participer au premier programme de r\u00e9sidence acad\u00e9mique promu par le Fondo de Arte Joven (FAJ), qui met l'accent sur la musique et la photographie.","rel":"","context":"Dans &quot;Desde el FAJ&quot;","block_context":{"text":"Desde el FAJ","link":"https:\/\/artejoven.org\/fr\/category\/noticias\/desde-el-faj\/"},"img":{"alt_text":"Residencia Acad\u00e9mica Hait\u00ed - Cuba","src":"https:\/\/i0.wp.com\/artejoven.org\/wp-content\/uploads\/2023\/10\/Residencia-academica-Haiti-Cuba-jpg.webp?resize=350%2C200&ssl=1","width":350,"height":200,"srcset":"https:\/\/i0.wp.com\/artejoven.org\/wp-content\/uploads\/2023\/10\/Residencia-academica-Haiti-Cuba-jpg.webp?resize=350%2C200&ssl=1 1x, https:\/\/i0.wp.com\/artejoven.org\/wp-content\/uploads\/2023\/10\/Residencia-academica-Haiti-Cuba-jpg.webp?resize=525%2C300&ssl=1 1.5x, https:\/\/i0.wp.com\/artejoven.org\/wp-content\/uploads\/2023\/10\/Residencia-academica-Haiti-Cuba-jpg.webp?resize=700%2C400&ssl=1 2x, https:\/\/i0.wp.com\/artejoven.org\/wp-content\/uploads\/2023\/10\/Residencia-academica-Haiti-Cuba-jpg.webp?resize=1050%2C600&ssl=1 3x"},"classes":[]},{"id":7405,"url":"https:\/\/artejoven.org\/fr\/patio-abierto-y-la-musica-como-lenguaje-universal\/","url_meta":{"origin":7165,"position":5},"title":"Patio Abierto et la musique comme langue universelle","author":"Ren\u00e9 Manuel Puig","date":"8 de mai de 2024","format":false,"excerpt":"Lorsque nous avons accept\u00e9 de relever le d\u00e9fi de cr\u00e9er une exp\u00e9rience musicale qui fusionnerait les sonorit\u00e9s de trois cultures : cubaine, balkanique, croate traditionnelle et m\u00e9di\u00e9vale espagnole, nous savions qu'il s'agirait de jours de dur labeur.","rel":"","context":"Dans &quot;Desde el FAJ&quot;","block_context":{"text":"Desde el FAJ","link":"https:\/\/artejoven.org\/fr\/category\/noticias\/desde-el-faj\/"},"img":{"alt_text":"Patio Abierto","src":"https:\/\/i0.wp.com\/artejoven.org\/wp-content\/uploads\/2024\/05\/Patio-abierto-1.jpg?resize=350%2C200&ssl=1","width":350,"height":200,"srcset":"https:\/\/i0.wp.com\/artejoven.org\/wp-content\/uploads\/2024\/05\/Patio-abierto-1.jpg?resize=350%2C200&ssl=1 1x, https:\/\/i0.wp.com\/artejoven.org\/wp-content\/uploads\/2024\/05\/Patio-abierto-1.jpg?resize=525%2C300&ssl=1 1.5x, https:\/\/i0.wp.com\/artejoven.org\/wp-content\/uploads\/2024\/05\/Patio-abierto-1.jpg?resize=700%2C400&ssl=1 2x, https:\/\/i0.wp.com\/artejoven.org\/wp-content\/uploads\/2024\/05\/Patio-abierto-1.jpg?resize=1050%2C600&ssl=1 3x"},"classes":[]}],"jetpack_sharing_enabled":true,"_links":{"self":[{"href":"https:\/\/artejoven.org\/fr\/wp-json\/wp\/v2\/posts\/7165","targetHints":{"allow":["GET"]}}],"collection":[{"href":"https:\/\/artejoven.org\/fr\/wp-json\/wp\/v2\/posts"}],"about":[{"href":"https:\/\/artejoven.org\/fr\/wp-json\/wp\/v2\/types\/post"}],"author":[{"embeddable":true,"href":"https:\/\/artejoven.org\/fr\/wp-json\/wp\/v2\/users\/1"}],"replies":[{"embeddable":true,"href":"https:\/\/artejoven.org\/fr\/wp-json\/wp\/v2\/comments?post=7165"}],"version-history":[{"count":0,"href":"https:\/\/artejoven.org\/fr\/wp-json\/wp\/v2\/posts\/7165\/revisions"}],"wp:featuredmedia":[{"embeddable":true,"href":"https:\/\/artejoven.org\/fr\/wp-json\/wp\/v2\/media\/7166"}],"wp:attachment":[{"href":"https:\/\/artejoven.org\/fr\/wp-json\/wp\/v2\/media?parent=7165"}],"wp:term":[{"taxonomy":"category","embeddable":true,"href":"https:\/\/artejoven.org\/fr\/wp-json\/wp\/v2\/categories?post=7165"},{"taxonomy":"post_tag","embeddable":true,"href":"https:\/\/artejoven.org\/fr\/wp-json\/wp\/v2\/tags?post=7165"}],"curies":[{"name":"wp","href":"https:\/\/api.w.org\/{rel}","templated":true}]}}