{"id":7201,"date":"2024-03-06T21:25:35","date_gmt":"2024-03-07T02:25:35","guid":{"rendered":"https:\/\/artejoven.org\/?p=7201"},"modified":"2024-03-07T17:12:11","modified_gmt":"2024-03-07T22:12:11","slug":"voyage-vers-lutopie-le-concert-sonorise-par-et-pour-les-jeunes-artistes","status":"publish","type":"post","link":"https:\/\/artejoven.org\/fr\/viaje-a-la-utopia-el-concierto-sonado-por-y-para-jovenes-artistas\/","title":{"rendered":"Voyage en Utopie, le concert de r\u00eave par et pour les jeunes artistes"},"content":{"rendered":"<p>Nous avons c\u00e9l\u00e9br\u00e9 le premier anniversaire de la cr\u00e9ation du Fondo de Arte Joven (FAJ) comme un voyage dans les coins utopiques de l'art, et nous les prenons par la main pour c\u00e9l\u00e9brer leur existence. \"Voyage en Utopie\" \u00e9tait un concert con\u00e7u pour nos artistes, laur\u00e9ats des appels \u00e0 projets de musique cr\u00e9ative lanc\u00e9s par le FAJ, et c'est ce qui s'est pass\u00e9. De la direction artistique \u00e0 l'ing\u00e9nierie du son, ils ont \u00e9t\u00e9 les stars de la soir\u00e9e.<\/p>\n\n\n\n<p>La visite a d\u00e9but\u00e9 dans le hall du Museo Nacional de Bellas Artes. Le jeune fl\u00fbtiste Yasel Mu\u00f1oz s'est charg\u00e9 d'accueillir le public et de l'inviter \u00e0 profiter d'une soir\u00e9e aussi vari\u00e9e qu'insolite. Il a \u00e9t\u00e9 suivi par Patricia D\u00edaz \u00e0 la guitare et par l'ensemble de fl\u00fbtes dirig\u00e9 par Samdor Ram\u00edrez. Le public savait alors qu'il ne pourrait plus revenir en arri\u00e8re.<\/p>\n\n\n\n<div class=\"wp-block-jetpack-tiled-gallery aligncenter is-style-rectangular has-rounded-corners-15\"><div class=\"tiled-gallery__gallery\"><div class=\"tiled-gallery__row\"><div class=\"tiled-gallery__col\" style=\"flex-basis:66.80788%\"><figure class=\"tiled-gallery__item\"><a href=\"https:\/\/artejoven.org\/wp-content\/uploads\/2024\/03\/A7R9136-1024x683.webp\"><img decoding=\"async\" srcset=\"https:\/\/i2.wp.com\/artejoven.org\/wp-content\/uploads\/2024\/03\/A7R9136-1024x683.webp?strip=info&#038;w=600&#038;ssl=1 600w,https:\/\/i2.wp.com\/artejoven.org\/wp-content\/uploads\/2024\/03\/A7R9136-1024x683.webp?strip=info&#038;w=900&#038;ssl=1 900w,https:\/\/i2.wp.com\/artejoven.org\/wp-content\/uploads\/2024\/03\/A7R9136-1024x683.webp?strip=info&#038;w=1200&#038;ssl=1 1200w,https:\/\/i2.wp.com\/artejoven.org\/wp-content\/uploads\/2024\/03\/A7R9136-1024x683.webp?strip=info&#038;w=1500&#038;ssl=1 1500w,https:\/\/i2.wp.com\/artejoven.org\/wp-content\/uploads\/2024\/03\/A7R9136-1024x683.webp?strip=info&#038;w=1800&#038;ssl=1 1800w,https:\/\/i2.wp.com\/artejoven.org\/wp-content\/uploads\/2024\/03\/A7R9136-1024x683.webp?strip=info&#038;w=2000&#038;ssl=1 2000w\" alt=\"Voyage en Utopie\" data-height=\"1707\" data-id=\"7204\" data-link=\"https:\/\/artejoven.org\/?attachment_id=7204#main\" data-url=\"https:\/\/artejoven.org\/wp-content\/uploads\/2024\/03\/A7R9136-1024x683.webp\" data-width=\"2560\" src=\"https:\/\/i2.wp.com\/artejoven.org\/wp-content\/uploads\/2024\/03\/A7R9136-1024x683.webp?ssl=1\" data-amp-layout=\"responsive\"\/><\/a><\/figure><\/div><div class=\"tiled-gallery__col\" style=\"flex-basis:33.19212%\"><figure class=\"tiled-gallery__item\"><a href=\"https:\/\/artejoven.org\/wp-content\/uploads\/2024\/03\/A7R9142-1024x683.webp\"><img decoding=\"async\" srcset=\"https:\/\/i0.wp.com\/artejoven.org\/wp-content\/uploads\/2024\/03\/A7R9142-1024x683.webp?strip=info&#038;w=600&#038;ssl=1 600w,https:\/\/i0.wp.com\/artejoven.org\/wp-content\/uploads\/2024\/03\/A7R9142-1024x683.webp?strip=info&#038;w=900&#038;ssl=1 900w,https:\/\/i0.wp.com\/artejoven.org\/wp-content\/uploads\/2024\/03\/A7R9142-1024x683.webp?strip=info&#038;w=1200&#038;ssl=1 1200w,https:\/\/i0.wp.com\/artejoven.org\/wp-content\/uploads\/2024\/03\/A7R9142-1024x683.webp?strip=info&#038;w=1500&#038;ssl=1 1500w,https:\/\/i0.wp.com\/artejoven.org\/wp-content\/uploads\/2024\/03\/A7R9142-1024x683.webp?strip=info&#038;w=1800&#038;ssl=1 1800w,https:\/\/i0.wp.com\/artejoven.org\/wp-content\/uploads\/2024\/03\/A7R9142-1024x683.webp?strip=info&#038;w=2000&#038;ssl=1 2000w\" alt=\"Voyage en Utopie\" data-height=\"1707\" data-id=\"7203\" data-link=\"https:\/\/artejoven.org\/?attachment_id=7203#main\" data-url=\"https:\/\/artejoven.org\/wp-content\/uploads\/2024\/03\/A7R9142-1024x683.webp\" data-width=\"2560\" src=\"https:\/\/i0.wp.com\/artejoven.org\/wp-content\/uploads\/2024\/03\/A7R9142-1024x683.webp?ssl=1\" data-amp-layout=\"responsive\"\/><\/a><\/figure><figure class=\"tiled-gallery__item\"><a href=\"https:\/\/artejoven.org\/wp-content\/uploads\/2024\/03\/A7R9175-1024x683.webp\"><img decoding=\"async\" srcset=\"https:\/\/i1.wp.com\/artejoven.org\/wp-content\/uploads\/2024\/03\/A7R9175-1024x683.webp?strip=info&#038;w=600&#038;ssl=1 600w,https:\/\/i1.wp.com\/artejoven.org\/wp-content\/uploads\/2024\/03\/A7R9175-1024x683.webp?strip=info&#038;w=900&#038;ssl=1 900w,https:\/\/i1.wp.com\/artejoven.org\/wp-content\/uploads\/2024\/03\/A7R9175-1024x683.webp?strip=info&#038;w=1200&#038;ssl=1 1200w,https:\/\/i1.wp.com\/artejoven.org\/wp-content\/uploads\/2024\/03\/A7R9175-1024x683.webp?strip=info&#038;w=1500&#038;ssl=1 1500w,https:\/\/i1.wp.com\/artejoven.org\/wp-content\/uploads\/2024\/03\/A7R9175-1024x683.webp?strip=info&#038;w=1800&#038;ssl=1 1800w,https:\/\/i1.wp.com\/artejoven.org\/wp-content\/uploads\/2024\/03\/A7R9175-1024x683.webp?strip=info&#038;w=2000&#038;ssl=1 2000w\" alt=\"\" data-height=\"1707\" data-id=\"7225\" data-link=\"https:\/\/artejoven.org\/viaje-a-la-utopia-el-concierto-sonado-por-y-para-jovenes-artistas\/a7r9175\/#main\" data-url=\"https:\/\/artejoven.org\/wp-content\/uploads\/2024\/03\/A7R9175-1024x683.webp\" data-width=\"2560\" src=\"https:\/\/i1.wp.com\/artejoven.org\/wp-content\/uploads\/2024\/03\/A7R9175-1024x683.webp?ssl=1\" data-amp-layout=\"responsive\"\/><\/a><\/figure><\/div><\/div><\/div><\/div>\n\n\n\n<p>Envo\u00fbt\u00e9s par la puissance de la musique, ils marchaient derri\u00e8re Yasel, ou \u00e0 ses c\u00f4t\u00e9s, comme quelqu'un qui ne veut pas rater un d\u00e9tail.<\/p>\n\n\n\n<p>Une fois dans la salle, Abel Lescay au piano a confirm\u00e9 tous les soup\u00e7ons, et a invit\u00e9 tout le monde \u00e0 rester assis, car ce concert promettait des \u00e9motions \u00e0 n'en plus finir. C'est ainsi que sont apparus les accords de clarinette, des mains de Coqui Calzadilla, qui, apr\u00e8s une premi\u00e8re apparition sur sc\u00e8ne, a ensuite accompagn\u00e9 la jeune pianiste Lianne Vega sur sc\u00e8ne.&nbsp;<\/p>\n\n\n\n<p>La musique allait et venait sur les c\u00f4t\u00e9s du public, par-dessus les planches, derri\u00e8re les si\u00e8ges, comme si elle rebondissait dans tous les coins et recoins de la salle. Le public applaudit, comme s'il ne savait pas quoi faire face \u00e0 tant de provocation sensorielle.<\/p>\n\n\n\n<div class=\"wp-block-jetpack-tiled-gallery aligncenter is-style-rectangular has-rounded-corners-15\"><div class=\"tiled-gallery__gallery\"><div class=\"tiled-gallery__row\"><div class=\"tiled-gallery__col\" style=\"flex-basis:66.80788%\"><figure class=\"tiled-gallery__item\"><a href=\"https:\/\/artejoven.org\/wp-content\/uploads\/2024\/03\/A7R9221-1024x683.webp\"><img decoding=\"async\" srcset=\"https:\/\/i0.wp.com\/artejoven.org\/wp-content\/uploads\/2024\/03\/A7R9221-1024x683.webp?strip=info&#038;w=600&#038;ssl=1 600w,https:\/\/i0.wp.com\/artejoven.org\/wp-content\/uploads\/2024\/03\/A7R9221-1024x683.webp?strip=info&#038;w=900&#038;ssl=1 900w,https:\/\/i0.wp.com\/artejoven.org\/wp-content\/uploads\/2024\/03\/A7R9221-1024x683.webp?strip=info&#038;w=1200&#038;ssl=1 1200w,https:\/\/i0.wp.com\/artejoven.org\/wp-content\/uploads\/2024\/03\/A7R9221-1024x683.webp?strip=info&#038;w=1500&#038;ssl=1 1500w,https:\/\/i0.wp.com\/artejoven.org\/wp-content\/uploads\/2024\/03\/A7R9221-1024x683.webp?strip=info&#038;w=1800&#038;ssl=1 1800w,https:\/\/i0.wp.com\/artejoven.org\/wp-content\/uploads\/2024\/03\/A7R9221-1024x683.webp?strip=info&#038;w=2000&#038;ssl=1 2000w\" alt=\"Voyage en Utopie\" data-height=\"1707\" data-id=\"7207\" data-link=\"https:\/\/artejoven.org\/?attachment_id=7207#main\" data-url=\"https:\/\/artejoven.org\/wp-content\/uploads\/2024\/03\/A7R9221-1024x683.webp\" data-width=\"2560\" src=\"https:\/\/i0.wp.com\/artejoven.org\/wp-content\/uploads\/2024\/03\/A7R9221-1024x683.webp?ssl=1\" data-amp-layout=\"responsive\"\/><\/a><\/figure><\/div><div class=\"tiled-gallery__col\" style=\"flex-basis:33.19212%\"><figure class=\"tiled-gallery__item\"><a href=\"https:\/\/artejoven.org\/wp-content\/uploads\/2024\/03\/A7R9264-1024x683.webp\"><img decoding=\"async\" srcset=\"https:\/\/i1.wp.com\/artejoven.org\/wp-content\/uploads\/2024\/03\/A7R9264-1024x683.webp?strip=info&#038;w=600&#038;ssl=1 600w,https:\/\/i1.wp.com\/artejoven.org\/wp-content\/uploads\/2024\/03\/A7R9264-1024x683.webp?strip=info&#038;w=900&#038;ssl=1 900w,https:\/\/i1.wp.com\/artejoven.org\/wp-content\/uploads\/2024\/03\/A7R9264-1024x683.webp?strip=info&#038;w=1200&#038;ssl=1 1200w,https:\/\/i1.wp.com\/artejoven.org\/wp-content\/uploads\/2024\/03\/A7R9264-1024x683.webp?strip=info&#038;w=1500&#038;ssl=1 1500w,https:\/\/i1.wp.com\/artejoven.org\/wp-content\/uploads\/2024\/03\/A7R9264-1024x683.webp?strip=info&#038;w=1800&#038;ssl=1 1800w,https:\/\/i1.wp.com\/artejoven.org\/wp-content\/uploads\/2024\/03\/A7R9264-1024x683.webp?strip=info&#038;w=2000&#038;ssl=1 2000w\" alt=\"Voyage en Utopie\" data-height=\"1707\" data-id=\"7205\" data-link=\"https:\/\/artejoven.org\/?attachment_id=7205#main\" data-url=\"https:\/\/artejoven.org\/wp-content\/uploads\/2024\/03\/A7R9264-1024x683.webp\" data-width=\"2560\" src=\"https:\/\/i1.wp.com\/artejoven.org\/wp-content\/uploads\/2024\/03\/A7R9264-1024x683.webp?ssl=1\" data-amp-layout=\"responsive\"\/><\/a><\/figure><figure class=\"tiled-gallery__item\"><a href=\"https:\/\/artejoven.org\/wp-content\/uploads\/2024\/03\/A7R9226-1024x683.webp\"><img decoding=\"async\" srcset=\"https:\/\/i2.wp.com\/artejoven.org\/wp-content\/uploads\/2024\/03\/A7R9226-1024x683.webp?strip=info&#038;w=600&#038;ssl=1 600w,https:\/\/i2.wp.com\/artejoven.org\/wp-content\/uploads\/2024\/03\/A7R9226-1024x683.webp?strip=info&#038;w=900&#038;ssl=1 900w,https:\/\/i2.wp.com\/artejoven.org\/wp-content\/uploads\/2024\/03\/A7R9226-1024x683.webp?strip=info&#038;w=1200&#038;ssl=1 1200w,https:\/\/i2.wp.com\/artejoven.org\/wp-content\/uploads\/2024\/03\/A7R9226-1024x683.webp?strip=info&#038;w=1500&#038;ssl=1 1500w,https:\/\/i2.wp.com\/artejoven.org\/wp-content\/uploads\/2024\/03\/A7R9226-1024x683.webp?strip=info&#038;w=1800&#038;ssl=1 1800w,https:\/\/i2.wp.com\/artejoven.org\/wp-content\/uploads\/2024\/03\/A7R9226-1024x683.webp?strip=info&#038;w=2000&#038;ssl=1 2000w\" alt=\"Voyage en Utopie\" data-height=\"1707\" data-id=\"7206\" data-link=\"https:\/\/artejoven.org\/?attachment_id=7206#main\" data-url=\"https:\/\/artejoven.org\/wp-content\/uploads\/2024\/03\/A7R9226-1024x683.webp\" data-width=\"2560\" src=\"https:\/\/i2.wp.com\/artejoven.org\/wp-content\/uploads\/2024\/03\/A7R9226-1024x683.webp?ssl=1\" data-amp-layout=\"responsive\"\/><\/a><\/figure><\/div><\/div><\/div><\/div>\n\n\n\n<p>Wendy Oram est entr\u00e9e en sc\u00e8ne avec sa voix vibrante. Alors, quand tout le monde pensait que les t\u00e9l\u00e9phones portables allaient faire une pause, on regardait d'o\u00f9 venait ce timbre fort et doux. Les cam\u00e9ras se sont braqu\u00e9es sur elle et l'ont accompagn\u00e9e jusqu'\u00e0 la sc\u00e8ne, o\u00f9 elle a \u00e9t\u00e9 rejointe par la pianiste Alba Chang : les s\u0153urs SonG\u00e1lvez ont fait leur truc.<\/p>\n\n\n\n<p>Ensuite, le Sintergia Jazz Colective a donn\u00e9 un avant-go\u00fbt de son \"son cosmique\", qui m\u00eale le jazz \u00e0 d'autres genres musicaux cubains et internationaux.<\/p>\n\n\n\n<p>Entre-temps, Ernesto Oliva, pianiste et directeur artistique du spectacle, s'est adress\u00e9 au public au nom de la FAJ et de sa communaut\u00e9, pour r\u00e9sumer bri\u00e8vement le travail d'une plateforme sans pr\u00e9c\u00e9dent qui a promu la carri\u00e8re de jeunes cr\u00e9ateurs cubains tourn\u00e9s vers l'avenir et engag\u00e9s dans la sauvegarde du patrimoine cubain.<\/p>\n\n\n\n<div class=\"wp-block-jetpack-tiled-gallery aligncenter is-style-rectangular has-rounded-corners-15\"><div class=\"tiled-gallery__gallery\"><div class=\"tiled-gallery__row\"><div class=\"tiled-gallery__col\" style=\"flex-basis:66.80788%\"><figure class=\"tiled-gallery__item\"><a href=\"https:\/\/artejoven.org\/wp-content\/uploads\/2024\/03\/A7R9299-1024x683.webp\"><img decoding=\"async\" srcset=\"https:\/\/i1.wp.com\/artejoven.org\/wp-content\/uploads\/2024\/03\/A7R9299-1024x683.webp?strip=info&#038;w=600&#038;ssl=1 600w,https:\/\/i1.wp.com\/artejoven.org\/wp-content\/uploads\/2024\/03\/A7R9299-1024x683.webp?strip=info&#038;w=900&#038;ssl=1 900w,https:\/\/i1.wp.com\/artejoven.org\/wp-content\/uploads\/2024\/03\/A7R9299-1024x683.webp?strip=info&#038;w=1200&#038;ssl=1 1200w,https:\/\/i1.wp.com\/artejoven.org\/wp-content\/uploads\/2024\/03\/A7R9299-1024x683.webp?strip=info&#038;w=1500&#038;ssl=1 1500w,https:\/\/i1.wp.com\/artejoven.org\/wp-content\/uploads\/2024\/03\/A7R9299-1024x683.webp?strip=info&#038;w=1800&#038;ssl=1 1800w,https:\/\/i1.wp.com\/artejoven.org\/wp-content\/uploads\/2024\/03\/A7R9299-1024x683.webp?strip=info&#038;w=2000&#038;ssl=1 2000w\" alt=\"Voyage en Utopie\" data-height=\"1707\" data-id=\"7210\" data-link=\"https:\/\/artejoven.org\/?attachment_id=7210#main\" data-url=\"https:\/\/artejoven.org\/wp-content\/uploads\/2024\/03\/A7R9299-1024x683.webp\" data-width=\"2560\" src=\"https:\/\/i1.wp.com\/artejoven.org\/wp-content\/uploads\/2024\/03\/A7R9299-1024x683.webp?ssl=1\" data-amp-layout=\"responsive\"\/><\/a><\/figure><\/div><div class=\"tiled-gallery__col\" style=\"flex-basis:33.19212%\"><figure class=\"tiled-gallery__item\"><a href=\"https:\/\/artejoven.org\/wp-content\/uploads\/2024\/03\/A7R9290-1024x683.webp\"><img decoding=\"async\" srcset=\"https:\/\/i0.wp.com\/artejoven.org\/wp-content\/uploads\/2024\/03\/A7R9290-1024x683.webp?strip=info&#038;w=600&#038;ssl=1 600w,https:\/\/i0.wp.com\/artejoven.org\/wp-content\/uploads\/2024\/03\/A7R9290-1024x683.webp?strip=info&#038;w=900&#038;ssl=1 900w,https:\/\/i0.wp.com\/artejoven.org\/wp-content\/uploads\/2024\/03\/A7R9290-1024x683.webp?strip=info&#038;w=1200&#038;ssl=1 1200w,https:\/\/i0.wp.com\/artejoven.org\/wp-content\/uploads\/2024\/03\/A7R9290-1024x683.webp?strip=info&#038;w=1500&#038;ssl=1 1500w,https:\/\/i0.wp.com\/artejoven.org\/wp-content\/uploads\/2024\/03\/A7R9290-1024x683.webp?strip=info&#038;w=1800&#038;ssl=1 1800w,https:\/\/i0.wp.com\/artejoven.org\/wp-content\/uploads\/2024\/03\/A7R9290-1024x683.webp?strip=info&#038;w=2000&#038;ssl=1 2000w\" alt=\"Voyage en Utopie\" data-height=\"1707\" data-id=\"7211\" data-link=\"https:\/\/artejoven.org\/?attachment_id=7211#main\" data-url=\"https:\/\/artejoven.org\/wp-content\/uploads\/2024\/03\/A7R9290-1024x683.webp\" data-width=\"2560\" src=\"https:\/\/i0.wp.com\/artejoven.org\/wp-content\/uploads\/2024\/03\/A7R9290-1024x683.webp?ssl=1\" data-amp-layout=\"responsive\"\/><\/a><\/figure><figure class=\"tiled-gallery__item\"><a href=\"https:\/\/artejoven.org\/wp-content\/uploads\/2024\/03\/A7R9322-1024x683.webp\"><img decoding=\"async\" srcset=\"https:\/\/i1.wp.com\/artejoven.org\/wp-content\/uploads\/2024\/03\/A7R9322-1024x683.webp?strip=info&#038;w=600&#038;ssl=1 600w,https:\/\/i1.wp.com\/artejoven.org\/wp-content\/uploads\/2024\/03\/A7R9322-1024x683.webp?strip=info&#038;w=900&#038;ssl=1 900w,https:\/\/i1.wp.com\/artejoven.org\/wp-content\/uploads\/2024\/03\/A7R9322-1024x683.webp?strip=info&#038;w=1200&#038;ssl=1 1200w,https:\/\/i1.wp.com\/artejoven.org\/wp-content\/uploads\/2024\/03\/A7R9322-1024x683.webp?strip=info&#038;w=1500&#038;ssl=1 1500w,https:\/\/i1.wp.com\/artejoven.org\/wp-content\/uploads\/2024\/03\/A7R9322-1024x683.webp?strip=info&#038;w=1800&#038;ssl=1 1800w,https:\/\/i1.wp.com\/artejoven.org\/wp-content\/uploads\/2024\/03\/A7R9322-1024x683.webp?strip=info&#038;w=2000&#038;ssl=1 2000w\" alt=\"Voyage en Utopie\" data-height=\"1707\" data-id=\"7209\" data-link=\"https:\/\/artejoven.org\/?attachment_id=7209#main\" data-url=\"https:\/\/artejoven.org\/wp-content\/uploads\/2024\/03\/A7R9322-1024x683.webp\" data-width=\"2560\" src=\"https:\/\/i1.wp.com\/artejoven.org\/wp-content\/uploads\/2024\/03\/A7R9322-1024x683.webp?ssl=1\" data-amp-layout=\"responsive\"\/><\/a><\/figure><\/div><\/div><div class=\"tiled-gallery__row\"><div class=\"tiled-gallery__col\" style=\"flex-basis:100.00000%\"><figure class=\"tiled-gallery__item\"><a href=\"https:\/\/artejoven.org\/wp-content\/uploads\/2024\/03\/A7R9374-1024x683.webp\"><img decoding=\"async\" srcset=\"https:\/\/i0.wp.com\/artejoven.org\/wp-content\/uploads\/2024\/03\/A7R9374-1024x683.webp?strip=info&#038;w=600&#038;ssl=1 600w,https:\/\/i0.wp.com\/artejoven.org\/wp-content\/uploads\/2024\/03\/A7R9374-1024x683.webp?strip=info&#038;w=900&#038;ssl=1 900w,https:\/\/i0.wp.com\/artejoven.org\/wp-content\/uploads\/2024\/03\/A7R9374-1024x683.webp?strip=info&#038;w=1200&#038;ssl=1 1200w,https:\/\/i0.wp.com\/artejoven.org\/wp-content\/uploads\/2024\/03\/A7R9374-1024x683.webp?strip=info&#038;w=1500&#038;ssl=1 1500w,https:\/\/i0.wp.com\/artejoven.org\/wp-content\/uploads\/2024\/03\/A7R9374-1024x683.webp?strip=info&#038;w=1800&#038;ssl=1 1800w,https:\/\/i0.wp.com\/artejoven.org\/wp-content\/uploads\/2024\/03\/A7R9374-1024x683.webp?strip=info&#038;w=2000&#038;ssl=1 2000w\" alt=\"Voyage en Utopie\" data-height=\"1707\" data-id=\"7208\" data-link=\"https:\/\/artejoven.org\/?attachment_id=7208#main\" data-url=\"https:\/\/artejoven.org\/wp-content\/uploads\/2024\/03\/A7R9374-1024x683.webp\" data-width=\"2560\" src=\"https:\/\/i0.wp.com\/artejoven.org\/wp-content\/uploads\/2024\/03\/A7R9374-1024x683.webp?ssl=1\" data-amp-layout=\"responsive\"\/><\/a><\/figure><\/div><\/div><\/div><\/div>\n\n\n\n<p>La f\u00eate s'est poursuivie avec Dayron Ortiz et La Tropa, qui ont offert au public leur m\u00e9lange unique de modernit\u00e9 et de tradition. Ils ont \u00e9t\u00e9 rejoints par Juan Carlos Poveda pour un duo de guitares passionnant avec Dayron.<\/p>\n\n\n\n<p>Au milieu de l'apog\u00e9e, Annys Batista est arriv\u00e9e avec sa voix puissante, comme un avertissement qu'il y avait encore beaucoup \u00e0 voir.<\/p>\n\n\n\n<p>Pour terminer en beaut\u00e9, Yasel Mu\u00f1oz est revenue sur sc\u00e8ne. Une fois de plus, la fl\u00fbte en tant qu'h\u00f4tesse invite le public \u00e0 revenir l\u00e0 o\u00f9 tout a commenc\u00e9. En deux coups de baguette, un cri d'\u00e9motion \u00e9clate, et le rock progressif d'Hist\u00e9resis met un terme \u00e0 ce voyage.<\/p>\n\n\n\n<div class=\"wp-block-jetpack-tiled-gallery aligncenter is-style-rectangular has-rounded-corners-15\"><div class=\"tiled-gallery__gallery\"><div class=\"tiled-gallery__row\"><div class=\"tiled-gallery__col\" style=\"flex-basis:66.80788%\"><figure class=\"tiled-gallery__item\"><a href=\"https:\/\/artejoven.org\/wp-content\/uploads\/2024\/03\/A7R9566-1024x683.webp\"><img decoding=\"async\" srcset=\"https:\/\/i2.wp.com\/artejoven.org\/wp-content\/uploads\/2024\/03\/A7R9566-1024x683.webp?strip=info&#038;w=600&#038;ssl=1 600w,https:\/\/i2.wp.com\/artejoven.org\/wp-content\/uploads\/2024\/03\/A7R9566-1024x683.webp?strip=info&#038;w=900&#038;ssl=1 900w,https:\/\/i2.wp.com\/artejoven.org\/wp-content\/uploads\/2024\/03\/A7R9566-1024x683.webp?strip=info&#038;w=1200&#038;ssl=1 1200w,https:\/\/i2.wp.com\/artejoven.org\/wp-content\/uploads\/2024\/03\/A7R9566-1024x683.webp?strip=info&#038;w=1500&#038;ssl=1 1500w,https:\/\/i2.wp.com\/artejoven.org\/wp-content\/uploads\/2024\/03\/A7R9566-1024x683.webp?strip=info&#038;w=1800&#038;ssl=1 1800w,https:\/\/i2.wp.com\/artejoven.org\/wp-content\/uploads\/2024\/03\/A7R9566-1024x683.webp?strip=info&#038;w=2000&#038;ssl=1 2000w\" alt=\"Voyage en Utopie\" data-height=\"1707\" data-id=\"7214\" data-link=\"https:\/\/artejoven.org\/?attachment_id=7214#main\" data-url=\"https:\/\/artejoven.org\/wp-content\/uploads\/2024\/03\/A7R9566-1024x683.webp\" data-width=\"2560\" src=\"https:\/\/i2.wp.com\/artejoven.org\/wp-content\/uploads\/2024\/03\/A7R9566-1024x683.webp?ssl=1\" data-amp-layout=\"responsive\"\/><\/a><\/figure><\/div><div class=\"tiled-gallery__col\" style=\"flex-basis:33.19212%\"><figure class=\"tiled-gallery__item\"><a href=\"https:\/\/artejoven.org\/wp-content\/uploads\/2024\/03\/A7R9522-1024x683.webp\"><img decoding=\"async\" srcset=\"https:\/\/i2.wp.com\/artejoven.org\/wp-content\/uploads\/2024\/03\/A7R9522-1024x683.webp?strip=info&#038;w=600&#038;ssl=1 600w,https:\/\/i2.wp.com\/artejoven.org\/wp-content\/uploads\/2024\/03\/A7R9522-1024x683.webp?strip=info&#038;w=900&#038;ssl=1 900w,https:\/\/i2.wp.com\/artejoven.org\/wp-content\/uploads\/2024\/03\/A7R9522-1024x683.webp?strip=info&#038;w=1200&#038;ssl=1 1200w,https:\/\/i2.wp.com\/artejoven.org\/wp-content\/uploads\/2024\/03\/A7R9522-1024x683.webp?strip=info&#038;w=1500&#038;ssl=1 1500w,https:\/\/i2.wp.com\/artejoven.org\/wp-content\/uploads\/2024\/03\/A7R9522-1024x683.webp?strip=info&#038;w=1800&#038;ssl=1 1800w,https:\/\/i2.wp.com\/artejoven.org\/wp-content\/uploads\/2024\/03\/A7R9522-1024x683.webp?strip=info&#038;w=2000&#038;ssl=1 2000w\" alt=\"Voyage en Utopie\" data-height=\"1707\" data-id=\"7212\" data-link=\"https:\/\/artejoven.org\/?attachment_id=7212#main\" data-url=\"https:\/\/artejoven.org\/wp-content\/uploads\/2024\/03\/A7R9522-1024x683.webp\" data-width=\"2560\" src=\"https:\/\/i2.wp.com\/artejoven.org\/wp-content\/uploads\/2024\/03\/A7R9522-1024x683.webp?ssl=1\" data-amp-layout=\"responsive\"\/><\/a><\/figure><figure class=\"tiled-gallery__item\"><a href=\"https:\/\/artejoven.org\/wp-content\/uploads\/2024\/03\/A7R9788-1024x683.webp\"><img decoding=\"async\" srcset=\"https:\/\/i2.wp.com\/artejoven.org\/wp-content\/uploads\/2024\/03\/A7R9788-1024x683.webp?strip=info&#038;w=600&#038;ssl=1 600w,https:\/\/i2.wp.com\/artejoven.org\/wp-content\/uploads\/2024\/03\/A7R9788-1024x683.webp?strip=info&#038;w=900&#038;ssl=1 900w,https:\/\/i2.wp.com\/artejoven.org\/wp-content\/uploads\/2024\/03\/A7R9788-1024x683.webp?strip=info&#038;w=1200&#038;ssl=1 1200w,https:\/\/i2.wp.com\/artejoven.org\/wp-content\/uploads\/2024\/03\/A7R9788-1024x683.webp?strip=info&#038;w=1500&#038;ssl=1 1500w,https:\/\/i2.wp.com\/artejoven.org\/wp-content\/uploads\/2024\/03\/A7R9788-1024x683.webp?strip=info&#038;w=1800&#038;ssl=1 1800w,https:\/\/i2.wp.com\/artejoven.org\/wp-content\/uploads\/2024\/03\/A7R9788-1024x683.webp?strip=info&#038;w=2000&#038;ssl=1 2000w\" alt=\"Voyage en Utopie\" data-height=\"1707\" data-id=\"7213\" data-link=\"https:\/\/artejoven.org\/?attachment_id=7213#main\" data-url=\"https:\/\/artejoven.org\/wp-content\/uploads\/2024\/03\/A7R9788-1024x683.webp\" data-width=\"2560\" src=\"https:\/\/i2.wp.com\/artejoven.org\/wp-content\/uploads\/2024\/03\/A7R9788-1024x683.webp?ssl=1\" data-amp-layout=\"responsive\"\/><\/a><\/figure><\/div><\/div><\/div><\/div>\n\n\n\n<p>Le samedi 2 mars, au Museo Nacional de Bellas Artes, les efforts d\u00e9ploy\u00e9s par le Fondo de Arte Joven depuis sa cr\u00e9ation en 2023, par le biais d'alliances avec des institutions, des entreprises, des artistes et des musiciens, ainsi que de nombreux autres acteurs sociaux qui constituent aujourd'hui la communaut\u00e9 FAJ, ont \u00e9t\u00e9 particuli\u00e8rement mis en valeur. &nbsp;&nbsp;<\/p>\n\n\n\n<p>Avec cette impulsion de transformer les utopies en art, le projet consolide cet espace qui a ouvert une oasis pour la cr\u00e9ation, la r\u00e9flexion et le d\u00e9bat culturel inclusif, avec un impact sur la nouvelle g\u00e9n\u00e9ration d'artistes, d'entrepreneurs, d'institutions et de sp\u00e9cialistes.<\/p>\n\n\n\n<div class=\"wp-block-jetpack-tiled-gallery aligncenter is-style-rectangular has-rounded-corners-15\"><div class=\"tiled-gallery__gallery\"><div class=\"tiled-gallery__row\"><div class=\"tiled-gallery__col\" style=\"flex-basis:66.80788%\"><figure class=\"tiled-gallery__item\"><a href=\"https:\/\/artejoven.org\/wp-content\/uploads\/2024\/03\/A7R9776-1024x683.webp\"><img decoding=\"async\" srcset=\"https:\/\/i0.wp.com\/artejoven.org\/wp-content\/uploads\/2024\/03\/A7R9776-1024x683.webp?strip=info&#038;w=600&#038;ssl=1 600w,https:\/\/i0.wp.com\/artejoven.org\/wp-content\/uploads\/2024\/03\/A7R9776-1024x683.webp?strip=info&#038;w=900&#038;ssl=1 900w,https:\/\/i0.wp.com\/artejoven.org\/wp-content\/uploads\/2024\/03\/A7R9776-1024x683.webp?strip=info&#038;w=1200&#038;ssl=1 1200w,https:\/\/i0.wp.com\/artejoven.org\/wp-content\/uploads\/2024\/03\/A7R9776-1024x683.webp?strip=info&#038;w=1500&#038;ssl=1 1500w,https:\/\/i0.wp.com\/artejoven.org\/wp-content\/uploads\/2024\/03\/A7R9776-1024x683.webp?strip=info&#038;w=1800&#038;ssl=1 1800w,https:\/\/i0.wp.com\/artejoven.org\/wp-content\/uploads\/2024\/03\/A7R9776-1024x683.webp?strip=info&#038;w=2000&#038;ssl=1 2000w\" alt=\"Voyage en Utopie\" data-height=\"1707\" data-id=\"7218\" data-link=\"https:\/\/artejoven.org\/?attachment_id=7218#main\" data-url=\"https:\/\/artejoven.org\/wp-content\/uploads\/2024\/03\/A7R9776-1024x683.webp\" data-width=\"2560\" src=\"https:\/\/i0.wp.com\/artejoven.org\/wp-content\/uploads\/2024\/03\/A7R9776-1024x683.webp?ssl=1\" data-amp-layout=\"responsive\"\/><\/a><\/figure><\/div><div class=\"tiled-gallery__col\" style=\"flex-basis:33.19212%\"><figure class=\"tiled-gallery__item\"><a href=\"https:\/\/artejoven.org\/wp-content\/uploads\/2024\/03\/A7R9017-1024x683.webp\"><img decoding=\"async\" srcset=\"https:\/\/i0.wp.com\/artejoven.org\/wp-content\/uploads\/2024\/03\/A7R9017-1024x683.webp?strip=info&#038;w=600&#038;ssl=1 600w,https:\/\/i0.wp.com\/artejoven.org\/wp-content\/uploads\/2024\/03\/A7R9017-1024x683.webp?strip=info&#038;w=900&#038;ssl=1 900w,https:\/\/i0.wp.com\/artejoven.org\/wp-content\/uploads\/2024\/03\/A7R9017-1024x683.webp?strip=info&#038;w=1200&#038;ssl=1 1200w,https:\/\/i0.wp.com\/artejoven.org\/wp-content\/uploads\/2024\/03\/A7R9017-1024x683.webp?strip=info&#038;w=1500&#038;ssl=1 1500w,https:\/\/i0.wp.com\/artejoven.org\/wp-content\/uploads\/2024\/03\/A7R9017-1024x683.webp?strip=info&#038;w=1800&#038;ssl=1 1800w,https:\/\/i0.wp.com\/artejoven.org\/wp-content\/uploads\/2024\/03\/A7R9017-1024x683.webp?strip=info&#038;w=2000&#038;ssl=1 2000w\" alt=\"Voyage en Utopie\" data-height=\"1707\" data-id=\"7217\" data-link=\"https:\/\/artejoven.org\/?attachment_id=7217#main\" data-url=\"https:\/\/artejoven.org\/wp-content\/uploads\/2024\/03\/A7R9017-1024x683.webp\" data-width=\"2560\" src=\"https:\/\/i0.wp.com\/artejoven.org\/wp-content\/uploads\/2024\/03\/A7R9017-1024x683.webp?ssl=1\" data-amp-layout=\"responsive\"\/><\/a><\/figure><figure class=\"tiled-gallery__item\"><a href=\"https:\/\/artejoven.org\/wp-content\/uploads\/2024\/03\/A7R9118-1024x683.webp\"><img decoding=\"async\" srcset=\"https:\/\/i0.wp.com\/artejoven.org\/wp-content\/uploads\/2024\/03\/A7R9118-1024x683.webp?strip=info&#038;w=600&#038;ssl=1 600w,https:\/\/i0.wp.com\/artejoven.org\/wp-content\/uploads\/2024\/03\/A7R9118-1024x683.webp?strip=info&#038;w=900&#038;ssl=1 900w,https:\/\/i0.wp.com\/artejoven.org\/wp-content\/uploads\/2024\/03\/A7R9118-1024x683.webp?strip=info&#038;w=1200&#038;ssl=1 1200w,https:\/\/i0.wp.com\/artejoven.org\/wp-content\/uploads\/2024\/03\/A7R9118-1024x683.webp?strip=info&#038;w=1500&#038;ssl=1 1500w,https:\/\/i0.wp.com\/artejoven.org\/wp-content\/uploads\/2024\/03\/A7R9118-1024x683.webp?strip=info&#038;w=1800&#038;ssl=1 1800w,https:\/\/i0.wp.com\/artejoven.org\/wp-content\/uploads\/2024\/03\/A7R9118-1024x683.webp?strip=info&#038;w=2000&#038;ssl=1 2000w\" alt=\"Voyage en Utopie\" data-height=\"1707\" data-id=\"7215\" data-link=\"https:\/\/artejoven.org\/?attachment_id=7215#main\" data-url=\"https:\/\/artejoven.org\/wp-content\/uploads\/2024\/03\/A7R9118-1024x683.webp\" data-width=\"2560\" src=\"https:\/\/i0.wp.com\/artejoven.org\/wp-content\/uploads\/2024\/03\/A7R9118-1024x683.webp?ssl=1\" data-amp-layout=\"responsive\"\/><\/a><\/figure><\/div><\/div><\/div><\/div>","protected":false},"excerpt":{"rendered":"<p>Comme un voyage dans les coins utopiques de l'art, en les prenant par la main pour c\u00e9l\u00e9brer leur existence, nous c\u00e9l\u00e9brons le premier anniversaire de la cr\u00e9ation du Fondo de Arte Joven (FAJ). <\/p>","protected":false},"author":1,"featured_media":7202,"comment_status":"open","ping_status":"open","sticky":false,"template":"","format":"standard","meta":{"_acf_changed":false,"_jetpack_memberships_contains_paid_content":false,"footnotes":"","_links_to":"","_links_to_target":""},"categories":[35],"tags":[],"class_list":{"0":"post-7201","1":"post","2":"type-post","3":"status-publish","4":"format-standard","5":"has-post-thumbnail","6":"hentry","7":"category-desde-el-faj","9":"post-with-thumbnail","10":"post-with-thumbnail-large"},"acf":[],"aioseo_notices":[],"jetpack_featured_media_url":"https:\/\/artejoven.org\/wp-content\/uploads\/2024\/03\/Viaje-a-la-utopia-01-jpg.webp","jetpack-related-posts":[{"id":9276,"url":"https:\/\/artejoven.org\/fr\/fondo-de-arte-joven-la-creacion-colectiva-de-una-generacion\/","url_meta":{"origin":7201,"position":0},"title":"Fonds pour l\u2019art des jeunes: la cr\u00e9ation collective d'une g\u00e9n\u00e9ration","author":"Ren\u00e9 Manuel Puig","date":"9 de avril de 2025","format":false,"excerpt":"Il y a deux ans, alors que le Fonds pour l\u2019art des jeunes (FAJ) n'\u00e9tait qu'un r\u00eave, nous aspirions \u00e0 construire un espace inclusif et dynamique o\u00f9 les jeunes artistes et entrepreneurs culturels pourraient explorer, exp\u00e9rimenter et exprimer leur cr\u00e9ativit\u00e9.","rel":"","context":"Dans &quot;Desde el FAJ&quot;","block_context":{"text":"Desde el FAJ","link":"https:\/\/artejoven.org\/fr\/category\/noticias\/desde-el-faj\/"},"img":{"alt_text":"Dos a\u00f1os FAJ","src":"https:\/\/i0.wp.com\/artejoven.org\/wp-content\/uploads\/2025\/04\/Banner_FAJ-2-ANOS.webp?resize=350%2C200&ssl=1","width":350,"height":200,"srcset":"https:\/\/i0.wp.com\/artejoven.org\/wp-content\/uploads\/2025\/04\/Banner_FAJ-2-ANOS.webp?resize=350%2C200&ssl=1 1x, https:\/\/i0.wp.com\/artejoven.org\/wp-content\/uploads\/2025\/04\/Banner_FAJ-2-ANOS.webp?resize=525%2C300&ssl=1 1.5x, https:\/\/i0.wp.com\/artejoven.org\/wp-content\/uploads\/2025\/04\/Banner_FAJ-2-ANOS.webp?resize=700%2C400&ssl=1 2x, https:\/\/i0.wp.com\/artejoven.org\/wp-content\/uploads\/2025\/04\/Banner_FAJ-2-ANOS.webp?resize=1050%2C600&ssl=1 3x"},"classes":[]},{"id":7165,"url":"https:\/\/artejoven.org\/fr\/intercambia-enrique-martinez-celaya-con-jovenes-creadores-cubanos\/","url_meta":{"origin":7201,"position":1},"title":"Enrique Mart\u00ednez Celaya \u00e9change avec de jeunes cr\u00e9ateurs cubains","author":"Ren\u00e9 Manuel Puig","date":"15 de f\u00e9vrier de 2024","format":false,"excerpt":"L'artiste, auteur et physicien Enrique Mart\u00ednez Celaya a \u00e9chang\u00e9 avec de jeunes cr\u00e9ateurs cubains dans la galerie Sal\u00f3n Blanco du Fondo de Arte Joven (FAJ). Pendant un peu plus de deux heures, les participants ont pu d\u00e9couvrir le parcours de Mart\u00ednez Celaya, l'impact de la physique et de l'art sur son \u0153uvre, et...","rel":"","context":"Dans &quot;Desde el FAJ&quot;","block_context":{"text":"Desde el FAJ","link":"https:\/\/artejoven.org\/fr\/category\/noticias\/desde-el-faj\/"},"img":{"alt_text":"Mart\u00ednez Celaya","src":"https:\/\/i0.wp.com\/artejoven.org\/wp-content\/uploads\/2024\/02\/Martinez-Celaya-jpg.webp?resize=350%2C200&ssl=1","width":350,"height":200,"srcset":"https:\/\/i0.wp.com\/artejoven.org\/wp-content\/uploads\/2024\/02\/Martinez-Celaya-jpg.webp?resize=350%2C200&ssl=1 1x, https:\/\/i0.wp.com\/artejoven.org\/wp-content\/uploads\/2024\/02\/Martinez-Celaya-jpg.webp?resize=525%2C300&ssl=1 1.5x, https:\/\/i0.wp.com\/artejoven.org\/wp-content\/uploads\/2024\/02\/Martinez-Celaya-jpg.webp?resize=700%2C400&ssl=1 2x, https:\/\/i0.wp.com\/artejoven.org\/wp-content\/uploads\/2024\/02\/Martinez-Celaya-jpg.webp?resize=1050%2C600&ssl=1 3x"},"classes":[]},{"id":7485,"url":"https:\/\/artejoven.org\/fr\/fondo-de-arte-joven-se-une-a-la-harvard-jazz-orchestra-en-un-primer-intercambio-de-talento-musical\/","url_meta":{"origin":7201,"position":2},"title":"Le Fondo de Arte Joven s'associe au Harvard Jazz Orchestra dans le cadre d'un premier \u00e9change de talents musicaux","author":"Ren\u00e9 Manuel Puig","date":"5 de juin de 2024","format":false,"excerpt":"Une d\u00e9l\u00e9gation de jeunes musiciens du Harvard Jazz Orchestra a \u00e9chang\u00e9 la semaine derni\u00e8re avec le Fondo de Arte Joven (FAJ).","rel":"","context":"Dans &quot;Desde el FAJ&quot;","block_context":{"text":"Desde el FAJ","link":"https:\/\/artejoven.org\/fr\/category\/noticias\/desde-el-faj\/"},"img":{"alt_text":"Harvard Jazz Orchestra","src":"https:\/\/i0.wp.com\/artejoven.org\/wp-content\/uploads\/2024\/06\/Harvard-01.jpg?resize=350%2C200&ssl=1","width":350,"height":200,"srcset":"https:\/\/i0.wp.com\/artejoven.org\/wp-content\/uploads\/2024\/06\/Harvard-01.jpg?resize=350%2C200&ssl=1 1x, https:\/\/i0.wp.com\/artejoven.org\/wp-content\/uploads\/2024\/06\/Harvard-01.jpg?resize=525%2C300&ssl=1 1.5x, https:\/\/i0.wp.com\/artejoven.org\/wp-content\/uploads\/2024\/06\/Harvard-01.jpg?resize=700%2C400&ssl=1 2x, https:\/\/i0.wp.com\/artejoven.org\/wp-content\/uploads\/2024\/06\/Harvard-01.jpg?resize=1050%2C600&ssl=1 3x"},"classes":[]},{"id":6063,"url":"https:\/\/artejoven.org\/fr\/fondo-de-arte-joven-se-presenta-a-estudiantes-y-artistas-de-santiago-de-cuba\/","url_meta":{"origin":7201,"position":3},"title":"Le Fondo de Arte Joven se pr\u00e9sente aux \u00e9tudiants et artistes de Santiago de Cuba","author":"Ren\u00e9 Manuel Puig","date":"4 de octobre de 2023","format":false,"excerpt":"Dans le cadre d'un \u00e9change avec des artistes et des \u00e9tudiants de Santiago de Cuba, la pr\u00e9sentation du Fondo de Arte Joven (FAJ) a eu lieu mardi, lors du II Sal\u00f3n Regional de Arte Contempor\u00e1neo Ren\u00e9 Vald\u00e9s Cede\u00f1o, \u00e0 Santiago de Cuba.","rel":"","context":"Dans &quot;Desde el FAJ&quot;","block_context":{"text":"Desde el FAJ","link":"https:\/\/artejoven.org\/fr\/category\/noticias\/desde-el-faj\/"},"img":{"alt_text":"Sandra Garc\u00eda Herrera y Caridad Figueroa, en representaci\u00f3n del FAJ","src":"https:\/\/i0.wp.com\/artejoven.org\/wp-content\/uploads\/2023\/10\/FAJ-en-Santiago-de-Cuba-jpg.webp?resize=350%2C200&ssl=1","width":350,"height":200,"srcset":"https:\/\/i0.wp.com\/artejoven.org\/wp-content\/uploads\/2023\/10\/FAJ-en-Santiago-de-Cuba-jpg.webp?resize=350%2C200&ssl=1 1x, https:\/\/i0.wp.com\/artejoven.org\/wp-content\/uploads\/2023\/10\/FAJ-en-Santiago-de-Cuba-jpg.webp?resize=525%2C300&ssl=1 1.5x, https:\/\/i0.wp.com\/artejoven.org\/wp-content\/uploads\/2023\/10\/FAJ-en-Santiago-de-Cuba-jpg.webp?resize=700%2C400&ssl=1 2x, https:\/\/i0.wp.com\/artejoven.org\/wp-content\/uploads\/2023\/10\/FAJ-en-Santiago-de-Cuba-jpg.webp?resize=1050%2C600&ssl=1 3x"},"classes":[]},{"id":7387,"url":"https:\/\/artejoven.org\/fr\/patio-abierto-una-experiencia-musical-del-fondo-de-arte-joven-que-celebra-el-mes-de-europa-en-cuba-2024\/","url_meta":{"origin":7201,"position":4},"title":"Patio Abierto : une exp\u00e9rience musicale du Fondo de Arte Joven \u00e0 l'occasion du Mois de l'Europe \u00e0 Cuba 2024","author":"Ren\u00e9 Manuel Puig","date":"2 de mai de 2024","format":false,"excerpt":"Le Fondo de Arte Joven (FAJ) c\u00e9l\u00e8bre le mois de l'Europe \u00e0 Cuba 2024 avec un concert alliant les sonorit\u00e9s ancestrales de la vielle \u00e0 roue et de la tambura.","rel":"","context":"Dans &quot;Desde el FAJ&quot;","block_context":{"text":"Desde el FAJ","link":"https:\/\/artejoven.org\/fr\/category\/noticias\/desde-el-faj\/"},"img":{"alt_text":"Patio Abierto","src":"https:\/\/i0.wp.com\/artejoven.org\/wp-content\/uploads\/2024\/05\/Banner-Patio-Abierto-v6.jpg?resize=350%2C200&ssl=1","width":350,"height":200,"srcset":"https:\/\/i0.wp.com\/artejoven.org\/wp-content\/uploads\/2024\/05\/Banner-Patio-Abierto-v6.jpg?resize=350%2C200&ssl=1 1x, https:\/\/i0.wp.com\/artejoven.org\/wp-content\/uploads\/2024\/05\/Banner-Patio-Abierto-v6.jpg?resize=525%2C300&ssl=1 1.5x, https:\/\/i0.wp.com\/artejoven.org\/wp-content\/uploads\/2024\/05\/Banner-Patio-Abierto-v6.jpg?resize=700%2C400&ssl=1 2x, https:\/\/i0.wp.com\/artejoven.org\/wp-content\/uploads\/2024\/05\/Banner-Patio-Abierto-v6.jpg?resize=1050%2C600&ssl=1 3x"},"classes":[]},{"id":6009,"url":"https:\/\/artejoven.org\/fr\/fondo-de-arte-joven-participara-en-la-ii-edicion-del-salon-de-arte-contemporaneo-rene-valdes-cedeno-en-santiago-de-cuba\/","url_meta":{"origin":7201,"position":5},"title":"Le Fondo de Arte Joven participera \u00e0 la deuxi\u00e8me \u00e9dition du salon d'art contemporain Ren\u00e9 Vald\u00e9s Cede\u00f1o \u00e0 Santiago de Cuba.","author":"Ren\u00e9 Manuel Puig","date":"29 de septembre de 2023","format":false,"excerpt":"Une repr\u00e9sentation du Fondo de Arte Joven (FAJ) est arriv\u00e9e dans la ville de Santiago de Cuba pour organiser les d\u00e9tails de la collaboration \u00e0 la II\u00e8me \u00e9dition du Salon d'Art Contemporain Ren\u00e9 Vald\u00e9s Cede\u00f1o \u00e0 Santiago de Cuba, organis\u00e9 par la Fondation Caguayo.","rel":"","context":"Dans &quot;Desde el FAJ&quot;","block_context":{"text":"Desde el FAJ","link":"https:\/\/artejoven.org\/fr\/category\/noticias\/desde-el-faj\/"},"img":{"alt_text":"FAJ en Santiago de Cuba","src":"https:\/\/i0.wp.com\/artejoven.org\/wp-content\/uploads\/2023\/09\/FAJ-en-Santiago-de-Cuba-jpg.webp?resize=350%2C200&ssl=1","width":350,"height":200,"srcset":"https:\/\/i0.wp.com\/artejoven.org\/wp-content\/uploads\/2023\/09\/FAJ-en-Santiago-de-Cuba-jpg.webp?resize=350%2C200&ssl=1 1x, https:\/\/i0.wp.com\/artejoven.org\/wp-content\/uploads\/2023\/09\/FAJ-en-Santiago-de-Cuba-jpg.webp?resize=525%2C300&ssl=1 1.5x, https:\/\/i0.wp.com\/artejoven.org\/wp-content\/uploads\/2023\/09\/FAJ-en-Santiago-de-Cuba-jpg.webp?resize=700%2C400&ssl=1 2x, https:\/\/i0.wp.com\/artejoven.org\/wp-content\/uploads\/2023\/09\/FAJ-en-Santiago-de-Cuba-jpg.webp?resize=1050%2C600&ssl=1 3x"},"classes":[]}],"jetpack_sharing_enabled":true,"_links":{"self":[{"href":"https:\/\/artejoven.org\/fr\/wp-json\/wp\/v2\/posts\/7201","targetHints":{"allow":["GET"]}}],"collection":[{"href":"https:\/\/artejoven.org\/fr\/wp-json\/wp\/v2\/posts"}],"about":[{"href":"https:\/\/artejoven.org\/fr\/wp-json\/wp\/v2\/types\/post"}],"author":[{"embeddable":true,"href":"https:\/\/artejoven.org\/fr\/wp-json\/wp\/v2\/users\/1"}],"replies":[{"embeddable":true,"href":"https:\/\/artejoven.org\/fr\/wp-json\/wp\/v2\/comments?post=7201"}],"version-history":[{"count":0,"href":"https:\/\/artejoven.org\/fr\/wp-json\/wp\/v2\/posts\/7201\/revisions"}],"wp:featuredmedia":[{"embeddable":true,"href":"https:\/\/artejoven.org\/fr\/wp-json\/wp\/v2\/media\/7202"}],"wp:attachment":[{"href":"https:\/\/artejoven.org\/fr\/wp-json\/wp\/v2\/media?parent=7201"}],"wp:term":[{"taxonomy":"category","embeddable":true,"href":"https:\/\/artejoven.org\/fr\/wp-json\/wp\/v2\/categories?post=7201"},{"taxonomy":"post_tag","embeddable":true,"href":"https:\/\/artejoven.org\/fr\/wp-json\/wp\/v2\/tags?post=7201"}],"curies":[{"name":"wp","href":"https:\/\/api.w.org\/{rel}","templated":true}]}}