{"id":7376,"date":"2024-04-25T20:44:36","date_gmt":"2024-04-26T00:44:36","guid":{"rendered":"https:\/\/artejoven.org\/?p=7376"},"modified":"2024-04-26T12:00:46","modified_gmt":"2024-04-26T16:00:46","slug":"le-fonds-pour-les-jeunes-artistes-presente-a-la-cloture-de-la-semaine-de-lesprit-dentreprise-a-la-havane","status":"publish","type":"post","link":"https:\/\/artejoven.org\/fr\/fondo-de-arte-joven-se-presenta-en-la-clausura-de-la-semana-del-emprendimiento-en-la-habana\/","title":{"rendered":"Le Fondo de Arte Joven se pr\u00e9sente \u00e0 la cl\u00f4ture de la semaine de l'esprit d'entreprise \u00e0 La Havane"},"content":{"rendered":"<p>Cr\u00e9dits photos : avec l'aimable autorisation de l'ambassade britannique \u00e0 La Havane<\/p>\n\n\n\n<p class=\"translation-block\">La premi\u00e8re \u00e9dition de la Semaine de l'entrepreneuriat, organis\u00e9e par l'ambassade britannique \u00e0 La Havane, OnCuba News et sa division OnCuba Business, s'est achev\u00e9e mardi avec un espace de <em>r\u00e9seautage<\/em>.<\/p>\n\n\n\n<p>Notre coordinatrice g\u00e9n\u00e9rale, Neida Pe\u00f1alver, a assist\u00e9 \u00e0 l'\u00e9v\u00e9nement et a pr\u00e9sent\u00e9 aux entrepreneurs et aux hommes d'affaires le travail r\u00e9alis\u00e9 par le Fonds artistique pour la jeunesse (FAJ) au cours de sa premi\u00e8re ann\u00e9e de mise en \u0153uvre.<\/p>\n\n\n\n<p>Cet espace a \u00e9galement permis d'\u00e9changer des exp\u00e9riences avec les participants et de reconna\u00eetre la contribution de chaque initiative aux objectifs de d\u00e9veloppement durable (ODD), ainsi que de g\u00e9n\u00e9rer des liens permettant de multiplier l'impact de chaque initiative.<\/p>\n\n\n\n<div class=\"wp-block-jetpack-tiled-gallery aligncenter is-style-rectangular has-rounded-corners-15\"><div class=\"tiled-gallery__gallery\"><div class=\"tiled-gallery__row\"><div class=\"tiled-gallery__col\" style=\"flex-basis:100.00000%\"><figure class=\"tiled-gallery__item\"><a href=\"https:\/\/artejoven.org\/wp-content\/uploads\/2024\/04\/04-FAJ-semana-del-emprendimiento-1024x683.jpg\"><img decoding=\"async\" srcset=\"https:\/\/i0.wp.com\/artejoven.org\/wp-content\/uploads\/2024\/04\/04-FAJ-semana-del-emprendimiento-1024x683.jpg?strip=info&#038;w=600&#038;ssl=1 600w,https:\/\/i0.wp.com\/artejoven.org\/wp-content\/uploads\/2024\/04\/04-FAJ-semana-del-emprendimiento-1024x683.jpg?strip=info&#038;w=900&#038;ssl=1 900w,https:\/\/i0.wp.com\/artejoven.org\/wp-content\/uploads\/2024\/04\/04-FAJ-semana-del-emprendimiento-1024x683.jpg?strip=info&#038;w=1080&#038;ssl=1 1080w\" alt=\"\" data-height=\"720\" data-id=\"7378\" data-link=\"https:\/\/artejoven.org\/?attachment_id=7378#main\" data-url=\"https:\/\/artejoven.org\/wp-content\/uploads\/2024\/04\/04-FAJ-semana-del-emprendimiento-1024x683.jpg\" data-width=\"1080\" src=\"https:\/\/i0.wp.com\/artejoven.org\/wp-content\/uploads\/2024\/04\/04-FAJ-semana-del-emprendimiento-1024x683.jpg?ssl=1\" data-amp-layout=\"responsive\"\/><\/a><\/figure><\/div><\/div><\/div><\/div>\n\n\n\n<p>L'ordre du jour comprenait \u00e9galement des ateliers visant \u00e0 optimiser la pr\u00e9sentation des propositions commerciales, des simulations d'incubation de petites entreprises, ainsi que des conseils collectifs sur la mani\u00e8re d'aligner l'agenda commercial sur les ODD.<\/p>\n\n\n\n<p>Cette articulation entre le secteur des entreprises et la culture \u00e0 Cuba signifie \u00e9galement une porte ouverte \u00e0 un avenir strat\u00e9gique de collaborations pour le FAJ, o\u00f9 de nouveaux donateurs des secteurs public et priv\u00e9, tant sur l'\u00eele qu'\u00e0 l'\u00e9tranger, int\u00e9ress\u00e9s par l'apport de ressources pour aider \u00e0 cofinancer nos actions, leur offrant de plus grandes possibilit\u00e9s de durabilit\u00e9, seront en mesure de se joindre \u00e0 nous.<\/p>\n\n\n\n<p>Par cons\u00e9quent, nous assurons la vitalit\u00e9 de notre strat\u00e9gie de communication en l\u00e9gitimant notre plateforme en tant que d\u00e9positaire de valeurs l\u00e9gitimes sur lesquelles s'appuyer en termes de responsabilit\u00e9 sociale des entreprises.<\/p>\n\n\n\n<div class=\"wp-block-jetpack-tiled-gallery aligncenter is-style-rectangular has-rounded-corners-15\"><div class=\"tiled-gallery__gallery\"><div class=\"tiled-gallery__row\"><div class=\"tiled-gallery__col\" style=\"flex-basis:43.00906%\"><figure class=\"tiled-gallery__item\"><a href=\"https:\/\/artejoven.org\/wp-content\/uploads\/2024\/04\/03-FAJ-semana-del-emprendimiento-1024x683.jpg\"><img decoding=\"async\" srcset=\"https:\/\/i2.wp.com\/artejoven.org\/wp-content\/uploads\/2024\/04\/03-FAJ-semana-del-emprendimiento-1024x683.jpg?strip=info&#038;w=600&#038;ssl=1 600w,https:\/\/i2.wp.com\/artejoven.org\/wp-content\/uploads\/2024\/04\/03-FAJ-semana-del-emprendimiento-1024x683.jpg?strip=info&#038;w=900&#038;ssl=1 900w,https:\/\/i2.wp.com\/artejoven.org\/wp-content\/uploads\/2024\/04\/03-FAJ-semana-del-emprendimiento-1024x683.jpg?strip=info&#038;w=1080&#038;ssl=1 1080w\" alt=\"\" data-height=\"720\" data-id=\"7380\" data-link=\"https:\/\/artejoven.org\/?attachment_id=7380#main\" data-url=\"https:\/\/artejoven.org\/wp-content\/uploads\/2024\/04\/03-FAJ-semana-del-emprendimiento-1024x683.jpg\" data-width=\"1080\" src=\"https:\/\/i2.wp.com\/artejoven.org\/wp-content\/uploads\/2024\/04\/03-FAJ-semana-del-emprendimiento-1024x683.jpg?ssl=1\" data-amp-layout=\"responsive\"\/><\/a><\/figure><\/div><div class=\"tiled-gallery__col\" style=\"flex-basis:19.20678%\"><figure class=\"tiled-gallery__item\"><a href=\"https:\/\/artejoven.org\/wp-content\/uploads\/2024\/04\/05-FAJ-semana-del-emprendimiento-683x1024.jpg\"><img decoding=\"async\" srcset=\"https:\/\/i1.wp.com\/artejoven.org\/wp-content\/uploads\/2024\/04\/05-FAJ-semana-del-emprendimiento-683x1024.jpg?strip=info&#038;w=600&#038;ssl=1 600w,https:\/\/i1.wp.com\/artejoven.org\/wp-content\/uploads\/2024\/04\/05-FAJ-semana-del-emprendimiento-683x1024.jpg?strip=info&#038;w=720&#038;ssl=1 720w\" alt=\"\" data-height=\"1080\" data-id=\"7381\" data-link=\"https:\/\/artejoven.org\/?attachment_id=7381#main\" data-url=\"https:\/\/artejoven.org\/wp-content\/uploads\/2024\/04\/05-FAJ-semana-del-emprendimiento-683x1024.jpg\" data-width=\"720\" src=\"https:\/\/i1.wp.com\/artejoven.org\/wp-content\/uploads\/2024\/04\/05-FAJ-semana-del-emprendimiento-683x1024.jpg?ssl=1\" data-amp-layout=\"responsive\"\/><\/a><\/figure><\/div><div class=\"tiled-gallery__col\" style=\"flex-basis:37.78417%\"><figure class=\"tiled-gallery__item\"><a href=\"https:\/\/artejoven.org\/wp-content\/uploads\/2024\/04\/FAJ-semana-del-emprendimiento-1024x777.jpg\"><img decoding=\"async\" srcset=\"https:\/\/i2.wp.com\/artejoven.org\/wp-content\/uploads\/2024\/04\/FAJ-semana-del-emprendimiento-1024x777.jpg?strip=info&#038;w=600&#038;ssl=1 600w,https:\/\/i2.wp.com\/artejoven.org\/wp-content\/uploads\/2024\/04\/FAJ-semana-del-emprendimiento-1024x777.jpg?strip=info&#038;w=900&#038;ssl=1 900w,https:\/\/i2.wp.com\/artejoven.org\/wp-content\/uploads\/2024\/04\/FAJ-semana-del-emprendimiento-1024x777.jpg?strip=info&#038;w=1080&#038;ssl=1 1080w\" alt=\"\" data-height=\"820\" data-id=\"7382\" data-link=\"https:\/\/artejoven.org\/?attachment_id=7382#main\" data-url=\"https:\/\/artejoven.org\/wp-content\/uploads\/2024\/04\/FAJ-semana-del-emprendimiento-1024x777.jpg\" data-width=\"1080\" src=\"https:\/\/i2.wp.com\/artejoven.org\/wp-content\/uploads\/2024\/04\/FAJ-semana-del-emprendimiento-1024x777.jpg?ssl=1\" data-amp-layout=\"responsive\"\/><\/a><\/figure><\/div><\/div><\/div><\/div>","protected":false},"excerpt":{"rendered":"<p><strong>Cr\u00e9dits photos : avec l'aimable autorisation de l'ambassade britannique \u00e0 La Havane<\/strong><\/p>\n<p class=\"translation-block\">La premi\u00e8re \u00e9dition de la Semaine de l'entrepreneuriat, organis\u00e9e par l'ambassade britannique \u00e0 La Havane, OnCuba News et sa division OnCuba Business, s'est achev\u00e9e mardi avec un espace de <em>r\u00e9seautage<\/em>.<\/p>","protected":false},"author":1,"featured_media":7377,"comment_status":"open","ping_status":"open","sticky":false,"template":"","format":"standard","meta":{"_acf_changed":false,"_jetpack_memberships_contains_paid_content":false,"footnotes":"","_links_to":"","_links_to_target":""},"categories":[35],"tags":[],"class_list":{"0":"post-7376","1":"post","2":"type-post","3":"status-publish","4":"format-standard","5":"has-post-thumbnail","6":"hentry","7":"category-desde-el-faj","9":"post-with-thumbnail","10":"post-with-thumbnail-large"},"acf":[],"aioseo_notices":[],"jetpack_featured_media_url":"https:\/\/artejoven.org\/wp-content\/uploads\/2024\/04\/Portada.jpg","jetpack-related-posts":[{"id":5892,"url":"https:\/\/artejoven.org\/fr\/fondo-de-arte-joven-faj-inaugura-nueva-exposicion-en-el-salon-blanco\/","url_meta":{"origin":7376,"position":0},"title":"Le Fondo de Arte Joven (FAJ) inaugure une nouvelle exposition dans le White Hall","author":"Ren\u00e9 Manuel Puig","date":"18 de septembre de 2023","format":false,"excerpt":"Dans l'apr\u00e8s-midi du mardi 14 septembre, le Fondo de Arte Joven (FAJ) a inaugur\u00e9 l'exposition photographique La Havane, une \u00e2me palpable, qui rassemble les travaux de plusieurs jeunes photographes cubains illustrant de multiples interpr\u00e9tations de la ville \u00e0 travers leur objectif.","rel":"","context":"Dans &quot;Desde el FAJ&quot;","block_context":{"text":"Desde el FAJ","link":"https:\/\/artejoven.org\/fr\/category\/noticias\/desde-el-faj\/"},"img":{"alt_text":"Equipo del Fondo de Arte Joven junto a artistas de la muestra.","src":"https:\/\/i0.wp.com\/artejoven.org\/wp-content\/uploads\/2023\/09\/Habana-un-alma-palpable-2-jpg.webp?resize=350%2C200&ssl=1","width":350,"height":200,"srcset":"https:\/\/i0.wp.com\/artejoven.org\/wp-content\/uploads\/2023\/09\/Habana-un-alma-palpable-2-jpg.webp?resize=350%2C200&ssl=1 1x, https:\/\/i0.wp.com\/artejoven.org\/wp-content\/uploads\/2023\/09\/Habana-un-alma-palpable-2-jpg.webp?resize=525%2C300&ssl=1 1.5x, https:\/\/i0.wp.com\/artejoven.org\/wp-content\/uploads\/2023\/09\/Habana-un-alma-palpable-2-jpg.webp?resize=700%2C400&ssl=1 2x, https:\/\/i0.wp.com\/artejoven.org\/wp-content\/uploads\/2023\/09\/Habana-un-alma-palpable-2-jpg.webp?resize=1050%2C600&ssl=1 3x, https:\/\/i0.wp.com\/artejoven.org\/wp-content\/uploads\/2023\/09\/Habana-un-alma-palpable-2-jpg.webp?resize=1400%2C800&ssl=1 4x"},"classes":[]},{"id":8958,"url":"https:\/\/artejoven.org\/fr\/liderazgo-femenino-en-las-industrias-culturales-del-caribe-la-experiencia-desde-el-fondo-de-arte-joven\/","url_meta":{"origin":7376,"position":1},"title":"Le leadership des femmes dans les industries culturelles des Cara\u00efbes : l'exp\u00e9rience du Young Art Fund","author":"Ren\u00e9 Manuel Puig","date":"10 de mars de 2025","format":false,"excerpt":"Le 7 mars, nous avons discut\u00e9 des d\u00e9fis et du potentiel que rencontrent les femmes qui dirigent des projets lors du panel \"Women who create the future : the potential of women entrepreneurs in the cultural and creative industries in the Caribbean\".","rel":"","context":"Dans &quot;Desde el FAJ&quot;","block_context":{"text":"Desde el FAJ","link":"https:\/\/artejoven.org\/fr\/category\/noticias\/desde-el-faj\/"},"img":{"alt_text":"","src":"https:\/\/i0.wp.com\/artejoven.org\/wp-content\/uploads\/2025\/03\/01-Women-by-Eyeife-Panel-Portada-UNESCO-scaled.webp?resize=350%2C200&ssl=1","width":350,"height":200,"srcset":"https:\/\/i0.wp.com\/artejoven.org\/wp-content\/uploads\/2025\/03\/01-Women-by-Eyeife-Panel-Portada-UNESCO-scaled.webp?resize=350%2C200&ssl=1 1x, https:\/\/i0.wp.com\/artejoven.org\/wp-content\/uploads\/2025\/03\/01-Women-by-Eyeife-Panel-Portada-UNESCO-scaled.webp?resize=525%2C300&ssl=1 1.5x, https:\/\/i0.wp.com\/artejoven.org\/wp-content\/uploads\/2025\/03\/01-Women-by-Eyeife-Panel-Portada-UNESCO-scaled.webp?resize=700%2C400&ssl=1 2x, https:\/\/i0.wp.com\/artejoven.org\/wp-content\/uploads\/2025\/03\/01-Women-by-Eyeife-Panel-Portada-UNESCO-scaled.webp?resize=1050%2C600&ssl=1 3x, https:\/\/i0.wp.com\/artejoven.org\/wp-content\/uploads\/2025\/03\/01-Women-by-Eyeife-Panel-Portada-UNESCO-scaled.webp?resize=1400%2C800&ssl=1 4x"},"classes":[]},{"id":8580,"url":"https:\/\/artejoven.org\/fr\/fondo-de-arte-joven-y-fundacion-los-carbonell-ng-art-gallery-presentaran-en-la-habana-el-catalogo-de-la-primera-edicion-del-concurso-malayerba\/","url_meta":{"origin":7376,"position":2},"title":"Le Fondo de Arte Joven et la Fundaci\u00f3n Los Carbonell \/ NG Art Gallery pr\u00e9senteront le catalogue de la premi\u00e8re \u00e9dition du concours malaYerba \u00e0 La Havane.","author":"Ren\u00e9 Manuel Puig","date":"13 de janvier de 2025","format":false,"excerpt":"Le Fondo de Arte Joven (FAJ) et la Fundaci\u00f3n Los Carbonell (FLC) \/ NG Art Gallery, partenaire et gestionnaire du profil arts visuels de la plateforme, pr\u00e9senteront \u00e0 La Havane le catalogue de la premi\u00e8re \u00e9dition du concours malaYerba, qui se tiendra dans cette ville en novembre 2023.","rel":"","context":"Dans &quot;Desde el FAJ&quot;","block_context":{"text":"Desde el FAJ","link":"https:\/\/artejoven.org\/fr\/category\/noticias\/desde-el-faj\/"},"img":{"alt_text":"","src":"https:\/\/i0.wp.com\/artejoven.org\/wp-content\/uploads\/2025\/01\/Banner_presentacion_catalogo-malaYerba-I_.webp?resize=350%2C200&ssl=1","width":350,"height":200,"srcset":"https:\/\/i0.wp.com\/artejoven.org\/wp-content\/uploads\/2025\/01\/Banner_presentacion_catalogo-malaYerba-I_.webp?resize=350%2C200&ssl=1 1x, https:\/\/i0.wp.com\/artejoven.org\/wp-content\/uploads\/2025\/01\/Banner_presentacion_catalogo-malaYerba-I_.webp?resize=525%2C300&ssl=1 1.5x, https:\/\/i0.wp.com\/artejoven.org\/wp-content\/uploads\/2025\/01\/Banner_presentacion_catalogo-malaYerba-I_.webp?resize=700%2C400&ssl=1 2x, https:\/\/i0.wp.com\/artejoven.org\/wp-content\/uploads\/2025\/01\/Banner_presentacion_catalogo-malaYerba-I_.webp?resize=1050%2C600&ssl=1 3x"},"classes":[]},{"id":6416,"url":"https:\/\/artejoven.org\/fr\/fondo-de-arte-joven-inaugura-muestra-concurso-malayerba-en-la-galeria-salon-blanco\/","url_meta":{"origin":7376,"position":3},"title":"Le Fondo de Arte Joven inaugure l'exposition concours malaYerba \u00e0 la galerie Sal\u00f3n Blanco","author":"Ren\u00e9 Manuel Puig","date":"27 de novembre de 2023","format":false,"excerpt":"Le Fondo de Arte Joven (FAJ) inaugure une exposition concours dans son espace habituel, la Galer\u00eda Sal\u00f3n Blanco, situ\u00e9e dans le Couvent et la Basilique de San Francisco de As\u00eds dans la Vieille Havane, le jeudi 30 novembre.","rel":"","context":"Dans &quot;Desde el FAJ&quot;","block_context":{"text":"Desde el FAJ","link":"https:\/\/artejoven.org\/fr\/category\/noticias\/desde-el-faj\/"},"img":{"alt_text":"MalaYerba","src":"https:\/\/i0.wp.com\/artejoven.org\/wp-content\/uploads\/2023\/11\/MalaYerba.png?resize=350%2C200&ssl=1","width":350,"height":200,"srcset":"https:\/\/i0.wp.com\/artejoven.org\/wp-content\/uploads\/2023\/11\/MalaYerba.png?resize=350%2C200&ssl=1 1x, https:\/\/i0.wp.com\/artejoven.org\/wp-content\/uploads\/2023\/11\/MalaYerba.png?resize=525%2C300&ssl=1 1.5x, https:\/\/i0.wp.com\/artejoven.org\/wp-content\/uploads\/2023\/11\/MalaYerba.png?resize=700%2C400&ssl=1 2x, https:\/\/i0.wp.com\/artejoven.org\/wp-content\/uploads\/2023\/11\/MalaYerba.png?resize=1050%2C600&ssl=1 3x"},"classes":[]},{"id":8042,"url":"https:\/\/quepasamedia.com\/noticias\/deportes\/cristales-azulejos-oleo-y-fotos-muestra-de-arte-joven-aborda-en-la-habana-temas-sociales\/","url_meta":{"origin":7376,"position":4},"title":"Cristaux, carreaux, huile et photos : une exposition d'art jeune \u00e0 La Havane aborde des questions sociales","author":"Ren\u00e9 Manuel Puig","date":"13 de septembre de 2024","format":false,"excerpt":"Publicado en quepasamedia.com: La muestra re\u00fane a las 29 obras finalistas del concurso de artes visuales MalaYerba 2024, una iniciativa de la plataforma estatal Fondo de Arte Joven (FAJ) dedicada a la promoci\u00f3n del arte emergente en Cuba.","rel":"","context":"Dans &quot;Desde la prensa&quot;","block_context":{"text":"Desde la prensa","link":"https:\/\/artejoven.org\/fr\/category\/noticias\/desde-la-prensa\/"},"img":{"alt_text":"malaYerba II","src":"https:\/\/i0.wp.com\/artejoven.org\/wp-content\/uploads\/2024\/09\/malaYerba-II-jpg.webp?resize=350%2C200&ssl=1","width":350,"height":200,"srcset":"https:\/\/i0.wp.com\/artejoven.org\/wp-content\/uploads\/2024\/09\/malaYerba-II-jpg.webp?resize=350%2C200&ssl=1 1x, https:\/\/i0.wp.com\/artejoven.org\/wp-content\/uploads\/2024\/09\/malaYerba-II-jpg.webp?resize=525%2C300&ssl=1 1.5x, https:\/\/i0.wp.com\/artejoven.org\/wp-content\/uploads\/2024\/09\/malaYerba-II-jpg.webp?resize=700%2C400&ssl=1 2x, https:\/\/i0.wp.com\/artejoven.org\/wp-content\/uploads\/2024\/09\/malaYerba-II-jpg.webp?resize=1050%2C600&ssl=1 3x, https:\/\/i0.wp.com\/artejoven.org\/wp-content\/uploads\/2024\/09\/malaYerba-II-jpg.webp?resize=1400%2C800&ssl=1 4x"},"classes":[]},{"id":6083,"url":"https:\/\/artejoven.org\/fr\/fondo-de-arte-joven-impulsa-programa-de-residencia-academica-haiti-cuba\/","url_meta":{"origin":7376,"position":5},"title":"Le Fondo de Arte Joven promeut le programme de r\u00e9sidence acad\u00e9mique Ha\u00efti-Cuba","author":"Ren\u00e9 Manuel Puig","date":"19 de octobre de 2023","format":false,"excerpt":"Cette semaine, un groupe de jeunes cr\u00e9ateurs ha\u00eftiens est arriv\u00e9 \u00e0 La Havane pour participer au premier programme de r\u00e9sidence acad\u00e9mique promu par le Fondo de Arte Joven (FAJ), qui met l'accent sur la musique et la photographie.","rel":"","context":"Dans &quot;Desde el FAJ&quot;","block_context":{"text":"Desde el FAJ","link":"https:\/\/artejoven.org\/fr\/category\/noticias\/desde-el-faj\/"},"img":{"alt_text":"Residencia Acad\u00e9mica Hait\u00ed - Cuba","src":"https:\/\/i0.wp.com\/artejoven.org\/wp-content\/uploads\/2023\/10\/Residencia-academica-Haiti-Cuba-jpg.webp?resize=350%2C200&ssl=1","width":350,"height":200,"srcset":"https:\/\/i0.wp.com\/artejoven.org\/wp-content\/uploads\/2023\/10\/Residencia-academica-Haiti-Cuba-jpg.webp?resize=350%2C200&ssl=1 1x, https:\/\/i0.wp.com\/artejoven.org\/wp-content\/uploads\/2023\/10\/Residencia-academica-Haiti-Cuba-jpg.webp?resize=525%2C300&ssl=1 1.5x, https:\/\/i0.wp.com\/artejoven.org\/wp-content\/uploads\/2023\/10\/Residencia-academica-Haiti-Cuba-jpg.webp?resize=700%2C400&ssl=1 2x, https:\/\/i0.wp.com\/artejoven.org\/wp-content\/uploads\/2023\/10\/Residencia-academica-Haiti-Cuba-jpg.webp?resize=1050%2C600&ssl=1 3x"},"classes":[]}],"jetpack_sharing_enabled":true,"_links":{"self":[{"href":"https:\/\/artejoven.org\/fr\/wp-json\/wp\/v2\/posts\/7376","targetHints":{"allow":["GET"]}}],"collection":[{"href":"https:\/\/artejoven.org\/fr\/wp-json\/wp\/v2\/posts"}],"about":[{"href":"https:\/\/artejoven.org\/fr\/wp-json\/wp\/v2\/types\/post"}],"author":[{"embeddable":true,"href":"https:\/\/artejoven.org\/fr\/wp-json\/wp\/v2\/users\/1"}],"replies":[{"embeddable":true,"href":"https:\/\/artejoven.org\/fr\/wp-json\/wp\/v2\/comments?post=7376"}],"version-history":[{"count":0,"href":"https:\/\/artejoven.org\/fr\/wp-json\/wp\/v2\/posts\/7376\/revisions"}],"wp:featuredmedia":[{"embeddable":true,"href":"https:\/\/artejoven.org\/fr\/wp-json\/wp\/v2\/media\/7377"}],"wp:attachment":[{"href":"https:\/\/artejoven.org\/fr\/wp-json\/wp\/v2\/media?parent=7376"}],"wp:term":[{"taxonomy":"category","embeddable":true,"href":"https:\/\/artejoven.org\/fr\/wp-json\/wp\/v2\/categories?post=7376"},{"taxonomy":"post_tag","embeddable":true,"href":"https:\/\/artejoven.org\/fr\/wp-json\/wp\/v2\/tags?post=7376"}],"curies":[{"name":"wp","href":"https:\/\/api.w.org\/{rel}","templated":true}]}}