{"id":8105,"date":"2024-09-19T18:31:12","date_gmt":"2024-09-19T22:31:12","guid":{"rendered":"https:\/\/artejoven.org\/?p=8105"},"modified":"2024-09-20T17:08:07","modified_gmt":"2024-09-20T21:08:07","slug":"le-fondo-de-arte-joven-et-lunicef-cuba-lancent-un-appel-pour-la-premiere-edition-du-concours-national-de-musique","status":"publish","type":"post","link":"https:\/\/artejoven.org\/fr\/fondo-de-arte-joven-y-unicef-cuba-convocan-a-la-primera-edicion-del-concurso-nacional-de-musica\/","title":{"rendered":"Le Fondo de Arte Joven et l'UNICEF Cuba lancent un appel pour la premi\u00e8re \u00e9dition du concours national de musique"},"content":{"rendered":"<p>Le Fondo de Arte Joven (FAJ) et le Fonds des Nations unies pour l'enfance \u00e0 Cuba (UNICEF Cuba) lancent un appel \u00e0 candidatures pour le programme <strong>Premi\u00e8re \u00e9dition du concours national de musique<\/strong>Le programme est une opportunit\u00e9 unique pour les adolescents.<\/p>\n\n\n\n<p>L'appel s'adresse aux musiciens en formation formelle ou informelle (\u00e9ducation artistique ou autodidacte), de nationalit\u00e9 cubaine, r\u00e9sidant \u00e0 Cuba, \u00e2g\u00e9s de 12 \u00e0 18 ans, et restera en vigueur jusqu'au 15 octobre 2024.<\/p>\n\n\n\n<p>Les adolescents seront en concurrence avec un <strong>vid\u00e9o<\/strong> o\u00f9 leur interpr\u00e9tation, en tant que soliste, d'une ou plusieurs \u0153uvres musicales de leur choix peut \u00eatre appr\u00e9ci\u00e9e. Il peut s'agir d'\u0153uvres compl\u00e8tes, de mouvements d'\u0153uvres, de nouvelles cr\u00e9ations, de chansons ou d'improvisations.<\/p>\n\n\n\n<p>La demande se fait par le biais du formulaire de demande en ligne disponible sur le site web de la FAJ, dans lequel ils doivent \u00e9galement joindre la documentation requise par la plateforme et l'UNICEF Cuba.<\/p>\n\n\n\n<ul class=\"wp-block-list\">\n<li>Cliquez ici <a href=\"https:\/\/artejoven.org\/fr\/appels\/\"><strong>ici<\/strong><\/a> pour acc\u00e9der au formulaire<\/li>\n<\/ul>\n\n\n\n<p>Le concours comporte trois cat\u00e9gories : <strong>Cat\u00e9gorie A : 12-14 ans ; cat\u00e9gorie B : 15-16 ans et cat\u00e9gorie C : 17-18 ans.<\/strong>. Un total de <strong>trois prix<\/strong>un pour chacune des cat\u00e9gories susmentionn\u00e9es.<\/p>\n\n\n\n<p>Les prix consisteront en un financement complet (toutes d\u00e9penses couvertes) pour la participation de chaque laur\u00e9at (avec un adulte accompagnateur) \u00e0 un programme d'\u00e9change cr\u00e9atif d'une semaine \u00e0 La Havane. Le programme comprendra des activit\u00e9s, des s\u00e9ances de r\u00e9p\u00e9tition et des cours de ma\u00eetre donn\u00e9s par de jeunes musiciens laur\u00e9ats des appels \u00e0 propositions du FAJ, ainsi que par des musiciens cubains de renom engag\u00e9s en faveur des enfants et ambassadeurs itin\u00e9rants de l'UNICEF \u00e0 Cuba.<\/p>\n\n\n\n<p>Le programme se terminera \u00e9galement par un concert au Teatro del Museo Nacional de Bellas Artes de Cuba, qui r\u00e9unira sur sc\u00e8ne - et lors de s\u00e9ances de r\u00e9p\u00e9tition pr\u00e9c\u00e9dentes - les laur\u00e9ats, ainsi que des jeunes b\u00e9n\u00e9ficiaires du programme d'appel \u00e0 propositions du FAJ et des musiciens de renom.<\/p>\n\n\n\n<p>La premi\u00e8re \u00e9dition du concours national de musique vise non seulement \u00e0 promouvoir des processus cr\u00e9atifs qui favorisent la croissance spirituelle, la cr\u00e9ativit\u00e9 et l'expression des adolescents, mais aussi \u00e0 g\u00e9n\u00e9rer un impact positif sur la formation artistique et professionnelle de cette population \u00e0 Cuba, dans le cadre de la c\u00e9l\u00e9bration du 35e anniversaire de la Convention relative aux droits de l'enfant.<\/p>","protected":false},"excerpt":{"rendered":"<p>Le Fondo de Arte Joven (FAJ) et le Fonds des Nations Unies pour l'enfance \u00e0 Cuba (UNICEF Cuba) lancent un appel pour la premi\u00e8re \u00e9dition du Concours national de musique, une occasion unique pour les adolescents et les jeunes.<\/p>","protected":false},"author":1,"featured_media":8111,"comment_status":"open","ping_status":"open","sticky":false,"template":"","format":"standard","meta":{"_acf_changed":false,"_jetpack_memberships_contains_paid_content":false,"footnotes":"","_links_to":"","_links_to_target":""},"categories":[35],"tags":[],"class_list":{"0":"post-8105","1":"post","2":"type-post","3":"status-publish","4":"format-standard","5":"has-post-thumbnail","6":"hentry","7":"category-desde-el-faj","9":"post-with-thumbnail","10":"post-with-thumbnail-large"},"acf":[],"aioseo_notices":[],"jetpack_featured_media_url":"https:\/\/artejoven.org\/wp-content\/uploads\/2024\/09\/Concurso-Nacional-de-Musica.-Convocatoria-FAJ-UNICEF--jpg.webp","jetpack-related-posts":[{"id":9687,"url":"https:\/\/artejoven.org\/fr\/fondo-de-arte-joven-y-unicef-cuba-convocan-a-la-segunda-convocatoria-del-concurso-nacional-de-musica\/","url_meta":{"origin":8105,"position":0},"title":"Le Fonds pour les artistes jeunes et l'UNICEF Cuba lancent un deuxi\u00e8me appel \u00e0 candidatures pour le concours national de musique","author":"Ren\u00e9 Manuel Puig","date":"17 de juillet de 2025","format":false,"excerpt":"La segunda edici\u00f3n del Concurso Nacional de M\u00fasica, tambi\u00e9n persigue generar un impacto positivo en la formaci\u00f3n art\u00edstica y profesional de esta poblaci\u00f3n, contribuyendo a crear entornos inclusivos y oportunidades que respalden el ejercicio del derecho de ni\u00f1os, ni\u00f1as y adolescentes a participar libremente en la vida cultural y en\u2026","rel":"","context":"Dans &quot;Desde el FAJ&quot;","block_context":{"text":"Desde el FAJ","link":"https:\/\/artejoven.org\/fr\/category\/noticias\/desde-el-faj\/"},"img":{"alt_text":"","src":"https:\/\/i0.wp.com\/artejoven.org\/wp-content\/uploads\/2025\/07\/BANNER_CONCURSO-NACIONAL-DE-MUSICA-2DA-EDICION.webp?resize=350%2C200&ssl=1","width":350,"height":200,"srcset":"https:\/\/i0.wp.com\/artejoven.org\/wp-content\/uploads\/2025\/07\/BANNER_CONCURSO-NACIONAL-DE-MUSICA-2DA-EDICION.webp?resize=350%2C200&ssl=1 1x, https:\/\/i0.wp.com\/artejoven.org\/wp-content\/uploads\/2025\/07\/BANNER_CONCURSO-NACIONAL-DE-MUSICA-2DA-EDICION.webp?resize=525%2C300&ssl=1 1.5x, https:\/\/i0.wp.com\/artejoven.org\/wp-content\/uploads\/2025\/07\/BANNER_CONCURSO-NACIONAL-DE-MUSICA-2DA-EDICION.webp?resize=700%2C400&ssl=1 2x, https:\/\/i0.wp.com\/artejoven.org\/wp-content\/uploads\/2025\/07\/BANNER_CONCURSO-NACIONAL-DE-MUSICA-2DA-EDICION.webp?resize=1050%2C600&ssl=1 3x"},"classes":[]},{"id":8177,"url":"https:\/\/www.adelante.cu\/index.php\/es\/cultura\/30239-convocatoria-abierta-concurso-nacional-de-musica","url_meta":{"origin":8105,"position":1},"title":"Appel \u00e0 candidatures : Concours national de musique","author":"Ren\u00e9 Manuel Puig","date":"27 de septembre de 2024","format":false,"excerpt":"Publicado en adelante.cu: El Fondo de Arte Joven y UNICEF Cuba anuncian la primera edici\u00f3n del Concurso Nacional de M\u00fasica, iniciativa destinada a j\u00f3venes talentos de entre 12 y 18 a\u00f1os.","rel":"","context":"Dans &quot;Desde la prensa&quot;","block_context":{"text":"Desde la prensa","link":"https:\/\/artejoven.org\/fr\/category\/noticias\/desde-la-prensa\/"},"img":{"alt_text":"Concurso Nacional de M\u00fasica. Convocatoria FAJ-UNICEF","src":"https:\/\/i0.wp.com\/artejoven.org\/wp-content\/uploads\/2024\/09\/Concurso-Nacional-de-Musica.-Convocatoria-FAJ-UNICEF--jpg.webp?resize=350%2C200&ssl=1","width":350,"height":200,"srcset":"https:\/\/i0.wp.com\/artejoven.org\/wp-content\/uploads\/2024\/09\/Concurso-Nacional-de-Musica.-Convocatoria-FAJ-UNICEF--jpg.webp?resize=350%2C200&ssl=1 1x, https:\/\/i0.wp.com\/artejoven.org\/wp-content\/uploads\/2024\/09\/Concurso-Nacional-de-Musica.-Convocatoria-FAJ-UNICEF--jpg.webp?resize=525%2C300&ssl=1 1.5x, https:\/\/i0.wp.com\/artejoven.org\/wp-content\/uploads\/2024\/09\/Concurso-Nacional-de-Musica.-Convocatoria-FAJ-UNICEF--jpg.webp?resize=700%2C400&ssl=1 2x, https:\/\/i0.wp.com\/artejoven.org\/wp-content\/uploads\/2024\/09\/Concurso-Nacional-de-Musica.-Convocatoria-FAJ-UNICEF--jpg.webp?resize=1050%2C600&ssl=1 3x, https:\/\/i0.wp.com\/artejoven.org\/wp-content\/uploads\/2024\/09\/Concurso-Nacional-de-Musica.-Convocatoria-FAJ-UNICEF--jpg.webp?resize=1400%2C800&ssl=1 4x"},"classes":[]},{"id":9701,"url":"https:\/\/artejoven.org\/fr\/concurso-nacional-de-musica-caravana-a-matanzas\/","url_meta":{"origin":8105,"position":2},"title":"Concours national de musique : caravane vers Matanzas","author":"Ren\u00e9 Manuel Puig","date":"23 de juillet de 2025","format":false,"excerpt":"Organizado por el Fondo de Arte Joven y UNICEF Cuba, en el marco de los 80 a\u00f1os de las Naciones Unidas, este evento replic\u00f3 por primera vez fuera de La Habana la experiencia de la primera edici\u00f3n, con la direcci\u00f3n musical de Janio Abreu, multiinstrumentista de vientos, compositor, arreglista y\u2026","rel":"","context":"Dans &quot;Desde el FAJ&quot;","block_context":{"text":"Desde el FAJ","link":"https:\/\/artejoven.org\/fr\/category\/noticias\/desde-el-faj\/"},"img":{"alt_text":"","src":"https:\/\/i0.wp.com\/artejoven.org\/wp-content\/uploads\/2025\/07\/07-Caravana-a-Matanzas.-FAJ-UNICEF-Cuba.webp?resize=350%2C200&ssl=1","width":350,"height":200,"srcset":"https:\/\/i0.wp.com\/artejoven.org\/wp-content\/uploads\/2025\/07\/07-Caravana-a-Matanzas.-FAJ-UNICEF-Cuba.webp?resize=350%2C200&ssl=1 1x, https:\/\/i0.wp.com\/artejoven.org\/wp-content\/uploads\/2025\/07\/07-Caravana-a-Matanzas.-FAJ-UNICEF-Cuba.webp?resize=525%2C300&ssl=1 1.5x, https:\/\/i0.wp.com\/artejoven.org\/wp-content\/uploads\/2025\/07\/07-Caravana-a-Matanzas.-FAJ-UNICEF-Cuba.webp?resize=700%2C400&ssl=1 2x, https:\/\/i0.wp.com\/artejoven.org\/wp-content\/uploads\/2025\/07\/07-Caravana-a-Matanzas.-FAJ-UNICEF-Cuba.webp?resize=1050%2C600&ssl=1 3x, https:\/\/i0.wp.com\/artejoven.org\/wp-content\/uploads\/2025\/07\/07-Caravana-a-Matanzas.-FAJ-UNICEF-Cuba.webp?resize=1400%2C800&ssl=1 4x"},"classes":[]},{"id":10217,"url":"https:\/\/artejoven.org\/fr\/gran-concierto-02-edicion-concurso-nacional-de-musica\/","url_meta":{"origin":8105,"position":3},"title":"Grand concert 2e \u00e9dition Concours national de musique","author":"Ren\u00e9 Manuel Puig","date":"8 de d\u00e9cembre de 2025","format":false,"excerpt":"Ouvrir la porte aux talents \u00e9mergents de la sc\u00e8ne musicale cubaine.","rel":"","context":"Dans &quot;Desde el FAJ&quot;","block_context":{"text":"Desde el FAJ","link":"https:\/\/artejoven.org\/fr\/category\/noticias\/desde-el-faj\/"},"img":{"alt_text":"","src":"https:\/\/i0.wp.com\/artejoven.org\/wp-content\/uploads\/2025\/12\/Fondo_Concurso-2025-scaled.webp?resize=350%2C200&ssl=1","width":350,"height":200,"srcset":"https:\/\/i0.wp.com\/artejoven.org\/wp-content\/uploads\/2025\/12\/Fondo_Concurso-2025-scaled.webp?resize=350%2C200&ssl=1 1x, https:\/\/i0.wp.com\/artejoven.org\/wp-content\/uploads\/2025\/12\/Fondo_Concurso-2025-scaled.webp?resize=525%2C300&ssl=1 1.5x, https:\/\/i0.wp.com\/artejoven.org\/wp-content\/uploads\/2025\/12\/Fondo_Concurso-2025-scaled.webp?resize=700%2C400&ssl=1 2x, https:\/\/i0.wp.com\/artejoven.org\/wp-content\/uploads\/2025\/12\/Fondo_Concurso-2025-scaled.webp?resize=1050%2C600&ssl=1 3x, https:\/\/i0.wp.com\/artejoven.org\/wp-content\/uploads\/2025\/12\/Fondo_Concurso-2025-scaled.webp?resize=1400%2C800&ssl=1 4x"},"classes":[]},{"id":8355,"url":"https:\/\/artejoven.org\/fr\/talento-y-creatividad-la-inolvidable-experiencia-del-concurso-nacional-de-musica\/","url_meta":{"origin":8105,"position":4},"title":"Talent et cr\u00e9ativit\u00e9 : l'exp\u00e9rience inoubliable du concours national de musique","author":"Ren\u00e9 Manuel Puig","date":"10 de d\u00e9cembre de 2024","format":false,"excerpt":"Avec pr\u00e8s de deux ans d'existence, le FAJ a pu compter sur des alli\u00e9s culturellement engag\u00e9s, ce qui a \u00e9t\u00e9 fondamental pour promouvoir la culture et la cr\u00e9ativit\u00e9 dans les nouvelles g\u00e9n\u00e9rations d'artistes.","rel":"","context":"Dans &quot;Desde el FAJ&quot;","block_context":{"text":"Desde el FAJ","link":"https:\/\/artejoven.org\/fr\/category\/noticias\/desde-el-faj\/"},"img":{"alt_text":"","src":"https:\/\/i0.wp.com\/artejoven.org\/wp-content\/uploads\/2024\/12\/01-Concurso-Nacional-de-Musica-FAJ-UNICEF.-Concierto-1.webp?resize=350%2C200&ssl=1","width":350,"height":200,"srcset":"https:\/\/i0.wp.com\/artejoven.org\/wp-content\/uploads\/2024\/12\/01-Concurso-Nacional-de-Musica-FAJ-UNICEF.-Concierto-1.webp?resize=350%2C200&ssl=1 1x, https:\/\/i0.wp.com\/artejoven.org\/wp-content\/uploads\/2024\/12\/01-Concurso-Nacional-de-Musica-FAJ-UNICEF.-Concierto-1.webp?resize=525%2C300&ssl=1 1.5x, https:\/\/i0.wp.com\/artejoven.org\/wp-content\/uploads\/2024\/12\/01-Concurso-Nacional-de-Musica-FAJ-UNICEF.-Concierto-1.webp?resize=700%2C400&ssl=1 2x, https:\/\/i0.wp.com\/artejoven.org\/wp-content\/uploads\/2024\/12\/01-Concurso-Nacional-de-Musica-FAJ-UNICEF.-Concierto-1.webp?resize=1050%2C600&ssl=1 3x"},"classes":[]},{"id":9695,"url":"https:\/\/www.acn.cu\/cultura\/matanzas-acoge-jornada-cultural-por-el-talento-adolescente-fotos","url_meta":{"origin":8105,"position":5},"title":"Matanzas organise une journ\u00e9e culturelle pour les adolescents talentueux","author":"Ren\u00e9 Manuel Puig","date":"19 de juillet de 2025","format":false,"excerpt":"Publicado en ACN: Un concierto especial, el intercambio creativo y una exposici\u00f3n fotogr\u00e1fica marcaron hoy la presentaci\u00f3n en esta ciudad de la segunda edici\u00f3n del Concurso Nacional de M\u00fasica impulsado por el Fondo de Arte Joven (FAJ) y el Fondo de las Naciones Unidas para la Infancia (UNICEF) Cuba, para\u2026","rel":"","context":"Dans &quot;Desde la prensa&quot;","block_context":{"text":"Desde la prensa","link":"https:\/\/artejoven.org\/fr\/category\/noticias\/desde-la-prensa\/"},"img":{"alt_text":"","src":"https:\/\/i0.wp.com\/artejoven.org\/wp-content\/uploads\/2025\/07\/0-18-concurso-1.webp?resize=350%2C200&ssl=1","width":350,"height":200,"srcset":"https:\/\/i0.wp.com\/artejoven.org\/wp-content\/uploads\/2025\/07\/0-18-concurso-1.webp?resize=350%2C200&ssl=1 1x, https:\/\/i0.wp.com\/artejoven.org\/wp-content\/uploads\/2025\/07\/0-18-concurso-1.webp?resize=525%2C300&ssl=1 1.5x, https:\/\/i0.wp.com\/artejoven.org\/wp-content\/uploads\/2025\/07\/0-18-concurso-1.webp?resize=700%2C400&ssl=1 2x"},"classes":[]}],"jetpack_sharing_enabled":true,"_links":{"self":[{"href":"https:\/\/artejoven.org\/fr\/wp-json\/wp\/v2\/posts\/8105","targetHints":{"allow":["GET"]}}],"collection":[{"href":"https:\/\/artejoven.org\/fr\/wp-json\/wp\/v2\/posts"}],"about":[{"href":"https:\/\/artejoven.org\/fr\/wp-json\/wp\/v2\/types\/post"}],"author":[{"embeddable":true,"href":"https:\/\/artejoven.org\/fr\/wp-json\/wp\/v2\/users\/1"}],"replies":[{"embeddable":true,"href":"https:\/\/artejoven.org\/fr\/wp-json\/wp\/v2\/comments?post=8105"}],"version-history":[{"count":0,"href":"https:\/\/artejoven.org\/fr\/wp-json\/wp\/v2\/posts\/8105\/revisions"}],"wp:featuredmedia":[{"embeddable":true,"href":"https:\/\/artejoven.org\/fr\/wp-json\/wp\/v2\/media\/8111"}],"wp:attachment":[{"href":"https:\/\/artejoven.org\/fr\/wp-json\/wp\/v2\/media?parent=8105"}],"wp:term":[{"taxonomy":"category","embeddable":true,"href":"https:\/\/artejoven.org\/fr\/wp-json\/wp\/v2\/categories?post=8105"},{"taxonomy":"post_tag","embeddable":true,"href":"https:\/\/artejoven.org\/fr\/wp-json\/wp\/v2\/tags?post=8105"}],"curies":[{"name":"wp","href":"https:\/\/api.w.org\/{rel}","templated":true}]}}