{"id":8355,"date":"2024-12-10T12:28:14","date_gmt":"2024-12-10T17:28:14","guid":{"rendered":"https:\/\/artejoven.org\/?p=8355"},"modified":"2024-12-19T16:02:50","modified_gmt":"2024-12-19T21:02:50","slug":"talent-et-creativite-lexperience-inoubliable-du-concours-national-de-musique","status":"publish","type":"post","link":"https:\/\/artejoven.org\/fr\/talento-y-creatividad-la-inolvidable-experiencia-del-concurso-nacional-de-musica\/","title":{"rendered":"Talent et cr\u00e9ativit\u00e9 : l'exp\u00e9rience inoubliable du concours national de musique"},"content":{"rendered":"<p>Le mois de septembre a commenc\u00e9 par un d\u00e9fi musical. La nouvelle s'est rapidement r\u00e9pandue par le biais de groupes WhatsApp, sur la recommandation d'enseignants, d'\u00e9tudiants, d'amis proches et des m\u00e9dias dans diverses provinces de Cuba. Le Fondo de Arte Joven (FAJ) et le Fonds des Nations unies pour l'enfance (UNICEF) \u00e0 Cuba appelaient les adolescents \u00e2g\u00e9s de 12 \u00e0 18 ans \u00e0 participer \u00e0 la premi\u00e8re \u00e9dition du Concours national de musique.<\/p>\n\n\n\n<p>Cette initiative a salu\u00e9 le 35e anniversaire de la Convention relative aux droits de l'enfant et, bien qu'il s'agisse de la premi\u00e8re collaboration entre la FAJ et l'UNICEF, elle avait d\u00e9j\u00e0 des ant\u00e9c\u00e9dents dans les ann\u00e9es 1990. \u00c0 l'\u00e9poque, le pianiste et compositeur Ern\u00e1n L\u00f3pez-Nussa, ambassadeur itin\u00e9rant de l'UNICEF, avait r\u00e9alis\u00e9 des \u00e9changes artistiques et des concerts avec des enfants des \u00e9coles du pays, qui sont aujourd'hui d'importants repr\u00e9sentants de la musique cubaine.<\/p>\n\n\n\n<div class=\"wp-block-jetpack-tiled-gallery aligncenter is-style-rectangular\"><div class=\"has-rounded-corners-15\"><div class=\"tiled-gallery__gallery\"><div class=\"tiled-gallery__row\"><div class=\"tiled-gallery__col\" style=\"flex-basis:66.80756%\"><figure class=\"tiled-gallery__item\"><a href=\"https:\/\/artejoven.org\/wp-content\/uploads\/2024\/12\/DSC05579-1024x684.webp\"><img decoding=\"async\" srcset=\"https:\/\/i0.wp.com\/artejoven.org\/wp-content\/uploads\/2024\/12\/DSC05579-1024x684.webp?strip=info&#038;w=600&#038;ssl=1 600w,https:\/\/i0.wp.com\/artejoven.org\/wp-content\/uploads\/2024\/12\/DSC05579-1024x684.webp?strip=info&#038;w=900&#038;ssl=1 900w,https:\/\/i0.wp.com\/artejoven.org\/wp-content\/uploads\/2024\/12\/DSC05579-1024x684.webp?strip=info&#038;w=1200&#038;ssl=1 1200w,https:\/\/i0.wp.com\/artejoven.org\/wp-content\/uploads\/2024\/12\/DSC05579-1024x684.webp?strip=info&#038;w=1500&#038;ssl=1 1500w,https:\/\/i0.wp.com\/artejoven.org\/wp-content\/uploads\/2024\/12\/DSC05579-1024x684.webp?strip=info&#038;w=1616&#038;ssl=1 1616w\" alt=\"\" data-height=\"1080\" data-id=\"8363\" data-link=\"https:\/\/artejoven.org\/?attachment_id=8363#main\" data-url=\"https:\/\/artejoven.org\/wp-content\/uploads\/2024\/12\/DSC05579-1024x684.webp\" data-width=\"1616\" src=\"https:\/\/i0.wp.com\/artejoven.org\/wp-content\/uploads\/2024\/12\/DSC05579-1024x684.webp?ssl=1\" data-amp-layout=\"responsive\" tabindex=\"0\" role=\"button\" aria-label=\"Ouvrir l&#039;image 1 de 7 en plein \u00e9cran\"\/><\/a><\/figure><\/div><div class=\"tiled-gallery__col\" style=\"flex-basis:33.19244%\"><figure class=\"tiled-gallery__item\"><a href=\"https:\/\/artejoven.org\/wp-content\/uploads\/2024\/12\/DSC05591-1024x684.webp\"><img decoding=\"async\" srcset=\"https:\/\/i0.wp.com\/artejoven.org\/wp-content\/uploads\/2024\/12\/DSC05591-1024x684.webp?strip=info&#038;w=600&#038;ssl=1 600w,https:\/\/i0.wp.com\/artejoven.org\/wp-content\/uploads\/2024\/12\/DSC05591-1024x684.webp?strip=info&#038;w=900&#038;ssl=1 900w,https:\/\/i0.wp.com\/artejoven.org\/wp-content\/uploads\/2024\/12\/DSC05591-1024x684.webp?strip=info&#038;w=1200&#038;ssl=1 1200w,https:\/\/i0.wp.com\/artejoven.org\/wp-content\/uploads\/2024\/12\/DSC05591-1024x684.webp?strip=info&#038;w=1500&#038;ssl=1 1500w,https:\/\/i0.wp.com\/artejoven.org\/wp-content\/uploads\/2024\/12\/DSC05591-1024x684.webp?strip=info&#038;w=1616&#038;ssl=1 1616w\" alt=\"\" data-height=\"1080\" data-id=\"8360\" data-link=\"https:\/\/artejoven.org\/?attachment_id=8360#main\" data-url=\"https:\/\/artejoven.org\/wp-content\/uploads\/2024\/12\/DSC05591-1024x684.webp\" data-width=\"1616\" src=\"https:\/\/i0.wp.com\/artejoven.org\/wp-content\/uploads\/2024\/12\/DSC05591-1024x684.webp?ssl=1\" data-amp-layout=\"responsive\" tabindex=\"0\" role=\"button\" aria-label=\"Ouvrir l&#039;image 2 de 7 en plein \u00e9cran\"\/><\/a><\/figure><figure class=\"tiled-gallery__item\"><a href=\"https:\/\/artejoven.org\/wp-content\/uploads\/2024\/12\/DSC05587-1024x684.webp\"><img decoding=\"async\" srcset=\"https:\/\/i0.wp.com\/artejoven.org\/wp-content\/uploads\/2024\/12\/DSC05587-1024x684.webp?strip=info&#038;w=600&#038;ssl=1 600w,https:\/\/i0.wp.com\/artejoven.org\/wp-content\/uploads\/2024\/12\/DSC05587-1024x684.webp?strip=info&#038;w=900&#038;ssl=1 900w,https:\/\/i0.wp.com\/artejoven.org\/wp-content\/uploads\/2024\/12\/DSC05587-1024x684.webp?strip=info&#038;w=1200&#038;ssl=1 1200w,https:\/\/i0.wp.com\/artejoven.org\/wp-content\/uploads\/2024\/12\/DSC05587-1024x684.webp?strip=info&#038;w=1500&#038;ssl=1 1500w,https:\/\/i0.wp.com\/artejoven.org\/wp-content\/uploads\/2024\/12\/DSC05587-1024x684.webp?strip=info&#038;w=1616&#038;ssl=1 1616w\" alt=\"\" data-height=\"1080\" data-id=\"8361\" data-link=\"https:\/\/artejoven.org\/?attachment_id=8361#main\" data-url=\"https:\/\/artejoven.org\/wp-content\/uploads\/2024\/12\/DSC05587-1024x684.webp\" data-width=\"1616\" src=\"https:\/\/i0.wp.com\/artejoven.org\/wp-content\/uploads\/2024\/12\/DSC05587-1024x684.webp?ssl=1\" data-amp-layout=\"responsive\" tabindex=\"0\" role=\"button\" aria-label=\"Ouvrir l&#039;image 3 de 7 en plein \u00e9cran\"\/><\/a><\/figure><\/div><\/div><div class=\"tiled-gallery__row\"><div class=\"tiled-gallery__col\" style=\"flex-basis:25.00000%\"><figure class=\"tiled-gallery__item\"><a href=\"https:\/\/artejoven.org\/wp-content\/uploads\/2024\/12\/DSC05616-1024x684.webp\"><img decoding=\"async\" srcset=\"https:\/\/i0.wp.com\/artejoven.org\/wp-content\/uploads\/2024\/12\/DSC05616-1024x684.webp?strip=info&#038;w=600&#038;ssl=1 600w,https:\/\/i0.wp.com\/artejoven.org\/wp-content\/uploads\/2024\/12\/DSC05616-1024x684.webp?strip=info&#038;w=900&#038;ssl=1 900w,https:\/\/i0.wp.com\/artejoven.org\/wp-content\/uploads\/2024\/12\/DSC05616-1024x684.webp?strip=info&#038;w=1200&#038;ssl=1 1200w,https:\/\/i0.wp.com\/artejoven.org\/wp-content\/uploads\/2024\/12\/DSC05616-1024x684.webp?strip=info&#038;w=1500&#038;ssl=1 1500w,https:\/\/i0.wp.com\/artejoven.org\/wp-content\/uploads\/2024\/12\/DSC05616-1024x684.webp?strip=info&#038;w=1616&#038;ssl=1 1616w\" alt=\"\" data-height=\"1080\" data-id=\"8359\" data-link=\"https:\/\/artejoven.org\/?attachment_id=8359#main\" data-url=\"https:\/\/artejoven.org\/wp-content\/uploads\/2024\/12\/DSC05616-1024x684.webp\" data-width=\"1616\" src=\"https:\/\/i0.wp.com\/artejoven.org\/wp-content\/uploads\/2024\/12\/DSC05616-1024x684.webp?ssl=1\" data-amp-layout=\"responsive\" tabindex=\"0\" role=\"button\" aria-label=\"Ouvrir l&#039;image 4 de 7 en plein \u00e9cran\"\/><\/a><\/figure><\/div><div class=\"tiled-gallery__col\" style=\"flex-basis:25.00000%\"><figure class=\"tiled-gallery__item\"><a href=\"https:\/\/artejoven.org\/wp-content\/uploads\/2024\/12\/DSC05574-1024x684.webp\"><img decoding=\"async\" srcset=\"https:\/\/i0.wp.com\/artejoven.org\/wp-content\/uploads\/2024\/12\/DSC05574-1024x684.webp?strip=info&#038;w=600&#038;ssl=1 600w,https:\/\/i0.wp.com\/artejoven.org\/wp-content\/uploads\/2024\/12\/DSC05574-1024x684.webp?strip=info&#038;w=900&#038;ssl=1 900w,https:\/\/i0.wp.com\/artejoven.org\/wp-content\/uploads\/2024\/12\/DSC05574-1024x684.webp?strip=info&#038;w=1200&#038;ssl=1 1200w,https:\/\/i0.wp.com\/artejoven.org\/wp-content\/uploads\/2024\/12\/DSC05574-1024x684.webp?strip=info&#038;w=1500&#038;ssl=1 1500w,https:\/\/i0.wp.com\/artejoven.org\/wp-content\/uploads\/2024\/12\/DSC05574-1024x684.webp?strip=info&#038;w=1616&#038;ssl=1 1616w\" alt=\"\" data-height=\"1080\" data-id=\"8362\" data-link=\"https:\/\/artejoven.org\/?attachment_id=8362#main\" data-url=\"https:\/\/artejoven.org\/wp-content\/uploads\/2024\/12\/DSC05574-1024x684.webp\" data-width=\"1616\" src=\"https:\/\/i0.wp.com\/artejoven.org\/wp-content\/uploads\/2024\/12\/DSC05574-1024x684.webp?ssl=1\" data-amp-layout=\"responsive\" tabindex=\"0\" role=\"button\" aria-label=\"Ouvrir l&#039;image 5 de 7 en plein \u00e9cran\"\/><\/a><\/figure><\/div><div class=\"tiled-gallery__col\" style=\"flex-basis:25.00000%\"><figure class=\"tiled-gallery__item\"><a href=\"https:\/\/artejoven.org\/wp-content\/uploads\/2024\/12\/DSC05678-1024x684.webp\"><img decoding=\"async\" srcset=\"https:\/\/i0.wp.com\/artejoven.org\/wp-content\/uploads\/2024\/12\/DSC05678-1024x684.webp?strip=info&#038;w=600&#038;ssl=1 600w,https:\/\/i0.wp.com\/artejoven.org\/wp-content\/uploads\/2024\/12\/DSC05678-1024x684.webp?strip=info&#038;w=900&#038;ssl=1 900w,https:\/\/i0.wp.com\/artejoven.org\/wp-content\/uploads\/2024\/12\/DSC05678-1024x684.webp?strip=info&#038;w=1200&#038;ssl=1 1200w,https:\/\/i0.wp.com\/artejoven.org\/wp-content\/uploads\/2024\/12\/DSC05678-1024x684.webp?strip=info&#038;w=1500&#038;ssl=1 1500w,https:\/\/i0.wp.com\/artejoven.org\/wp-content\/uploads\/2024\/12\/DSC05678-1024x684.webp?strip=info&#038;w=1616&#038;ssl=1 1616w\" alt=\"\" data-height=\"1080\" data-id=\"8357\" data-link=\"https:\/\/artejoven.org\/?attachment_id=8357#main\" data-url=\"https:\/\/artejoven.org\/wp-content\/uploads\/2024\/12\/DSC05678-1024x684.webp\" data-width=\"1616\" src=\"https:\/\/i0.wp.com\/artejoven.org\/wp-content\/uploads\/2024\/12\/DSC05678-1024x684.webp?ssl=1\" data-amp-layout=\"responsive\" tabindex=\"0\" role=\"button\" aria-label=\"Ouvrir l&#039;image 6 de 7 en plein \u00e9cran\"\/><\/a><\/figure><\/div><div class=\"tiled-gallery__col\" style=\"flex-basis:25.00000%\"><figure class=\"tiled-gallery__item\"><a href=\"https:\/\/artejoven.org\/wp-content\/uploads\/2024\/12\/DSC05682-1024x684.webp\"><img decoding=\"async\" srcset=\"https:\/\/i0.wp.com\/artejoven.org\/wp-content\/uploads\/2024\/12\/DSC05682-1024x684.webp?strip=info&#038;w=600&#038;ssl=1 600w,https:\/\/i0.wp.com\/artejoven.org\/wp-content\/uploads\/2024\/12\/DSC05682-1024x684.webp?strip=info&#038;w=900&#038;ssl=1 900w,https:\/\/i0.wp.com\/artejoven.org\/wp-content\/uploads\/2024\/12\/DSC05682-1024x684.webp?strip=info&#038;w=1200&#038;ssl=1 1200w,https:\/\/i0.wp.com\/artejoven.org\/wp-content\/uploads\/2024\/12\/DSC05682-1024x684.webp?strip=info&#038;w=1500&#038;ssl=1 1500w,https:\/\/i0.wp.com\/artejoven.org\/wp-content\/uploads\/2024\/12\/DSC05682-1024x684.webp?strip=info&#038;w=1616&#038;ssl=1 1616w\" alt=\"\" data-height=\"1080\" data-id=\"8358\" data-link=\"https:\/\/artejoven.org\/?attachment_id=8358#main\" data-url=\"https:\/\/artejoven.org\/wp-content\/uploads\/2024\/12\/DSC05682-1024x684.webp\" data-width=\"1616\" src=\"https:\/\/i0.wp.com\/artejoven.org\/wp-content\/uploads\/2024\/12\/DSC05682-1024x684.webp?ssl=1\" data-amp-layout=\"responsive\" tabindex=\"0\" role=\"button\" aria-label=\"Ouvrir l&#039;image 7 de 7 en plein \u00e9cran\"\/><\/a><\/figure><\/div><\/div><\/div><\/div><\/div>\n\n\n\n<p>Cette exp\u00e9rience particuli\u00e8re a \u00e9largi l'appel aux musiciens en formation, issus de l'enseignement artistique ou autodidactes, qui ont concouru avec une vid\u00e9o montrant leur interpr\u00e9tation, en tant que soliste, d'une ou plusieurs \u0153uvres musicales de leur choix. \u0152uvres compl\u00e8tes, mouvements d'\u0153uvres, nouvelles cr\u00e9ations, chansons ou improvisations \u00e9taient accept\u00e9s.<\/p>\n\n\n\n<p>Le jury \u00e9tait compos\u00e9 de musiciens nationaux et internationaux de renom, tels que Marcos Madrigal, pr\u00e9sident de l'Asociaci\u00f3n Cultural Habana Cl\u00e1sica et membre et responsable du profil musical de la FAJ ; la violoniste et directrice artistique adjointe du festival international Habana Cl\u00e1sica, Lissy Abreu ; Daiana Garc\u00eda, chef d'orchestre de l'Orchestre de chambre de La Havane ; Alessandro Stella, producteur de disques, fondateur d'Extended Place, et membre de l'Orchestre de chambre de La Havane ; et Alessandro Stella, fondateur de l'Orchestre de chambre de La Havane et membre de l'Orchestre de chambre de La Havane. <em>Acad\u00e9mie des enregistrements<\/em> et le <em>Acad\u00e9mie latine des enregistrements, <\/em>et le multi-instrumentiste \u00e0 vent, directeur musical et p\u00e9dagogue, Janio Abreu.<\/p>\n\n\n\n<p>La candidature a \u00e9t\u00e9 soumise par le biais du formulaire de candidature en ligne sur le site web du FAJ. Au total, 58 propositions ont \u00e9t\u00e9 re\u00e7ues \u00e0 la cl\u00f4ture de l'appel et, apr\u00e8s l'\u00e9valuation du jury, 18 candidats ont acc\u00e9d\u00e9 \u00e0 la phase finale du concours.<\/p>\n\n\n\n<div class=\"wp-block-jetpack-tiled-gallery aligncenter is-style-rectangular\"><div class=\"has-rounded-corners-15\"><div class=\"tiled-gallery__gallery\"><div class=\"tiled-gallery__row\"><div class=\"tiled-gallery__col\" style=\"flex-basis:66.80756%\"><figure class=\"tiled-gallery__item\"><a href=\"https:\/\/artejoven.org\/wp-content\/uploads\/2024\/12\/DSC05696-1024x684.webp\"><img decoding=\"async\" srcset=\"https:\/\/i0.wp.com\/artejoven.org\/wp-content\/uploads\/2024\/12\/DSC05696-1024x684.webp?strip=info&#038;w=600&#038;ssl=1 600w,https:\/\/i0.wp.com\/artejoven.org\/wp-content\/uploads\/2024\/12\/DSC05696-1024x684.webp?strip=info&#038;w=900&#038;ssl=1 900w,https:\/\/i0.wp.com\/artejoven.org\/wp-content\/uploads\/2024\/12\/DSC05696-1024x684.webp?strip=info&#038;w=1200&#038;ssl=1 1200w,https:\/\/i0.wp.com\/artejoven.org\/wp-content\/uploads\/2024\/12\/DSC05696-1024x684.webp?strip=info&#038;w=1500&#038;ssl=1 1500w,https:\/\/i0.wp.com\/artejoven.org\/wp-content\/uploads\/2024\/12\/DSC05696-1024x684.webp?strip=info&#038;w=1616&#038;ssl=1 1616w\" alt=\"\" data-height=\"1080\" data-id=\"8368\" data-link=\"https:\/\/artejoven.org\/?attachment_id=8368#main\" data-url=\"https:\/\/artejoven.org\/wp-content\/uploads\/2024\/12\/DSC05696-1024x684.webp\" data-width=\"1616\" src=\"https:\/\/i0.wp.com\/artejoven.org\/wp-content\/uploads\/2024\/12\/DSC05696-1024x684.webp?ssl=1\" data-amp-layout=\"responsive\" tabindex=\"0\" role=\"button\" aria-label=\"Ouvrir l&#039;image 1 de 5 en plein \u00e9cran\"\/><\/a><\/figure><\/div><div class=\"tiled-gallery__col\" style=\"flex-basis:33.19244%\"><figure class=\"tiled-gallery__item\"><a href=\"https:\/\/artejoven.org\/wp-content\/uploads\/2024\/12\/DSC05700-1024x684.webp\"><img decoding=\"async\" srcset=\"https:\/\/i0.wp.com\/artejoven.org\/wp-content\/uploads\/2024\/12\/DSC05700-1024x684.webp?strip=info&#038;w=600&#038;ssl=1 600w,https:\/\/i0.wp.com\/artejoven.org\/wp-content\/uploads\/2024\/12\/DSC05700-1024x684.webp?strip=info&#038;w=900&#038;ssl=1 900w,https:\/\/i0.wp.com\/artejoven.org\/wp-content\/uploads\/2024\/12\/DSC05700-1024x684.webp?strip=info&#038;w=1200&#038;ssl=1 1200w,https:\/\/i0.wp.com\/artejoven.org\/wp-content\/uploads\/2024\/12\/DSC05700-1024x684.webp?strip=info&#038;w=1500&#038;ssl=1 1500w,https:\/\/i0.wp.com\/artejoven.org\/wp-content\/uploads\/2024\/12\/DSC05700-1024x684.webp?strip=info&#038;w=1616&#038;ssl=1 1616w\" alt=\"\" data-height=\"1080\" data-id=\"8367\" data-link=\"https:\/\/artejoven.org\/?attachment_id=8367#main\" data-url=\"https:\/\/artejoven.org\/wp-content\/uploads\/2024\/12\/DSC05700-1024x684.webp\" data-width=\"1616\" src=\"https:\/\/i0.wp.com\/artejoven.org\/wp-content\/uploads\/2024\/12\/DSC05700-1024x684.webp?ssl=1\" data-amp-layout=\"responsive\" tabindex=\"0\" role=\"button\" aria-label=\"Ouvrir l&#039;image 2 de 5 en plein \u00e9cran\"\/><\/a><\/figure><figure class=\"tiled-gallery__item\"><a href=\"https:\/\/artejoven.org\/wp-content\/uploads\/2024\/12\/DSC05713-1024x684.webp\"><img decoding=\"async\" srcset=\"https:\/\/i0.wp.com\/artejoven.org\/wp-content\/uploads\/2024\/12\/DSC05713-1024x684.webp?strip=info&#038;w=600&#038;ssl=1 600w,https:\/\/i0.wp.com\/artejoven.org\/wp-content\/uploads\/2024\/12\/DSC05713-1024x684.webp?strip=info&#038;w=900&#038;ssl=1 900w,https:\/\/i0.wp.com\/artejoven.org\/wp-content\/uploads\/2024\/12\/DSC05713-1024x684.webp?strip=info&#038;w=1200&#038;ssl=1 1200w,https:\/\/i0.wp.com\/artejoven.org\/wp-content\/uploads\/2024\/12\/DSC05713-1024x684.webp?strip=info&#038;w=1500&#038;ssl=1 1500w,https:\/\/i0.wp.com\/artejoven.org\/wp-content\/uploads\/2024\/12\/DSC05713-1024x684.webp?strip=info&#038;w=1616&#038;ssl=1 1616w\" alt=\"\" data-height=\"1080\" data-id=\"8364\" data-link=\"https:\/\/artejoven.org\/?attachment_id=8364#main\" data-url=\"https:\/\/artejoven.org\/wp-content\/uploads\/2024\/12\/DSC05713-1024x684.webp\" data-width=\"1616\" src=\"https:\/\/i0.wp.com\/artejoven.org\/wp-content\/uploads\/2024\/12\/DSC05713-1024x684.webp?ssl=1\" data-amp-layout=\"responsive\" tabindex=\"0\" role=\"button\" aria-label=\"Ouvrir l&#039;image 3 de 5 en plein \u00e9cran\"\/><\/a><\/figure><\/div><\/div><div class=\"tiled-gallery__row\"><div class=\"tiled-gallery__col\" style=\"flex-basis:50.00000%\"><figure class=\"tiled-gallery__item\"><a href=\"https:\/\/artejoven.org\/wp-content\/uploads\/2024\/12\/DSC05717-1024x684.webp\"><img decoding=\"async\" srcset=\"https:\/\/i0.wp.com\/artejoven.org\/wp-content\/uploads\/2024\/12\/DSC05717-1024x684.webp?strip=info&#038;w=600&#038;ssl=1 600w,https:\/\/i0.wp.com\/artejoven.org\/wp-content\/uploads\/2024\/12\/DSC05717-1024x684.webp?strip=info&#038;w=900&#038;ssl=1 900w,https:\/\/i0.wp.com\/artejoven.org\/wp-content\/uploads\/2024\/12\/DSC05717-1024x684.webp?strip=info&#038;w=1200&#038;ssl=1 1200w,https:\/\/i0.wp.com\/artejoven.org\/wp-content\/uploads\/2024\/12\/DSC05717-1024x684.webp?strip=info&#038;w=1500&#038;ssl=1 1500w,https:\/\/i0.wp.com\/artejoven.org\/wp-content\/uploads\/2024\/12\/DSC05717-1024x684.webp?strip=info&#038;w=1616&#038;ssl=1 1616w\" alt=\"\" data-height=\"1080\" data-id=\"8365\" data-link=\"https:\/\/artejoven.org\/?attachment_id=8365#main\" data-url=\"https:\/\/artejoven.org\/wp-content\/uploads\/2024\/12\/DSC05717-1024x684.webp\" data-width=\"1616\" src=\"https:\/\/i0.wp.com\/artejoven.org\/wp-content\/uploads\/2024\/12\/DSC05717-1024x684.webp?ssl=1\" data-amp-layout=\"responsive\" tabindex=\"0\" role=\"button\" aria-label=\"Ouvrir l&#039;image 4 de 5 en plein \u00e9cran\"\/><\/a><\/figure><\/div><div class=\"tiled-gallery__col\" style=\"flex-basis:50.00000%\"><figure class=\"tiled-gallery__item\"><a href=\"https:\/\/artejoven.org\/wp-content\/uploads\/2024\/12\/DSC05708-1024x684.webp\"><img decoding=\"async\" srcset=\"https:\/\/i0.wp.com\/artejoven.org\/wp-content\/uploads\/2024\/12\/DSC05708-1024x684.webp?strip=info&#038;w=600&#038;ssl=1 600w,https:\/\/i0.wp.com\/artejoven.org\/wp-content\/uploads\/2024\/12\/DSC05708-1024x684.webp?strip=info&#038;w=900&#038;ssl=1 900w,https:\/\/i0.wp.com\/artejoven.org\/wp-content\/uploads\/2024\/12\/DSC05708-1024x684.webp?strip=info&#038;w=1200&#038;ssl=1 1200w,https:\/\/i0.wp.com\/artejoven.org\/wp-content\/uploads\/2024\/12\/DSC05708-1024x684.webp?strip=info&#038;w=1500&#038;ssl=1 1500w,https:\/\/i0.wp.com\/artejoven.org\/wp-content\/uploads\/2024\/12\/DSC05708-1024x684.webp?strip=info&#038;w=1616&#038;ssl=1 1616w\" alt=\"\" data-height=\"1080\" data-id=\"8366\" data-link=\"https:\/\/artejoven.org\/?attachment_id=8366#main\" data-url=\"https:\/\/artejoven.org\/wp-content\/uploads\/2024\/12\/DSC05708-1024x684.webp\" data-width=\"1616\" src=\"https:\/\/i0.wp.com\/artejoven.org\/wp-content\/uploads\/2024\/12\/DSC05708-1024x684.webp?ssl=1\" data-amp-layout=\"responsive\" tabindex=\"0\" role=\"button\" aria-label=\"Ouvrir l&#039;image 5 de 5 en plein \u00e9cran\"\/><\/a><\/figure><\/div><\/div><\/div><\/div><\/div>\n\n\n\n<p><strong>UN VOYAGE MUSICAL INOUBLIABLE<\/strong><\/p>\n\n\n\n<p>Trois prix ont \u00e9t\u00e9 d\u00e9cern\u00e9s pour chaque cat\u00e9gorie du concours : A (12-14 ans), B (15-16 ans) et C (17-18 ans). Le premier et le deuxi\u00e8me laur\u00e9at de chaque cat\u00e9gorie (avec un adulte accompagnateur) ont particip\u00e9 \u00e0 un programme d'\u00e9change cr\u00e9atif d'une semaine \u00e0 La Havane.<\/p>\n\n\n\n<p>Pendant cette p\u00e9riode, les jeunes musiciens ont particip\u00e9 \u00e0 un vaste programme d'activit\u00e9s comprenant des s\u00e9ances de r\u00e9p\u00e9tition, des cours de ma\u00eetre donn\u00e9s par des musiciens cubains renomm\u00e9s engag\u00e9s en faveur des enfants et des ambassadeurs itin\u00e9rants de l'UNICEF \u00e0 Cuba. Ils ont \u00e9galement pris part \u00e0 des \u00e9changes cr\u00e9atifs avec les jeunes b\u00e9n\u00e9ficiaires des appels \u00e0 propositions du FAJ et ont visit\u00e9 des espaces culturels.<strong>.<\/strong><\/p>\n\n\n\n<div class=\"wp-block-jetpack-tiled-gallery aligncenter is-style-rectangular\"><div class=\"has-rounded-corners-15\"><div class=\"tiled-gallery__gallery\"><div class=\"tiled-gallery__row\"><div class=\"tiled-gallery__col\" style=\"flex-basis:66.80756%\"><figure class=\"tiled-gallery__item\"><a href=\"https:\/\/artejoven.org\/wp-content\/uploads\/2024\/12\/DSC05730-1024x684.webp\"><img decoding=\"async\" srcset=\"https:\/\/i0.wp.com\/artejoven.org\/wp-content\/uploads\/2024\/12\/DSC05730-1024x684.webp?strip=info&#038;w=600&#038;ssl=1 600w,https:\/\/i0.wp.com\/artejoven.org\/wp-content\/uploads\/2024\/12\/DSC05730-1024x684.webp?strip=info&#038;w=900&#038;ssl=1 900w,https:\/\/i0.wp.com\/artejoven.org\/wp-content\/uploads\/2024\/12\/DSC05730-1024x684.webp?strip=info&#038;w=1200&#038;ssl=1 1200w,https:\/\/i0.wp.com\/artejoven.org\/wp-content\/uploads\/2024\/12\/DSC05730-1024x684.webp?strip=info&#038;w=1500&#038;ssl=1 1500w,https:\/\/i0.wp.com\/artejoven.org\/wp-content\/uploads\/2024\/12\/DSC05730-1024x684.webp?strip=info&#038;w=1616&#038;ssl=1 1616w\" alt=\"\" data-height=\"1080\" data-id=\"8371\" data-link=\"https:\/\/artejoven.org\/?attachment_id=8371#main\" data-url=\"https:\/\/artejoven.org\/wp-content\/uploads\/2024\/12\/DSC05730-1024x684.webp\" data-width=\"1616\" src=\"https:\/\/i0.wp.com\/artejoven.org\/wp-content\/uploads\/2024\/12\/DSC05730-1024x684.webp?ssl=1\" data-amp-layout=\"responsive\" tabindex=\"0\" role=\"button\" aria-label=\"Ouvrir l&#039;image 1 de 4 en plein \u00e9cran\"\/><\/a><\/figure><\/div><div class=\"tiled-gallery__col\" style=\"flex-basis:33.19244%\"><figure class=\"tiled-gallery__item\"><a href=\"https:\/\/artejoven.org\/wp-content\/uploads\/2024\/12\/DSC05752-1024x684.webp\"><img decoding=\"async\" srcset=\"https:\/\/i0.wp.com\/artejoven.org\/wp-content\/uploads\/2024\/12\/DSC05752-1024x684.webp?strip=info&#038;w=600&#038;ssl=1 600w,https:\/\/i0.wp.com\/artejoven.org\/wp-content\/uploads\/2024\/12\/DSC05752-1024x684.webp?strip=info&#038;w=900&#038;ssl=1 900w,https:\/\/i0.wp.com\/artejoven.org\/wp-content\/uploads\/2024\/12\/DSC05752-1024x684.webp?strip=info&#038;w=1200&#038;ssl=1 1200w,https:\/\/i0.wp.com\/artejoven.org\/wp-content\/uploads\/2024\/12\/DSC05752-1024x684.webp?strip=info&#038;w=1500&#038;ssl=1 1500w,https:\/\/i0.wp.com\/artejoven.org\/wp-content\/uploads\/2024\/12\/DSC05752-1024x684.webp?strip=info&#038;w=1616&#038;ssl=1 1616w\" alt=\"\" data-height=\"1080\" data-id=\"8369\" data-link=\"https:\/\/artejoven.org\/?attachment_id=8369#main\" data-url=\"https:\/\/artejoven.org\/wp-content\/uploads\/2024\/12\/DSC05752-1024x684.webp\" data-width=\"1616\" src=\"https:\/\/i0.wp.com\/artejoven.org\/wp-content\/uploads\/2024\/12\/DSC05752-1024x684.webp?ssl=1\" data-amp-layout=\"responsive\" tabindex=\"0\" role=\"button\" aria-label=\"Ouvrir l&#039;image 2 de 4 en plein \u00e9cran\"\/><\/a><\/figure><figure class=\"tiled-gallery__item\"><a href=\"https:\/\/artejoven.org\/wp-content\/uploads\/2024\/12\/DSC05741-1024x684.webp\"><img decoding=\"async\" srcset=\"https:\/\/i0.wp.com\/artejoven.org\/wp-content\/uploads\/2024\/12\/DSC05741-1024x684.webp?strip=info&#038;w=600&#038;ssl=1 600w,https:\/\/i0.wp.com\/artejoven.org\/wp-content\/uploads\/2024\/12\/DSC05741-1024x684.webp?strip=info&#038;w=900&#038;ssl=1 900w,https:\/\/i0.wp.com\/artejoven.org\/wp-content\/uploads\/2024\/12\/DSC05741-1024x684.webp?strip=info&#038;w=1200&#038;ssl=1 1200w,https:\/\/i0.wp.com\/artejoven.org\/wp-content\/uploads\/2024\/12\/DSC05741-1024x684.webp?strip=info&#038;w=1500&#038;ssl=1 1500w,https:\/\/i0.wp.com\/artejoven.org\/wp-content\/uploads\/2024\/12\/DSC05741-1024x684.webp?strip=info&#038;w=1616&#038;ssl=1 1616w\" alt=\"\" data-height=\"1080\" data-id=\"8370\" data-link=\"https:\/\/artejoven.org\/?attachment_id=8370#main\" data-url=\"https:\/\/artejoven.org\/wp-content\/uploads\/2024\/12\/DSC05741-1024x684.webp\" data-width=\"1616\" src=\"https:\/\/i0.wp.com\/artejoven.org\/wp-content\/uploads\/2024\/12\/DSC05741-1024x684.webp?ssl=1\" data-amp-layout=\"responsive\" tabindex=\"0\" role=\"button\" aria-label=\"Ouvrir l&#039;image 3 de 4 en plein \u00e9cran\"\/><\/a><\/figure><\/div><\/div><div class=\"tiled-gallery__row\"><div class=\"tiled-gallery__col\" style=\"flex-basis:100.00000%\"><figure class=\"tiled-gallery__item\"><a href=\"https:\/\/artejoven.org\/wp-content\/uploads\/2024\/12\/DSC05785-1024x684.webp\"><img decoding=\"async\" srcset=\"https:\/\/i0.wp.com\/artejoven.org\/wp-content\/uploads\/2024\/12\/DSC05785-1024x684.webp?strip=info&#038;w=600&#038;ssl=1 600w,https:\/\/i0.wp.com\/artejoven.org\/wp-content\/uploads\/2024\/12\/DSC05785-1024x684.webp?strip=info&#038;w=900&#038;ssl=1 900w,https:\/\/i0.wp.com\/artejoven.org\/wp-content\/uploads\/2024\/12\/DSC05785-1024x684.webp?strip=info&#038;w=1200&#038;ssl=1 1200w,https:\/\/i0.wp.com\/artejoven.org\/wp-content\/uploads\/2024\/12\/DSC05785-1024x684.webp?strip=info&#038;w=1500&#038;ssl=1 1500w,https:\/\/i0.wp.com\/artejoven.org\/wp-content\/uploads\/2024\/12\/DSC05785-1024x684.webp?strip=info&#038;w=1616&#038;ssl=1 1616w\" alt=\"\" data-height=\"1080\" data-id=\"8372\" data-link=\"https:\/\/artejoven.org\/?attachment_id=8372#main\" data-url=\"https:\/\/artejoven.org\/wp-content\/uploads\/2024\/12\/DSC05785-1024x684.webp\" data-width=\"1616\" src=\"https:\/\/i0.wp.com\/artejoven.org\/wp-content\/uploads\/2024\/12\/DSC05785-1024x684.webp?ssl=1\" data-amp-layout=\"responsive\" tabindex=\"0\" role=\"button\" aria-label=\"Ouvrir l&#039;image 4 de 4 en plein \u00e9cran\"\/><\/a><\/figure><\/div><\/div><\/div><\/div><\/div>\n\n\n\n<p>Pour terminer en beaut\u00e9, l'exp\u00e9rience s'est achev\u00e9e par une repr\u00e9sentation dans la Sala Teatro du Museo Nacional de Bellas Artes, o\u00f9 sept adolescents talentueux issus de diff\u00e9rentes \u00e9coles et provinces du pays ont jou\u00e9 sous la direction du multi-instrumentiste Janio Abreu et accompagn\u00e9s de musiciens exceptionnels tels que Ern\u00e1n L\u00f3pez-Nussa, Dayramir Gonz\u00e1lez, Rafael Iniciarte Jr. et l'ensemble de fl\u00fbtes Op. 5.<\/p>\n\n\n\n<p>Pour la premi\u00e8re fois, ces musiciens prometteurs se sont retrouv\u00e9s sur sc\u00e8ne pour interpr\u00e9ter un r\u00e9pertoire virtuose comprenant des \u0153uvres de grandes figures de la musique cubaine et mondiale, telles que Ignacio Cervantes, Jos\u00e9 Mar\u00eda Vitier, Aldo L\u00f3pez Gavil\u00e1n, Alejandro (Coqui) Calzadilla, Astor Piazzolla, Fr\u00e9d\u00e9ric Chopin, Claude Debussy, Ern\u00e1n L\u00f3pez - Nussa et Janio Abreu, parmi d'autres.<\/p>\n\n\n\n<div class=\"wp-block-jetpack-tiled-gallery aligncenter is-style-rectangular\"><div class=\"has-rounded-corners-15\"><div class=\"tiled-gallery__gallery\"><div class=\"tiled-gallery__row\"><div class=\"tiled-gallery__col\" style=\"flex-basis:50.00000%\"><figure class=\"tiled-gallery__item\"><a href=\"https:\/\/artejoven.org\/wp-content\/uploads\/2024\/12\/12-Concurso-Nacional-de-Musica-FAJ-UNICEF-768x1024.webp\"><img decoding=\"async\" srcset=\"https:\/\/i0.wp.com\/artejoven.org\/wp-content\/uploads\/2024\/12\/12-Concurso-Nacional-de-Musica-FAJ-UNICEF-768x1024.webp?strip=info&#038;w=600&#038;ssl=1 600w,https:\/\/i0.wp.com\/artejoven.org\/wp-content\/uploads\/2024\/12\/12-Concurso-Nacional-de-Musica-FAJ-UNICEF-768x1024.webp?strip=info&#038;w=900&#038;ssl=1 900w,https:\/\/i0.wp.com\/artejoven.org\/wp-content\/uploads\/2024\/12\/12-Concurso-Nacional-de-Musica-FAJ-UNICEF-768x1024.webp?strip=info&#038;w=1200&#038;ssl=1 1200w,https:\/\/i0.wp.com\/artejoven.org\/wp-content\/uploads\/2024\/12\/12-Concurso-Nacional-de-Musica-FAJ-UNICEF-768x1024.webp?strip=info&#038;w=1500&#038;ssl=1 1500w,https:\/\/i0.wp.com\/artejoven.org\/wp-content\/uploads\/2024\/12\/12-Concurso-Nacional-de-Musica-FAJ-UNICEF-768x1024.webp?strip=info&#038;w=1800&#038;ssl=1 1800w,https:\/\/i0.wp.com\/artejoven.org\/wp-content\/uploads\/2024\/12\/12-Concurso-Nacional-de-Musica-FAJ-UNICEF-768x1024.webp?strip=info&#038;w=1920&#038;ssl=1 1920w\" alt=\"\" data-height=\"2560\" data-id=\"8373\" data-link=\"https:\/\/artejoven.org\/?attachment_id=8373#main\" data-url=\"https:\/\/artejoven.org\/wp-content\/uploads\/2024\/12\/12-Concurso-Nacional-de-Musica-FAJ-UNICEF-768x1024.webp\" data-width=\"1920\" src=\"https:\/\/i0.wp.com\/artejoven.org\/wp-content\/uploads\/2024\/12\/12-Concurso-Nacional-de-Musica-FAJ-UNICEF-768x1024.webp?ssl=1\" data-amp-layout=\"responsive\" tabindex=\"0\" role=\"button\" aria-label=\"Ouvrir l&#039;image 1 de 6 en plein \u00e9cran\"\/><\/a><\/figure><\/div><div class=\"tiled-gallery__col\" style=\"flex-basis:50.00000%\"><figure class=\"tiled-gallery__item\"><a href=\"https:\/\/artejoven.org\/wp-content\/uploads\/2024\/12\/16-Concurso-Nacional-de-Musica-FAJ-UNICEF-768x1024.webp\"><img decoding=\"async\" srcset=\"https:\/\/i0.wp.com\/artejoven.org\/wp-content\/uploads\/2024\/12\/16-Concurso-Nacional-de-Musica-FAJ-UNICEF-768x1024.webp?strip=info&#038;w=600&#038;ssl=1 600w,https:\/\/i0.wp.com\/artejoven.org\/wp-content\/uploads\/2024\/12\/16-Concurso-Nacional-de-Musica-FAJ-UNICEF-768x1024.webp?strip=info&#038;w=900&#038;ssl=1 900w,https:\/\/i0.wp.com\/artejoven.org\/wp-content\/uploads\/2024\/12\/16-Concurso-Nacional-de-Musica-FAJ-UNICEF-768x1024.webp?strip=info&#038;w=1200&#038;ssl=1 1200w,https:\/\/i0.wp.com\/artejoven.org\/wp-content\/uploads\/2024\/12\/16-Concurso-Nacional-de-Musica-FAJ-UNICEF-768x1024.webp?strip=info&#038;w=1500&#038;ssl=1 1500w,https:\/\/i0.wp.com\/artejoven.org\/wp-content\/uploads\/2024\/12\/16-Concurso-Nacional-de-Musica-FAJ-UNICEF-768x1024.webp?strip=info&#038;w=1800&#038;ssl=1 1800w,https:\/\/i0.wp.com\/artejoven.org\/wp-content\/uploads\/2024\/12\/16-Concurso-Nacional-de-Musica-FAJ-UNICEF-768x1024.webp?strip=info&#038;w=1920&#038;ssl=1 1920w\" alt=\"\" data-height=\"2560\" data-id=\"8375\" data-link=\"https:\/\/artejoven.org\/?attachment_id=8375#main\" data-url=\"https:\/\/artejoven.org\/wp-content\/uploads\/2024\/12\/16-Concurso-Nacional-de-Musica-FAJ-UNICEF-768x1024.webp\" data-width=\"1920\" src=\"https:\/\/i0.wp.com\/artejoven.org\/wp-content\/uploads\/2024\/12\/16-Concurso-Nacional-de-Musica-FAJ-UNICEF-768x1024.webp?ssl=1\" data-amp-layout=\"responsive\" tabindex=\"0\" role=\"button\" aria-label=\"Ouvrir l&#039;image 2 de 6 en plein \u00e9cran\"\/><\/a><\/figure><\/div><\/div><div class=\"tiled-gallery__row\"><div class=\"tiled-gallery__col\" style=\"flex-basis:66.79222%\"><figure class=\"tiled-gallery__item\"><a href=\"https:\/\/artejoven.org\/wp-content\/uploads\/2024\/12\/15-Concurso-Nacional-de-Musica-FAJ-UNICEF-1024x768.webp\"><img decoding=\"async\" srcset=\"https:\/\/i0.wp.com\/artejoven.org\/wp-content\/uploads\/2024\/12\/15-Concurso-Nacional-de-Musica-FAJ-UNICEF-1024x768.webp?strip=info&#038;w=600&#038;ssl=1 600w,https:\/\/i0.wp.com\/artejoven.org\/wp-content\/uploads\/2024\/12\/15-Concurso-Nacional-de-Musica-FAJ-UNICEF-1024x768.webp?strip=info&#038;w=900&#038;ssl=1 900w,https:\/\/i0.wp.com\/artejoven.org\/wp-content\/uploads\/2024\/12\/15-Concurso-Nacional-de-Musica-FAJ-UNICEF-1024x768.webp?strip=info&#038;w=1200&#038;ssl=1 1200w,https:\/\/i0.wp.com\/artejoven.org\/wp-content\/uploads\/2024\/12\/15-Concurso-Nacional-de-Musica-FAJ-UNICEF-1024x768.webp?strip=info&#038;w=1500&#038;ssl=1 1500w,https:\/\/i0.wp.com\/artejoven.org\/wp-content\/uploads\/2024\/12\/15-Concurso-Nacional-de-Musica-FAJ-UNICEF-1024x768.webp?strip=info&#038;w=1800&#038;ssl=1 1800w,https:\/\/i0.wp.com\/artejoven.org\/wp-content\/uploads\/2024\/12\/15-Concurso-Nacional-de-Musica-FAJ-UNICEF-1024x768.webp?strip=info&#038;w=2000&#038;ssl=1 2000w\" alt=\"\" data-height=\"1920\" data-id=\"8377\" data-link=\"https:\/\/artejoven.org\/?attachment_id=8377#main\" data-url=\"https:\/\/artejoven.org\/wp-content\/uploads\/2024\/12\/15-Concurso-Nacional-de-Musica-FAJ-UNICEF-1024x768.webp\" data-width=\"2560\" src=\"https:\/\/i0.wp.com\/artejoven.org\/wp-content\/uploads\/2024\/12\/15-Concurso-Nacional-de-Musica-FAJ-UNICEF-1024x768.webp?ssl=1\" data-amp-layout=\"responsive\" tabindex=\"0\" role=\"button\" aria-label=\"Ouvrir l&#039;image 3 de 6 en plein \u00e9cran\"\/><\/a><\/figure><\/div><div class=\"tiled-gallery__col\" style=\"flex-basis:33.20778%\"><figure class=\"tiled-gallery__item\"><a href=\"https:\/\/artejoven.org\/wp-content\/uploads\/2024\/12\/03-Concurso-Nacional-de-Musica-FAJ-UNICEF-1024x768.webp\"><img decoding=\"async\" srcset=\"https:\/\/i0.wp.com\/artejoven.org\/wp-content\/uploads\/2024\/12\/03-Concurso-Nacional-de-Musica-FAJ-UNICEF-1024x768.webp?strip=info&#038;w=600&#038;ssl=1 600w,https:\/\/i0.wp.com\/artejoven.org\/wp-content\/uploads\/2024\/12\/03-Concurso-Nacional-de-Musica-FAJ-UNICEF-1024x768.webp?strip=info&#038;w=900&#038;ssl=1 900w,https:\/\/i0.wp.com\/artejoven.org\/wp-content\/uploads\/2024\/12\/03-Concurso-Nacional-de-Musica-FAJ-UNICEF-1024x768.webp?strip=info&#038;w=1200&#038;ssl=1 1200w,https:\/\/i0.wp.com\/artejoven.org\/wp-content\/uploads\/2024\/12\/03-Concurso-Nacional-de-Musica-FAJ-UNICEF-1024x768.webp?strip=info&#038;w=1500&#038;ssl=1 1500w,https:\/\/i0.wp.com\/artejoven.org\/wp-content\/uploads\/2024\/12\/03-Concurso-Nacional-de-Musica-FAJ-UNICEF-1024x768.webp?strip=info&#038;w=1800&#038;ssl=1 1800w,https:\/\/i0.wp.com\/artejoven.org\/wp-content\/uploads\/2024\/12\/03-Concurso-Nacional-de-Musica-FAJ-UNICEF-1024x768.webp?strip=info&#038;w=2000&#038;ssl=1 2000w\" alt=\"\" data-height=\"1920\" data-id=\"8380\" data-link=\"https:\/\/artejoven.org\/?attachment_id=8380#main\" data-url=\"https:\/\/artejoven.org\/wp-content\/uploads\/2024\/12\/03-Concurso-Nacional-de-Musica-FAJ-UNICEF-1024x768.webp\" data-width=\"2560\" src=\"https:\/\/i0.wp.com\/artejoven.org\/wp-content\/uploads\/2024\/12\/03-Concurso-Nacional-de-Musica-FAJ-UNICEF-1024x768.webp?ssl=1\" data-amp-layout=\"responsive\" tabindex=\"0\" role=\"button\" aria-label=\"Ouvrir l&#039;image 4 de 6 en plein \u00e9cran\"\/><\/a><\/figure><figure class=\"tiled-gallery__item\"><a href=\"https:\/\/artejoven.org\/wp-content\/uploads\/2024\/12\/02-Concurso-Nacional-de-Musica-FAJ-UNICEF-1024x768.webp\"><img decoding=\"async\" srcset=\"https:\/\/i0.wp.com\/artejoven.org\/wp-content\/uploads\/2024\/12\/02-Concurso-Nacional-de-Musica-FAJ-UNICEF-1024x768.webp?strip=info&#038;w=600&#038;ssl=1 600w,https:\/\/i0.wp.com\/artejoven.org\/wp-content\/uploads\/2024\/12\/02-Concurso-Nacional-de-Musica-FAJ-UNICEF-1024x768.webp?strip=info&#038;w=900&#038;ssl=1 900w,https:\/\/i0.wp.com\/artejoven.org\/wp-content\/uploads\/2024\/12\/02-Concurso-Nacional-de-Musica-FAJ-UNICEF-1024x768.webp?strip=info&#038;w=1200&#038;ssl=1 1200w,https:\/\/i0.wp.com\/artejoven.org\/wp-content\/uploads\/2024\/12\/02-Concurso-Nacional-de-Musica-FAJ-UNICEF-1024x768.webp?strip=info&#038;w=1500&#038;ssl=1 1500w,https:\/\/i0.wp.com\/artejoven.org\/wp-content\/uploads\/2024\/12\/02-Concurso-Nacional-de-Musica-FAJ-UNICEF-1024x768.webp?strip=info&#038;w=1800&#038;ssl=1 1800w,https:\/\/i0.wp.com\/artejoven.org\/wp-content\/uploads\/2024\/12\/02-Concurso-Nacional-de-Musica-FAJ-UNICEF-1024x768.webp?strip=info&#038;w=2000&#038;ssl=1 2000w\" alt=\"\" data-height=\"1920\" data-id=\"8381\" data-link=\"https:\/\/artejoven.org\/?attachment_id=8381#main\" data-url=\"https:\/\/artejoven.org\/wp-content\/uploads\/2024\/12\/02-Concurso-Nacional-de-Musica-FAJ-UNICEF-1024x768.webp\" data-width=\"2560\" src=\"https:\/\/i0.wp.com\/artejoven.org\/wp-content\/uploads\/2024\/12\/02-Concurso-Nacional-de-Musica-FAJ-UNICEF-1024x768.webp?ssl=1\" data-amp-layout=\"responsive\" tabindex=\"0\" role=\"button\" aria-label=\"Ouvrir l&#039;image 5 de 6 en plein \u00e9cran\"\/><\/a><\/figure><\/div><\/div><div class=\"tiled-gallery__row\"><div class=\"tiled-gallery__col\" style=\"flex-basis:100.00000%\"><figure class=\"tiled-gallery__item\"><a href=\"https:\/\/artejoven.org\/wp-content\/uploads\/2024\/12\/01-Concurso-Nacional-de-Musica-FAJ-UNICEF-1024x768.webp\"><img decoding=\"async\" srcset=\"https:\/\/i0.wp.com\/artejoven.org\/wp-content\/uploads\/2024\/12\/01-Concurso-Nacional-de-Musica-FAJ-UNICEF-1024x768.webp?strip=info&#038;w=600&#038;ssl=1 600w,https:\/\/i0.wp.com\/artejoven.org\/wp-content\/uploads\/2024\/12\/01-Concurso-Nacional-de-Musica-FAJ-UNICEF-1024x768.webp?strip=info&#038;w=900&#038;ssl=1 900w,https:\/\/i0.wp.com\/artejoven.org\/wp-content\/uploads\/2024\/12\/01-Concurso-Nacional-de-Musica-FAJ-UNICEF-1024x768.webp?strip=info&#038;w=1200&#038;ssl=1 1200w,https:\/\/i0.wp.com\/artejoven.org\/wp-content\/uploads\/2024\/12\/01-Concurso-Nacional-de-Musica-FAJ-UNICEF-1024x768.webp?strip=info&#038;w=1500&#038;ssl=1 1500w,https:\/\/i0.wp.com\/artejoven.org\/wp-content\/uploads\/2024\/12\/01-Concurso-Nacional-de-Musica-FAJ-UNICEF-1024x768.webp?strip=info&#038;w=1800&#038;ssl=1 1800w,https:\/\/i0.wp.com\/artejoven.org\/wp-content\/uploads\/2024\/12\/01-Concurso-Nacional-de-Musica-FAJ-UNICEF-1024x768.webp?strip=info&#038;w=2000&#038;ssl=1 2000w\" alt=\"\" data-height=\"1920\" data-id=\"8379\" data-link=\"https:\/\/artejoven.org\/?attachment_id=8379#main\" data-url=\"https:\/\/artejoven.org\/wp-content\/uploads\/2024\/12\/01-Concurso-Nacional-de-Musica-FAJ-UNICEF-1024x768.webp\" data-width=\"2560\" src=\"https:\/\/i0.wp.com\/artejoven.org\/wp-content\/uploads\/2024\/12\/01-Concurso-Nacional-de-Musica-FAJ-UNICEF-1024x768.webp?ssl=1\" data-amp-layout=\"responsive\" tabindex=\"0\" role=\"button\" aria-label=\"Ouvrir l&#039;image 6 de 6 en plein \u00e9cran\"\/><\/a><\/figure><\/div><\/div><\/div><\/div><\/div>\n\n\n\n<p>Le public a pu appr\u00e9cier la polyvalence de Ronny, Alessa, El\u00edas, Laura, Jos\u00e9 \u00c1ngel et Rafael, qui ont \u00e9galement brill\u00e9 par leurs talents sur d'autres instruments, dans une d\u00e9monstration de cr\u00e9ativit\u00e9 et d'habilet\u00e9 sans pareille. &nbsp;<\/p>\n\n\n\n<p>Avec pr\u00e8s de deux ans d'existence, le FAJ a pu compter sur des alli\u00e9s culturellement engag\u00e9s, ce qui a \u00e9t\u00e9 fondamental pour promouvoir la culture et la cr\u00e9ativit\u00e9 dans les nouvelles g\u00e9n\u00e9rations d'artistes. Le concours national de musique avec l'UNICEF Cuba s'ajoute \u00e0 cette liste de collaborations, r\u00e9affirmant les objectifs de la plateforme d'\u00e9tablir des alliances et des synergies avec des organisations, des projets et des institutions qui partagent des objectifs communs.<\/p>\n\n\n\n<div class=\"wp-block-jetpack-tiled-gallery aligncenter is-style-rectangular\"><div class=\"has-rounded-corners-15\"><div class=\"tiled-gallery__gallery\"><div class=\"tiled-gallery__row\"><div class=\"tiled-gallery__col\" style=\"flex-basis:38.99677%\"><figure class=\"tiled-gallery__item\"><a href=\"https:\/\/artejoven.org\/wp-content\/uploads\/2024\/12\/02-Concurso-Nacional-de-Musica-FAJ-UNICEF.-Concierto-1024x768.webp\"><img decoding=\"async\" srcset=\"https:\/\/i0.wp.com\/artejoven.org\/wp-content\/uploads\/2024\/12\/02-Concurso-Nacional-de-Musica-FAJ-UNICEF.-Concierto-1024x768.webp?strip=info&#038;w=600&#038;ssl=1 600w,https:\/\/i0.wp.com\/artejoven.org\/wp-content\/uploads\/2024\/12\/02-Concurso-Nacional-de-Musica-FAJ-UNICEF.-Concierto-1024x768.webp?strip=info&#038;w=900&#038;ssl=1 900w,https:\/\/i0.wp.com\/artejoven.org\/wp-content\/uploads\/2024\/12\/02-Concurso-Nacional-de-Musica-FAJ-UNICEF.-Concierto-1024x768.webp?strip=info&#038;w=1200&#038;ssl=1 1200w,https:\/\/i0.wp.com\/artejoven.org\/wp-content\/uploads\/2024\/12\/02-Concurso-Nacional-de-Musica-FAJ-UNICEF.-Concierto-1024x768.webp?strip=info&#038;w=1500&#038;ssl=1 1500w,https:\/\/i0.wp.com\/artejoven.org\/wp-content\/uploads\/2024\/12\/02-Concurso-Nacional-de-Musica-FAJ-UNICEF.-Concierto-1024x768.webp?strip=info&#038;w=1800&#038;ssl=1 1800w,https:\/\/i0.wp.com\/artejoven.org\/wp-content\/uploads\/2024\/12\/02-Concurso-Nacional-de-Musica-FAJ-UNICEF.-Concierto-1024x768.webp?strip=info&#038;w=2000&#038;ssl=1 2000w\" alt=\"\" data-height=\"1920\" data-id=\"8382\" data-link=\"https:\/\/artejoven.org\/?attachment_id=8382#main\" data-url=\"https:\/\/artejoven.org\/wp-content\/uploads\/2024\/12\/02-Concurso-Nacional-de-Musica-FAJ-UNICEF.-Concierto-1024x768.webp\" data-width=\"2560\" src=\"https:\/\/i0.wp.com\/artejoven.org\/wp-content\/uploads\/2024\/12\/02-Concurso-Nacional-de-Musica-FAJ-UNICEF.-Concierto-1024x768.webp?ssl=1\" data-amp-layout=\"responsive\" tabindex=\"0\" role=\"button\" aria-label=\"Ouvrir l&#039;image 1 de 8 en plein \u00e9cran\"\/><\/a><\/figure><\/div><div class=\"tiled-gallery__col\" style=\"flex-basis:22.00646%\"><figure class=\"tiled-gallery__item\"><a href=\"https:\/\/artejoven.org\/wp-content\/uploads\/2024\/12\/07-Concurso-Nacional-de-Musica-FAJ-UNICEF.-Concierto-768x1024.webp\"><img decoding=\"async\" srcset=\"https:\/\/i0.wp.com\/artejoven.org\/wp-content\/uploads\/2024\/12\/07-Concurso-Nacional-de-Musica-FAJ-UNICEF.-Concierto-768x1024.webp?strip=info&#038;w=600&#038;ssl=1 600w,https:\/\/i0.wp.com\/artejoven.org\/wp-content\/uploads\/2024\/12\/07-Concurso-Nacional-de-Musica-FAJ-UNICEF.-Concierto-768x1024.webp?strip=info&#038;w=900&#038;ssl=1 900w,https:\/\/i0.wp.com\/artejoven.org\/wp-content\/uploads\/2024\/12\/07-Concurso-Nacional-de-Musica-FAJ-UNICEF.-Concierto-768x1024.webp?strip=info&#038;w=1200&#038;ssl=1 1200w,https:\/\/i0.wp.com\/artejoven.org\/wp-content\/uploads\/2024\/12\/07-Concurso-Nacional-de-Musica-FAJ-UNICEF.-Concierto-768x1024.webp?strip=info&#038;w=1500&#038;ssl=1 1500w,https:\/\/i0.wp.com\/artejoven.org\/wp-content\/uploads\/2024\/12\/07-Concurso-Nacional-de-Musica-FAJ-UNICEF.-Concierto-768x1024.webp?strip=info&#038;w=1800&#038;ssl=1 1800w,https:\/\/i0.wp.com\/artejoven.org\/wp-content\/uploads\/2024\/12\/07-Concurso-Nacional-de-Musica-FAJ-UNICEF.-Concierto-768x1024.webp?strip=info&#038;w=1920&#038;ssl=1 1920w\" alt=\"\" data-height=\"2560\" data-id=\"8383\" data-link=\"https:\/\/artejoven.org\/?attachment_id=8383#main\" data-url=\"https:\/\/artejoven.org\/wp-content\/uploads\/2024\/12\/07-Concurso-Nacional-de-Musica-FAJ-UNICEF.-Concierto-768x1024.webp\" data-width=\"1920\" src=\"https:\/\/i0.wp.com\/artejoven.org\/wp-content\/uploads\/2024\/12\/07-Concurso-Nacional-de-Musica-FAJ-UNICEF.-Concierto-768x1024.webp?ssl=1\" data-amp-layout=\"responsive\" tabindex=\"0\" role=\"button\" aria-label=\"Ouvrir l&#039;image 2 de 8 en plein \u00e9cran\"\/><\/a><\/figure><\/div><div class=\"tiled-gallery__col\" style=\"flex-basis:38.99677%\"><figure class=\"tiled-gallery__item\"><a href=\"https:\/\/artejoven.org\/wp-content\/uploads\/2024\/12\/08-Concurso-Nacional-de-Musica-FAJ-UNICEF.-Concierto-1024x768.webp\"><img decoding=\"async\" srcset=\"https:\/\/i0.wp.com\/artejoven.org\/wp-content\/uploads\/2024\/12\/08-Concurso-Nacional-de-Musica-FAJ-UNICEF.-Concierto-1024x768.webp?strip=info&#038;w=600&#038;ssl=1 600w,https:\/\/i0.wp.com\/artejoven.org\/wp-content\/uploads\/2024\/12\/08-Concurso-Nacional-de-Musica-FAJ-UNICEF.-Concierto-1024x768.webp?strip=info&#038;w=900&#038;ssl=1 900w,https:\/\/i0.wp.com\/artejoven.org\/wp-content\/uploads\/2024\/12\/08-Concurso-Nacional-de-Musica-FAJ-UNICEF.-Concierto-1024x768.webp?strip=info&#038;w=1200&#038;ssl=1 1200w,https:\/\/i0.wp.com\/artejoven.org\/wp-content\/uploads\/2024\/12\/08-Concurso-Nacional-de-Musica-FAJ-UNICEF.-Concierto-1024x768.webp?strip=info&#038;w=1500&#038;ssl=1 1500w,https:\/\/i0.wp.com\/artejoven.org\/wp-content\/uploads\/2024\/12\/08-Concurso-Nacional-de-Musica-FAJ-UNICEF.-Concierto-1024x768.webp?strip=info&#038;w=1800&#038;ssl=1 1800w,https:\/\/i0.wp.com\/artejoven.org\/wp-content\/uploads\/2024\/12\/08-Concurso-Nacional-de-Musica-FAJ-UNICEF.-Concierto-1024x768.webp?strip=info&#038;w=2000&#038;ssl=1 2000w\" alt=\"\" data-height=\"1920\" data-id=\"8384\" data-link=\"https:\/\/artejoven.org\/?attachment_id=8384#main\" data-url=\"https:\/\/artejoven.org\/wp-content\/uploads\/2024\/12\/08-Concurso-Nacional-de-Musica-FAJ-UNICEF.-Concierto-1024x768.webp\" data-width=\"2560\" src=\"https:\/\/i0.wp.com\/artejoven.org\/wp-content\/uploads\/2024\/12\/08-Concurso-Nacional-de-Musica-FAJ-UNICEF.-Concierto-1024x768.webp?ssl=1\" data-amp-layout=\"responsive\" tabindex=\"0\" role=\"button\" aria-label=\"Ouvrir l&#039;image 3 de 8 en plein \u00e9cran\"\/><\/a><\/figure><\/div><\/div><div class=\"tiled-gallery__row\"><div class=\"tiled-gallery__col\" style=\"flex-basis:66.79222%\"><figure class=\"tiled-gallery__item\"><a href=\"https:\/\/artejoven.org\/wp-content\/uploads\/2024\/12\/04-Concurso-Nacional-de-Musica-FAJ-UNICEF.-Concierto-1024x768.webp\"><img decoding=\"async\" srcset=\"https:\/\/i0.wp.com\/artejoven.org\/wp-content\/uploads\/2024\/12\/04-Concurso-Nacional-de-Musica-FAJ-UNICEF.-Concierto-1024x768.webp?strip=info&#038;w=600&#038;ssl=1 600w,https:\/\/i0.wp.com\/artejoven.org\/wp-content\/uploads\/2024\/12\/04-Concurso-Nacional-de-Musica-FAJ-UNICEF.-Concierto-1024x768.webp?strip=info&#038;w=900&#038;ssl=1 900w,https:\/\/i0.wp.com\/artejoven.org\/wp-content\/uploads\/2024\/12\/04-Concurso-Nacional-de-Musica-FAJ-UNICEF.-Concierto-1024x768.webp?strip=info&#038;w=1200&#038;ssl=1 1200w,https:\/\/i0.wp.com\/artejoven.org\/wp-content\/uploads\/2024\/12\/04-Concurso-Nacional-de-Musica-FAJ-UNICEF.-Concierto-1024x768.webp?strip=info&#038;w=1500&#038;ssl=1 1500w,https:\/\/i0.wp.com\/artejoven.org\/wp-content\/uploads\/2024\/12\/04-Concurso-Nacional-de-Musica-FAJ-UNICEF.-Concierto-1024x768.webp?strip=info&#038;w=1800&#038;ssl=1 1800w,https:\/\/i0.wp.com\/artejoven.org\/wp-content\/uploads\/2024\/12\/04-Concurso-Nacional-de-Musica-FAJ-UNICEF.-Concierto-1024x768.webp?strip=info&#038;w=2000&#038;ssl=1 2000w\" alt=\"\" data-height=\"1920\" data-id=\"8385\" data-link=\"https:\/\/artejoven.org\/?attachment_id=8385#main\" data-url=\"https:\/\/artejoven.org\/wp-content\/uploads\/2024\/12\/04-Concurso-Nacional-de-Musica-FAJ-UNICEF.-Concierto-1024x768.webp\" data-width=\"2560\" src=\"https:\/\/i0.wp.com\/artejoven.org\/wp-content\/uploads\/2024\/12\/04-Concurso-Nacional-de-Musica-FAJ-UNICEF.-Concierto-1024x768.webp?ssl=1\" data-amp-layout=\"responsive\" tabindex=\"0\" role=\"button\" aria-label=\"Ouvrir l&#039;image 4 de 8 en plein \u00e9cran\"\/><\/a><\/figure><\/div><div class=\"tiled-gallery__col\" style=\"flex-basis:33.20778%\"><figure class=\"tiled-gallery__item\"><a href=\"https:\/\/artejoven.org\/wp-content\/uploads\/2024\/12\/03-Concurso-Nacional-de-Musica-FAJ-UNICEF.-Concierto-1024x768.webp\"><img decoding=\"async\" srcset=\"https:\/\/i0.wp.com\/artejoven.org\/wp-content\/uploads\/2024\/12\/03-Concurso-Nacional-de-Musica-FAJ-UNICEF.-Concierto-1024x768.webp?strip=info&#038;w=600&#038;ssl=1 600w,https:\/\/i0.wp.com\/artejoven.org\/wp-content\/uploads\/2024\/12\/03-Concurso-Nacional-de-Musica-FAJ-UNICEF.-Concierto-1024x768.webp?strip=info&#038;w=900&#038;ssl=1 900w,https:\/\/i0.wp.com\/artejoven.org\/wp-content\/uploads\/2024\/12\/03-Concurso-Nacional-de-Musica-FAJ-UNICEF.-Concierto-1024x768.webp?strip=info&#038;w=1200&#038;ssl=1 1200w,https:\/\/i0.wp.com\/artejoven.org\/wp-content\/uploads\/2024\/12\/03-Concurso-Nacional-de-Musica-FAJ-UNICEF.-Concierto-1024x768.webp?strip=info&#038;w=1500&#038;ssl=1 1500w,https:\/\/i0.wp.com\/artejoven.org\/wp-content\/uploads\/2024\/12\/03-Concurso-Nacional-de-Musica-FAJ-UNICEF.-Concierto-1024x768.webp?strip=info&#038;w=1800&#038;ssl=1 1800w,https:\/\/i0.wp.com\/artejoven.org\/wp-content\/uploads\/2024\/12\/03-Concurso-Nacional-de-Musica-FAJ-UNICEF.-Concierto-1024x768.webp?strip=info&#038;w=2000&#038;ssl=1 2000w\" alt=\"\" data-height=\"1920\" data-id=\"8386\" data-link=\"https:\/\/artejoven.org\/?attachment_id=8386#main\" data-url=\"https:\/\/artejoven.org\/wp-content\/uploads\/2024\/12\/03-Concurso-Nacional-de-Musica-FAJ-UNICEF.-Concierto-1024x768.webp\" data-width=\"2560\" src=\"https:\/\/i0.wp.com\/artejoven.org\/wp-content\/uploads\/2024\/12\/03-Concurso-Nacional-de-Musica-FAJ-UNICEF.-Concierto-1024x768.webp?ssl=1\" data-amp-layout=\"responsive\" tabindex=\"0\" role=\"button\" aria-label=\"Ouvrir l&#039;image 5 de 8 en plein \u00e9cran\"\/><\/a><\/figure><figure class=\"tiled-gallery__item\"><a href=\"https:\/\/artejoven.org\/wp-content\/uploads\/2024\/12\/06-Concurso-Nacional-de-Musica-FAJ-UNICEF.-Concierto-1024x768.webp\"><img decoding=\"async\" srcset=\"https:\/\/i0.wp.com\/artejoven.org\/wp-content\/uploads\/2024\/12\/06-Concurso-Nacional-de-Musica-FAJ-UNICEF.-Concierto-1024x768.webp?strip=info&#038;w=600&#038;ssl=1 600w,https:\/\/i0.wp.com\/artejoven.org\/wp-content\/uploads\/2024\/12\/06-Concurso-Nacional-de-Musica-FAJ-UNICEF.-Concierto-1024x768.webp?strip=info&#038;w=900&#038;ssl=1 900w,https:\/\/i0.wp.com\/artejoven.org\/wp-content\/uploads\/2024\/12\/06-Concurso-Nacional-de-Musica-FAJ-UNICEF.-Concierto-1024x768.webp?strip=info&#038;w=1200&#038;ssl=1 1200w,https:\/\/i0.wp.com\/artejoven.org\/wp-content\/uploads\/2024\/12\/06-Concurso-Nacional-de-Musica-FAJ-UNICEF.-Concierto-1024x768.webp?strip=info&#038;w=1500&#038;ssl=1 1500w,https:\/\/i0.wp.com\/artejoven.org\/wp-content\/uploads\/2024\/12\/06-Concurso-Nacional-de-Musica-FAJ-UNICEF.-Concierto-1024x768.webp?strip=info&#038;w=1800&#038;ssl=1 1800w,https:\/\/i0.wp.com\/artejoven.org\/wp-content\/uploads\/2024\/12\/06-Concurso-Nacional-de-Musica-FAJ-UNICEF.-Concierto-1024x768.webp?strip=info&#038;w=2000&#038;ssl=1 2000w\" alt=\"\" data-height=\"1920\" data-id=\"8387\" data-link=\"https:\/\/artejoven.org\/?attachment_id=8387#main\" data-url=\"https:\/\/artejoven.org\/wp-content\/uploads\/2024\/12\/06-Concurso-Nacional-de-Musica-FAJ-UNICEF.-Concierto-1024x768.webp\" data-width=\"2560\" src=\"https:\/\/i0.wp.com\/artejoven.org\/wp-content\/uploads\/2024\/12\/06-Concurso-Nacional-de-Musica-FAJ-UNICEF.-Concierto-1024x768.webp?ssl=1\" data-amp-layout=\"responsive\" tabindex=\"0\" role=\"button\" aria-label=\"Ouvrir l&#039;image 6 sur 8 en plein \u00e9cran\"\/><\/a><\/figure><\/div><\/div><div class=\"tiled-gallery__row\"><div class=\"tiled-gallery__col\" style=\"flex-basis:50.00000%\"><figure class=\"tiled-gallery__item\"><a href=\"https:\/\/artejoven.org\/wp-content\/uploads\/2024\/12\/09-Concurso-Nacional-de-Musica-FAJ-UNICEF.-Concierto-1024x768.webp\"><img decoding=\"async\" srcset=\"https:\/\/i0.wp.com\/artejoven.org\/wp-content\/uploads\/2024\/12\/09-Concurso-Nacional-de-Musica-FAJ-UNICEF.-Concierto-1024x768.webp?strip=info&#038;w=600&#038;ssl=1 600w,https:\/\/i0.wp.com\/artejoven.org\/wp-content\/uploads\/2024\/12\/09-Concurso-Nacional-de-Musica-FAJ-UNICEF.-Concierto-1024x768.webp?strip=info&#038;w=900&#038;ssl=1 900w,https:\/\/i0.wp.com\/artejoven.org\/wp-content\/uploads\/2024\/12\/09-Concurso-Nacional-de-Musica-FAJ-UNICEF.-Concierto-1024x768.webp?strip=info&#038;w=1200&#038;ssl=1 1200w,https:\/\/i0.wp.com\/artejoven.org\/wp-content\/uploads\/2024\/12\/09-Concurso-Nacional-de-Musica-FAJ-UNICEF.-Concierto-1024x768.webp?strip=info&#038;w=1500&#038;ssl=1 1500w,https:\/\/i0.wp.com\/artejoven.org\/wp-content\/uploads\/2024\/12\/09-Concurso-Nacional-de-Musica-FAJ-UNICEF.-Concierto-1024x768.webp?strip=info&#038;w=1800&#038;ssl=1 1800w,https:\/\/i0.wp.com\/artejoven.org\/wp-content\/uploads\/2024\/12\/09-Concurso-Nacional-de-Musica-FAJ-UNICEF.-Concierto-1024x768.webp?strip=info&#038;w=2000&#038;ssl=1 2000w\" alt=\"\" data-height=\"1920\" data-id=\"8388\" data-link=\"https:\/\/artejoven.org\/?attachment_id=8388#main\" data-url=\"https:\/\/artejoven.org\/wp-content\/uploads\/2024\/12\/09-Concurso-Nacional-de-Musica-FAJ-UNICEF.-Concierto-1024x768.webp\" data-width=\"2560\" src=\"https:\/\/i0.wp.com\/artejoven.org\/wp-content\/uploads\/2024\/12\/09-Concurso-Nacional-de-Musica-FAJ-UNICEF.-Concierto-1024x768.webp?ssl=1\" data-amp-layout=\"responsive\" tabindex=\"0\" role=\"button\" aria-label=\"Ouvrir l&#039;image 7 de 8 en plein \u00e9cran\"\/><\/a><\/figure><\/div><div class=\"tiled-gallery__col\" style=\"flex-basis:50.00000%\"><figure class=\"tiled-gallery__item\"><a href=\"https:\/\/artejoven.org\/wp-content\/uploads\/2024\/12\/10-Concurso-Nacional-de-Musica-FAJ-UNICEF.-Concierto-1024x768.webp\"><img decoding=\"async\" srcset=\"https:\/\/i0.wp.com\/artejoven.org\/wp-content\/uploads\/2024\/12\/10-Concurso-Nacional-de-Musica-FAJ-UNICEF.-Concierto-1024x768.webp?strip=info&#038;w=600&#038;ssl=1 600w,https:\/\/i0.wp.com\/artejoven.org\/wp-content\/uploads\/2024\/12\/10-Concurso-Nacional-de-Musica-FAJ-UNICEF.-Concierto-1024x768.webp?strip=info&#038;w=900&#038;ssl=1 900w,https:\/\/i0.wp.com\/artejoven.org\/wp-content\/uploads\/2024\/12\/10-Concurso-Nacional-de-Musica-FAJ-UNICEF.-Concierto-1024x768.webp?strip=info&#038;w=1200&#038;ssl=1 1200w,https:\/\/i0.wp.com\/artejoven.org\/wp-content\/uploads\/2024\/12\/10-Concurso-Nacional-de-Musica-FAJ-UNICEF.-Concierto-1024x768.webp?strip=info&#038;w=1500&#038;ssl=1 1500w,https:\/\/i0.wp.com\/artejoven.org\/wp-content\/uploads\/2024\/12\/10-Concurso-Nacional-de-Musica-FAJ-UNICEF.-Concierto-1024x768.webp?strip=info&#038;w=1800&#038;ssl=1 1800w,https:\/\/i0.wp.com\/artejoven.org\/wp-content\/uploads\/2024\/12\/10-Concurso-Nacional-de-Musica-FAJ-UNICEF.-Concierto-1024x768.webp?strip=info&#038;w=2000&#038;ssl=1 2000w\" alt=\"\" data-height=\"1920\" data-id=\"8389\" data-link=\"https:\/\/artejoven.org\/?attachment_id=8389#main\" data-url=\"https:\/\/artejoven.org\/wp-content\/uploads\/2024\/12\/10-Concurso-Nacional-de-Musica-FAJ-UNICEF.-Concierto-1024x768.webp\" data-width=\"2560\" src=\"https:\/\/i0.wp.com\/artejoven.org\/wp-content\/uploads\/2024\/12\/10-Concurso-Nacional-de-Musica-FAJ-UNICEF.-Concierto-1024x768.webp?ssl=1\" data-amp-layout=\"responsive\" tabindex=\"0\" role=\"button\" aria-label=\"Ouvrir l&#039;image 8 de 8 en plein \u00e9cran\"\/><\/a><\/figure><\/div><\/div><\/div><\/div><\/div>","protected":false},"excerpt":{"rendered":"<p>Avec pr\u00e8s de deux ans d'existence, le FAJ a pu compter sur des alli\u00e9s culturellement engag\u00e9s, ce qui a \u00e9t\u00e9 fondamental pour promouvoir la culture et la cr\u00e9ativit\u00e9 dans les nouvelles g\u00e9n\u00e9rations d'artistes. <\/p>","protected":false},"author":1,"featured_media":8413,"comment_status":"open","ping_status":"open","sticky":false,"template":"","format":"standard","meta":{"_acf_changed":false,"_jetpack_memberships_contains_paid_content":false,"footnotes":"","_links_to":"","_links_to_target":""},"categories":[35],"tags":[],"class_list":{"0":"post-8355","1":"post","2":"type-post","3":"status-publish","4":"format-standard","5":"has-post-thumbnail","6":"hentry","7":"category-desde-el-faj","9":"post-with-thumbnail","10":"post-with-thumbnail-large"},"acf":[],"aioseo_notices":[],"jetpack_featured_media_url":"https:\/\/artejoven.org\/wp-content\/uploads\/2024\/12\/01-Concurso-Nacional-de-Musica-FAJ-UNICEF.-Concierto-1.webp","jetpack-related-posts":[{"id":8105,"url":"https:\/\/artejoven.org\/fr\/fondo-de-arte-joven-y-unicef-cuba-convocan-a-la-primera-edicion-del-concurso-nacional-de-musica\/","url_meta":{"origin":8355,"position":0},"title":"Le Fondo de Arte Joven et l'UNICEF Cuba lancent un appel pour la premi\u00e8re \u00e9dition du concours national de musique","author":"Ren\u00e9 Manuel Puig","date":"19 de septembre de 2024","format":false,"excerpt":"Le Fondo de Arte Joven (FAJ) et le Fonds des Nations Unies pour l'enfance \u00e0 Cuba (UNICEF Cuba) lancent un appel pour la premi\u00e8re \u00e9dition du Concours national de musique, une occasion unique pour les adolescents et les jeunes.","rel":"","context":"Dans &quot;Desde el FAJ&quot;","block_context":{"text":"Desde el FAJ","link":"https:\/\/artejoven.org\/fr\/category\/noticias\/desde-el-faj\/"},"img":{"alt_text":"Concurso Nacional de M\u00fasica. Convocatoria FAJ-UNICEF","src":"https:\/\/i0.wp.com\/artejoven.org\/wp-content\/uploads\/2024\/09\/Concurso-Nacional-de-Musica.-Convocatoria-FAJ-UNICEF--jpg.webp?resize=350%2C200&ssl=1","width":350,"height":200,"srcset":"https:\/\/i0.wp.com\/artejoven.org\/wp-content\/uploads\/2024\/09\/Concurso-Nacional-de-Musica.-Convocatoria-FAJ-UNICEF--jpg.webp?resize=350%2C200&ssl=1 1x, https:\/\/i0.wp.com\/artejoven.org\/wp-content\/uploads\/2024\/09\/Concurso-Nacional-de-Musica.-Convocatoria-FAJ-UNICEF--jpg.webp?resize=525%2C300&ssl=1 1.5x, https:\/\/i0.wp.com\/artejoven.org\/wp-content\/uploads\/2024\/09\/Concurso-Nacional-de-Musica.-Convocatoria-FAJ-UNICEF--jpg.webp?resize=700%2C400&ssl=1 2x, https:\/\/i0.wp.com\/artejoven.org\/wp-content\/uploads\/2024\/09\/Concurso-Nacional-de-Musica.-Convocatoria-FAJ-UNICEF--jpg.webp?resize=1050%2C600&ssl=1 3x, https:\/\/i0.wp.com\/artejoven.org\/wp-content\/uploads\/2024\/09\/Concurso-Nacional-de-Musica.-Convocatoria-FAJ-UNICEF--jpg.webp?resize=1400%2C800&ssl=1 4x"},"classes":[]},{"id":9687,"url":"https:\/\/artejoven.org\/fr\/fondo-de-arte-joven-y-unicef-cuba-convocan-a-la-segunda-convocatoria-del-concurso-nacional-de-musica\/","url_meta":{"origin":8355,"position":1},"title":"Le Fonds pour les artistes jeunes et l'UNICEF Cuba lancent un deuxi\u00e8me appel \u00e0 candidatures pour le concours national de musique","author":"Ren\u00e9 Manuel Puig","date":"17 de juillet de 2025","format":false,"excerpt":"La segunda edici\u00f3n del Concurso Nacional de M\u00fasica, tambi\u00e9n persigue generar un impacto positivo en la formaci\u00f3n art\u00edstica y profesional de esta poblaci\u00f3n, contribuyendo a crear entornos inclusivos y oportunidades que respalden el ejercicio del derecho de ni\u00f1os, ni\u00f1as y adolescentes a participar libremente en la vida cultural y en\u2026","rel":"","context":"Dans &quot;Desde el FAJ&quot;","block_context":{"text":"Desde el FAJ","link":"https:\/\/artejoven.org\/fr\/category\/noticias\/desde-el-faj\/"},"img":{"alt_text":"","src":"https:\/\/i0.wp.com\/artejoven.org\/wp-content\/uploads\/2025\/07\/BANNER_CONCURSO-NACIONAL-DE-MUSICA-2DA-EDICION.webp?resize=350%2C200&ssl=1","width":350,"height":200,"srcset":"https:\/\/i0.wp.com\/artejoven.org\/wp-content\/uploads\/2025\/07\/BANNER_CONCURSO-NACIONAL-DE-MUSICA-2DA-EDICION.webp?resize=350%2C200&ssl=1 1x, https:\/\/i0.wp.com\/artejoven.org\/wp-content\/uploads\/2025\/07\/BANNER_CONCURSO-NACIONAL-DE-MUSICA-2DA-EDICION.webp?resize=525%2C300&ssl=1 1.5x, https:\/\/i0.wp.com\/artejoven.org\/wp-content\/uploads\/2025\/07\/BANNER_CONCURSO-NACIONAL-DE-MUSICA-2DA-EDICION.webp?resize=700%2C400&ssl=1 2x, https:\/\/i0.wp.com\/artejoven.org\/wp-content\/uploads\/2025\/07\/BANNER_CONCURSO-NACIONAL-DE-MUSICA-2DA-EDICION.webp?resize=1050%2C600&ssl=1 3x"},"classes":[]},{"id":7843,"url":"https:\/\/artejoven.org\/fr\/fondo-de-arte-joven-en-alianza-con-unicef-cuba\/","url_meta":{"origin":8355,"position":2},"title":"Fondo de Arte Joven en partenariat avec UNICEF Cuba","author":"Ren\u00e9 Manuel Puig","date":"22 de juillet de 2024","format":false,"excerpt":"La premi\u00e8re exp\u00e9rience de collaboration entre l'UNICEF Cuba et la FAJ laisse la porte ouverte \u00e0 de futurs partenariats et permet d'identifier des opportunit\u00e9s de mobilisation de ressources, dans le but d'\u00e9tendre cette coop\u00e9ration.","rel":"","context":"Dans &quot;Desde el FAJ&quot;","block_context":{"text":"Desde el FAJ","link":"https:\/\/artejoven.org\/fr\/category\/noticias\/desde-el-faj\/"},"img":{"alt_text":"Taller verano Bellas Artes - Colab FAJ - Unicef","src":"https:\/\/i0.wp.com\/artejoven.org\/wp-content\/uploads\/2024\/07\/UNICEF-Cuba-jpg.webp?resize=350%2C200&ssl=1","width":350,"height":200,"srcset":"https:\/\/i0.wp.com\/artejoven.org\/wp-content\/uploads\/2024\/07\/UNICEF-Cuba-jpg.webp?resize=350%2C200&ssl=1 1x, https:\/\/i0.wp.com\/artejoven.org\/wp-content\/uploads\/2024\/07\/UNICEF-Cuba-jpg.webp?resize=525%2C300&ssl=1 1.5x, https:\/\/i0.wp.com\/artejoven.org\/wp-content\/uploads\/2024\/07\/UNICEF-Cuba-jpg.webp?resize=700%2C400&ssl=1 2x, https:\/\/i0.wp.com\/artejoven.org\/wp-content\/uploads\/2024\/07\/UNICEF-Cuba-jpg.webp?resize=1050%2C600&ssl=1 3x"},"classes":[]},{"id":8177,"url":"https:\/\/www.adelante.cu\/index.php\/es\/cultura\/30239-convocatoria-abierta-concurso-nacional-de-musica","url_meta":{"origin":8355,"position":3},"title":"Appel \u00e0 candidatures : Concours national de musique","author":"Ren\u00e9 Manuel Puig","date":"27 de septembre de 2024","format":false,"excerpt":"Publicado en adelante.cu: El Fondo de Arte Joven y UNICEF Cuba anuncian la primera edici\u00f3n del Concurso Nacional de M\u00fasica, iniciativa destinada a j\u00f3venes talentos de entre 12 y 18 a\u00f1os.","rel":"","context":"Dans &quot;Desde la prensa&quot;","block_context":{"text":"Desde la prensa","link":"https:\/\/artejoven.org\/fr\/category\/noticias\/desde-la-prensa\/"},"img":{"alt_text":"Concurso Nacional de M\u00fasica. Convocatoria FAJ-UNICEF","src":"https:\/\/i0.wp.com\/artejoven.org\/wp-content\/uploads\/2024\/09\/Concurso-Nacional-de-Musica.-Convocatoria-FAJ-UNICEF--jpg.webp?resize=350%2C200&ssl=1","width":350,"height":200,"srcset":"https:\/\/i0.wp.com\/artejoven.org\/wp-content\/uploads\/2024\/09\/Concurso-Nacional-de-Musica.-Convocatoria-FAJ-UNICEF--jpg.webp?resize=350%2C200&ssl=1 1x, https:\/\/i0.wp.com\/artejoven.org\/wp-content\/uploads\/2024\/09\/Concurso-Nacional-de-Musica.-Convocatoria-FAJ-UNICEF--jpg.webp?resize=525%2C300&ssl=1 1.5x, https:\/\/i0.wp.com\/artejoven.org\/wp-content\/uploads\/2024\/09\/Concurso-Nacional-de-Musica.-Convocatoria-FAJ-UNICEF--jpg.webp?resize=700%2C400&ssl=1 2x, https:\/\/i0.wp.com\/artejoven.org\/wp-content\/uploads\/2024\/09\/Concurso-Nacional-de-Musica.-Convocatoria-FAJ-UNICEF--jpg.webp?resize=1050%2C600&ssl=1 3x, https:\/\/i0.wp.com\/artejoven.org\/wp-content\/uploads\/2024\/09\/Concurso-Nacional-de-Musica.-Convocatoria-FAJ-UNICEF--jpg.webp?resize=1400%2C800&ssl=1 4x"},"classes":[]},{"id":9701,"url":"https:\/\/artejoven.org\/fr\/concurso-nacional-de-musica-caravana-a-matanzas\/","url_meta":{"origin":8355,"position":4},"title":"Concours national de musique : caravane vers Matanzas","author":"Ren\u00e9 Manuel Puig","date":"23 de juillet de 2025","format":false,"excerpt":"Organizado por el Fondo de Arte Joven y UNICEF Cuba, en el marco de los 80 a\u00f1os de las Naciones Unidas, este evento replic\u00f3 por primera vez fuera de La Habana la experiencia de la primera edici\u00f3n, con la direcci\u00f3n musical de Janio Abreu, multiinstrumentista de vientos, compositor, arreglista y\u2026","rel":"","context":"Dans &quot;Desde el FAJ&quot;","block_context":{"text":"Desde el FAJ","link":"https:\/\/artejoven.org\/fr\/category\/noticias\/desde-el-faj\/"},"img":{"alt_text":"","src":"https:\/\/i0.wp.com\/artejoven.org\/wp-content\/uploads\/2025\/07\/07-Caravana-a-Matanzas.-FAJ-UNICEF-Cuba.webp?resize=350%2C200&ssl=1","width":350,"height":200,"srcset":"https:\/\/i0.wp.com\/artejoven.org\/wp-content\/uploads\/2025\/07\/07-Caravana-a-Matanzas.-FAJ-UNICEF-Cuba.webp?resize=350%2C200&ssl=1 1x, https:\/\/i0.wp.com\/artejoven.org\/wp-content\/uploads\/2025\/07\/07-Caravana-a-Matanzas.-FAJ-UNICEF-Cuba.webp?resize=525%2C300&ssl=1 1.5x, https:\/\/i0.wp.com\/artejoven.org\/wp-content\/uploads\/2025\/07\/07-Caravana-a-Matanzas.-FAJ-UNICEF-Cuba.webp?resize=700%2C400&ssl=1 2x, https:\/\/i0.wp.com\/artejoven.org\/wp-content\/uploads\/2025\/07\/07-Caravana-a-Matanzas.-FAJ-UNICEF-Cuba.webp?resize=1050%2C600&ssl=1 3x, https:\/\/i0.wp.com\/artejoven.org\/wp-content\/uploads\/2025\/07\/07-Caravana-a-Matanzas.-FAJ-UNICEF-Cuba.webp?resize=1400%2C800&ssl=1 4x"},"classes":[]},{"id":8336,"url":"https:\/\/artejoven.org\/fr\/sesiona-en-la-habana-programa-de-intercambio-creativo-de-la-primera-edicion-del-concurso-nacional-de-musica\/","url_meta":{"origin":8355,"position":5},"title":"Le programme d'\u00e9changes cr\u00e9atifs de la premi\u00e8re \u00e9dition du concours national de musique se d\u00e9roule \u00e0 La Havane","author":"Ren\u00e9 Manuel Puig","date":"25 de novembre de 2024","format":false,"excerpt":"Entre techniques d'improvisation et discussions sur l'histoire de la musique et du patrimoine cubains, la premi\u00e8re journ\u00e9e d'\u00e9change entre les laur\u00e9ats de la premi\u00e8re \u00e9dition du concours national de musique a eu lieu.","rel":"","context":"Dans &quot;Desde el FAJ&quot;","block_context":{"text":"Desde el FAJ","link":"https:\/\/artejoven.org\/fr\/category\/noticias\/desde-el-faj\/"},"img":{"alt_text":"Concurso Nacional de M\u00fasica","src":"https:\/\/i0.wp.com\/artejoven.org\/wp-content\/uploads\/2024\/11\/Portada-Concurso-Nacional-de-Musica.webp?resize=350%2C200&ssl=1","width":350,"height":200,"srcset":"https:\/\/i0.wp.com\/artejoven.org\/wp-content\/uploads\/2024\/11\/Portada-Concurso-Nacional-de-Musica.webp?resize=350%2C200&ssl=1 1x, https:\/\/i0.wp.com\/artejoven.org\/wp-content\/uploads\/2024\/11\/Portada-Concurso-Nacional-de-Musica.webp?resize=525%2C300&ssl=1 1.5x, https:\/\/i0.wp.com\/artejoven.org\/wp-content\/uploads\/2024\/11\/Portada-Concurso-Nacional-de-Musica.webp?resize=700%2C400&ssl=1 2x, https:\/\/i0.wp.com\/artejoven.org\/wp-content\/uploads\/2024\/11\/Portada-Concurso-Nacional-de-Musica.webp?resize=1050%2C600&ssl=1 3x"},"classes":[]}],"jetpack_sharing_enabled":true,"_links":{"self":[{"href":"https:\/\/artejoven.org\/fr\/wp-json\/wp\/v2\/posts\/8355","targetHints":{"allow":["GET"]}}],"collection":[{"href":"https:\/\/artejoven.org\/fr\/wp-json\/wp\/v2\/posts"}],"about":[{"href":"https:\/\/artejoven.org\/fr\/wp-json\/wp\/v2\/types\/post"}],"author":[{"embeddable":true,"href":"https:\/\/artejoven.org\/fr\/wp-json\/wp\/v2\/users\/1"}],"replies":[{"embeddable":true,"href":"https:\/\/artejoven.org\/fr\/wp-json\/wp\/v2\/comments?post=8355"}],"version-history":[{"count":0,"href":"https:\/\/artejoven.org\/fr\/wp-json\/wp\/v2\/posts\/8355\/revisions"}],"wp:featuredmedia":[{"embeddable":true,"href":"https:\/\/artejoven.org\/fr\/wp-json\/wp\/v2\/media\/8413"}],"wp:attachment":[{"href":"https:\/\/artejoven.org\/fr\/wp-json\/wp\/v2\/media?parent=8355"}],"wp:term":[{"taxonomy":"category","embeddable":true,"href":"https:\/\/artejoven.org\/fr\/wp-json\/wp\/v2\/categories?post=8355"},{"taxonomy":"post_tag","embeddable":true,"href":"https:\/\/artejoven.org\/fr\/wp-json\/wp\/v2\/tags?post=8355"}],"curies":[{"name":"wp","href":"https:\/\/api.w.org\/{rel}","templated":true}]}}