{"id":9701,"date":"2025-07-23T16:05:45","date_gmt":"2025-07-23T20:05:45","guid":{"rendered":"https:\/\/artejoven.org\/?p=9701"},"modified":"2025-07-23T16:11:01","modified_gmt":"2025-07-23T20:11:01","slug":"la-caravane-du-concours-national-de-musique-a-matanzas","status":"publish","type":"post","link":"https:\/\/artejoven.org\/fr\/concurso-nacional-de-musica-caravana-a-matanzas\/","title":{"rendered":"Concours national de musique : caravane vers Matanzas"},"content":{"rendered":"<p>En tant que \u00abCaravane pour Matanzas\u00bb, arriv\u00e9e de la deuxi\u00e8me \u00e9dition de l'exposition \"Matanzas\", l'exposition de la \"Caravane pour Matanzas\" s'est poursuivie. <a href=\"https:\/\/artejoven.org\/fr\/le-fondo-de-arte-joven-et-lunicef-cuba-lancent-le-second-appel-du-concours-national-de-musique\/\"><strong>Concours national de musique<\/strong><\/a> \u00e0 la ville, une occasion de promouvoir des processus cr\u00e9atifs qui favorisent la croissance spirituelle, la cr\u00e9ativit\u00e9 et l'expression des adolescents.<\/p>\n\n\n\n<p>Organis\u00e9 par le Fondo de Arte Joven (FAJ) et l'UNICEF Cuba, dans le cadre du 80e anniversaire des Nations unies, cet \u00e9v\u00e9nement a reproduit pour la premi\u00e8re fois en dehors de La Havane l'exp\u00e9rience de la premi\u00e8re \u00e9dition, sous la direction musicale de Janio Abreu, multi-instrumentiste \u00e0 vent, compositeur, arrangeur et professeur, directeur musical du concours.<\/p>\n\n\n\n<p>Il a \u00e9galement favoris\u00e9 les \u00e9changes cr\u00e9atifs avec les laur\u00e9ats de la premi\u00e8re \u00e9dition, les enseignants et les organisateurs du concours, facilitant ainsi le dialogue et rapprochant les musiciens issus de l'enseignement artistique et\/ou autodidactes de cette initiative particuli\u00e8re.<\/p>\n\n\n\n<p>Le bureau du conservateur de la ville a accueilli cette journ\u00e9e pleine d'art, qui a \u00e9galement vu l'inauguration de l'exposition de photos \u00abEnfocando mis derechos\u00bb (Se concentrer sur mes droits), une collection de 35 images prises par des enfants et des adolescents cubains 35 ans apr\u00e8s la Convention relative aux droits de l'enfant.<\/p>\n\n\n\n<p>L'espace a \u00e9galement \u00e9t\u00e9 rejoint par des projets communautaires tels que Lib\u00e9lulas de Matanzas, du Red de Educadores Populares, et J\u00f3venes por la Vida, de ProSalud, qui promeuvent l'art en tant que moteur de transformation et de bien-\u00eatre pour les enfants, les adolescents et les jeunes.<\/p>\n\n\n\n<p>L'appel \u00e0 candidatures pour la deuxi\u00e8me \u00e9dition du Concours national de musique est ouvert jusqu'au 30 septembre 2025. Vous pouvez consulter toutes les informations sur le lien suivant <a href=\"https:\/\/artejoven.org\/fr\/appels\/\"><strong>LIEN<\/strong><\/a>.<\/p>\n\n\n\n<div class=\"wp-block-jetpack-tiled-gallery aligncenter is-style-rectangular\"><div class=\"has-rounded-corners-15\"><div class=\"tiled-gallery__gallery\"><div class=\"tiled-gallery__row\"><div class=\"tiled-gallery__col\" style=\"flex-basis:60.25213%\"><figure class=\"tiled-gallery__item\"><a href=\"https:\/\/artejoven.org\/wp-content\/uploads\/2025\/07\/01-Caravana-a-Matanzas.-FAJ-UNICEF-Cuba-768x1024.webp\"><img decoding=\"async\" srcset=\"https:\/\/i0.wp.com\/artejoven.org\/wp-content\/uploads\/2025\/07\/01-Caravana-a-Matanzas.-FAJ-UNICEF-Cuba-768x1024.webp?strip=info&#038;w=600&#038;ssl=1 600w,https:\/\/i0.wp.com\/artejoven.org\/wp-content\/uploads\/2025\/07\/01-Caravana-a-Matanzas.-FAJ-UNICEF-Cuba-768x1024.webp?strip=info&#038;w=900&#038;ssl=1 900w,https:\/\/i0.wp.com\/artejoven.org\/wp-content\/uploads\/2025\/07\/01-Caravana-a-Matanzas.-FAJ-UNICEF-Cuba-768x1024.webp?strip=info&#038;w=1200&#038;ssl=1 1200w,https:\/\/i0.wp.com\/artejoven.org\/wp-content\/uploads\/2025\/07\/01-Caravana-a-Matanzas.-FAJ-UNICEF-Cuba-768x1024.webp?strip=info&#038;w=1500&#038;ssl=1 1500w,https:\/\/i0.wp.com\/artejoven.org\/wp-content\/uploads\/2025\/07\/01-Caravana-a-Matanzas.-FAJ-UNICEF-Cuba-768x1024.webp?strip=info&#038;w=1800&#038;ssl=1 1800w,https:\/\/i0.wp.com\/artejoven.org\/wp-content\/uploads\/2025\/07\/01-Caravana-a-Matanzas.-FAJ-UNICEF-Cuba-768x1024.webp?strip=info&#038;w=1920&#038;ssl=1 1920w\" alt=\"\" data-height=\"2560\" data-id=\"9702\" data-link=\"https:\/\/artejoven.org\/?attachment_id=9702#main\" data-url=\"https:\/\/artejoven.org\/wp-content\/uploads\/2025\/07\/01-Caravana-a-Matanzas.-FAJ-UNICEF-Cuba-768x1024.webp\" data-width=\"1920\" src=\"https:\/\/i0.wp.com\/artejoven.org\/wp-content\/uploads\/2025\/07\/01-Caravana-a-Matanzas.-FAJ-UNICEF-Cuba-768x1024.webp?ssl=1\" data-amp-layout=\"responsive\"\/><\/a><\/figure><\/div><div class=\"tiled-gallery__col\" style=\"flex-basis:39.74787%\"><figure class=\"tiled-gallery__item\"><a href=\"https:\/\/artejoven.org\/wp-content\/uploads\/2025\/07\/14-Caravana-a-Matanzas.-FAJ-UNICEF-Cuba-1024x683.webp\"><img decoding=\"async\" srcset=\"https:\/\/i0.wp.com\/artejoven.org\/wp-content\/uploads\/2025\/07\/14-Caravana-a-Matanzas.-FAJ-UNICEF-Cuba-1024x683.webp?strip=info&#038;w=600&#038;ssl=1 600w,https:\/\/i0.wp.com\/artejoven.org\/wp-content\/uploads\/2025\/07\/14-Caravana-a-Matanzas.-FAJ-UNICEF-Cuba-1024x683.webp?strip=info&#038;w=900&#038;ssl=1 900w,https:\/\/i0.wp.com\/artejoven.org\/wp-content\/uploads\/2025\/07\/14-Caravana-a-Matanzas.-FAJ-UNICEF-Cuba-1024x683.webp?strip=info&#038;w=1200&#038;ssl=1 1200w,https:\/\/i0.wp.com\/artejoven.org\/wp-content\/uploads\/2025\/07\/14-Caravana-a-Matanzas.-FAJ-UNICEF-Cuba-1024x683.webp?strip=info&#038;w=1500&#038;ssl=1 1500w,https:\/\/i0.wp.com\/artejoven.org\/wp-content\/uploads\/2025\/07\/14-Caravana-a-Matanzas.-FAJ-UNICEF-Cuba-1024x683.webp?strip=info&#038;w=1800&#038;ssl=1 1800w,https:\/\/i0.wp.com\/artejoven.org\/wp-content\/uploads\/2025\/07\/14-Caravana-a-Matanzas.-FAJ-UNICEF-Cuba-1024x683.webp?strip=info&#038;w=2000&#038;ssl=1 2000w\" alt=\"\" data-height=\"1500\" data-id=\"9710\" data-link=\"https:\/\/artejoven.org\/?attachment_id=9710#main\" data-url=\"https:\/\/artejoven.org\/wp-content\/uploads\/2025\/07\/14-Caravana-a-Matanzas.-FAJ-UNICEF-Cuba-1024x683.webp\" data-width=\"2250\" src=\"https:\/\/i0.wp.com\/artejoven.org\/wp-content\/uploads\/2025\/07\/14-Caravana-a-Matanzas.-FAJ-UNICEF-Cuba-1024x683.webp?ssl=1\" data-amp-layout=\"responsive\"\/><\/a><\/figure><figure class=\"tiled-gallery__item\"><a href=\"https:\/\/artejoven.org\/wp-content\/uploads\/2025\/07\/15-Caravana-a-Matanzas.-FAJ-UNICEF-Cuba-1024x683.webp\"><img decoding=\"async\" srcset=\"https:\/\/i0.wp.com\/artejoven.org\/wp-content\/uploads\/2025\/07\/15-Caravana-a-Matanzas.-FAJ-UNICEF-Cuba-1024x683.webp?strip=info&#038;w=600&#038;ssl=1 600w,https:\/\/i0.wp.com\/artejoven.org\/wp-content\/uploads\/2025\/07\/15-Caravana-a-Matanzas.-FAJ-UNICEF-Cuba-1024x683.webp?strip=info&#038;w=900&#038;ssl=1 900w,https:\/\/i0.wp.com\/artejoven.org\/wp-content\/uploads\/2025\/07\/15-Caravana-a-Matanzas.-FAJ-UNICEF-Cuba-1024x683.webp?strip=info&#038;w=1200&#038;ssl=1 1200w,https:\/\/i0.wp.com\/artejoven.org\/wp-content\/uploads\/2025\/07\/15-Caravana-a-Matanzas.-FAJ-UNICEF-Cuba-1024x683.webp?strip=info&#038;w=1500&#038;ssl=1 1500w,https:\/\/i0.wp.com\/artejoven.org\/wp-content\/uploads\/2025\/07\/15-Caravana-a-Matanzas.-FAJ-UNICEF-Cuba-1024x683.webp?strip=info&#038;w=1800&#038;ssl=1 1800w,https:\/\/i0.wp.com\/artejoven.org\/wp-content\/uploads\/2025\/07\/15-Caravana-a-Matanzas.-FAJ-UNICEF-Cuba-1024x683.webp?strip=info&#038;w=2000&#038;ssl=1 2000w\" alt=\"\" data-height=\"1500\" data-id=\"9706\" data-link=\"https:\/\/artejoven.org\/?attachment_id=9706#main\" data-url=\"https:\/\/artejoven.org\/wp-content\/uploads\/2025\/07\/15-Caravana-a-Matanzas.-FAJ-UNICEF-Cuba-1024x683.webp\" data-width=\"2250\" src=\"https:\/\/i0.wp.com\/artejoven.org\/wp-content\/uploads\/2025\/07\/15-Caravana-a-Matanzas.-FAJ-UNICEF-Cuba-1024x683.webp?ssl=1\" data-amp-layout=\"responsive\"\/><\/a><\/figure><figure class=\"tiled-gallery__item\"><a href=\"https:\/\/artejoven.org\/wp-content\/uploads\/2025\/07\/13-Caravana-a-Matanzas.-FAJ-UNICEF-Cuba-1024x683.webp\"><img decoding=\"async\" srcset=\"https:\/\/i0.wp.com\/artejoven.org\/wp-content\/uploads\/2025\/07\/13-Caravana-a-Matanzas.-FAJ-UNICEF-Cuba-1024x683.webp?strip=info&#038;w=600&#038;ssl=1 600w,https:\/\/i0.wp.com\/artejoven.org\/wp-content\/uploads\/2025\/07\/13-Caravana-a-Matanzas.-FAJ-UNICEF-Cuba-1024x683.webp?strip=info&#038;w=900&#038;ssl=1 900w,https:\/\/i0.wp.com\/artejoven.org\/wp-content\/uploads\/2025\/07\/13-Caravana-a-Matanzas.-FAJ-UNICEF-Cuba-1024x683.webp?strip=info&#038;w=1200&#038;ssl=1 1200w,https:\/\/i0.wp.com\/artejoven.org\/wp-content\/uploads\/2025\/07\/13-Caravana-a-Matanzas.-FAJ-UNICEF-Cuba-1024x683.webp?strip=info&#038;w=1500&#038;ssl=1 1500w,https:\/\/i0.wp.com\/artejoven.org\/wp-content\/uploads\/2025\/07\/13-Caravana-a-Matanzas.-FAJ-UNICEF-Cuba-1024x683.webp?strip=info&#038;w=1800&#038;ssl=1 1800w,https:\/\/i0.wp.com\/artejoven.org\/wp-content\/uploads\/2025\/07\/13-Caravana-a-Matanzas.-FAJ-UNICEF-Cuba-1024x683.webp?strip=info&#038;w=2000&#038;ssl=1 2000w\" alt=\"\" data-height=\"1500\" data-id=\"9714\" data-link=\"https:\/\/artejoven.org\/?attachment_id=9714#main\" data-url=\"https:\/\/artejoven.org\/wp-content\/uploads\/2025\/07\/13-Caravana-a-Matanzas.-FAJ-UNICEF-Cuba-1024x683.webp\" data-width=\"2250\" src=\"https:\/\/i0.wp.com\/artejoven.org\/wp-content\/uploads\/2025\/07\/13-Caravana-a-Matanzas.-FAJ-UNICEF-Cuba-1024x683.webp?ssl=1\" data-amp-layout=\"responsive\"\/><\/a><\/figure><\/div><\/div><div class=\"tiled-gallery__row\"><div class=\"tiled-gallery__col\" style=\"flex-basis:66.80871%\"><figure class=\"tiled-gallery__item\"><a href=\"https:\/\/artejoven.org\/wp-content\/uploads\/2025\/07\/12-Caravana-a-Matanzas.-FAJ-UNICEF-Cuba-1024x683.webp\"><img decoding=\"async\" srcset=\"https:\/\/i0.wp.com\/artejoven.org\/wp-content\/uploads\/2025\/07\/12-Caravana-a-Matanzas.-FAJ-UNICEF-Cuba-1024x683.webp?strip=info&#038;w=600&#038;ssl=1 600w,https:\/\/i0.wp.com\/artejoven.org\/wp-content\/uploads\/2025\/07\/12-Caravana-a-Matanzas.-FAJ-UNICEF-Cuba-1024x683.webp?strip=info&#038;w=900&#038;ssl=1 900w,https:\/\/i0.wp.com\/artejoven.org\/wp-content\/uploads\/2025\/07\/12-Caravana-a-Matanzas.-FAJ-UNICEF-Cuba-1024x683.webp?strip=info&#038;w=1200&#038;ssl=1 1200w,https:\/\/i0.wp.com\/artejoven.org\/wp-content\/uploads\/2025\/07\/12-Caravana-a-Matanzas.-FAJ-UNICEF-Cuba-1024x683.webp?strip=info&#038;w=1500&#038;ssl=1 1500w,https:\/\/i0.wp.com\/artejoven.org\/wp-content\/uploads\/2025\/07\/12-Caravana-a-Matanzas.-FAJ-UNICEF-Cuba-1024x683.webp?strip=info&#038;w=1800&#038;ssl=1 1800w,https:\/\/i0.wp.com\/artejoven.org\/wp-content\/uploads\/2025\/07\/12-Caravana-a-Matanzas.-FAJ-UNICEF-Cuba-1024x683.webp?strip=info&#038;w=2000&#038;ssl=1 2000w\" alt=\"\" data-height=\"1500\" data-id=\"9717\" data-link=\"https:\/\/artejoven.org\/?attachment_id=9717#main\" data-url=\"https:\/\/artejoven.org\/wp-content\/uploads\/2025\/07\/12-Caravana-a-Matanzas.-FAJ-UNICEF-Cuba-1024x683.webp\" data-width=\"2250\" src=\"https:\/\/i0.wp.com\/artejoven.org\/wp-content\/uploads\/2025\/07\/12-Caravana-a-Matanzas.-FAJ-UNICEF-Cuba-1024x683.webp?ssl=1\" data-amp-layout=\"responsive\"\/><\/a><\/figure><\/div><div class=\"tiled-gallery__col\" style=\"flex-basis:33.19129%\"><figure class=\"tiled-gallery__item\"><a href=\"https:\/\/artejoven.org\/wp-content\/uploads\/2025\/07\/11-Caravana-a-Matanzas.-FAJ-UNICEF-Cuba-1024x683.webp\"><img decoding=\"async\" srcset=\"https:\/\/i0.wp.com\/artejoven.org\/wp-content\/uploads\/2025\/07\/11-Caravana-a-Matanzas.-FAJ-UNICEF-Cuba-1024x683.webp?strip=info&#038;w=600&#038;ssl=1 600w,https:\/\/i0.wp.com\/artejoven.org\/wp-content\/uploads\/2025\/07\/11-Caravana-a-Matanzas.-FAJ-UNICEF-Cuba-1024x683.webp?strip=info&#038;w=900&#038;ssl=1 900w,https:\/\/i0.wp.com\/artejoven.org\/wp-content\/uploads\/2025\/07\/11-Caravana-a-Matanzas.-FAJ-UNICEF-Cuba-1024x683.webp?strip=info&#038;w=1200&#038;ssl=1 1200w,https:\/\/i0.wp.com\/artejoven.org\/wp-content\/uploads\/2025\/07\/11-Caravana-a-Matanzas.-FAJ-UNICEF-Cuba-1024x683.webp?strip=info&#038;w=1500&#038;ssl=1 1500w,https:\/\/i0.wp.com\/artejoven.org\/wp-content\/uploads\/2025\/07\/11-Caravana-a-Matanzas.-FAJ-UNICEF-Cuba-1024x683.webp?strip=info&#038;w=1800&#038;ssl=1 1800w,https:\/\/i0.wp.com\/artejoven.org\/wp-content\/uploads\/2025\/07\/11-Caravana-a-Matanzas.-FAJ-UNICEF-Cuba-1024x683.webp?strip=info&#038;w=2000&#038;ssl=1 2000w\" alt=\"\" data-height=\"1500\" data-id=\"9713\" data-link=\"https:\/\/artejoven.org\/?attachment_id=9713#main\" data-url=\"https:\/\/artejoven.org\/wp-content\/uploads\/2025\/07\/11-Caravana-a-Matanzas.-FAJ-UNICEF-Cuba-1024x683.webp\" data-width=\"2250\" src=\"https:\/\/i0.wp.com\/artejoven.org\/wp-content\/uploads\/2025\/07\/11-Caravana-a-Matanzas.-FAJ-UNICEF-Cuba-1024x683.webp?ssl=1\" data-amp-layout=\"responsive\"\/><\/a><\/figure><figure class=\"tiled-gallery__item\"><a href=\"https:\/\/artejoven.org\/wp-content\/uploads\/2025\/07\/16-Caravana-a-Matanzas.-FAJ-UNICEF-Cuba-1024x683.webp\"><img decoding=\"async\" srcset=\"https:\/\/i0.wp.com\/artejoven.org\/wp-content\/uploads\/2025\/07\/16-Caravana-a-Matanzas.-FAJ-UNICEF-Cuba-1024x683.webp?strip=info&#038;w=600&#038;ssl=1 600w,https:\/\/i0.wp.com\/artejoven.org\/wp-content\/uploads\/2025\/07\/16-Caravana-a-Matanzas.-FAJ-UNICEF-Cuba-1024x683.webp?strip=info&#038;w=900&#038;ssl=1 900w,https:\/\/i0.wp.com\/artejoven.org\/wp-content\/uploads\/2025\/07\/16-Caravana-a-Matanzas.-FAJ-UNICEF-Cuba-1024x683.webp?strip=info&#038;w=1200&#038;ssl=1 1200w,https:\/\/i0.wp.com\/artejoven.org\/wp-content\/uploads\/2025\/07\/16-Caravana-a-Matanzas.-FAJ-UNICEF-Cuba-1024x683.webp?strip=info&#038;w=1500&#038;ssl=1 1500w,https:\/\/i0.wp.com\/artejoven.org\/wp-content\/uploads\/2025\/07\/16-Caravana-a-Matanzas.-FAJ-UNICEF-Cuba-1024x683.webp?strip=info&#038;w=1800&#038;ssl=1 1800w,https:\/\/i0.wp.com\/artejoven.org\/wp-content\/uploads\/2025\/07\/16-Caravana-a-Matanzas.-FAJ-UNICEF-Cuba-1024x683.webp?strip=info&#038;w=2000&#038;ssl=1 2000w\" alt=\"\" data-height=\"1500\" data-id=\"9712\" data-link=\"https:\/\/artejoven.org\/?attachment_id=9712#main\" data-url=\"https:\/\/artejoven.org\/wp-content\/uploads\/2025\/07\/16-Caravana-a-Matanzas.-FAJ-UNICEF-Cuba-1024x683.webp\" data-width=\"2250\" src=\"https:\/\/i0.wp.com\/artejoven.org\/wp-content\/uploads\/2025\/07\/16-Caravana-a-Matanzas.-FAJ-UNICEF-Cuba-1024x683.webp?ssl=1\" data-amp-layout=\"responsive\"\/><\/a><\/figure><\/div><\/div><div class=\"tiled-gallery__row\"><div class=\"tiled-gallery__col\" style=\"flex-basis:33.33333%\"><figure class=\"tiled-gallery__item\"><a href=\"https:\/\/artejoven.org\/wp-content\/uploads\/2025\/07\/10-Caravana-a-Matanzas.-FAJ-UNICEF-Cuba-1024x683.webp\"><img decoding=\"async\" srcset=\"https:\/\/i0.wp.com\/artejoven.org\/wp-content\/uploads\/2025\/07\/10-Caravana-a-Matanzas.-FAJ-UNICEF-Cuba-1024x683.webp?strip=info&#038;w=600&#038;ssl=1 600w,https:\/\/i0.wp.com\/artejoven.org\/wp-content\/uploads\/2025\/07\/10-Caravana-a-Matanzas.-FAJ-UNICEF-Cuba-1024x683.webp?strip=info&#038;w=900&#038;ssl=1 900w,https:\/\/i0.wp.com\/artejoven.org\/wp-content\/uploads\/2025\/07\/10-Caravana-a-Matanzas.-FAJ-UNICEF-Cuba-1024x683.webp?strip=info&#038;w=1200&#038;ssl=1 1200w,https:\/\/i0.wp.com\/artejoven.org\/wp-content\/uploads\/2025\/07\/10-Caravana-a-Matanzas.-FAJ-UNICEF-Cuba-1024x683.webp?strip=info&#038;w=1500&#038;ssl=1 1500w,https:\/\/i0.wp.com\/artejoven.org\/wp-content\/uploads\/2025\/07\/10-Caravana-a-Matanzas.-FAJ-UNICEF-Cuba-1024x683.webp?strip=info&#038;w=1800&#038;ssl=1 1800w,https:\/\/i0.wp.com\/artejoven.org\/wp-content\/uploads\/2025\/07\/10-Caravana-a-Matanzas.-FAJ-UNICEF-Cuba-1024x683.webp?strip=info&#038;w=2000&#038;ssl=1 2000w\" alt=\"\" data-height=\"1500\" data-id=\"9716\" data-link=\"https:\/\/artejoven.org\/?attachment_id=9716#main\" data-url=\"https:\/\/artejoven.org\/wp-content\/uploads\/2025\/07\/10-Caravana-a-Matanzas.-FAJ-UNICEF-Cuba-1024x683.webp\" data-width=\"2250\" src=\"https:\/\/i0.wp.com\/artejoven.org\/wp-content\/uploads\/2025\/07\/10-Caravana-a-Matanzas.-FAJ-UNICEF-Cuba-1024x683.webp?ssl=1\" data-amp-layout=\"responsive\"\/><\/a><\/figure><\/div><div class=\"tiled-gallery__col\" style=\"flex-basis:33.33333%\"><figure class=\"tiled-gallery__item\"><a href=\"https:\/\/artejoven.org\/wp-content\/uploads\/2025\/07\/08-Caravana-a-Matanzas.-FAJ-UNICEF-Cuba-1024x683.webp\"><img decoding=\"async\" srcset=\"https:\/\/i0.wp.com\/artejoven.org\/wp-content\/uploads\/2025\/07\/08-Caravana-a-Matanzas.-FAJ-UNICEF-Cuba-1024x683.webp?strip=info&#038;w=600&#038;ssl=1 600w,https:\/\/i0.wp.com\/artejoven.org\/wp-content\/uploads\/2025\/07\/08-Caravana-a-Matanzas.-FAJ-UNICEF-Cuba-1024x683.webp?strip=info&#038;w=900&#038;ssl=1 900w,https:\/\/i0.wp.com\/artejoven.org\/wp-content\/uploads\/2025\/07\/08-Caravana-a-Matanzas.-FAJ-UNICEF-Cuba-1024x683.webp?strip=info&#038;w=1200&#038;ssl=1 1200w,https:\/\/i0.wp.com\/artejoven.org\/wp-content\/uploads\/2025\/07\/08-Caravana-a-Matanzas.-FAJ-UNICEF-Cuba-1024x683.webp?strip=info&#038;w=1500&#038;ssl=1 1500w,https:\/\/i0.wp.com\/artejoven.org\/wp-content\/uploads\/2025\/07\/08-Caravana-a-Matanzas.-FAJ-UNICEF-Cuba-1024x683.webp?strip=info&#038;w=1800&#038;ssl=1 1800w,https:\/\/i0.wp.com\/artejoven.org\/wp-content\/uploads\/2025\/07\/08-Caravana-a-Matanzas.-FAJ-UNICEF-Cuba-1024x683.webp?strip=info&#038;w=2000&#038;ssl=1 2000w\" alt=\"\" data-height=\"1500\" data-id=\"9705\" data-link=\"https:\/\/artejoven.org\/?attachment_id=9705#main\" data-url=\"https:\/\/artejoven.org\/wp-content\/uploads\/2025\/07\/08-Caravana-a-Matanzas.-FAJ-UNICEF-Cuba-1024x683.webp\" data-width=\"2250\" src=\"https:\/\/i0.wp.com\/artejoven.org\/wp-content\/uploads\/2025\/07\/08-Caravana-a-Matanzas.-FAJ-UNICEF-Cuba-1024x683.webp?ssl=1\" data-amp-layout=\"responsive\"\/><\/a><\/figure><\/div><div class=\"tiled-gallery__col\" style=\"flex-basis:33.33333%\"><figure class=\"tiled-gallery__item\"><a href=\"https:\/\/artejoven.org\/wp-content\/uploads\/2025\/07\/09-Caravana-a-Matanzas.-FAJ-UNICEF-Cuba-1024x683.webp\"><img decoding=\"async\" srcset=\"https:\/\/i0.wp.com\/artejoven.org\/wp-content\/uploads\/2025\/07\/09-Caravana-a-Matanzas.-FAJ-UNICEF-Cuba-1024x683.webp?strip=info&#038;w=600&#038;ssl=1 600w,https:\/\/i0.wp.com\/artejoven.org\/wp-content\/uploads\/2025\/07\/09-Caravana-a-Matanzas.-FAJ-UNICEF-Cuba-1024x683.webp?strip=info&#038;w=900&#038;ssl=1 900w,https:\/\/i0.wp.com\/artejoven.org\/wp-content\/uploads\/2025\/07\/09-Caravana-a-Matanzas.-FAJ-UNICEF-Cuba-1024x683.webp?strip=info&#038;w=1200&#038;ssl=1 1200w,https:\/\/i0.wp.com\/artejoven.org\/wp-content\/uploads\/2025\/07\/09-Caravana-a-Matanzas.-FAJ-UNICEF-Cuba-1024x683.webp?strip=info&#038;w=1500&#038;ssl=1 1500w,https:\/\/i0.wp.com\/artejoven.org\/wp-content\/uploads\/2025\/07\/09-Caravana-a-Matanzas.-FAJ-UNICEF-Cuba-1024x683.webp?strip=info&#038;w=1800&#038;ssl=1 1800w,https:\/\/i0.wp.com\/artejoven.org\/wp-content\/uploads\/2025\/07\/09-Caravana-a-Matanzas.-FAJ-UNICEF-Cuba-1024x683.webp?strip=info&#038;w=2000&#038;ssl=1 2000w\" alt=\"\" data-height=\"1500\" data-id=\"9711\" data-link=\"https:\/\/artejoven.org\/?attachment_id=9711#main\" data-url=\"https:\/\/artejoven.org\/wp-content\/uploads\/2025\/07\/09-Caravana-a-Matanzas.-FAJ-UNICEF-Cuba-1024x683.webp\" data-width=\"2250\" src=\"https:\/\/i0.wp.com\/artejoven.org\/wp-content\/uploads\/2025\/07\/09-Caravana-a-Matanzas.-FAJ-UNICEF-Cuba-1024x683.webp?ssl=1\" data-amp-layout=\"responsive\"\/><\/a><\/figure><\/div><\/div><div class=\"tiled-gallery__row\"><div class=\"tiled-gallery__col\" style=\"flex-basis:33.19129%\"><figure class=\"tiled-gallery__item\"><a href=\"https:\/\/artejoven.org\/wp-content\/uploads\/2025\/07\/07-Caravana-a-Matanzas.-FAJ-UNICEF-Cuba-1024x683.webp\"><img decoding=\"async\" srcset=\"https:\/\/i0.wp.com\/artejoven.org\/wp-content\/uploads\/2025\/07\/07-Caravana-a-Matanzas.-FAJ-UNICEF-Cuba-1024x683.webp?strip=info&#038;w=600&#038;ssl=1 600w,https:\/\/i0.wp.com\/artejoven.org\/wp-content\/uploads\/2025\/07\/07-Caravana-a-Matanzas.-FAJ-UNICEF-Cuba-1024x683.webp?strip=info&#038;w=900&#038;ssl=1 900w,https:\/\/i0.wp.com\/artejoven.org\/wp-content\/uploads\/2025\/07\/07-Caravana-a-Matanzas.-FAJ-UNICEF-Cuba-1024x683.webp?strip=info&#038;w=1200&#038;ssl=1 1200w,https:\/\/i0.wp.com\/artejoven.org\/wp-content\/uploads\/2025\/07\/07-Caravana-a-Matanzas.-FAJ-UNICEF-Cuba-1024x683.webp?strip=info&#038;w=1500&#038;ssl=1 1500w,https:\/\/i0.wp.com\/artejoven.org\/wp-content\/uploads\/2025\/07\/07-Caravana-a-Matanzas.-FAJ-UNICEF-Cuba-1024x683.webp?strip=info&#038;w=1800&#038;ssl=1 1800w,https:\/\/i0.wp.com\/artejoven.org\/wp-content\/uploads\/2025\/07\/07-Caravana-a-Matanzas.-FAJ-UNICEF-Cuba-1024x683.webp?strip=info&#038;w=2000&#038;ssl=1 2000w\" alt=\"\" data-height=\"1500\" data-id=\"9715\" data-link=\"https:\/\/artejoven.org\/?attachment_id=9715#main\" data-url=\"https:\/\/artejoven.org\/wp-content\/uploads\/2025\/07\/07-Caravana-a-Matanzas.-FAJ-UNICEF-Cuba-1024x683.webp\" data-width=\"2250\" src=\"https:\/\/i0.wp.com\/artejoven.org\/wp-content\/uploads\/2025\/07\/07-Caravana-a-Matanzas.-FAJ-UNICEF-Cuba-1024x683.webp?ssl=1\" data-amp-layout=\"responsive\"\/><\/a><\/figure><figure class=\"tiled-gallery__item\"><a href=\"https:\/\/artejoven.org\/wp-content\/uploads\/2025\/07\/02-Caravana-a-Matanzas.-FAJ-UNICEF-Cuba-1024x683.webp\"><img decoding=\"async\" srcset=\"https:\/\/i0.wp.com\/artejoven.org\/wp-content\/uploads\/2025\/07\/02-Caravana-a-Matanzas.-FAJ-UNICEF-Cuba-1024x683.webp?strip=info&#038;w=600&#038;ssl=1 600w,https:\/\/i0.wp.com\/artejoven.org\/wp-content\/uploads\/2025\/07\/02-Caravana-a-Matanzas.-FAJ-UNICEF-Cuba-1024x683.webp?strip=info&#038;w=900&#038;ssl=1 900w,https:\/\/i0.wp.com\/artejoven.org\/wp-content\/uploads\/2025\/07\/02-Caravana-a-Matanzas.-FAJ-UNICEF-Cuba-1024x683.webp?strip=info&#038;w=1200&#038;ssl=1 1200w,https:\/\/i0.wp.com\/artejoven.org\/wp-content\/uploads\/2025\/07\/02-Caravana-a-Matanzas.-FAJ-UNICEF-Cuba-1024x683.webp?strip=info&#038;w=1500&#038;ssl=1 1500w\" alt=\"\" data-height=\"1000\" data-id=\"9703\" data-link=\"https:\/\/artejoven.org\/?attachment_id=9703#main\" data-url=\"https:\/\/artejoven.org\/wp-content\/uploads\/2025\/07\/02-Caravana-a-Matanzas.-FAJ-UNICEF-Cuba-1024x683.webp\" data-width=\"1500\" src=\"https:\/\/i0.wp.com\/artejoven.org\/wp-content\/uploads\/2025\/07\/02-Caravana-a-Matanzas.-FAJ-UNICEF-Cuba-1024x683.webp?ssl=1\" data-amp-layout=\"responsive\"\/><\/a><\/figure><\/div><div class=\"tiled-gallery__col\" style=\"flex-basis:66.80871%\"><figure class=\"tiled-gallery__item\"><a href=\"https:\/\/artejoven.org\/wp-content\/uploads\/2025\/07\/04-Caravana-a-Matanzas.-FAJ-UNICEF-Cuba-1024x683.webp\"><img decoding=\"async\" srcset=\"https:\/\/i0.wp.com\/artejoven.org\/wp-content\/uploads\/2025\/07\/04-Caravana-a-Matanzas.-FAJ-UNICEF-Cuba-1024x683.webp?strip=info&#038;w=600&#038;ssl=1 600w,https:\/\/i0.wp.com\/artejoven.org\/wp-content\/uploads\/2025\/07\/04-Caravana-a-Matanzas.-FAJ-UNICEF-Cuba-1024x683.webp?strip=info&#038;w=900&#038;ssl=1 900w,https:\/\/i0.wp.com\/artejoven.org\/wp-content\/uploads\/2025\/07\/04-Caravana-a-Matanzas.-FAJ-UNICEF-Cuba-1024x683.webp?strip=info&#038;w=1200&#038;ssl=1 1200w,https:\/\/i0.wp.com\/artejoven.org\/wp-content\/uploads\/2025\/07\/04-Caravana-a-Matanzas.-FAJ-UNICEF-Cuba-1024x683.webp?strip=info&#038;w=1500&#038;ssl=1 1500w,https:\/\/i0.wp.com\/artejoven.org\/wp-content\/uploads\/2025\/07\/04-Caravana-a-Matanzas.-FAJ-UNICEF-Cuba-1024x683.webp?strip=info&#038;w=1800&#038;ssl=1 1800w,https:\/\/i0.wp.com\/artejoven.org\/wp-content\/uploads\/2025\/07\/04-Caravana-a-Matanzas.-FAJ-UNICEF-Cuba-1024x683.webp?strip=info&#038;w=2000&#038;ssl=1 2000w\" alt=\"\" data-height=\"1500\" data-id=\"9708\" data-link=\"https:\/\/artejoven.org\/?attachment_id=9708#main\" data-url=\"https:\/\/artejoven.org\/wp-content\/uploads\/2025\/07\/04-Caravana-a-Matanzas.-FAJ-UNICEF-Cuba-1024x683.webp\" data-width=\"2250\" src=\"https:\/\/i0.wp.com\/artejoven.org\/wp-content\/uploads\/2025\/07\/04-Caravana-a-Matanzas.-FAJ-UNICEF-Cuba-1024x683.webp?ssl=1\" data-amp-layout=\"responsive\"\/><\/a><\/figure><\/div><\/div><div class=\"tiled-gallery__row\"><div class=\"tiled-gallery__col\" style=\"flex-basis:33.33333%\"><figure class=\"tiled-gallery__item\"><a href=\"https:\/\/artejoven.org\/wp-content\/uploads\/2025\/07\/06-Caravana-a-Matanzas.-FAJ-UNICEF-Cuba-1024x683.webp\"><img decoding=\"async\" srcset=\"https:\/\/i0.wp.com\/artejoven.org\/wp-content\/uploads\/2025\/07\/06-Caravana-a-Matanzas.-FAJ-UNICEF-Cuba-1024x683.webp?strip=info&#038;w=600&#038;ssl=1 600w,https:\/\/i0.wp.com\/artejoven.org\/wp-content\/uploads\/2025\/07\/06-Caravana-a-Matanzas.-FAJ-UNICEF-Cuba-1024x683.webp?strip=info&#038;w=900&#038;ssl=1 900w,https:\/\/i0.wp.com\/artejoven.org\/wp-content\/uploads\/2025\/07\/06-Caravana-a-Matanzas.-FAJ-UNICEF-Cuba-1024x683.webp?strip=info&#038;w=1200&#038;ssl=1 1200w,https:\/\/i0.wp.com\/artejoven.org\/wp-content\/uploads\/2025\/07\/06-Caravana-a-Matanzas.-FAJ-UNICEF-Cuba-1024x683.webp?strip=info&#038;w=1500&#038;ssl=1 1500w\" alt=\"\" data-height=\"1000\" data-id=\"9704\" data-link=\"https:\/\/artejoven.org\/?attachment_id=9704#main\" data-url=\"https:\/\/artejoven.org\/wp-content\/uploads\/2025\/07\/06-Caravana-a-Matanzas.-FAJ-UNICEF-Cuba-1024x683.webp\" data-width=\"1500\" src=\"https:\/\/i0.wp.com\/artejoven.org\/wp-content\/uploads\/2025\/07\/06-Caravana-a-Matanzas.-FAJ-UNICEF-Cuba-1024x683.webp?ssl=1\" data-amp-layout=\"responsive\"\/><\/a><\/figure><\/div><div class=\"tiled-gallery__col\" style=\"flex-basis:33.33333%\"><figure class=\"tiled-gallery__item\"><a href=\"https:\/\/artejoven.org\/wp-content\/uploads\/2025\/07\/03-Caravana-a-Matanzas.-FAJ-UNICEF-Cuba-1024x683.webp\"><img decoding=\"async\" srcset=\"https:\/\/i0.wp.com\/artejoven.org\/wp-content\/uploads\/2025\/07\/03-Caravana-a-Matanzas.-FAJ-UNICEF-Cuba-1024x683.webp?strip=info&#038;w=600&#038;ssl=1 600w,https:\/\/i0.wp.com\/artejoven.org\/wp-content\/uploads\/2025\/07\/03-Caravana-a-Matanzas.-FAJ-UNICEF-Cuba-1024x683.webp?strip=info&#038;w=900&#038;ssl=1 900w,https:\/\/i0.wp.com\/artejoven.org\/wp-content\/uploads\/2025\/07\/03-Caravana-a-Matanzas.-FAJ-UNICEF-Cuba-1024x683.webp?strip=info&#038;w=1200&#038;ssl=1 1200w,https:\/\/i0.wp.com\/artejoven.org\/wp-content\/uploads\/2025\/07\/03-Caravana-a-Matanzas.-FAJ-UNICEF-Cuba-1024x683.webp?strip=info&#038;w=1500&#038;ssl=1 1500w,https:\/\/i0.wp.com\/artejoven.org\/wp-content\/uploads\/2025\/07\/03-Caravana-a-Matanzas.-FAJ-UNICEF-Cuba-1024x683.webp?strip=info&#038;w=1800&#038;ssl=1 1800w,https:\/\/i0.wp.com\/artejoven.org\/wp-content\/uploads\/2025\/07\/03-Caravana-a-Matanzas.-FAJ-UNICEF-Cuba-1024x683.webp?strip=info&#038;w=2000&#038;ssl=1 2000w\" alt=\"\" data-height=\"1500\" data-id=\"9707\" data-link=\"https:\/\/artejoven.org\/?attachment_id=9707#main\" data-url=\"https:\/\/artejoven.org\/wp-content\/uploads\/2025\/07\/03-Caravana-a-Matanzas.-FAJ-UNICEF-Cuba-1024x683.webp\" data-width=\"2250\" src=\"https:\/\/i0.wp.com\/artejoven.org\/wp-content\/uploads\/2025\/07\/03-Caravana-a-Matanzas.-FAJ-UNICEF-Cuba-1024x683.webp?ssl=1\" data-amp-layout=\"responsive\"\/><\/a><\/figure><\/div><div class=\"tiled-gallery__col\" style=\"flex-basis:33.33333%\"><figure class=\"tiled-gallery__item\"><a href=\"https:\/\/artejoven.org\/wp-content\/uploads\/2025\/07\/05-Caravana-a-Matanzas.-FAJ-UNICEF-Cuba-1024x683.webp\"><img decoding=\"async\" srcset=\"https:\/\/i0.wp.com\/artejoven.org\/wp-content\/uploads\/2025\/07\/05-Caravana-a-Matanzas.-FAJ-UNICEF-Cuba-1024x683.webp?strip=info&#038;w=600&#038;ssl=1 600w,https:\/\/i0.wp.com\/artejoven.org\/wp-content\/uploads\/2025\/07\/05-Caravana-a-Matanzas.-FAJ-UNICEF-Cuba-1024x683.webp?strip=info&#038;w=900&#038;ssl=1 900w,https:\/\/i0.wp.com\/artejoven.org\/wp-content\/uploads\/2025\/07\/05-Caravana-a-Matanzas.-FAJ-UNICEF-Cuba-1024x683.webp?strip=info&#038;w=1200&#038;ssl=1 1200w,https:\/\/i0.wp.com\/artejoven.org\/wp-content\/uploads\/2025\/07\/05-Caravana-a-Matanzas.-FAJ-UNICEF-Cuba-1024x683.webp?strip=info&#038;w=1500&#038;ssl=1 1500w,https:\/\/i0.wp.com\/artejoven.org\/wp-content\/uploads\/2025\/07\/05-Caravana-a-Matanzas.-FAJ-UNICEF-Cuba-1024x683.webp?strip=info&#038;w=1800&#038;ssl=1 1800w,https:\/\/i0.wp.com\/artejoven.org\/wp-content\/uploads\/2025\/07\/05-Caravana-a-Matanzas.-FAJ-UNICEF-Cuba-1024x683.webp?strip=info&#038;w=2000&#038;ssl=1 2000w\" alt=\"\" data-height=\"1500\" data-id=\"9709\" data-link=\"https:\/\/artejoven.org\/?attachment_id=9709#main\" data-url=\"https:\/\/artejoven.org\/wp-content\/uploads\/2025\/07\/05-Caravana-a-Matanzas.-FAJ-UNICEF-Cuba-1024x683.webp\" data-width=\"2250\" src=\"https:\/\/i0.wp.com\/artejoven.org\/wp-content\/uploads\/2025\/07\/05-Caravana-a-Matanzas.-FAJ-UNICEF-Cuba-1024x683.webp?ssl=1\" data-amp-layout=\"responsive\"\/><\/a><\/figure><\/div><\/div><\/div><\/div><\/div>","protected":false},"excerpt":{"rendered":"<p>Organis\u00e9 par le Youth Art Fund et l'UNICEF Cuba, dans le cadre du 80e anniversaire des Nations unies, cet \u00e9v\u00e9nement a reproduit pour la premi\u00e8re fois en dehors de La Havane l'exp\u00e9rience de la premi\u00e8re \u00e9dition, sous la direction musicale de Janio Abreu, multi-instrumentiste \u00e0 vent, compositeur, arrangeur et professeur, directeur musical du concours. <\/p>","protected":false},"author":1,"featured_media":9715,"comment_status":"open","ping_status":"open","sticky":false,"template":"","format":"standard","meta":{"_acf_changed":false,"_jetpack_memberships_contains_paid_content":false,"footnotes":"","_links_to":"","_links_to_target":""},"categories":[35],"tags":[],"class_list":{"0":"post-9701","1":"post","2":"type-post","3":"status-publish","4":"format-standard","5":"has-post-thumbnail","6":"hentry","7":"category-desde-el-faj","9":"post-with-thumbnail","10":"post-with-thumbnail-large"},"acf":[],"aioseo_notices":[],"jetpack_featured_media_url":"https:\/\/artejoven.org\/wp-content\/uploads\/2025\/07\/07-Caravana-a-Matanzas.-FAJ-UNICEF-Cuba.webp","jetpack-related-posts":[{"id":8105,"url":"https:\/\/artejoven.org\/fr\/fondo-de-arte-joven-y-unicef-cuba-convocan-a-la-primera-edicion-del-concurso-nacional-de-musica\/","url_meta":{"origin":9701,"position":0},"title":"Le Fondo de Arte Joven et l'UNICEF Cuba lancent un appel pour la premi\u00e8re \u00e9dition du concours national de musique","author":"Ren\u00e9 Manuel Puig","date":"19 de septembre de 2024","format":false,"excerpt":"Le Fondo de Arte Joven (FAJ) et le Fonds des Nations Unies pour l'enfance \u00e0 Cuba (UNICEF Cuba) lancent un appel pour la premi\u00e8re \u00e9dition du Concours national de musique, une occasion unique pour les adolescents et les jeunes.","rel":"","context":"Dans &quot;Desde el FAJ&quot;","block_context":{"text":"Desde el FAJ","link":"https:\/\/artejoven.org\/fr\/category\/noticias\/desde-el-faj\/"},"img":{"alt_text":"Concurso Nacional de M\u00fasica. Convocatoria FAJ-UNICEF","src":"https:\/\/i0.wp.com\/artejoven.org\/wp-content\/uploads\/2024\/09\/Concurso-Nacional-de-Musica.-Convocatoria-FAJ-UNICEF--jpg.webp?resize=350%2C200&ssl=1","width":350,"height":200,"srcset":"https:\/\/i0.wp.com\/artejoven.org\/wp-content\/uploads\/2024\/09\/Concurso-Nacional-de-Musica.-Convocatoria-FAJ-UNICEF--jpg.webp?resize=350%2C200&ssl=1 1x, https:\/\/i0.wp.com\/artejoven.org\/wp-content\/uploads\/2024\/09\/Concurso-Nacional-de-Musica.-Convocatoria-FAJ-UNICEF--jpg.webp?resize=525%2C300&ssl=1 1.5x, https:\/\/i0.wp.com\/artejoven.org\/wp-content\/uploads\/2024\/09\/Concurso-Nacional-de-Musica.-Convocatoria-FAJ-UNICEF--jpg.webp?resize=700%2C400&ssl=1 2x, https:\/\/i0.wp.com\/artejoven.org\/wp-content\/uploads\/2024\/09\/Concurso-Nacional-de-Musica.-Convocatoria-FAJ-UNICEF--jpg.webp?resize=1050%2C600&ssl=1 3x, https:\/\/i0.wp.com\/artejoven.org\/wp-content\/uploads\/2024\/09\/Concurso-Nacional-de-Musica.-Convocatoria-FAJ-UNICEF--jpg.webp?resize=1400%2C800&ssl=1 4x"},"classes":[]},{"id":9695,"url":"https:\/\/www.acn.cu\/cultura\/matanzas-acoge-jornada-cultural-por-el-talento-adolescente-fotos","url_meta":{"origin":9701,"position":1},"title":"Matanzas organise une journ\u00e9e culturelle pour les adolescents talentueux","author":"Ren\u00e9 Manuel Puig","date":"19 de juillet de 2025","format":false,"excerpt":"Publicado en ACN: Un concierto especial, el intercambio creativo y una exposici\u00f3n fotogr\u00e1fica marcaron hoy la presentaci\u00f3n en esta ciudad de la segunda edici\u00f3n del Concurso Nacional de M\u00fasica impulsado por el Fondo de Arte Joven (FAJ) y el Fondo de las Naciones Unidas para la Infancia (UNICEF) Cuba, para\u2026","rel":"","context":"Dans &quot;Desde la prensa&quot;","block_context":{"text":"Desde la prensa","link":"https:\/\/artejoven.org\/fr\/category\/noticias\/desde-la-prensa\/"},"img":{"alt_text":"","src":"https:\/\/i0.wp.com\/artejoven.org\/wp-content\/uploads\/2025\/07\/0-18-concurso-1.webp?resize=350%2C200&ssl=1","width":350,"height":200,"srcset":"https:\/\/i0.wp.com\/artejoven.org\/wp-content\/uploads\/2025\/07\/0-18-concurso-1.webp?resize=350%2C200&ssl=1 1x, https:\/\/i0.wp.com\/artejoven.org\/wp-content\/uploads\/2025\/07\/0-18-concurso-1.webp?resize=525%2C300&ssl=1 1.5x, https:\/\/i0.wp.com\/artejoven.org\/wp-content\/uploads\/2025\/07\/0-18-concurso-1.webp?resize=700%2C400&ssl=1 2x"},"classes":[]},{"id":9687,"url":"https:\/\/artejoven.org\/fr\/fondo-de-arte-joven-y-unicef-cuba-convocan-a-la-segunda-convocatoria-del-concurso-nacional-de-musica\/","url_meta":{"origin":9701,"position":2},"title":"Le Fonds pour les artistes jeunes et l'UNICEF Cuba lancent un deuxi\u00e8me appel \u00e0 candidatures pour le concours national de musique","author":"Ren\u00e9 Manuel Puig","date":"17 de juillet de 2025","format":false,"excerpt":"La segunda edici\u00f3n del Concurso Nacional de M\u00fasica, tambi\u00e9n persigue generar un impacto positivo en la formaci\u00f3n art\u00edstica y profesional de esta poblaci\u00f3n, contribuyendo a crear entornos inclusivos y oportunidades que respalden el ejercicio del derecho de ni\u00f1os, ni\u00f1as y adolescentes a participar libremente en la vida cultural y en\u2026","rel":"","context":"Dans &quot;Desde el FAJ&quot;","block_context":{"text":"Desde el FAJ","link":"https:\/\/artejoven.org\/fr\/category\/noticias\/desde-el-faj\/"},"img":{"alt_text":"","src":"https:\/\/i0.wp.com\/artejoven.org\/wp-content\/uploads\/2025\/07\/BANNER_CONCURSO-NACIONAL-DE-MUSICA-2DA-EDICION.webp?resize=350%2C200&ssl=1","width":350,"height":200,"srcset":"https:\/\/i0.wp.com\/artejoven.org\/wp-content\/uploads\/2025\/07\/BANNER_CONCURSO-NACIONAL-DE-MUSICA-2DA-EDICION.webp?resize=350%2C200&ssl=1 1x, https:\/\/i0.wp.com\/artejoven.org\/wp-content\/uploads\/2025\/07\/BANNER_CONCURSO-NACIONAL-DE-MUSICA-2DA-EDICION.webp?resize=525%2C300&ssl=1 1.5x, https:\/\/i0.wp.com\/artejoven.org\/wp-content\/uploads\/2025\/07\/BANNER_CONCURSO-NACIONAL-DE-MUSICA-2DA-EDICION.webp?resize=700%2C400&ssl=1 2x, https:\/\/i0.wp.com\/artejoven.org\/wp-content\/uploads\/2025\/07\/BANNER_CONCURSO-NACIONAL-DE-MUSICA-2DA-EDICION.webp?resize=1050%2C600&ssl=1 3x"},"classes":[]},{"id":8336,"url":"https:\/\/artejoven.org\/fr\/sesiona-en-la-habana-programa-de-intercambio-creativo-de-la-primera-edicion-del-concurso-nacional-de-musica\/","url_meta":{"origin":9701,"position":3},"title":"Le programme d'\u00e9changes cr\u00e9atifs de la premi\u00e8re \u00e9dition du concours national de musique se d\u00e9roule \u00e0 La Havane","author":"Ren\u00e9 Manuel Puig","date":"25 de novembre de 2024","format":false,"excerpt":"Entre techniques d'improvisation et discussions sur l'histoire de la musique et du patrimoine cubains, la premi\u00e8re journ\u00e9e d'\u00e9change entre les laur\u00e9ats de la premi\u00e8re \u00e9dition du concours national de musique a eu lieu.","rel":"","context":"Dans &quot;Desde el FAJ&quot;","block_context":{"text":"Desde el FAJ","link":"https:\/\/artejoven.org\/fr\/category\/noticias\/desde-el-faj\/"},"img":{"alt_text":"Concurso Nacional de M\u00fasica","src":"https:\/\/i0.wp.com\/artejoven.org\/wp-content\/uploads\/2024\/11\/Portada-Concurso-Nacional-de-Musica.webp?resize=350%2C200&ssl=1","width":350,"height":200,"srcset":"https:\/\/i0.wp.com\/artejoven.org\/wp-content\/uploads\/2024\/11\/Portada-Concurso-Nacional-de-Musica.webp?resize=350%2C200&ssl=1 1x, https:\/\/i0.wp.com\/artejoven.org\/wp-content\/uploads\/2024\/11\/Portada-Concurso-Nacional-de-Musica.webp?resize=525%2C300&ssl=1 1.5x, https:\/\/i0.wp.com\/artejoven.org\/wp-content\/uploads\/2024\/11\/Portada-Concurso-Nacional-de-Musica.webp?resize=700%2C400&ssl=1 2x, https:\/\/i0.wp.com\/artejoven.org\/wp-content\/uploads\/2024\/11\/Portada-Concurso-Nacional-de-Musica.webp?resize=1050%2C600&ssl=1 3x"},"classes":[]},{"id":10217,"url":"https:\/\/artejoven.org\/fr\/gran-concierto-02-edicion-concurso-nacional-de-musica\/","url_meta":{"origin":9701,"position":4},"title":"Grand concert 2e \u00e9dition Concours national de musique","author":"Ren\u00e9 Manuel Puig","date":"8 de d\u00e9cembre de 2025","format":false,"excerpt":"Ouvrir la porte aux talents \u00e9mergents de la sc\u00e8ne musicale cubaine.","rel":"","context":"Dans &quot;Desde el FAJ&quot;","block_context":{"text":"Desde el FAJ","link":"https:\/\/artejoven.org\/fr\/category\/noticias\/desde-el-faj\/"},"img":{"alt_text":"","src":"https:\/\/i0.wp.com\/artejoven.org\/wp-content\/uploads\/2025\/12\/Fondo_Concurso-2025-scaled.webp?resize=350%2C200&ssl=1","width":350,"height":200,"srcset":"https:\/\/i0.wp.com\/artejoven.org\/wp-content\/uploads\/2025\/12\/Fondo_Concurso-2025-scaled.webp?resize=350%2C200&ssl=1 1x, https:\/\/i0.wp.com\/artejoven.org\/wp-content\/uploads\/2025\/12\/Fondo_Concurso-2025-scaled.webp?resize=525%2C300&ssl=1 1.5x, https:\/\/i0.wp.com\/artejoven.org\/wp-content\/uploads\/2025\/12\/Fondo_Concurso-2025-scaled.webp?resize=700%2C400&ssl=1 2x, https:\/\/i0.wp.com\/artejoven.org\/wp-content\/uploads\/2025\/12\/Fondo_Concurso-2025-scaled.webp?resize=1050%2C600&ssl=1 3x, https:\/\/i0.wp.com\/artejoven.org\/wp-content\/uploads\/2025\/12\/Fondo_Concurso-2025-scaled.webp?resize=1400%2C800&ssl=1 4x"},"classes":[]},{"id":5561,"url":"https:\/\/artejoven.org\/fr\/cierra-convocatoria-malayerba-concurso-de-arte-joven\/","url_meta":{"origin":9701,"position":5},"title":"Cl\u00f4ture de l'appel \u00e0 candidatures pour le concours artistique malaYerba. young art","author":"Ren\u00e9 Manuel Puig","date":"3 de septembre de 2023","format":false,"excerpt":"Le Fondo de Arte Joven (FAJ) et la Fundaci\u00f3n Los Carbonell (FLC) \/ NG Art Gallery ont organis\u00e9 la premi\u00e8re \u00e9dition du concours d'art jeune malaYerba, dans le but de soutenir les processus cr\u00e9atifs des artistes visuels cubains.","rel":"","context":"Dans &quot;Desde el FAJ&quot;","block_context":{"text":"Desde el FAJ","link":"https:\/\/artejoven.org\/fr\/category\/noticias\/desde-el-faj\/"},"img":{"alt_text":"malaYerba","src":"https:\/\/i0.wp.com\/artejoven.org\/wp-content\/uploads\/2023\/09\/malaYerba-jpg.webp?resize=350%2C200&ssl=1","width":350,"height":200,"srcset":"https:\/\/i0.wp.com\/artejoven.org\/wp-content\/uploads\/2023\/09\/malaYerba-jpg.webp?resize=350%2C200&ssl=1 1x, https:\/\/i0.wp.com\/artejoven.org\/wp-content\/uploads\/2023\/09\/malaYerba-jpg.webp?resize=525%2C300&ssl=1 1.5x, https:\/\/i0.wp.com\/artejoven.org\/wp-content\/uploads\/2023\/09\/malaYerba-jpg.webp?resize=700%2C400&ssl=1 2x, https:\/\/i0.wp.com\/artejoven.org\/wp-content\/uploads\/2023\/09\/malaYerba-jpg.webp?resize=1050%2C600&ssl=1 3x"},"classes":[]}],"jetpack_sharing_enabled":true,"_links":{"self":[{"href":"https:\/\/artejoven.org\/fr\/wp-json\/wp\/v2\/posts\/9701","targetHints":{"allow":["GET"]}}],"collection":[{"href":"https:\/\/artejoven.org\/fr\/wp-json\/wp\/v2\/posts"}],"about":[{"href":"https:\/\/artejoven.org\/fr\/wp-json\/wp\/v2\/types\/post"}],"author":[{"embeddable":true,"href":"https:\/\/artejoven.org\/fr\/wp-json\/wp\/v2\/users\/1"}],"replies":[{"embeddable":true,"href":"https:\/\/artejoven.org\/fr\/wp-json\/wp\/v2\/comments?post=9701"}],"version-history":[{"count":0,"href":"https:\/\/artejoven.org\/fr\/wp-json\/wp\/v2\/posts\/9701\/revisions"}],"wp:featuredmedia":[{"embeddable":true,"href":"https:\/\/artejoven.org\/fr\/wp-json\/wp\/v2\/media\/9715"}],"wp:attachment":[{"href":"https:\/\/artejoven.org\/fr\/wp-json\/wp\/v2\/media?parent=9701"}],"wp:term":[{"taxonomy":"category","embeddable":true,"href":"https:\/\/artejoven.org\/fr\/wp-json\/wp\/v2\/categories?post=9701"},{"taxonomy":"post_tag","embeddable":true,"href":"https:\/\/artejoven.org\/fr\/wp-json\/wp\/v2\/tags?post=9701"}],"curies":[{"name":"wp","href":"https:\/\/api.w.org\/{rel}","templated":true}]}}