{"id":10159,"date":"2025-11-07T06:52:53","date_gmt":"2025-11-07T11:52:53","guid":{"rendered":"https:\/\/artejoven.org\/?p=10159"},"modified":"2025-11-12T17:47:55","modified_gmt":"2025-11-12T22:47:55","slug":"una-cava-per-il-futuro","status":"publish","type":"post","link":"https:\/\/artejoven.org\/it\/una-cantera-de-futuro\/","title":{"rendered":"Una cava di futuro: l'impulso del Fondo Artistico Giovanile all'Accademia Orchestrale dell'Avana"},"content":{"rendered":"<p>In un periodo segnato dall'emigrazione e dalla sfida di preservare l'eccellenza artistica a Cuba, il lavoro sostenuto della piattaforma culturale <strong>Fondo per l'arte giovanile (FAJ)<\/strong> ha contribuito all'emergere di un'alternativa valida per l'apprendimento condiviso: la <strong>Accademia Orchestrale <\/strong><strong>da <\/strong><strong>L'Avana<\/strong><strong>.<\/strong><\/p>\n\n\n\n<p>Come solido impegno per il futuro professionale della musica sinfonica cubana, nel 2023 \u00e8 stata creata l'Accademia Orchestrale.<strong>, <\/strong>Il progetto \u00e8 un'iniziativa dell'Orchestra del Liceo dell'Avana, con il finanziamento della FAJ, in collaborazione con importanti attori della scena sinfonica internazionale come l'Accademia Balthasar Neumann, il Gabinete de Patrimonio Musical Esteban Salas, la C\u00e1tedra de M\u00fasica Sacra del Centro Cultural Padre F\u00e9lix Varela e l'Instituto Cubano de la M\u00fasica.<strong><\/strong><\/p>\n\n\n\n<p>Oggi sta dando risultati notevoli <a>in l<\/a>a formazione di giovani musicisti d'orchestra, sotto la guida di maestri nazionali e internazionali. I suoi frutti si manifestano in giovani interpreti che ampliano la loro visione professionale, arricchiscono le performance collettive e contribuiscono a creare un ambiente musicale pi\u00f9 vario e resiliente, esplorando il significato di ogni opera attraverso una pratica esecutiva autentica e di reciproco sostegno sul palcoscenico, con un'elevata qualit\u00e0 artistica.<\/p>\n\n\n\n<div class=\"wp-block-jetpack-tiled-gallery aligncenter is-style-rectangular\"><div class=\"has-rounded-corners-15\"><div class=\"tiled-gallery__gallery\"><div class=\"tiled-gallery__row\"><div class=\"tiled-gallery__col\" style=\"flex-basis:24.98365%\"><figure class=\"tiled-gallery__item\"><a href=\"https:\/\/artejoven.org\/wp-content\/uploads\/2025\/11\/alemania.en_.cuba_20240415_p_3346848573620722937_1_3346848563579578693-819x1024.webp\"><img decoding=\"async\" srcset=\"https:\/\/i0.wp.com\/artejoven.org\/wp-content\/uploads\/2025\/11\/alemania.en_.cuba_20240415_p_3346848573620722937_1_3346848563579578693-819x1024.webp?strip=info&#038;w=600&#038;ssl=1 600w,https:\/\/i0.wp.com\/artejoven.org\/wp-content\/uploads\/2025\/11\/alemania.en_.cuba_20240415_p_3346848573620722937_1_3346848563579578693-819x1024.webp?strip=info&#038;w=900&#038;ssl=1 900w,https:\/\/i0.wp.com\/artejoven.org\/wp-content\/uploads\/2025\/11\/alemania.en_.cuba_20240415_p_3346848573620722937_1_3346848563579578693-819x1024.webp?strip=info&#038;w=1065&#038;ssl=1 1065w\" alt=\"\" data-height=\"1332\" data-id=\"10161\" data-link=\"https:\/\/artejoven.org\/?attachment_id=10161#main\" data-url=\"https:\/\/artejoven.org\/wp-content\/uploads\/2025\/11\/alemania.en_.cuba_20240415_p_3346848573620722937_1_3346848563579578693-819x1024.webp\" data-width=\"1065\" src=\"https:\/\/i0.wp.com\/artejoven.org\/wp-content\/uploads\/2025\/11\/alemania.en_.cuba_20240415_p_3346848573620722937_1_3346848563579578693-819x1024.webp?ssl=1\" data-amp-layout=\"responsive\"\/><\/a><\/figure><\/div><div class=\"tiled-gallery__col\" style=\"flex-basis:24.98365%\"><figure class=\"tiled-gallery__item\"><a href=\"https:\/\/artejoven.org\/wp-content\/uploads\/2025\/11\/alemania.en_.cuba_20240415_p_3346848573620722937_2_3346848563604700934-819x1024.webp\"><img decoding=\"async\" srcset=\"https:\/\/i0.wp.com\/artejoven.org\/wp-content\/uploads\/2025\/11\/alemania.en_.cuba_20240415_p_3346848573620722937_2_3346848563604700934-819x1024.webp?strip=info&#038;w=600&#038;ssl=1 600w,https:\/\/i0.wp.com\/artejoven.org\/wp-content\/uploads\/2025\/11\/alemania.en_.cuba_20240415_p_3346848573620722937_2_3346848563604700934-819x1024.webp?strip=info&#038;w=900&#038;ssl=1 900w,https:\/\/i0.wp.com\/artejoven.org\/wp-content\/uploads\/2025\/11\/alemania.en_.cuba_20240415_p_3346848573620722937_2_3346848563604700934-819x1024.webp?strip=info&#038;w=1065&#038;ssl=1 1065w\" alt=\"\" data-height=\"1332\" data-id=\"10165\" data-link=\"https:\/\/artejoven.org\/?attachment_id=10165#main\" data-url=\"https:\/\/artejoven.org\/wp-content\/uploads\/2025\/11\/alemania.en_.cuba_20240415_p_3346848573620722937_2_3346848563604700934-819x1024.webp\" data-width=\"1065\" src=\"https:\/\/i0.wp.com\/artejoven.org\/wp-content\/uploads\/2025\/11\/alemania.en_.cuba_20240415_p_3346848573620722937_2_3346848563604700934-819x1024.webp?ssl=1\" data-amp-layout=\"responsive\"\/><\/a><\/figure><\/div><div class=\"tiled-gallery__col\" style=\"flex-basis:25.02570%\"><figure class=\"tiled-gallery__item\"><a href=\"https:\/\/artejoven.org\/wp-content\/uploads\/2025\/11\/alemania.en_.cuba_20240415_p_3346848573620722937_3_3346848563554194728-820x1024.webp\"><img decoding=\"async\" srcset=\"https:\/\/i0.wp.com\/artejoven.org\/wp-content\/uploads\/2025\/11\/alemania.en_.cuba_20240415_p_3346848573620722937_3_3346848563554194728-820x1024.webp?strip=info&#038;w=600&#038;ssl=1 600w,https:\/\/i0.wp.com\/artejoven.org\/wp-content\/uploads\/2025\/11\/alemania.en_.cuba_20240415_p_3346848573620722937_3_3346848563554194728-820x1024.webp?strip=info&#038;w=900&#038;ssl=1 900w,https:\/\/i0.wp.com\/artejoven.org\/wp-content\/uploads\/2025\/11\/alemania.en_.cuba_20240415_p_3346848573620722937_3_3346848563554194728-820x1024.webp?strip=info&#038;w=1066&#038;ssl=1 1066w\" alt=\"\" data-height=\"1331\" data-id=\"10166\" data-link=\"https:\/\/artejoven.org\/?attachment_id=10166#main\" data-url=\"https:\/\/artejoven.org\/wp-content\/uploads\/2025\/11\/alemania.en_.cuba_20240415_p_3346848573620722937_3_3346848563554194728-820x1024.webp\" data-width=\"1066\" src=\"https:\/\/i0.wp.com\/artejoven.org\/wp-content\/uploads\/2025\/11\/alemania.en_.cuba_20240415_p_3346848573620722937_3_3346848563554194728-820x1024.webp?ssl=1\" data-amp-layout=\"responsive\"\/><\/a><\/figure><\/div><div class=\"tiled-gallery__col\" style=\"flex-basis:25.00700%\"><figure class=\"tiled-gallery__item\"><a href=\"https:\/\/artejoven.org\/wp-content\/uploads\/2025\/11\/alemania.en_.cuba_20240415_p_3346848573620722937_6_3346848563596267711-820x1024.webp\"><img decoding=\"async\" srcset=\"https:\/\/i0.wp.com\/artejoven.org\/wp-content\/uploads\/2025\/11\/alemania.en_.cuba_20240415_p_3346848573620722937_6_3346848563596267711-820x1024.webp?strip=info&#038;w=600&#038;ssl=1 600w,https:\/\/i0.wp.com\/artejoven.org\/wp-content\/uploads\/2025\/11\/alemania.en_.cuba_20240415_p_3346848573620722937_6_3346848563596267711-820x1024.webp?strip=info&#038;w=900&#038;ssl=1 900w,https:\/\/i0.wp.com\/artejoven.org\/wp-content\/uploads\/2025\/11\/alemania.en_.cuba_20240415_p_3346848573620722937_6_3346848563596267711-820x1024.webp?strip=info&#038;w=1066&#038;ssl=1 1066w\" alt=\"\" data-height=\"1332\" data-id=\"10167\" data-link=\"https:\/\/artejoven.org\/?attachment_id=10167#main\" data-url=\"https:\/\/artejoven.org\/wp-content\/uploads\/2025\/11\/alemania.en_.cuba_20240415_p_3346848573620722937_6_3346848563596267711-820x1024.webp\" data-width=\"1066\" src=\"https:\/\/i0.wp.com\/artejoven.org\/wp-content\/uploads\/2025\/11\/alemania.en_.cuba_20240415_p_3346848573620722937_6_3346848563596267711-820x1024.webp?ssl=1\" data-amp-layout=\"responsive\"\/><\/a><\/figure><\/div><\/div><div class=\"tiled-gallery__row\"><div class=\"tiled-gallery__col\" style=\"flex-basis:50.00000%\"><figure class=\"tiled-gallery__item\"><a href=\"https:\/\/artejoven.org\/wp-content\/uploads\/2025\/11\/alemania.en_.cuba_20240415_p_3346848573620722937_7_3346848563587848684-820x1024.webp\"><img decoding=\"async\" srcset=\"https:\/\/i0.wp.com\/artejoven.org\/wp-content\/uploads\/2025\/11\/alemania.en_.cuba_20240415_p_3346848573620722937_7_3346848563587848684-820x1024.webp?strip=info&#038;w=600&#038;ssl=1 600w,https:\/\/i0.wp.com\/artejoven.org\/wp-content\/uploads\/2025\/11\/alemania.en_.cuba_20240415_p_3346848573620722937_7_3346848563587848684-820x1024.webp?strip=info&#038;w=900&#038;ssl=1 900w,https:\/\/i0.wp.com\/artejoven.org\/wp-content\/uploads\/2025\/11\/alemania.en_.cuba_20240415_p_3346848573620722937_7_3346848563587848684-820x1024.webp?strip=info&#038;w=1066&#038;ssl=1 1066w\" alt=\"\" data-height=\"1332\" data-id=\"10168\" data-link=\"https:\/\/artejoven.org\/?attachment_id=10168#main\" data-url=\"https:\/\/artejoven.org\/wp-content\/uploads\/2025\/11\/alemania.en_.cuba_20240415_p_3346848573620722937_7_3346848563587848684-820x1024.webp\" data-width=\"1066\" src=\"https:\/\/i0.wp.com\/artejoven.org\/wp-content\/uploads\/2025\/11\/alemania.en_.cuba_20240415_p_3346848573620722937_7_3346848563587848684-820x1024.webp?ssl=1\" data-amp-layout=\"responsive\"\/><\/a><\/figure><\/div><div class=\"tiled-gallery__col\" style=\"flex-basis:50.00000%\"><figure class=\"tiled-gallery__item\"><a href=\"https:\/\/artejoven.org\/wp-content\/uploads\/2025\/11\/alemania.en_.cuba_20240415_p_3346848573620722937_9_3346848563914924203-820x1024.webp\"><img decoding=\"async\" srcset=\"https:\/\/i0.wp.com\/artejoven.org\/wp-content\/uploads\/2025\/11\/alemania.en_.cuba_20240415_p_3346848573620722937_9_3346848563914924203-820x1024.webp?strip=info&#038;w=600&#038;ssl=1 600w,https:\/\/i0.wp.com\/artejoven.org\/wp-content\/uploads\/2025\/11\/alemania.en_.cuba_20240415_p_3346848573620722937_9_3346848563914924203-820x1024.webp?strip=info&#038;w=900&#038;ssl=1 900w,https:\/\/i0.wp.com\/artejoven.org\/wp-content\/uploads\/2025\/11\/alemania.en_.cuba_20240415_p_3346848573620722937_9_3346848563914924203-820x1024.webp?strip=info&#038;w=1066&#038;ssl=1 1066w\" alt=\"\" data-height=\"1332\" data-id=\"10170\" data-link=\"https:\/\/artejoven.org\/?attachment_id=10170#main\" data-url=\"https:\/\/artejoven.org\/wp-content\/uploads\/2025\/11\/alemania.en_.cuba_20240415_p_3346848573620722937_9_3346848563914924203-820x1024.webp\" data-width=\"1066\" src=\"https:\/\/i0.wp.com\/artejoven.org\/wp-content\/uploads\/2025\/11\/alemania.en_.cuba_20240415_p_3346848573620722937_9_3346848563914924203-820x1024.webp?ssl=1\" data-amp-layout=\"responsive\"\/><\/a><\/figure><\/div><\/div><\/div><\/div><\/div>\n\n\n\n<p>L'accademia, concepita come cava per l'Orchestra del Liceo dell'Avana, permette agli studenti delle scuole superiori e delle universit\u00e0 di condividere il palco e il leggio con musicisti professionisti, secondo un modello pedagogico ereditato dalle grandi orchestre europee. Ecco come lo spiega Jos\u00e9 Antonio M\u00e9ndez Padr\u00f3n (Pepito), direttore dell'orchestra e leader del progetto:<\/p>\n\n\n\n<p>\u00abCi siamo ispirati al modello delle accademie orchestrali come quelle di Berlino o Parigi. L'idea \u00e8 che i giovani musicisti non solo si preparino tecnicamente, ma imparino direttamente come funziona un'orchestra professionale: il fraseggio, la respirazione, il ritmo delle prove\u00bb.\u00bb<\/p>\n\n\n\n<p>Il suo primo programma di studio, promosso dalla FAJ, ha favorito lo scambio sistematico con professori cubani e internazionali con una vasta esperienza nell'insegnamento e nell'esecuzione in ensemble orchestrali, con l'obiettivo di completare la formazione di dodici giovani suonatori di corde a pizzico, selezionati dopo un processo di audizione.<\/p>\n\n\n\n<p>Questo sostegno iniziale ha permesso all'Accademia di crescere quantitativamente - in numero di studenti e sezioni - e qualitativamente, con un notevole impatto sulla maturazione artistica e intellettuale dei suoi partecipanti.<\/p>\n\n\n\n<p>\u00abGrazie al Fondo per l'arte giovanile siamo in grado di avere l'accademia oggi. Il primo impulso \u00e8 sempre decisivo. Da allora siamo riusciti a fare un salto di qualit\u00e0, non solo nella tecnica, ma anche nella visione artistica\u00bb, ha detto M\u00e9ndez.<\/p>\n\n\n\n<div class=\"wp-block-jetpack-tiled-gallery aligncenter is-style-rectangular\"><div class=\"has-rounded-corners-15\"><div class=\"tiled-gallery__gallery\"><div class=\"tiled-gallery__row\"><div class=\"tiled-gallery__col\" style=\"flex-basis:66.79293%\"><figure class=\"tiled-gallery__item\"><a href=\"https:\/\/artejoven.org\/wp-content\/uploads\/2025\/11\/academiaorquestal_habana_20240410_p_3343335910434211943_5_3343335901819276655-1024x768.webp\"><img decoding=\"async\" srcset=\"https:\/\/i0.wp.com\/artejoven.org\/wp-content\/uploads\/2025\/11\/academiaorquestal_habana_20240410_p_3343335910434211943_5_3343335901819276655-1024x768.webp?strip=info&#038;w=600&#038;ssl=1 600w,https:\/\/i0.wp.com\/artejoven.org\/wp-content\/uploads\/2025\/11\/academiaorquestal_habana_20240410_p_3343335910434211943_5_3343335901819276655-1024x768.webp?strip=info&#038;w=900&#038;ssl=1 900w,https:\/\/i0.wp.com\/artejoven.org\/wp-content\/uploads\/2025\/11\/academiaorquestal_habana_20240410_p_3343335910434211943_5_3343335901819276655-1024x768.webp?strip=info&#038;w=1080&#038;ssl=1 1080w\" alt=\"\" data-height=\"810\" data-id=\"10172\" data-link=\"https:\/\/artejoven.org\/?attachment_id=10172#main\" data-url=\"https:\/\/artejoven.org\/wp-content\/uploads\/2025\/11\/academiaorquestal_habana_20240410_p_3343335910434211943_5_3343335901819276655-1024x768.webp\" data-width=\"1080\" src=\"https:\/\/i0.wp.com\/artejoven.org\/wp-content\/uploads\/2025\/11\/academiaorquestal_habana_20240410_p_3343335910434211943_5_3343335901819276655-1024x768.webp?ssl=1\" data-amp-layout=\"responsive\"\/><\/a><\/figure><\/div><div class=\"tiled-gallery__col\" style=\"flex-basis:33.20707%\"><figure class=\"tiled-gallery__item\"><a href=\"https:\/\/artejoven.org\/wp-content\/uploads\/2025\/11\/orquestalyceum_habana_20240918_p_3459920680038740731_1_3459920672078122548-1024x768.webp\"><img decoding=\"async\" srcset=\"https:\/\/i0.wp.com\/artejoven.org\/wp-content\/uploads\/2025\/11\/orquestalyceum_habana_20240918_p_3459920680038740731_1_3459920672078122548-1024x768.webp?strip=info&#038;w=600&#038;ssl=1 600w,https:\/\/i0.wp.com\/artejoven.org\/wp-content\/uploads\/2025\/11\/orquestalyceum_habana_20240918_p_3459920680038740731_1_3459920672078122548-1024x768.webp?strip=info&#038;w=900&#038;ssl=1 900w,https:\/\/i0.wp.com\/artejoven.org\/wp-content\/uploads\/2025\/11\/orquestalyceum_habana_20240918_p_3459920680038740731_1_3459920672078122548-1024x768.webp?strip=info&#038;w=1080&#038;ssl=1 1080w\" alt=\"\" data-height=\"810\" data-id=\"10173\" data-link=\"https:\/\/artejoven.org\/?attachment_id=10173#main\" data-url=\"https:\/\/artejoven.org\/wp-content\/uploads\/2025\/11\/orquestalyceum_habana_20240918_p_3459920680038740731_1_3459920672078122548-1024x768.webp\" data-width=\"1080\" src=\"https:\/\/i0.wp.com\/artejoven.org\/wp-content\/uploads\/2025\/11\/orquestalyceum_habana_20240918_p_3459920680038740731_1_3459920672078122548-1024x768.webp?ssl=1\" data-amp-layout=\"responsive\"\/><\/a><\/figure><figure class=\"tiled-gallery__item\"><a href=\"https:\/\/artejoven.org\/wp-content\/uploads\/2025\/11\/orquestalyceum_habana_20240918_p_3459920680038740731_2_3459920671859831664-1024x768.webp\"><img decoding=\"async\" srcset=\"https:\/\/i0.wp.com\/artejoven.org\/wp-content\/uploads\/2025\/11\/orquestalyceum_habana_20240918_p_3459920680038740731_2_3459920671859831664-1024x768.webp?strip=info&#038;w=600&#038;ssl=1 600w,https:\/\/i0.wp.com\/artejoven.org\/wp-content\/uploads\/2025\/11\/orquestalyceum_habana_20240918_p_3459920680038740731_2_3459920671859831664-1024x768.webp?strip=info&#038;w=900&#038;ssl=1 900w,https:\/\/i0.wp.com\/artejoven.org\/wp-content\/uploads\/2025\/11\/orquestalyceum_habana_20240918_p_3459920680038740731_2_3459920671859831664-1024x768.webp?strip=info&#038;w=1080&#038;ssl=1 1080w\" alt=\"\" data-height=\"810\" data-id=\"10174\" data-link=\"https:\/\/artejoven.org\/?attachment_id=10174#main\" data-url=\"https:\/\/artejoven.org\/wp-content\/uploads\/2025\/11\/orquestalyceum_habana_20240918_p_3459920680038740731_2_3459920671859831664-1024x768.webp\" data-width=\"1080\" src=\"https:\/\/i0.wp.com\/artejoven.org\/wp-content\/uploads\/2025\/11\/orquestalyceum_habana_20240918_p_3459920680038740731_2_3459920671859831664-1024x768.webp?ssl=1\" data-amp-layout=\"responsive\"\/><\/a><\/figure><\/div><\/div><div class=\"tiled-gallery__row\"><div class=\"tiled-gallery__col\" style=\"flex-basis:28.54720%\"><figure class=\"tiled-gallery__item\"><a href=\"https:\/\/artejoven.org\/wp-content\/uploads\/2025\/11\/orquestalyceum_habana_20240918_p_3459920680038740731_3_3459920671859941877-1024x768.webp\"><img decoding=\"async\" srcset=\"https:\/\/i0.wp.com\/artejoven.org\/wp-content\/uploads\/2025\/11\/orquestalyceum_habana_20240918_p_3459920680038740731_3_3459920671859941877-1024x768.webp?strip=info&#038;w=600&#038;ssl=1 600w,https:\/\/i0.wp.com\/artejoven.org\/wp-content\/uploads\/2025\/11\/orquestalyceum_habana_20240918_p_3459920680038740731_3_3459920671859941877-1024x768.webp?strip=info&#038;w=900&#038;ssl=1 900w,https:\/\/i0.wp.com\/artejoven.org\/wp-content\/uploads\/2025\/11\/orquestalyceum_habana_20240918_p_3459920680038740731_3_3459920671859941877-1024x768.webp?strip=info&#038;w=1080&#038;ssl=1 1080w\" alt=\"\" data-height=\"810\" data-id=\"10175\" data-link=\"https:\/\/artejoven.org\/?attachment_id=10175#main\" data-url=\"https:\/\/artejoven.org\/wp-content\/uploads\/2025\/11\/orquestalyceum_habana_20240918_p_3459920680038740731_3_3459920671859941877-1024x768.webp\" data-width=\"1080\" src=\"https:\/\/i0.wp.com\/artejoven.org\/wp-content\/uploads\/2025\/11\/orquestalyceum_habana_20240918_p_3459920680038740731_3_3459920671859941877-1024x768.webp?ssl=1\" data-amp-layout=\"responsive\"\/><\/a><\/figure><\/div><div class=\"tiled-gallery__col\" style=\"flex-basis:28.54720%\"><figure class=\"tiled-gallery__item\"><a href=\"https:\/\/artejoven.org\/wp-content\/uploads\/2025\/11\/orquestalyceum_habana_20240918_p_3459920680038740731_4_3459920671977461253-1024x768.webp\"><img decoding=\"async\" srcset=\"https:\/\/i0.wp.com\/artejoven.org\/wp-content\/uploads\/2025\/11\/orquestalyceum_habana_20240918_p_3459920680038740731_4_3459920671977461253-1024x768.webp?strip=info&#038;w=600&#038;ssl=1 600w,https:\/\/i0.wp.com\/artejoven.org\/wp-content\/uploads\/2025\/11\/orquestalyceum_habana_20240918_p_3459920680038740731_4_3459920671977461253-1024x768.webp?strip=info&#038;w=900&#038;ssl=1 900w,https:\/\/i0.wp.com\/artejoven.org\/wp-content\/uploads\/2025\/11\/orquestalyceum_habana_20240918_p_3459920680038740731_4_3459920671977461253-1024x768.webp?strip=info&#038;w=1080&#038;ssl=1 1080w\" alt=\"\" data-height=\"810\" data-id=\"10176\" data-link=\"https:\/\/artejoven.org\/?attachment_id=10176#main\" data-url=\"https:\/\/artejoven.org\/wp-content\/uploads\/2025\/11\/orquestalyceum_habana_20240918_p_3459920680038740731_4_3459920671977461253-1024x768.webp\" data-width=\"1080\" src=\"https:\/\/i0.wp.com\/artejoven.org\/wp-content\/uploads\/2025\/11\/orquestalyceum_habana_20240918_p_3459920680038740731_4_3459920671977461253-1024x768.webp?ssl=1\" data-amp-layout=\"responsive\"\/><\/a><\/figure><\/div><div class=\"tiled-gallery__col\" style=\"flex-basis:21.45280%\"><figure class=\"tiled-gallery__item\"><a href=\"https:\/\/artejoven.org\/wp-content\/uploads\/2025\/11\/lyceum_mozartiano_habana_20240514_p_3367882949776284692_1_3367882939877556556-1024x1024.webp\"><img decoding=\"async\" srcset=\"https:\/\/i0.wp.com\/artejoven.org\/wp-content\/uploads\/2025\/11\/lyceum_mozartiano_habana_20240514_p_3367882949776284692_1_3367882939877556556-1024x1024.webp?strip=info&#038;w=600&#038;ssl=1 600w,https:\/\/i0.wp.com\/artejoven.org\/wp-content\/uploads\/2025\/11\/lyceum_mozartiano_habana_20240514_p_3367882949776284692_1_3367882939877556556-1024x1024.webp?strip=info&#038;w=900&#038;ssl=1 900w,https:\/\/i0.wp.com\/artejoven.org\/wp-content\/uploads\/2025\/11\/lyceum_mozartiano_habana_20240514_p_3367882949776284692_1_3367882939877556556-1024x1024.webp?strip=info&#038;w=1080&#038;ssl=1 1080w\" alt=\"\" data-height=\"1080\" data-id=\"10177\" data-link=\"https:\/\/artejoven.org\/?attachment_id=10177#main\" data-url=\"https:\/\/artejoven.org\/wp-content\/uploads\/2025\/11\/lyceum_mozartiano_habana_20240514_p_3367882949776284692_1_3367882939877556556-1024x1024.webp\" data-width=\"1080\" src=\"https:\/\/i0.wp.com\/artejoven.org\/wp-content\/uploads\/2025\/11\/lyceum_mozartiano_habana_20240514_p_3367882949776284692_1_3367882939877556556-1024x1024.webp?ssl=1\" data-amp-layout=\"responsive\"\/><\/a><\/figure><\/div><div class=\"tiled-gallery__col\" style=\"flex-basis:21.45280%\"><figure class=\"tiled-gallery__item\"><a href=\"https:\/\/artejoven.org\/wp-content\/uploads\/2025\/11\/lyceum_mozartiano_habana_20240514_p_3367882949776284692_3_3367882939869408189-1024x1024.webp\"><img decoding=\"async\" srcset=\"https:\/\/i0.wp.com\/artejoven.org\/wp-content\/uploads\/2025\/11\/lyceum_mozartiano_habana_20240514_p_3367882949776284692_3_3367882939869408189-1024x1024.webp?strip=info&#038;w=600&#038;ssl=1 600w,https:\/\/i0.wp.com\/artejoven.org\/wp-content\/uploads\/2025\/11\/lyceum_mozartiano_habana_20240514_p_3367882949776284692_3_3367882939869408189-1024x1024.webp?strip=info&#038;w=900&#038;ssl=1 900w,https:\/\/i0.wp.com\/artejoven.org\/wp-content\/uploads\/2025\/11\/lyceum_mozartiano_habana_20240514_p_3367882949776284692_3_3367882939869408189-1024x1024.webp?strip=info&#038;w=1080&#038;ssl=1 1080w\" alt=\"\" data-height=\"1080\" data-id=\"10179\" data-link=\"https:\/\/artejoven.org\/?attachment_id=10179#main\" data-url=\"https:\/\/artejoven.org\/wp-content\/uploads\/2025\/11\/lyceum_mozartiano_habana_20240514_p_3367882949776284692_3_3367882939869408189-1024x1024.webp\" data-width=\"1080\" src=\"https:\/\/i0.wp.com\/artejoven.org\/wp-content\/uploads\/2025\/11\/lyceum_mozartiano_habana_20240514_p_3367882949776284692_3_3367882939869408189-1024x1024.webp?ssl=1\" data-amp-layout=\"responsive\"\/><\/a><\/figure><\/div><\/div><\/div><\/div><\/div>\n\n\n\n<p><strong>UNA SCUOLA PARALLELA<\/strong><\/p>\n\n\n\n<p>L'Accademia non sostituisce la formazione regolare del sistema nazionale di istruzione artistica, ma la integra con una vera e propria pratica orchestrale, lezioni individuali e tutoraggio individuale. Questa combinazione \u00e8 stata fondamentale per musicisti come Kevin Bouza, 23 anni, studente di corno francese presso l'Universit\u00e0 delle Arti di Cuba (ISA).<strong>.<\/strong><\/p>\n\n\n\n<p>\u00abL'accademia \u00e8 un passo importante nella mia carriera. Ci preparano alla vita professionale e impariamo a lavorare insieme, non solo nella tecnica, ma anche nell'etica e nel cameratismo\u00bb.\u00bb<\/p>\n\n\n\n<p>Per Ana Gabriela Le\u00f3n, 19 anni, diplomata in viola alla Escuela Nacional de Arte (ENA), la sfida \u00e8 stata duplice: combinare gli studi con le esigenze professionali dell'orchestra. Tuttavia, riconosce la crescita che ha sperimentato.<\/p>\n\n\n\n<p>\u00abMi ha insegnato a gestire i nervi, a essere sempre pronta. Sento che ora ho gli strumenti per affrontare audizioni, corsi di perfezionamento e nuove opportunit\u00e0 con maggiore sicurezza\u00bb, ha detto.<\/p>\n\n\n\n<div class=\"wp-block-jetpack-tiled-gallery aligncenter is-style-rectangular\"><div class=\"has-rounded-corners-15\"><div class=\"tiled-gallery__gallery\"><div class=\"tiled-gallery__row\"><div class=\"tiled-gallery__col\" style=\"flex-basis:29.24057%\"><figure class=\"tiled-gallery__item\"><a href=\"https:\/\/artejoven.org\/wp-content\/uploads\/2025\/11\/01-Academia-Orquestal-de-La-Habana-1024x865.webp\"><img decoding=\"async\" srcset=\"https:\/\/i0.wp.com\/artejoven.org\/wp-content\/uploads\/2025\/11\/01-Academia-Orquestal-de-La-Habana-1024x865.webp?strip=info&#038;w=600&#038;ssl=1 600w,https:\/\/i0.wp.com\/artejoven.org\/wp-content\/uploads\/2025\/11\/01-Academia-Orquestal-de-La-Habana-1024x865.webp?strip=info&#038;w=900&#038;ssl=1 900w,https:\/\/i0.wp.com\/artejoven.org\/wp-content\/uploads\/2025\/11\/01-Academia-Orquestal-de-La-Habana-1024x865.webp?strip=info&#038;w=1080&#038;ssl=1 1080w\" alt=\"\" data-height=\"912\" data-id=\"10182\" data-link=\"https:\/\/artejoven.org\/?attachment_id=10182#main\" data-url=\"https:\/\/artejoven.org\/wp-content\/uploads\/2025\/11\/01-Academia-Orquestal-de-La-Habana-1024x865.webp\" data-width=\"1080\" src=\"https:\/\/i0.wp.com\/artejoven.org\/wp-content\/uploads\/2025\/11\/01-Academia-Orquestal-de-La-Habana-1024x865.webp?ssl=1\" data-amp-layout=\"responsive\"\/><\/a><\/figure><\/div><div class=\"tiled-gallery__col\" style=\"flex-basis:19.80133%\"><figure class=\"tiled-gallery__item\"><a href=\"https:\/\/artejoven.org\/wp-content\/uploads\/2025\/11\/Ana-Gabriela-Viola-819x1024.webp\"><img decoding=\"async\" srcset=\"https:\/\/i0.wp.com\/artejoven.org\/wp-content\/uploads\/2025\/11\/Ana-Gabriela-Viola-819x1024.webp?strip=info&#038;w=600&#038;ssl=1 600w,https:\/\/i0.wp.com\/artejoven.org\/wp-content\/uploads\/2025\/11\/Ana-Gabriela-Viola-819x1024.webp?strip=info&#038;w=900&#038;ssl=1 900w,https:\/\/i0.wp.com\/artejoven.org\/wp-content\/uploads\/2025\/11\/Ana-Gabriela-Viola-819x1024.webp?strip=info&#038;w=1080&#038;ssl=1 1080w\" alt=\"\" data-height=\"1350\" data-id=\"10183\" data-link=\"https:\/\/artejoven.org\/?attachment_id=10183#main\" data-url=\"https:\/\/artejoven.org\/wp-content\/uploads\/2025\/11\/Ana-Gabriela-Viola-819x1024.webp\" data-width=\"1080\" src=\"https:\/\/i0.wp.com\/artejoven.org\/wp-content\/uploads\/2025\/11\/Ana-Gabriela-Viola-819x1024.webp?ssl=1\" data-amp-layout=\"responsive\"\/><\/a><\/figure><\/div><div class=\"tiled-gallery__col\" style=\"flex-basis:24.71491%\"><figure class=\"tiled-gallery__item\"><a href=\"https:\/\/artejoven.org\/wp-content\/uploads\/2025\/11\/Kevyn-Bouza-corno-2-1024x1024.webp\"><img decoding=\"async\" srcset=\"https:\/\/i0.wp.com\/artejoven.org\/wp-content\/uploads\/2025\/11\/Kevyn-Bouza-corno-2-1024x1024.webp?strip=info&#038;w=600&#038;ssl=1 600w,https:\/\/i0.wp.com\/artejoven.org\/wp-content\/uploads\/2025\/11\/Kevyn-Bouza-corno-2-1024x1024.webp?strip=info&#038;w=900&#038;ssl=1 900w,https:\/\/i0.wp.com\/artejoven.org\/wp-content\/uploads\/2025\/11\/Kevyn-Bouza-corno-2-1024x1024.webp?strip=info&#038;w=1080&#038;ssl=1 1080w\" alt=\"\" data-height=\"1080\" data-id=\"10185\" data-link=\"https:\/\/artejoven.org\/?attachment_id=10185#main\" data-url=\"https:\/\/artejoven.org\/wp-content\/uploads\/2025\/11\/Kevyn-Bouza-corno-2-1024x1024.webp\" data-width=\"1080\" src=\"https:\/\/i0.wp.com\/artejoven.org\/wp-content\/uploads\/2025\/11\/Kevyn-Bouza-corno-2-1024x1024.webp?ssl=1\" data-amp-layout=\"responsive\"\/><\/a><\/figure><\/div><div class=\"tiled-gallery__col\" style=\"flex-basis:26.24319%\"><figure class=\"tiled-gallery__item\"><a href=\"https:\/\/artejoven.org\/wp-content\/uploads\/2025\/11\/02-Academia-Orquestal-de-La-Habana.webp\"><img decoding=\"async\" srcset=\"https:\/\/i0.wp.com\/artejoven.org\/wp-content\/uploads\/2025\/11\/02-Academia-Orquestal-de-La-Habana.webp?strip=info&#038;w=600&#038;ssl=1 600w,https:\/\/i0.wp.com\/artejoven.org\/wp-content\/uploads\/2025\/11\/02-Academia-Orquestal-de-La-Habana.webp?strip=info&#038;w=900&#038;ssl=1 900w,https:\/\/i0.wp.com\/artejoven.org\/wp-content\/uploads\/2025\/11\/02-Academia-Orquestal-de-La-Habana.webp?strip=info&#038;w=905&#038;ssl=1 905w\" alt=\"\" data-height=\"852\" data-id=\"10186\" data-link=\"https:\/\/artejoven.org\/?attachment_id=10186#main\" data-url=\"https:\/\/artejoven.org\/wp-content\/uploads\/2025\/11\/02-Academia-Orquestal-de-La-Habana.webp\" data-width=\"905\" src=\"https:\/\/i0.wp.com\/artejoven.org\/wp-content\/uploads\/2025\/11\/02-Academia-Orquestal-de-La-Habana.webp?ssl=1\" data-amp-layout=\"responsive\"\/><\/a><\/figure><\/div><\/div><\/div><\/div><\/div>\n\n\n\n<p><strong>UN MODELLO ISTITUZIONALE<\/strong><\/p>\n\n\n\n<p>Per quanto riguarda le particolarit\u00e0 della gestione, dell'accesso alle risorse e del networking, la coordinatrice dell'Accademia e manager dell'Orchestra, Gabriela Rojas, sottolinea il ruolo fondamentale della FAJ non solo nella creazione dell'Accademia, ma anche attraverso la partecipazione a collaborazioni speciali, come il concerto con l'eccezionale pianista Marcos Madrigal.<strong>, <\/strong>che \u00e8 anche il direttore musicale della piattaforma.<\/p>\n\n\n\n<p>\u201cLa FAJ \u00e8 stata fondamentale nella promozione e nel coordinamento con i media. Venivamo da una messa in scena molto intensa con <em>Actea<\/em> e il loro sostegno \u00e8 stato fondamentale per far fluire il tutto e avere il pienone\u00bb.\u00bb<\/p>\n\n\n\n<p>Il concerto non \u00e8 stato solo un omaggio a Madrigal, insignito del titolo di Chevalier des Arts et des Lettres de France, ma anche una cartina di tornasole per gli accademici, che sono stati integrati nell'orchestra in un formato binomio, accanto a musicisti esperti.<\/p>\n\n\n\n<figure class=\"wp-block-embed is-type-video is-provider-youtube wp-block-embed-youtube wp-embed-aspect-16-9 wp-has-aspect-ratio\"><div class=\"wp-block-embed__wrapper\">\n<iframe title=\"Concerto Marcos Madrigal e l&#039;Orchestra del Liceo dell&#039;Avana - FAJ\" width=\"720\" height=\"405\" src=\"https:\/\/www.youtube.com\/embed\/5OTWaIMe42w?feature=oembed\" frameborder=\"0\" allow=\"accelerometer; autoplay; clipboard-write; encrypted-media; gyroscope; picture-in-picture; web-share\" referrerpolicy=\"strict-origin-when-cross-origin\" allowfullscreen><\/iframe>\n<\/div><\/figure>\n\n\n\n<p>\u00abIl lavoro in coppia \u00e8 essenziale\u00bb, dice Rojas. \u00abGli studenti imparano come suonare in sezione, come leggere il direttore d'orchestra, come essere attenti al solista. Sono abilit\u00e0 che non si acquisiscono solo in classe\u00bb.<\/p>\n\n\n\n<p><strong>Elias Ferrer<\/strong>, Il 18enne percussionista, diplomato alla scuola secondaria ENA, lo riassume in modo chiaro:<\/p>\n\n\n\n<p>\u00ab\u00c8 stata un'esplosione di emozioni partecipare a quel concerto. Sei al fianco di musicisti incredibili, accompagnare uno come Marcos Madrigal... \u00e8 qualcosa che ti segna\u00bb.\u00bb<\/p>\n\n\n\n<div class=\"wp-block-jetpack-tiled-gallery aligncenter is-style-rectangular\"><div class=\"has-rounded-corners-15\"><div class=\"tiled-gallery__gallery\"><div class=\"tiled-gallery__row\"><div class=\"tiled-gallery__col\" style=\"flex-basis:66.80846%\"><figure class=\"tiled-gallery__item\"><a href=\"https:\/\/artejoven.org\/wp-content\/uploads\/2025\/11\/Conc_Marcos_Madrigal_CG-8-1024x684.webp\"><img decoding=\"async\" srcset=\"https:\/\/i0.wp.com\/artejoven.org\/wp-content\/uploads\/2025\/11\/Conc_Marcos_Madrigal_CG-8-1024x684.webp?strip=info&#038;w=600&#038;ssl=1 600w,https:\/\/i0.wp.com\/artejoven.org\/wp-content\/uploads\/2025\/11\/Conc_Marcos_Madrigal_CG-8-1024x684.webp?strip=info&#038;w=900&#038;ssl=1 900w,https:\/\/i0.wp.com\/artejoven.org\/wp-content\/uploads\/2025\/11\/Conc_Marcos_Madrigal_CG-8-1024x684.webp?strip=info&#038;w=1200&#038;ssl=1 1200w,https:\/\/i0.wp.com\/artejoven.org\/wp-content\/uploads\/2025\/11\/Conc_Marcos_Madrigal_CG-8-1024x684.webp?strip=info&#038;w=1500&#038;ssl=1 1500w,https:\/\/i0.wp.com\/artejoven.org\/wp-content\/uploads\/2025\/11\/Conc_Marcos_Madrigal_CG-8-1024x684.webp?strip=info&#038;w=1800&#038;ssl=1 1800w,https:\/\/i0.wp.com\/artejoven.org\/wp-content\/uploads\/2025\/11\/Conc_Marcos_Madrigal_CG-8-1024x684.webp?strip=info&#038;w=2000&#038;ssl=1 2000w\" alt=\"\" data-height=\"1500\" data-id=\"10194\" data-link=\"https:\/\/artejoven.org\/?attachment_id=10194#main\" data-url=\"https:\/\/artejoven.org\/wp-content\/uploads\/2025\/11\/Conc_Marcos_Madrigal_CG-8-1024x684.webp\" data-width=\"2246\" src=\"https:\/\/i0.wp.com\/artejoven.org\/wp-content\/uploads\/2025\/11\/Conc_Marcos_Madrigal_CG-8-1024x684.webp?ssl=1\" data-amp-layout=\"responsive\"\/><\/a><\/figure><\/div><div class=\"tiled-gallery__col\" style=\"flex-basis:33.19154%\"><figure class=\"tiled-gallery__item\"><a href=\"https:\/\/artejoven.org\/wp-content\/uploads\/2025\/11\/Conc_Marcos_Madrigal_CG-9-1024x684.webp\"><img decoding=\"async\" srcset=\"https:\/\/i0.wp.com\/artejoven.org\/wp-content\/uploads\/2025\/11\/Conc_Marcos_Madrigal_CG-9-1024x684.webp?strip=info&#038;w=600&#038;ssl=1 600w,https:\/\/i0.wp.com\/artejoven.org\/wp-content\/uploads\/2025\/11\/Conc_Marcos_Madrigal_CG-9-1024x684.webp?strip=info&#038;w=900&#038;ssl=1 900w,https:\/\/i0.wp.com\/artejoven.org\/wp-content\/uploads\/2025\/11\/Conc_Marcos_Madrigal_CG-9-1024x684.webp?strip=info&#038;w=1200&#038;ssl=1 1200w,https:\/\/i0.wp.com\/artejoven.org\/wp-content\/uploads\/2025\/11\/Conc_Marcos_Madrigal_CG-9-1024x684.webp?strip=info&#038;w=1500&#038;ssl=1 1500w,https:\/\/i0.wp.com\/artejoven.org\/wp-content\/uploads\/2025\/11\/Conc_Marcos_Madrigal_CG-9-1024x684.webp?strip=info&#038;w=1800&#038;ssl=1 1800w,https:\/\/i0.wp.com\/artejoven.org\/wp-content\/uploads\/2025\/11\/Conc_Marcos_Madrigal_CG-9-1024x684.webp?strip=info&#038;w=2000&#038;ssl=1 2000w\" alt=\"\" data-height=\"1500\" data-id=\"10193\" data-link=\"https:\/\/artejoven.org\/?attachment_id=10193#main\" data-url=\"https:\/\/artejoven.org\/wp-content\/uploads\/2025\/11\/Conc_Marcos_Madrigal_CG-9-1024x684.webp\" data-width=\"2246\" src=\"https:\/\/i0.wp.com\/artejoven.org\/wp-content\/uploads\/2025\/11\/Conc_Marcos_Madrigal_CG-9-1024x684.webp?ssl=1\" data-amp-layout=\"responsive\"\/><\/a><\/figure><figure class=\"tiled-gallery__item\"><a href=\"https:\/\/artejoven.org\/wp-content\/uploads\/2025\/11\/Conc_Marcos_Madrigal_CG-3-1024x684.webp\"><img decoding=\"async\" srcset=\"https:\/\/i0.wp.com\/artejoven.org\/wp-content\/uploads\/2025\/11\/Conc_Marcos_Madrigal_CG-3-1024x684.webp?strip=info&#038;w=600&#038;ssl=1 600w,https:\/\/i0.wp.com\/artejoven.org\/wp-content\/uploads\/2025\/11\/Conc_Marcos_Madrigal_CG-3-1024x684.webp?strip=info&#038;w=900&#038;ssl=1 900w,https:\/\/i0.wp.com\/artejoven.org\/wp-content\/uploads\/2025\/11\/Conc_Marcos_Madrigal_CG-3-1024x684.webp?strip=info&#038;w=1200&#038;ssl=1 1200w,https:\/\/i0.wp.com\/artejoven.org\/wp-content\/uploads\/2025\/11\/Conc_Marcos_Madrigal_CG-3-1024x684.webp?strip=info&#038;w=1500&#038;ssl=1 1500w,https:\/\/i0.wp.com\/artejoven.org\/wp-content\/uploads\/2025\/11\/Conc_Marcos_Madrigal_CG-3-1024x684.webp?strip=info&#038;w=1800&#038;ssl=1 1800w,https:\/\/i0.wp.com\/artejoven.org\/wp-content\/uploads\/2025\/11\/Conc_Marcos_Madrigal_CG-3-1024x684.webp?strip=info&#038;w=2000&#038;ssl=1 2000w\" alt=\"\" data-height=\"1500\" data-id=\"10191\" data-link=\"https:\/\/artejoven.org\/?attachment_id=10191#main\" data-url=\"https:\/\/artejoven.org\/wp-content\/uploads\/2025\/11\/Conc_Marcos_Madrigal_CG-3-1024x684.webp\" data-width=\"2246\" src=\"https:\/\/i0.wp.com\/artejoven.org\/wp-content\/uploads\/2025\/11\/Conc_Marcos_Madrigal_CG-3-1024x684.webp?ssl=1\" data-amp-layout=\"responsive\"\/><\/a><\/figure><\/div><\/div><div class=\"tiled-gallery__row\"><div class=\"tiled-gallery__col\" style=\"flex-basis:33.33333%\"><figure class=\"tiled-gallery__item\"><a href=\"https:\/\/artejoven.org\/wp-content\/uploads\/2025\/11\/Conc_Marcos_Madrigal_CG-4-1024x684.webp\"><img decoding=\"async\" srcset=\"https:\/\/i0.wp.com\/artejoven.org\/wp-content\/uploads\/2025\/11\/Conc_Marcos_Madrigal_CG-4-1024x684.webp?strip=info&#038;w=600&#038;ssl=1 600w,https:\/\/i0.wp.com\/artejoven.org\/wp-content\/uploads\/2025\/11\/Conc_Marcos_Madrigal_CG-4-1024x684.webp?strip=info&#038;w=900&#038;ssl=1 900w,https:\/\/i0.wp.com\/artejoven.org\/wp-content\/uploads\/2025\/11\/Conc_Marcos_Madrigal_CG-4-1024x684.webp?strip=info&#038;w=1200&#038;ssl=1 1200w,https:\/\/i0.wp.com\/artejoven.org\/wp-content\/uploads\/2025\/11\/Conc_Marcos_Madrigal_CG-4-1024x684.webp?strip=info&#038;w=1500&#038;ssl=1 1500w,https:\/\/i0.wp.com\/artejoven.org\/wp-content\/uploads\/2025\/11\/Conc_Marcos_Madrigal_CG-4-1024x684.webp?strip=info&#038;w=1800&#038;ssl=1 1800w,https:\/\/i0.wp.com\/artejoven.org\/wp-content\/uploads\/2025\/11\/Conc_Marcos_Madrigal_CG-4-1024x684.webp?strip=info&#038;w=2000&#038;ssl=1 2000w\" alt=\"\" data-height=\"1500\" data-id=\"10190\" data-link=\"https:\/\/artejoven.org\/?attachment_id=10190#main\" data-url=\"https:\/\/artejoven.org\/wp-content\/uploads\/2025\/11\/Conc_Marcos_Madrigal_CG-4-1024x684.webp\" data-width=\"2246\" src=\"https:\/\/i0.wp.com\/artejoven.org\/wp-content\/uploads\/2025\/11\/Conc_Marcos_Madrigal_CG-4-1024x684.webp?ssl=1\" data-amp-layout=\"responsive\"\/><\/a><\/figure><\/div><div class=\"tiled-gallery__col\" style=\"flex-basis:33.33333%\"><figure class=\"tiled-gallery__item\"><a href=\"https:\/\/artejoven.org\/wp-content\/uploads\/2025\/11\/Conc_Marcos_Madrigal_CG-7-1024x684.webp\"><img decoding=\"async\" srcset=\"https:\/\/i0.wp.com\/artejoven.org\/wp-content\/uploads\/2025\/11\/Conc_Marcos_Madrigal_CG-7-1024x684.webp?strip=info&#038;w=600&#038;ssl=1 600w,https:\/\/i0.wp.com\/artejoven.org\/wp-content\/uploads\/2025\/11\/Conc_Marcos_Madrigal_CG-7-1024x684.webp?strip=info&#038;w=900&#038;ssl=1 900w,https:\/\/i0.wp.com\/artejoven.org\/wp-content\/uploads\/2025\/11\/Conc_Marcos_Madrigal_CG-7-1024x684.webp?strip=info&#038;w=1200&#038;ssl=1 1200w,https:\/\/i0.wp.com\/artejoven.org\/wp-content\/uploads\/2025\/11\/Conc_Marcos_Madrigal_CG-7-1024x684.webp?strip=info&#038;w=1500&#038;ssl=1 1500w,https:\/\/i0.wp.com\/artejoven.org\/wp-content\/uploads\/2025\/11\/Conc_Marcos_Madrigal_CG-7-1024x684.webp?strip=info&#038;w=1800&#038;ssl=1 1800w,https:\/\/i0.wp.com\/artejoven.org\/wp-content\/uploads\/2025\/11\/Conc_Marcos_Madrigal_CG-7-1024x684.webp?strip=info&#038;w=2000&#038;ssl=1 2000w\" alt=\"\" data-height=\"1500\" data-id=\"10189\" data-link=\"https:\/\/artejoven.org\/?attachment_id=10189#main\" data-url=\"https:\/\/artejoven.org\/wp-content\/uploads\/2025\/11\/Conc_Marcos_Madrigal_CG-7-1024x684.webp\" data-width=\"2246\" src=\"https:\/\/i0.wp.com\/artejoven.org\/wp-content\/uploads\/2025\/11\/Conc_Marcos_Madrigal_CG-7-1024x684.webp?ssl=1\" data-amp-layout=\"responsive\"\/><\/a><\/figure><\/div><div class=\"tiled-gallery__col\" style=\"flex-basis:33.33333%\"><figure class=\"tiled-gallery__item\"><a href=\"https:\/\/artejoven.org\/wp-content\/uploads\/2025\/11\/Conc_Marcos_Madrigal_CG-1024x684.webp\"><img decoding=\"async\" srcset=\"https:\/\/i0.wp.com\/artejoven.org\/wp-content\/uploads\/2025\/11\/Conc_Marcos_Madrigal_CG-1024x684.webp?strip=info&#038;w=600&#038;ssl=1 600w,https:\/\/i0.wp.com\/artejoven.org\/wp-content\/uploads\/2025\/11\/Conc_Marcos_Madrigal_CG-1024x684.webp?strip=info&#038;w=900&#038;ssl=1 900w,https:\/\/i0.wp.com\/artejoven.org\/wp-content\/uploads\/2025\/11\/Conc_Marcos_Madrigal_CG-1024x684.webp?strip=info&#038;w=1200&#038;ssl=1 1200w,https:\/\/i0.wp.com\/artejoven.org\/wp-content\/uploads\/2025\/11\/Conc_Marcos_Madrigal_CG-1024x684.webp?strip=info&#038;w=1500&#038;ssl=1 1500w,https:\/\/i0.wp.com\/artejoven.org\/wp-content\/uploads\/2025\/11\/Conc_Marcos_Madrigal_CG-1024x684.webp?strip=info&#038;w=1800&#038;ssl=1 1800w,https:\/\/i0.wp.com\/artejoven.org\/wp-content\/uploads\/2025\/11\/Conc_Marcos_Madrigal_CG-1024x684.webp?strip=info&#038;w=2000&#038;ssl=1 2000w\" alt=\"\" data-height=\"1500\" data-id=\"10188\" data-link=\"https:\/\/artejoven.org\/?attachment_id=10188#main\" data-url=\"https:\/\/artejoven.org\/wp-content\/uploads\/2025\/11\/Conc_Marcos_Madrigal_CG-1024x684.webp\" data-width=\"2246\" src=\"https:\/\/i0.wp.com\/artejoven.org\/wp-content\/uploads\/2025\/11\/Conc_Marcos_Madrigal_CG-1024x684.webp?ssl=1\" data-amp-layout=\"responsive\"\/><\/a><\/figure><\/div><\/div><div class=\"tiled-gallery__row\"><div class=\"tiled-gallery__col\" style=\"flex-basis:50.30107%\"><figure class=\"tiled-gallery__item\"><a href=\"https:\/\/artejoven.org\/wp-content\/uploads\/2025\/11\/Conc_Marcos_Madrigal_CG-2-1024x684.webp\"><img decoding=\"async\" srcset=\"https:\/\/i0.wp.com\/artejoven.org\/wp-content\/uploads\/2025\/11\/Conc_Marcos_Madrigal_CG-2-1024x684.webp?strip=info&#038;w=600&#038;ssl=1 600w,https:\/\/i0.wp.com\/artejoven.org\/wp-content\/uploads\/2025\/11\/Conc_Marcos_Madrigal_CG-2-1024x684.webp?strip=info&#038;w=900&#038;ssl=1 900w,https:\/\/i0.wp.com\/artejoven.org\/wp-content\/uploads\/2025\/11\/Conc_Marcos_Madrigal_CG-2-1024x684.webp?strip=info&#038;w=1200&#038;ssl=1 1200w,https:\/\/i0.wp.com\/artejoven.org\/wp-content\/uploads\/2025\/11\/Conc_Marcos_Madrigal_CG-2-1024x684.webp?strip=info&#038;w=1500&#038;ssl=1 1500w,https:\/\/i0.wp.com\/artejoven.org\/wp-content\/uploads\/2025\/11\/Conc_Marcos_Madrigal_CG-2-1024x684.webp?strip=info&#038;w=1800&#038;ssl=1 1800w,https:\/\/i0.wp.com\/artejoven.org\/wp-content\/uploads\/2025\/11\/Conc_Marcos_Madrigal_CG-2-1024x684.webp?strip=info&#038;w=2000&#038;ssl=1 2000w\" alt=\"\" data-height=\"1500\" data-id=\"10187\" data-link=\"https:\/\/artejoven.org\/?attachment_id=10187#main\" data-url=\"https:\/\/artejoven.org\/wp-content\/uploads\/2025\/11\/Conc_Marcos_Madrigal_CG-2-1024x684.webp\" data-width=\"2246\" src=\"https:\/\/i0.wp.com\/artejoven.org\/wp-content\/uploads\/2025\/11\/Conc_Marcos_Madrigal_CG-2-1024x684.webp?ssl=1\" data-amp-layout=\"responsive\"\/><\/a><\/figure><\/div><div class=\"tiled-gallery__col\" style=\"flex-basis:49.69893%\"><figure class=\"tiled-gallery__item\"><a href=\"https:\/\/artejoven.org\/wp-content\/uploads\/2025\/11\/Conc_Marcos_Madrigal_CG-10-1024x692.webp\"><img decoding=\"async\" srcset=\"https:\/\/i0.wp.com\/artejoven.org\/wp-content\/uploads\/2025\/11\/Conc_Marcos_Madrigal_CG-10-1024x692.webp?strip=info&#038;w=600&#038;ssl=1 600w,https:\/\/i0.wp.com\/artejoven.org\/wp-content\/uploads\/2025\/11\/Conc_Marcos_Madrigal_CG-10-1024x692.webp?strip=info&#038;w=900&#038;ssl=1 900w,https:\/\/i0.wp.com\/artejoven.org\/wp-content\/uploads\/2025\/11\/Conc_Marcos_Madrigal_CG-10-1024x692.webp?strip=info&#038;w=1200&#038;ssl=1 1200w,https:\/\/i0.wp.com\/artejoven.org\/wp-content\/uploads\/2025\/11\/Conc_Marcos_Madrigal_CG-10-1024x692.webp?strip=info&#038;w=1500&#038;ssl=1 1500w,https:\/\/i0.wp.com\/artejoven.org\/wp-content\/uploads\/2025\/11\/Conc_Marcos_Madrigal_CG-10-1024x692.webp?strip=info&#038;w=1800&#038;ssl=1 1800w,https:\/\/i0.wp.com\/artejoven.org\/wp-content\/uploads\/2025\/11\/Conc_Marcos_Madrigal_CG-10-1024x692.webp?strip=info&#038;w=2000&#038;ssl=1 2000w\" alt=\"\" data-height=\"1500\" data-id=\"10192\" data-link=\"https:\/\/artejoven.org\/?attachment_id=10192#main\" data-url=\"https:\/\/artejoven.org\/wp-content\/uploads\/2025\/11\/Conc_Marcos_Madrigal_CG-10-1024x692.webp\" data-width=\"2219\" src=\"https:\/\/i0.wp.com\/artejoven.org\/wp-content\/uploads\/2025\/11\/Conc_Marcos_Madrigal_CG-10-1024x692.webp?ssl=1\" data-amp-layout=\"responsive\"\/><\/a><\/figure><\/div><\/div><\/div><\/div><\/div>\n\n\n\n<p><strong>SCOMMETTERE SUL FUTURO<\/strong><\/p>\n\n\n\n<p>L'accademia \u00e8 nata anche in risposta a un contesto complesso. L'emigrazione ha svuotato i ranghi di molti gruppi musicali dell'isola e l'Orchestra del Liceo non ha fatto eccezione. Secondo lo stesso direttore Jos\u00e9 M\u00e9ndez, pi\u00f9 di 80 musicisti hanno lasciato il Paese negli ultimi tre anni:<\/p>\n\n\n\n<p>\u00abColmare questo vuoto \u00e8 una sfida enorme. E grazie all'Accademia, a poco a poco, stiamo formando coloro che possono riempire questi spazi\u00bb.\u00bb<\/p>\n\n\n\n<p>Non si tratta solo di occupare posti. L'Accademia cerca di formare artisti a tutto tondo, musicisti dotati di pensiero critico, curiosit\u00e0 e sensibilit\u00e0 per il contesto sociale e storico delle opere che eseguono.<\/p>\n\n\n\n<p>\u00abNon si tratta pi\u00f9 solo di tecnica\u00bb, sottolinea il direttore d'orchestra. \u00abI giovani vogliono sapere chi era il compositore, come viveva, in quale Paese si trovava, come questo influisce sull'opera. Questo \u00e8 essere un artista\u00bb.\u00bb<\/p>\n\n\n\n<p>Gabriela Rojas sottolinea anche i valori stimolanti dell'iniziativa:<\/p>\n\n\n\n<p>\u201cAl di l\u00e0 della preparazione tecnica, i vantaggi sono reciproci. La presenza dei giovani ha rivitalizzato l'orchestra stessa. \u00abPortano energia, entusiasmo, voglia di imparare e di fare cose nuove. \u00c8 una boccata d'aria fresca.<\/p>\n\n\n\n<p>In un Paese in cui le opportunit\u00e0 sono scarse e i giovani talenti cercano orizzonti al di fuori dei propri confini, l'esistenza di spazi come l'Accademia Orchestrale dell'Avana - e di progetti che la rendono possibile, come il FAJ - rappresenta una luce tra le ombre.<\/p>\n\n\n\n<p>\u00abVogliamo lasciare un segno in questi ragazzi\u00bb, conclude Rojas. \u00abChe possano guardare indietro e dire: \u2018\u00c8 qui che ho imparato cosa significa essere un musicista\u2019. E se questo accadr\u00e0, allora ne sar\u00e0 valsa la pena\u00bb.\u00bb<\/p>\n\n\n\n<div class=\"wp-block-jetpack-tiled-gallery aligncenter is-style-rectangular\"><div class=\"has-rounded-corners-15\"><div class=\"tiled-gallery__gallery\"><div class=\"tiled-gallery__row\"><div class=\"tiled-gallery__col\" style=\"flex-basis:25.00348%\"><figure class=\"tiled-gallery__item\"><a href=\"https:\/\/artejoven.org\/wp-content\/uploads\/2025\/11\/alemania.en_.cuba_20240415_p_3346848573620722937_4_3346848563587793720-820x1024.webp\"><img decoding=\"async\" srcset=\"https:\/\/i0.wp.com\/artejoven.org\/wp-content\/uploads\/2025\/11\/alemania.en_.cuba_20240415_p_3346848573620722937_4_3346848563587793720-820x1024.webp?strip=info&#038;w=600&#038;ssl=1 600w,https:\/\/i0.wp.com\/artejoven.org\/wp-content\/uploads\/2025\/11\/alemania.en_.cuba_20240415_p_3346848573620722937_4_3346848563587793720-820x1024.webp?strip=info&#038;w=900&#038;ssl=1 900w,https:\/\/i0.wp.com\/artejoven.org\/wp-content\/uploads\/2025\/11\/alemania.en_.cuba_20240415_p_3346848573620722937_4_3346848563587793720-820x1024.webp?strip=info&#038;w=1066&#038;ssl=1 1066w\" alt=\"\" data-height=\"1332\" data-id=\"10162\" data-link=\"https:\/\/artejoven.org\/?attachment_id=10162#main\" data-url=\"https:\/\/artejoven.org\/wp-content\/uploads\/2025\/11\/alemania.en_.cuba_20240415_p_3346848573620722937_4_3346848563587793720-820x1024.webp\" data-width=\"1066\" src=\"https:\/\/i0.wp.com\/artejoven.org\/wp-content\/uploads\/2025\/11\/alemania.en_.cuba_20240415_p_3346848573620722937_4_3346848563587793720-820x1024.webp?ssl=1\" data-amp-layout=\"responsive\"\/><\/a><\/figure><\/div><div class=\"tiled-gallery__col\" style=\"flex-basis:25.02218%\"><figure class=\"tiled-gallery__item\"><a href=\"https:\/\/artejoven.org\/wp-content\/uploads\/2025\/11\/alemania.en_.cuba_20240415_p_3346848573620722937_5_3346848563587802923-820x1024.webp\"><img decoding=\"async\" srcset=\"https:\/\/i0.wp.com\/artejoven.org\/wp-content\/uploads\/2025\/11\/alemania.en_.cuba_20240415_p_3346848573620722937_5_3346848563587802923-820x1024.webp?strip=info&#038;w=600&#038;ssl=1 600w,https:\/\/i0.wp.com\/artejoven.org\/wp-content\/uploads\/2025\/11\/alemania.en_.cuba_20240415_p_3346848573620722937_5_3346848563587802923-820x1024.webp?strip=info&#038;w=900&#038;ssl=1 900w,https:\/\/i0.wp.com\/artejoven.org\/wp-content\/uploads\/2025\/11\/alemania.en_.cuba_20240415_p_3346848573620722937_5_3346848563587802923-820x1024.webp?strip=info&#038;w=1066&#038;ssl=1 1066w\" alt=\"\" data-height=\"1331\" data-id=\"10163\" data-link=\"https:\/\/artejoven.org\/?attachment_id=10163#main\" data-url=\"https:\/\/artejoven.org\/wp-content\/uploads\/2025\/11\/alemania.en_.cuba_20240415_p_3346848573620722937_5_3346848563587802923-820x1024.webp\" data-width=\"1066\" src=\"https:\/\/i0.wp.com\/artejoven.org\/wp-content\/uploads\/2025\/11\/alemania.en_.cuba_20240415_p_3346848573620722937_5_3346848563587802923-820x1024.webp?ssl=1\" data-amp-layout=\"responsive\"\/><\/a><\/figure><\/div><div class=\"tiled-gallery__col\" style=\"flex-basis:24.97085%\"><figure class=\"tiled-gallery__item\"><a href=\"https:\/\/artejoven.org\/wp-content\/uploads\/2025\/11\/alemania.en_.cuba_20240415_p_3346848573620722937_10_3346848563554295844-818x1024.webp\"><img decoding=\"async\" srcset=\"https:\/\/i0.wp.com\/artejoven.org\/wp-content\/uploads\/2025\/11\/alemania.en_.cuba_20240415_p_3346848573620722937_10_3346848563554295844-818x1024.webp?strip=info&#038;w=600&#038;ssl=1 600w,https:\/\/i0.wp.com\/artejoven.org\/wp-content\/uploads\/2025\/11\/alemania.en_.cuba_20240415_p_3346848573620722937_10_3346848563554295844-818x1024.webp?strip=info&#038;w=900&#038;ssl=1 900w,https:\/\/i0.wp.com\/artejoven.org\/wp-content\/uploads\/2025\/11\/alemania.en_.cuba_20240415_p_3346848573620722937_10_3346848563554295844-818x1024.webp?strip=info&#038;w=1067&#038;ssl=1 1067w\" alt=\"\" data-height=\"1335\" data-id=\"10164\" data-link=\"https:\/\/artejoven.org\/?attachment_id=10164#main\" data-url=\"https:\/\/artejoven.org\/wp-content\/uploads\/2025\/11\/alemania.en_.cuba_20240415_p_3346848573620722937_10_3346848563554295844-818x1024.webp\" data-width=\"1067\" src=\"https:\/\/i0.wp.com\/artejoven.org\/wp-content\/uploads\/2025\/11\/alemania.en_.cuba_20240415_p_3346848573620722937_10_3346848563554295844-818x1024.webp?ssl=1\" data-amp-layout=\"responsive\"\/><\/a><\/figure><\/div><div class=\"tiled-gallery__col\" style=\"flex-basis:25.00348%\"><figure class=\"tiled-gallery__item\"><a href=\"https:\/\/artejoven.org\/wp-content\/uploads\/2025\/11\/alemania.en_.cuba_20240415_p_3346848573620722937_8_3346848563956928488-820x1024.webp\"><img decoding=\"async\" srcset=\"https:\/\/i0.wp.com\/artejoven.org\/wp-content\/uploads\/2025\/11\/alemania.en_.cuba_20240415_p_3346848573620722937_8_3346848563956928488-820x1024.webp?strip=info&#038;w=600&#038;ssl=1 600w,https:\/\/i0.wp.com\/artejoven.org\/wp-content\/uploads\/2025\/11\/alemania.en_.cuba_20240415_p_3346848573620722937_8_3346848563956928488-820x1024.webp?strip=info&#038;w=900&#038;ssl=1 900w,https:\/\/i0.wp.com\/artejoven.org\/wp-content\/uploads\/2025\/11\/alemania.en_.cuba_20240415_p_3346848573620722937_8_3346848563956928488-820x1024.webp?strip=info&#038;w=1066&#038;ssl=1 1066w\" alt=\"\" data-height=\"1332\" data-id=\"10169\" data-link=\"https:\/\/artejoven.org\/?attachment_id=10169#main\" data-url=\"https:\/\/artejoven.org\/wp-content\/uploads\/2025\/11\/alemania.en_.cuba_20240415_p_3346848573620722937_8_3346848563956928488-820x1024.webp\" data-width=\"1066\" src=\"https:\/\/i0.wp.com\/artejoven.org\/wp-content\/uploads\/2025\/11\/alemania.en_.cuba_20240415_p_3346848573620722937_8_3346848563956928488-820x1024.webp?ssl=1\" data-amp-layout=\"responsive\"\/><\/a><\/figure><\/div><\/div><\/div><\/div><\/div>\n\n\n\n<p><\/p>","protected":false},"excerpt":{"rendered":"<p>L'impulso del Fondo per la Giovane Arte all'Accademia Orchestrale dell'Avana<\/p>","protected":false},"author":1,"featured_media":10160,"comment_status":"open","ping_status":"open","sticky":false,"template":"","format":"standard","meta":{"_acf_changed":false,"_jetpack_memberships_contains_paid_content":false,"footnotes":"","_links_to":"","_links_to_target":""},"categories":[35],"tags":[],"class_list":{"0":"post-10159","1":"post","2":"type-post","3":"status-publish","4":"format-standard","5":"has-post-thumbnail","6":"hentry","7":"category-desde-el-faj","9":"post-with-thumbnail","10":"post-with-thumbnail-large"},"acf":[],"aioseo_notices":[],"jetpack_featured_media_url":"https:\/\/artejoven.org\/wp-content\/uploads\/2025\/11\/DSC05512-scaled.webp","jetpack-related-posts":[{"id":9503,"url":"https:\/\/artejoven.org\/it\/fondo-de-arte-joven-y-museo-nacional-de-la-musica-presentan-el-libro-la-direccion-orquestal-sinfonica-y-su-expresion-en-cuba-del-maestro-guido-lopez-gavilan\/","url_meta":{"origin":10159,"position":0},"title":"Il Fondo de Arte Joven e il Museo Nacional de la M\u00fasica presentano il libro La direcci\u00f3n orquestal sinf\u00f3nica y su expresi\u00f3n en Cuba del maestro Guido L\u00f3pez-Gavil\u00e1n.","author":"Ren\u00e9 Manuel Puig","date":"28 de Maggio de 2025","format":false,"excerpt":"Il Fondo de Arte Joven (FAJ), il Museo Nacional de la M\u00fasica e il maestro Guido L\u00f3pez-Gavil\u00e1n hanno l'onore di annunciare la presentazione del libro La direcci\u00f3n orquestal sinf\u00f3nica y su expresi\u00f3n en Cuba.","rel":"","context":"In &quot;Desde el FAJ&quot;","block_context":{"text":"Desde el FAJ","link":"https:\/\/artejoven.org\/it\/category\/noticias\/desde-el-faj\/"},"img":{"alt_text":"La direcci\u00f3n orquestal","src":"https:\/\/i0.wp.com\/artejoven.org\/wp-content\/uploads\/2024\/02\/La-direccion-orquestal-jpg.webp?resize=350%2C200&ssl=1","width":350,"height":200,"srcset":"https:\/\/i0.wp.com\/artejoven.org\/wp-content\/uploads\/2024\/02\/La-direccion-orquestal-jpg.webp?resize=350%2C200&ssl=1 1x, https:\/\/i0.wp.com\/artejoven.org\/wp-content\/uploads\/2024\/02\/La-direccion-orquestal-jpg.webp?resize=525%2C300&ssl=1 1.5x, https:\/\/i0.wp.com\/artejoven.org\/wp-content\/uploads\/2024\/02\/La-direccion-orquestal-jpg.webp?resize=700%2C400&ssl=1 2x, https:\/\/i0.wp.com\/artejoven.org\/wp-content\/uploads\/2024\/02\/La-direccion-orquestal-jpg.webp?resize=1050%2C600&ssl=1 3x"},"classes":[]},{"id":6442,"url":"https:\/\/artejoven.org\/it\/se-presenta-en-la-habana-el-libro-la-direccion-orquestal-sinfonica-y-su-expresion-en-cuba\/","url_meta":{"origin":10159,"position":1},"title":"Il libro \"La direzione orchestrale sinfonica e la sua espressione a Cuba\" viene presentato all'Avana.","author":"Ren\u00e9 Manuel Puig","date":"4 de Dicembre de 2023","format":false,"excerpt":"Il libro La direcci\u00f3n orquestal sinf\u00f3nica y su expresi\u00f3n en Cuba, del maestro Guido L\u00f3pez-Gavil\u00e1n, \u00e8 stato presentato questo sabato all'Avana, durante la cerimonia di chiusura del Festival Internazionale Habana Cl\u00e1sica, nella Bas\u00edlica del Convento San Francisco de As\u00eds.","rel":"","context":"In &quot;Desde el FAJ&quot;","block_context":{"text":"Desde el FAJ","link":"https:\/\/artejoven.org\/it\/category\/noticias\/desde-el-faj\/"},"img":{"alt_text":"Presentaci\u00f3n del libro La direcci\u00f3n orquestal sinf\u00f3nica y su expresi\u00f3n en Cuba","src":"https:\/\/i0.wp.com\/artejoven.org\/wp-content\/uploads\/2023\/12\/Presentacion-de-libro-La-Direccion-Orquestal-en-Cuba-jpg.webp?resize=350%2C200&ssl=1","width":350,"height":200,"srcset":"https:\/\/i0.wp.com\/artejoven.org\/wp-content\/uploads\/2023\/12\/Presentacion-de-libro-La-Direccion-Orquestal-en-Cuba-jpg.webp?resize=350%2C200&ssl=1 1x, https:\/\/i0.wp.com\/artejoven.org\/wp-content\/uploads\/2023\/12\/Presentacion-de-libro-La-Direccion-Orquestal-en-Cuba-jpg.webp?resize=525%2C300&ssl=1 1.5x, https:\/\/i0.wp.com\/artejoven.org\/wp-content\/uploads\/2023\/12\/Presentacion-de-libro-La-Direccion-Orquestal-en-Cuba-jpg.webp?resize=700%2C400&ssl=1 2x, https:\/\/i0.wp.com\/artejoven.org\/wp-content\/uploads\/2023\/12\/Presentacion-de-libro-La-Direccion-Orquestal-en-Cuba-jpg.webp?resize=1050%2C600&ssl=1 3x"},"classes":[]},{"id":9506,"url":"https:\/\/artejoven.org\/it\/la-magia-de-la-direccion-de-orquesta-como-si-embrujara-la-musica\/","url_meta":{"origin":10159,"position":2},"title":"La magia della direzione d'orchestra, come se ammaliasse la musica","author":"Ren\u00e9 Manuel Puig","date":"5 de Giugno de 2025","format":false,"excerpt":"La presentazione del libro \"La direcci\u00f3n orquestal sinf\u00f3nica y su expresi\u00f3n en Cuba\" (La direzione orchestrale sinfonica e la sua espressione a Cuba) si \u00e8 svolta in una serata intima, circondata da allievi, parenti, giovani musicisti e studenti.","rel":"","context":"In &quot;Desde el FAJ&quot;","block_context":{"text":"Desde el FAJ","link":"https:\/\/artejoven.org\/it\/category\/noticias\/desde-el-faj\/"},"img":{"alt_text":"Presentaci\u00f3n La direcci\u00f3n orquestal sinfonica y su expresi\u00f3n en Cuba","src":"https:\/\/i0.wp.com\/artejoven.org\/wp-content\/uploads\/2025\/06\/Presentacion-La-direccion-orquestal-sinfonica-y-su-expresion-en-Cuba-6-scaled.webp?resize=350%2C200&ssl=1","width":350,"height":200,"srcset":"https:\/\/i0.wp.com\/artejoven.org\/wp-content\/uploads\/2025\/06\/Presentacion-La-direccion-orquestal-sinfonica-y-su-expresion-en-Cuba-6-scaled.webp?resize=350%2C200&ssl=1 1x, https:\/\/i0.wp.com\/artejoven.org\/wp-content\/uploads\/2025\/06\/Presentacion-La-direccion-orquestal-sinfonica-y-su-expresion-en-Cuba-6-scaled.webp?resize=525%2C300&ssl=1 1.5x, https:\/\/i0.wp.com\/artejoven.org\/wp-content\/uploads\/2025\/06\/Presentacion-La-direccion-orquestal-sinfonica-y-su-expresion-en-Cuba-6-scaled.webp?resize=700%2C400&ssl=1 2x, https:\/\/i0.wp.com\/artejoven.org\/wp-content\/uploads\/2025\/06\/Presentacion-La-direccion-orquestal-sinfonica-y-su-expresion-en-Cuba-6-scaled.webp?resize=1050%2C600&ssl=1 3x, https:\/\/i0.wp.com\/artejoven.org\/wp-content\/uploads\/2025\/06\/Presentacion-La-direccion-orquestal-sinfonica-y-su-expresion-en-Cuba-6-scaled.webp?resize=1400%2C800&ssl=1 4x"},"classes":[]},{"id":7186,"url":"https:\/\/artejoven.org\/it\/presentaran-libro-del-maestro-guido-lopez-gavilan-en-feria-del-libro-de-la-habana\/","url_meta":{"origin":10159,"position":3},"title":"Presentazione del libro di Guido L\u00f3pez Gavil\u00e1n alla Fiera del Libro dell'Avana","author":"Ren\u00e9 Manuel Puig","date":"20 de Febbraio de 2024","format":false,"excerpt":"La Fiera Internazionale del Libro si tiene a Cuba ogni anno da 32 edizioni, un evento culturale che, per la sua importanza e portata nazionale, \u00e8 diventato uno dei pi\u00f9 importanti del Paese.","rel":"","context":"In &quot;Desde el FAJ&quot;","block_context":{"text":"Desde el FAJ","link":"https:\/\/artejoven.org\/it\/category\/noticias\/desde-el-faj\/"},"img":{"alt_text":"La direcci\u00f3n orquestal","src":"https:\/\/i0.wp.com\/artejoven.org\/wp-content\/uploads\/2024\/02\/La-direccion-orquestal-jpg.webp?resize=350%2C200&ssl=1","width":350,"height":200,"srcset":"https:\/\/i0.wp.com\/artejoven.org\/wp-content\/uploads\/2024\/02\/La-direccion-orquestal-jpg.webp?resize=350%2C200&ssl=1 1x, https:\/\/i0.wp.com\/artejoven.org\/wp-content\/uploads\/2024\/02\/La-direccion-orquestal-jpg.webp?resize=525%2C300&ssl=1 1.5x, https:\/\/i0.wp.com\/artejoven.org\/wp-content\/uploads\/2024\/02\/La-direccion-orquestal-jpg.webp?resize=700%2C400&ssl=1 2x, https:\/\/i0.wp.com\/artejoven.org\/wp-content\/uploads\/2024\/02\/La-direccion-orquestal-jpg.webp?resize=1050%2C600&ssl=1 3x"},"classes":[]},{"id":4632,"url":"https:\/\/www.eda.admin.ch\/countries\/cuba\/es\/home\/noticias\/novedades.html\/content\/countries\/cuba\/es\/meta\/news\/2023\/7\/guido-lopez-gavilan-direccion-orquestal-sinfonica","url_meta":{"origin":10159,"position":4},"title":"Guido L\u00f3pez-Gavil\u00e1n e la direzione d'orchestra sinfonica","author":"Ren\u00e9 Manuel Puig","date":"7 de Luglio de 2023","format":false,"excerpt":"Guido L\u00f3pez-Gavil\u00e1n, un paradigma della direzione orchestrale a Cuba","rel":"","context":"In &quot;Desde el FAJ&quot;","block_context":{"text":"Desde el FAJ","link":"https:\/\/artejoven.org\/it\/category\/noticias\/desde-el-faj\/"},"img":{"alt_text":"Guido L\u00f3pez-Gavil\u00e1n y la Direcci\u00f3n Orquestal Sinf\u00f3nica","src":"https:\/\/i0.wp.com\/artejoven.org\/wp-content\/uploads\/2023\/07\/Guido-Lopez-Gavilan-y-la-Direccion-Orquestal-Sinfonica-jpg.webp?resize=350%2C200&ssl=1","width":350,"height":200,"srcset":"https:\/\/i0.wp.com\/artejoven.org\/wp-content\/uploads\/2023\/07\/Guido-Lopez-Gavilan-y-la-Direccion-Orquestal-Sinfonica-jpg.webp?resize=350%2C200&ssl=1 1x, https:\/\/i0.wp.com\/artejoven.org\/wp-content\/uploads\/2023\/07\/Guido-Lopez-Gavilan-y-la-Direccion-Orquestal-Sinfonica-jpg.webp?resize=525%2C300&ssl=1 1.5x, https:\/\/i0.wp.com\/artejoven.org\/wp-content\/uploads\/2023\/07\/Guido-Lopez-Gavilan-y-la-Direccion-Orquestal-Sinfonica-jpg.webp?resize=700%2C400&ssl=1 2x, https:\/\/i0.wp.com\/artejoven.org\/wp-content\/uploads\/2023\/07\/Guido-Lopez-Gavilan-y-la-Direccion-Orquestal-Sinfonica-jpg.webp?resize=1050%2C600&ssl=1 3x"},"classes":[]},{"id":9473,"url":"https:\/\/artejoven.org\/it\/director-musical-del-fondo-de-arte-joven-recibe-orden-de-las-artes-y-letras-de-francia\/","url_meta":{"origin":10159,"position":5},"title":"Il direttore musicale del Fonds de l'Art Jeunesse riceve l'Ordine delle Arti e delle Lettere di Francia","author":"Ren\u00e9 Manuel Puig","date":"14 de Maggio de 2025","format":false,"excerpt":"Con questo riconoscimento, il Ministero della Cultura francese onora una doppia vocazione: quella di pianista d'eccellenza e quella di manager culturale di lungo corso.","rel":"","context":"In &quot;Desde el FAJ&quot;","block_context":{"text":"Desde el FAJ","link":"https:\/\/artejoven.org\/it\/category\/noticias\/desde-el-faj\/"},"img":{"alt_text":"Marcos Madrigal","src":"https:\/\/i0.wp.com\/artejoven.org\/wp-content\/uploads\/2025\/05\/02-Director-Musical-de-FAJ-recibe-orden-Caballero-de-las-Artes.webp?resize=350%2C200&ssl=1","width":350,"height":200,"srcset":"https:\/\/i0.wp.com\/artejoven.org\/wp-content\/uploads\/2025\/05\/02-Director-Musical-de-FAJ-recibe-orden-Caballero-de-las-Artes.webp?resize=350%2C200&ssl=1 1x, https:\/\/i0.wp.com\/artejoven.org\/wp-content\/uploads\/2025\/05\/02-Director-Musical-de-FAJ-recibe-orden-Caballero-de-las-Artes.webp?resize=525%2C300&ssl=1 1.5x, https:\/\/i0.wp.com\/artejoven.org\/wp-content\/uploads\/2025\/05\/02-Director-Musical-de-FAJ-recibe-orden-Caballero-de-las-Artes.webp?resize=700%2C400&ssl=1 2x, https:\/\/i0.wp.com\/artejoven.org\/wp-content\/uploads\/2025\/05\/02-Director-Musical-de-FAJ-recibe-orden-Caballero-de-las-Artes.webp?resize=1050%2C600&ssl=1 3x"},"classes":[]}],"jetpack_sharing_enabled":true,"_links":{"self":[{"href":"https:\/\/artejoven.org\/it\/wp-json\/wp\/v2\/posts\/10159","targetHints":{"allow":["GET"]}}],"collection":[{"href":"https:\/\/artejoven.org\/it\/wp-json\/wp\/v2\/posts"}],"about":[{"href":"https:\/\/artejoven.org\/it\/wp-json\/wp\/v2\/types\/post"}],"author":[{"embeddable":true,"href":"https:\/\/artejoven.org\/it\/wp-json\/wp\/v2\/users\/1"}],"replies":[{"embeddable":true,"href":"https:\/\/artejoven.org\/it\/wp-json\/wp\/v2\/comments?post=10159"}],"version-history":[{"count":0,"href":"https:\/\/artejoven.org\/it\/wp-json\/wp\/v2\/posts\/10159\/revisions"}],"wp:featuredmedia":[{"embeddable":true,"href":"https:\/\/artejoven.org\/it\/wp-json\/wp\/v2\/media\/10160"}],"wp:attachment":[{"href":"https:\/\/artejoven.org\/it\/wp-json\/wp\/v2\/media?parent=10159"}],"wp:term":[{"taxonomy":"category","embeddable":true,"href":"https:\/\/artejoven.org\/it\/wp-json\/wp\/v2\/categories?post=10159"},{"taxonomy":"post_tag","embeddable":true,"href":"https:\/\/artejoven.org\/it\/wp-json\/wp\/v2\/tags?post=10159"}],"curies":[{"name":"wp","href":"https:\/\/api.w.org\/{rel}","templated":true}]}}