{"id":5892,"date":"2023-09-18T11:09:08","date_gmt":"2023-09-18T15:09:08","guid":{"rendered":"https:\/\/artejoven.org\/?p=5892"},"modified":"2024-03-08T14:55:14","modified_gmt":"2024-03-08T19:55:14","slug":"il-faj-young-art-fund-inaugura-una-nuova-mostra-nel-salone-bianco","status":"publish","type":"post","link":"https:\/\/artejoven.org\/it\/fondo-de-arte-joven-faj-inaugura-nueva-exposicion-en-el-salon-blanco\/","title":{"rendered":"Il Fondo de Arte Joven (FAJ) inaugura una nuova mostra nella White Hall"},"content":{"rendered":"<p class=\"translation-block\">Nel pomeriggio di gioved\u00ec 14 settembre, il Fondo de Arte Joven (FAJ) ha inaugurato la mostra fotografica <em>Habana, un'anima palpabile<\/em>, che riunisce il lavoro di diversi giovani fotografi cubani che illustrano molteplici interpretazioni della citt\u00e0 attraverso i loro obiettivi.<\/p>\n\n\n\n<p>L'occasione \u00e8 stata quella di presentare per la prima volta a una mostra FAJ il nuovo Ambasciatore designato della Svizzera a Cuba, S.E. Stefano Vescovi, che ha ringraziato il pubblico e i collaboratori, riconoscendo il lavoro svolto dalla piattaforma per promuovere e sviluppare il lavoro di giovani artisti e creatori dell'isola.<\/p>\n\n\n\n<blockquote class=\"wp-block-quote is-style-default has-white-background-color has-background has-medium-font-size is-layout-flow wp-block-quote-is-layout-flow\" style=\"border-style:none;border-width:0px;border-radius:0px;font-style:normal;font-weight:700\">\n<p>\"Possiamo dire che oggi il Fondo \u00e8 diventato una realt\u00e0 per artisti, progetti, imprese, istituzioni e organizzazioni legate alla cultura cubana: un risultato importante di cui siamo felici\", ha dichiarato Vescovi\u0107. ha detto Vescovi.<\/p>\n<\/blockquote>\n\n\n\n<p>Secondo Sandra Garc\u00eda, curatrice della mostra, la selezione delle opere ha cercato di evadere dai luoghi comuni per trasmettere, attraverso forme intangibili, i modi e gli sguardi attraverso i quali questi artisti abitano e svelano la citt\u00e0 che hanno anche fatto propria.<\/p>\n\n\n\n<blockquote class=\"wp-block-quote is-style-default has-white-background-color has-background has-medium-font-size is-layout-flow wp-block-quote-is-layout-flow\" style=\"border-style:none;border-width:0px;border-radius:0px;font-style:normal;font-weight:700\">\n<p class=\"translation-block\">\"Certo, c'\u00e8 la costa, i profili architettonici, le colonne <em>carpenteriane<\/em> e i bambini che giocano liberamente per le strade; ma nessuno parlerebbe dell'Avana senza pensare alla vibrante scena artistica e culturale che ha riempito i suoi decenni, senza pensare alla musica, alle sue notti di giovani che stanno scoprendo la vita e si preoccupano solo del presente. Nessuno lascia L'Avana senza ricordare la sua gente.<\/p>\n<\/blockquote>\n\n\n\n<figure class=\"wp-block-image size-full\"><a href=\"https:\/\/artejoven.org\/wp-content\/uploads\/2023\/09\/Sandra-Garcia-Herrera-curadora-jpg.webp\"><img fetchpriority=\"high\" decoding=\"async\" width=\"852\" height=\"568\" src=\"https:\/\/artejoven.org\/wp-content\/uploads\/2023\/09\/Sandra-Garcia-Herrera-curadora-jpg.webp\" alt=\"\" class=\"wp-image-5895\" srcset=\"https:\/\/artejoven.org\/wp-content\/uploads\/2023\/09\/Sandra-Garcia-Herrera-curadora-jpg.webp 852w, https:\/\/artejoven.org\/wp-content\/uploads\/2023\/09\/Sandra-Garcia-Herrera-curadora-300x200.webp 300w, https:\/\/artejoven.org\/wp-content\/uploads\/2023\/09\/Sandra-Garcia-Herrera-curadora-768x512.webp 768w, https:\/\/artejoven.org\/wp-content\/uploads\/2023\/09\/Sandra-Garcia-Herrera-curadora-18x12.webp 18w, https:\/\/artejoven.org\/wp-content\/uploads\/2023\/09\/Sandra-Garcia-Herrera-curadora-272x182.webp 272w\" sizes=\"(max-width: 852px) 100vw, 852px\" \/><\/a><figcaption class=\"wp-element-caption\"><strong><em>Sandra Garc\u00eda-Herrera, curatrice della mostra. Sullo sfondo, Caridad Figueroa, direttrice della produzione, Claudia Yil\u00e9n, direttrice della comunicazione e Neida Pe\u00f1alver, coordinatrice generale del Fondo de Arte Joven.<\/em><\/strong><\/figcaption><\/figure>\n\n\n\n<p>Erano presenti anche i collaboratori e gli artisti beneficiari del Fondo e gli ospiti speciali: Perla Rosales, vicedirettrice dell'Ufficio dello Storico della Citt\u00e0 dell'Avana, Nivaldo Carbonell, presidente della Fondazione Los Carbonell, nonch\u00e9 ospiti del corpo diplomatico e altri partner del progetto.<\/p>\n\n\n\n<p>La mostra sar\u00e0 aperta al pubblico dal marted\u00ec al sabato, dalle 10:00 alle 16:00 fino a novembre, nella Sala Bianca del Fondo de Arte Joven, situato in Calle Churruca, tra Avenida del Puerto e Oficios. Convento di San Francisco de As\u00eds. L'Avana Vecchia.<\/p>\n\n\n\n<div class=\"wp-block-group is-nowrap is-layout-flex wp-container-core-group-is-layout-ad2f72ca wp-block-group-is-layout-flex\">\n<div class=\"wp-block-jetpack-tiled-gallery is-style-rectangular\"><div class=\"tiled-gallery__gallery\"><div class=\"tiled-gallery__row\"><div class=\"tiled-gallery__col\" style=\"flex-basis:66.80089%\"><figure class=\"tiled-gallery__item\"><a href=\"https:\/\/artejoven.org\/wp-content\/uploads\/2023\/09\/Habana-un-alma-palpable-01-jpg.webp\"><img decoding=\"async\" srcset=\"https:\/\/i2.wp.com\/artejoven.org\/wp-content\/uploads\/2023\/09\/Habana-un-alma-palpable-01-jpg.webp?strip=info&#038;w=600&#038;ssl=1 600w,https:\/\/i2.wp.com\/artejoven.org\/wp-content\/uploads\/2023\/09\/Habana-un-alma-palpable-01-jpg.webp?strip=info&#038;w=900&#038;ssl=1 900w,https:\/\/i2.wp.com\/artejoven.org\/wp-content\/uploads\/2023\/09\/Habana-un-alma-palpable-01-jpg.webp?strip=info&#038;w=933&#038;ssl=1 933w\" alt=\"L&#039;Avana, un&#039;anima palpabile\" data-height=\"622\" data-id=\"5901\" data-link=\"https:\/\/artejoven.org\/fondo-de-arte-joven-faj-inaugura-nueva-exposicion-en-el-salon-blanco\/habana-un-alma-palpable-01\/#main\" data-url=\"https:\/\/artejoven.org\/wp-content\/uploads\/2023\/09\/Habana-un-alma-palpable-01-jpg.webp\" data-width=\"933\" src=\"https:\/\/i2.wp.com\/artejoven.org\/wp-content\/uploads\/2023\/09\/Habana-un-alma-palpable-01-jpg.webp?ssl=1\" data-amp-layout=\"responsive\"\/><\/a><\/figure><\/div><div class=\"tiled-gallery__col\" style=\"flex-basis:33.19911%\"><figure class=\"tiled-gallery__item\"><a href=\"https:\/\/artejoven.org\/wp-content\/uploads\/2023\/09\/Habana-un-alma-palpable-02-jpg.webp\"><img decoding=\"async\" srcset=\"https:\/\/i1.wp.com\/artejoven.org\/wp-content\/uploads\/2023\/09\/Habana-un-alma-palpable-02-jpg.webp?strip=info&#038;w=600&#038;ssl=1 600w,https:\/\/i1.wp.com\/artejoven.org\/wp-content\/uploads\/2023\/09\/Habana-un-alma-palpable-02-jpg.webp?strip=info&#038;w=782&#038;ssl=1 782w\" alt=\"L&#039;Avana, un&#039;anima palpabile\" data-height=\"521\" data-id=\"5896\" data-link=\"https:\/\/artejoven.org\/fondo-de-arte-joven-faj-inaugura-nueva-exposicion-en-el-salon-blanco\/habana-un-alma-palpable-02\/#main\" data-url=\"https:\/\/artejoven.org\/wp-content\/uploads\/2023\/09\/Habana-un-alma-palpable-02-jpg.webp\" data-width=\"782\" src=\"https:\/\/i1.wp.com\/artejoven.org\/wp-content\/uploads\/2023\/09\/Habana-un-alma-palpable-02-jpg.webp?ssl=1\" data-amp-layout=\"responsive\"\/><\/a><\/figure><figure class=\"tiled-gallery__item\"><a href=\"https:\/\/artejoven.org\/wp-content\/uploads\/2023\/09\/Habana-un-alma-palpable-03-jpg.webp\"><img decoding=\"async\" srcset=\"https:\/\/i0.wp.com\/artejoven.org\/wp-content\/uploads\/2023\/09\/Habana-un-alma-palpable-03-jpg.webp?strip=info&#038;w=600&#038;ssl=1 600w,https:\/\/i0.wp.com\/artejoven.org\/wp-content\/uploads\/2023\/09\/Habana-un-alma-palpable-03-jpg.webp?strip=info&#038;w=825&#038;ssl=1 825w\" alt=\"L&#039;Avana, un&#039;anima palpabile\" data-height=\"550\" data-id=\"5897\" data-link=\"https:\/\/artejoven.org\/fondo-de-arte-joven-faj-inaugura-nueva-exposicion-en-el-salon-blanco\/habana-un-alma-palpable-03\/#main\" data-url=\"https:\/\/artejoven.org\/wp-content\/uploads\/2023\/09\/Habana-un-alma-palpable-03-jpg.webp\" data-width=\"825\" src=\"https:\/\/i0.wp.com\/artejoven.org\/wp-content\/uploads\/2023\/09\/Habana-un-alma-palpable-03-jpg.webp?ssl=1\" data-amp-layout=\"responsive\"\/><\/a><\/figure><\/div><\/div><div class=\"tiled-gallery__row\"><div class=\"tiled-gallery__col\" style=\"flex-basis:33.18887%\"><figure class=\"tiled-gallery__item\"><a href=\"https:\/\/artejoven.org\/wp-content\/uploads\/2023\/09\/Habana-un-alma-palpable-06-jpg.webp\"><img decoding=\"async\" srcset=\"https:\/\/i2.wp.com\/artejoven.org\/wp-content\/uploads\/2023\/09\/Habana-un-alma-palpable-06-jpg.webp?strip=info&#038;w=600&#038;ssl=1 600w,https:\/\/i2.wp.com\/artejoven.org\/wp-content\/uploads\/2023\/09\/Habana-un-alma-palpable-06-jpg.webp?strip=info&#038;w=900&#038;ssl=1 900w,https:\/\/i2.wp.com\/artejoven.org\/wp-content\/uploads\/2023\/09\/Habana-un-alma-palpable-06-jpg.webp?strip=info&#038;w=980&#038;ssl=1 980w\" alt=\"L&#039;Avana, un&#039;anima palpabile\" data-height=\"653\" data-id=\"5900\" data-link=\"https:\/\/artejoven.org\/fondo-de-arte-joven-faj-inaugura-nueva-exposicion-en-el-salon-blanco\/habana-un-alma-palpable-06\/#main\" data-url=\"https:\/\/artejoven.org\/wp-content\/uploads\/2023\/09\/Habana-un-alma-palpable-06-jpg.webp\" data-width=\"980\" src=\"https:\/\/i2.wp.com\/artejoven.org\/wp-content\/uploads\/2023\/09\/Habana-un-alma-palpable-06-jpg.webp?ssl=1\" data-amp-layout=\"responsive\"\/><\/a><\/figure><figure class=\"tiled-gallery__item\"><a href=\"https:\/\/artejoven.org\/wp-content\/uploads\/2023\/09\/Habana-un-alma-palpable-08-1024x682.webp\"><img decoding=\"async\" srcset=\"https:\/\/i0.wp.com\/artejoven.org\/wp-content\/uploads\/2023\/09\/Habana-un-alma-palpable-08-1024x682.webp?strip=info&#038;w=600&#038;ssl=1 600w,https:\/\/i0.wp.com\/artejoven.org\/wp-content\/uploads\/2023\/09\/Habana-un-alma-palpable-08-1024x682.webp?strip=info&#038;w=900&#038;ssl=1 900w,https:\/\/i0.wp.com\/artejoven.org\/wp-content\/uploads\/2023\/09\/Habana-un-alma-palpable-08-1024x682.webp?strip=info&#038;w=1200&#038;ssl=1 1200w,https:\/\/i0.wp.com\/artejoven.org\/wp-content\/uploads\/2023\/09\/Habana-un-alma-palpable-08-1024x682.webp?strip=info&#038;w=1500&#038;ssl=1 1500w,https:\/\/i0.wp.com\/artejoven.org\/wp-content\/uploads\/2023\/09\/Habana-un-alma-palpable-08-1024x682.webp?strip=info&#038;w=1763&#038;ssl=1 1763w\" alt=\"L&#039;Avana, un&#039;anima palpabile\" data-height=\"1175\" data-id=\"5902\" data-link=\"https:\/\/artejoven.org\/fondo-de-arte-joven-faj-inaugura-nueva-exposicion-en-el-salon-blanco\/habana-un-alma-palpable-08\/#main\" data-url=\"https:\/\/artejoven.org\/wp-content\/uploads\/2023\/09\/Habana-un-alma-palpable-08-1024x682.webp\" data-width=\"1763\" src=\"https:\/\/i0.wp.com\/artejoven.org\/wp-content\/uploads\/2023\/09\/Habana-un-alma-palpable-08-1024x682.webp?ssl=1\" data-amp-layout=\"responsive\"\/><\/a><\/figure><\/div><div class=\"tiled-gallery__col\" style=\"flex-basis:66.81113%\"><figure class=\"tiled-gallery__item\"><a href=\"https:\/\/artejoven.org\/wp-content\/uploads\/2023\/09\/Habana-un-alma-palpable-10-jpg.webp\"><img decoding=\"async\" srcset=\"https:\/\/i1.wp.com\/artejoven.org\/wp-content\/uploads\/2023\/09\/Habana-un-alma-palpable-10-jpg.webp?strip=info&#038;w=600&#038;ssl=1 600w,https:\/\/i1.wp.com\/artejoven.org\/wp-content\/uploads\/2023\/09\/Habana-un-alma-palpable-10-jpg.webp?strip=info&#038;w=900&#038;ssl=1 900w,https:\/\/i1.wp.com\/artejoven.org\/wp-content\/uploads\/2023\/09\/Habana-un-alma-palpable-10-jpg.webp?strip=info&#038;w=926&#038;ssl=1 926w\" alt=\"L&#039;Avana, un&#039;anima palpabile\" data-height=\"617\" data-id=\"5906\" data-link=\"https:\/\/artejoven.org\/fondo-de-arte-joven-faj-inaugura-nueva-exposicion-en-el-salon-blanco\/habana-un-alma-palpable-10\/#main\" data-url=\"https:\/\/artejoven.org\/wp-content\/uploads\/2023\/09\/Habana-un-alma-palpable-10-jpg.webp\" data-width=\"926\" src=\"https:\/\/i1.wp.com\/artejoven.org\/wp-content\/uploads\/2023\/09\/Habana-un-alma-palpable-10-jpg.webp?ssl=1\" data-amp-layout=\"responsive\"\/><\/a><\/figure><\/div><\/div><div class=\"tiled-gallery__row\"><div class=\"tiled-gallery__col\" style=\"flex-basis:44.94682%\"><figure class=\"tiled-gallery__item\"><a href=\"https:\/\/artejoven.org\/wp-content\/uploads\/2023\/09\/Habana-un-alma-palpable-07-jpg.webp\"><img decoding=\"async\" srcset=\"https:\/\/i0.wp.com\/artejoven.org\/wp-content\/uploads\/2023\/09\/Habana-un-alma-palpable-07-jpg.webp?strip=info&#038;w=600&#038;ssl=1 600w,https:\/\/i0.wp.com\/artejoven.org\/wp-content\/uploads\/2023\/09\/Habana-un-alma-palpable-07-jpg.webp?strip=info&#038;w=900&#038;ssl=1 900w,https:\/\/i0.wp.com\/artejoven.org\/wp-content\/uploads\/2023\/09\/Habana-un-alma-palpable-07-jpg.webp?strip=info&#038;w=927&#038;ssl=1 927w\" alt=\"L&#039;Avana, un&#039;anima palpabile\" data-height=\"618\" data-id=\"5899\" data-link=\"https:\/\/artejoven.org\/fondo-de-arte-joven-faj-inaugura-nueva-exposicion-en-el-salon-blanco\/habana-un-alma-palpable-07\/#main\" data-url=\"https:\/\/artejoven.org\/wp-content\/uploads\/2023\/09\/Habana-un-alma-palpable-07-jpg.webp\" data-width=\"927\" src=\"https:\/\/i0.wp.com\/artejoven.org\/wp-content\/uploads\/2023\/09\/Habana-un-alma-palpable-07-jpg.webp?ssl=1\" data-amp-layout=\"responsive\"\/><\/a><\/figure><\/div><div class=\"tiled-gallery__col\" style=\"flex-basis:55.05318%\"><figure class=\"tiled-gallery__item\"><a href=\"https:\/\/artejoven.org\/wp-content\/uploads\/2023\/09\/Habana-un-alma-palpable-1-jpg.webp\"><img decoding=\"async\" srcset=\"https:\/\/i0.wp.com\/artejoven.org\/wp-content\/uploads\/2023\/09\/Habana-un-alma-palpable-1-jpg.webp?strip=info&#038;w=600&#038;ssl=1 600w,https:\/\/i0.wp.com\/artejoven.org\/wp-content\/uploads\/2023\/09\/Habana-un-alma-palpable-1-jpg.webp?strip=info&#038;w=857&#038;ssl=1 857w\" alt=\"L&#039;Avana, un&#039;anima palpabile\" data-height=\"466\" data-id=\"5893\" data-link=\"https:\/\/artejoven.org\/fondo-de-arte-joven-faj-inaugura-nueva-exposicion-en-el-salon-blanco\/habana-un-alma-palpable-2\/#main\" data-url=\"https:\/\/artejoven.org\/wp-content\/uploads\/2023\/09\/Habana-un-alma-palpable-1-jpg.webp\" data-width=\"857\" src=\"https:\/\/i0.wp.com\/artejoven.org\/wp-content\/uploads\/2023\/09\/Habana-un-alma-palpable-1-jpg.webp?ssl=1\" data-amp-layout=\"responsive\"\/><\/a><\/figure><\/div><\/div><\/div><\/div>\n<\/div>","protected":false},"excerpt":{"rendered":"<p>Nel pomeriggio di marted\u00ec 14 settembre, il Fondo de Arte Joven (FAJ) ha inaugurato la mostra fotografica L'Avana, un'anima palpabile, che riunisce il lavoro di diversi giovani fotografi cubani che illustrano molteplici interpretazioni della citt\u00e0 attraverso i loro obiettivi.<\/p>","protected":false},"author":1,"featured_media":5910,"comment_status":"open","ping_status":"open","sticky":false,"template":"","format":"standard","meta":{"_acf_changed":false,"_jetpack_memberships_contains_paid_content":false,"footnotes":"","_links_to":"","_links_to_target":""},"categories":[35],"tags":[55],"class_list":{"0":"post-5892","1":"post","2":"type-post","3":"status-publish","4":"format-standard","5":"has-post-thumbnail","6":"hentry","7":"category-desde-el-faj","8":"tag-salon-blanco","10":"post-with-thumbnail","11":"post-with-thumbnail-large"},"acf":[],"aioseo_notices":[],"jetpack_featured_media_url":"https:\/\/artejoven.org\/wp-content\/uploads\/2023\/09\/Habana-un-alma-palpable-2-jpg.webp","jetpack-related-posts":[{"id":6416,"url":"https:\/\/artejoven.org\/it\/fondo-de-arte-joven-inaugura-muestra-concurso-malayerba-en-la-galeria-salon-blanco\/","url_meta":{"origin":5892,"position":0},"title":"Il Fondo de Arte Joven inaugura la mostra concorso malaYerba presso la Galleria Sal\u00f3n Blanco","author":"Ren\u00e9 Manuel Puig","date":"27 de Novembre de 2023","format":false,"excerpt":"Il Fondo de Arte Joven (FAJ) inaugura gioved\u00ec 30 novembre una mostra concorso nel suo spazio abituale, la Galer\u00eda Sal\u00f3n Blanco, situata nel Convento e nella Basilica di San Francisco de As\u00eds all'Avana Vecchia.","rel":"","context":"In &quot;Desde el FAJ&quot;","block_context":{"text":"Desde el FAJ","link":"https:\/\/artejoven.org\/it\/category\/noticias\/desde-el-faj\/"},"img":{"alt_text":"MalaYerba","src":"https:\/\/i0.wp.com\/artejoven.org\/wp-content\/uploads\/2023\/11\/MalaYerba.png?resize=350%2C200&ssl=1","width":350,"height":200,"srcset":"https:\/\/i0.wp.com\/artejoven.org\/wp-content\/uploads\/2023\/11\/MalaYerba.png?resize=350%2C200&ssl=1 1x, https:\/\/i0.wp.com\/artejoven.org\/wp-content\/uploads\/2023\/11\/MalaYerba.png?resize=525%2C300&ssl=1 1.5x, https:\/\/i0.wp.com\/artejoven.org\/wp-content\/uploads\/2023\/11\/MalaYerba.png?resize=700%2C400&ssl=1 2x, https:\/\/i0.wp.com\/artejoven.org\/wp-content\/uploads\/2023\/11\/MalaYerba.png?resize=1050%2C600&ssl=1 3x"},"classes":[]},{"id":6083,"url":"https:\/\/artejoven.org\/it\/fondo-de-arte-joven-impulsa-programa-de-residencia-academica-haiti-cuba\/","url_meta":{"origin":5892,"position":1},"title":"Il Fondo de Arte Joven promuove il programma di residenza accademica Haiti-Cuba","author":"Ren\u00e9 Manuel Puig","date":"19 de Ottobre de 2023","format":false,"excerpt":"Questa settimana un gruppo di giovani creatori haitiani \u00e8 arrivato all'Avana per partecipare al primo programma di residenza accademica promosso dal Fondo de Arte Joven (FAJ), con particolare attenzione alla musica e alla fotografia.","rel":"","context":"In &quot;Desde el FAJ&quot;","block_context":{"text":"Desde el FAJ","link":"https:\/\/artejoven.org\/it\/category\/noticias\/desde-el-faj\/"},"img":{"alt_text":"Residencia Acad\u00e9mica Hait\u00ed - Cuba","src":"https:\/\/i0.wp.com\/artejoven.org\/wp-content\/uploads\/2023\/10\/Residencia-academica-Haiti-Cuba-jpg.webp?resize=350%2C200&ssl=1","width":350,"height":200,"srcset":"https:\/\/i0.wp.com\/artejoven.org\/wp-content\/uploads\/2023\/10\/Residencia-academica-Haiti-Cuba-jpg.webp?resize=350%2C200&ssl=1 1x, https:\/\/i0.wp.com\/artejoven.org\/wp-content\/uploads\/2023\/10\/Residencia-academica-Haiti-Cuba-jpg.webp?resize=525%2C300&ssl=1 1.5x, https:\/\/i0.wp.com\/artejoven.org\/wp-content\/uploads\/2023\/10\/Residencia-academica-Haiti-Cuba-jpg.webp?resize=700%2C400&ssl=1 2x, https:\/\/i0.wp.com\/artejoven.org\/wp-content\/uploads\/2023\/10\/Residencia-academica-Haiti-Cuba-jpg.webp?resize=1050%2C600&ssl=1 3x"},"classes":[]},{"id":7232,"url":"https:\/\/artejoven.org\/it\/una-mirada-inspiradora-al-futuro-del-arte-emergente-fondo-de-arte-joven-inaugura-niebla-en-la-galeria-salon-blanco\/","url_meta":{"origin":5892,"position":2},"title":"Uno sguardo stimolante sul futuro dell'arte emergente: Il Fondo de Arte Joven inaugura \"Niebla\" presso la Galleria Sal\u00f3n Blanco","author":"Ren\u00e9 Manuel Puig","date":"29 de Marzo de 2024","format":false,"excerpt":"Il talento del giovane artista visivo Daniel Ant\u00f3n Morera, Gran Premio Malayerba 2023, ha conquistato il pubblico presente all'inaugurazione della sua mostra personale \"Niebla\", gioved\u00ec 28 marzo presso la White Room Gallery del Fondo per la Giovane Arte (FAJ).","rel":"","context":"In &quot;Desde el FAJ&quot;","block_context":{"text":"Desde el FAJ","link":"https:\/\/artejoven.org\/it\/category\/noticias\/desde-el-faj\/"},"img":{"alt_text":"\u201cNiebla\u201d en la Galer\u00eda Sal\u00f3n Blanco","src":"https:\/\/i0.wp.com\/artejoven.org\/wp-content\/uploads\/2024\/03\/Niebla-portada-jpg.webp?resize=350%2C200&ssl=1","width":350,"height":200,"srcset":"https:\/\/i0.wp.com\/artejoven.org\/wp-content\/uploads\/2024\/03\/Niebla-portada-jpg.webp?resize=350%2C200&ssl=1 1x, https:\/\/i0.wp.com\/artejoven.org\/wp-content\/uploads\/2024\/03\/Niebla-portada-jpg.webp?resize=525%2C300&ssl=1 1.5x, https:\/\/i0.wp.com\/artejoven.org\/wp-content\/uploads\/2024\/03\/Niebla-portada-jpg.webp?resize=700%2C400&ssl=1 2x, https:\/\/i0.wp.com\/artejoven.org\/wp-content\/uploads\/2024\/03\/Niebla-portada-jpg.webp?resize=1050%2C600&ssl=1 3x"},"classes":[]},{"id":7477,"url":"https:\/\/artejoven.org\/it\/el-porque-de-la-constancia-una-exposicion-dedicada-a-las-maestras-historicas-de-la-ensenanza-artistica-en-la-habana\/","url_meta":{"origin":5892,"position":3},"title":"El porqu\u00e9 de la constancia, una mostra dedicata alle storiche insegnanti di educazione artistica dell'Avana.","author":"Ren\u00e9 Manuel Puig","date":"4 de Giugno de 2024","format":false,"excerpt":"Lo scorso gioved\u00ec 30 maggio, il Fondo de Arte Joven (FAJ) e la Fundaci\u00f3n Los Carbonell \/ NG Art Gallery hanno inaugurato la mostra collettiva El porqu\u00e9 de la constancia presso la Galer\u00eda Sal\u00f3n Blanco, situata nel Convento e nella Basilica di San Francisco de As\u00eds.","rel":"","context":"In &quot;Desde el FAJ&quot;","block_context":{"text":"Desde el FAJ","link":"https:\/\/artejoven.org\/it\/category\/noticias\/desde-el-faj\/"},"img":{"alt_text":"El porqu\u00e9 de la constancia","src":"https:\/\/i0.wp.com\/artejoven.org\/wp-content\/uploads\/2024\/06\/El-porque-de-la-constancia.jpg?resize=350%2C200&ssl=1","width":350,"height":200,"srcset":"https:\/\/i0.wp.com\/artejoven.org\/wp-content\/uploads\/2024\/06\/El-porque-de-la-constancia.jpg?resize=350%2C200&ssl=1 1x, https:\/\/i0.wp.com\/artejoven.org\/wp-content\/uploads\/2024\/06\/El-porque-de-la-constancia.jpg?resize=525%2C300&ssl=1 1.5x, https:\/\/i0.wp.com\/artejoven.org\/wp-content\/uploads\/2024\/06\/El-porque-de-la-constancia.jpg?resize=700%2C400&ssl=1 2x, https:\/\/i0.wp.com\/artejoven.org\/wp-content\/uploads\/2024\/06\/El-porque-de-la-constancia.jpg?resize=1050%2C600&ssl=1 3x"},"classes":[]},{"id":8049,"url":"https:\/\/artejoven.org\/it\/fondo-de-arte-joven-inaugura-en-la-habana-la-segunda-edicion-de-la-muestra-concurso-malayerba\/","url_meta":{"origin":5892,"position":4},"title":"Il Fondo de Arte Joven inaugura all'Avana la seconda edizione della mostra concorso malaYerba","author":"Ren\u00e9 Manuel Puig","date":"13 de Settembre de 2024","format":false,"excerpt":"A un anno dalla sua creazione, malaYerba si \u00e8 consolidata come uno spazio in cui le voci dell'arte emergente trovano un luogo per esprimersi e connettersi con il pubblico.","rel":"","context":"In &quot;Desde el FAJ&quot;","block_context":{"text":"Desde el FAJ","link":"https:\/\/artejoven.org\/it\/category\/noticias\/desde-el-faj\/"},"img":{"alt_text":"malaYerba II","src":"https:\/\/i0.wp.com\/artejoven.org\/wp-content\/uploads\/2024\/09\/01-jpg.webp?resize=350%2C200&ssl=1","width":350,"height":200,"srcset":"https:\/\/i0.wp.com\/artejoven.org\/wp-content\/uploads\/2024\/09\/01-jpg.webp?resize=350%2C200&ssl=1 1x, https:\/\/i0.wp.com\/artejoven.org\/wp-content\/uploads\/2024\/09\/01-jpg.webp?resize=525%2C300&ssl=1 1.5x, https:\/\/i0.wp.com\/artejoven.org\/wp-content\/uploads\/2024\/09\/01-jpg.webp?resize=700%2C400&ssl=1 2x, https:\/\/i0.wp.com\/artejoven.org\/wp-content\/uploads\/2024\/09\/01-jpg.webp?resize=1050%2C600&ssl=1 3x"},"classes":[]},{"id":7326,"url":"https:\/\/artejoven.org\/it\/visita-el-critico-y-curador-de-arte-gerardo-mosquera-la-muestra-personal-niebla-en-la-galeria-salon-blanco\/","url_meta":{"origin":5892,"position":5},"title":"Il critico d'arte e curatore Gerardo Mosquera visita la mostra personale Niebla, presso la Galleria Sal\u00f3n Blanco.","author":"Ren\u00e9 Manuel Puig","date":"9 de Aprile de 2024","format":false,"excerpt":"Lo spazio espositivo abituale del Fondo de Arte Joven (FAJ), la Galer\u00eda Sal\u00f3n Blanco, ha accolto per la seconda volta il critico d'arte e curatore Gerardo Mosquera.","rel":"","context":"In &quot;Desde el FAJ&quot;","block_context":{"text":"Desde el FAJ","link":"https:\/\/artejoven.org\/it\/category\/noticias\/desde-el-faj\/"},"img":{"alt_text":"Niebla, de Daniel Ant\u00f3n","src":"https:\/\/i0.wp.com\/artejoven.org\/wp-content\/uploads\/2024\/04\/img_9417-1-jpg.webp?resize=350%2C200&ssl=1","width":350,"height":200,"srcset":"https:\/\/i0.wp.com\/artejoven.org\/wp-content\/uploads\/2024\/04\/img_9417-1-jpg.webp?resize=350%2C200&ssl=1 1x, https:\/\/i0.wp.com\/artejoven.org\/wp-content\/uploads\/2024\/04\/img_9417-1-jpg.webp?resize=525%2C300&ssl=1 1.5x, https:\/\/i0.wp.com\/artejoven.org\/wp-content\/uploads\/2024\/04\/img_9417-1-jpg.webp?resize=700%2C400&ssl=1 2x, https:\/\/i0.wp.com\/artejoven.org\/wp-content\/uploads\/2024\/04\/img_9417-1-jpg.webp?resize=1050%2C600&ssl=1 3x, https:\/\/i0.wp.com\/artejoven.org\/wp-content\/uploads\/2024\/04\/img_9417-1-jpg.webp?resize=1400%2C800&ssl=1 4x"},"classes":[]}],"jetpack_sharing_enabled":true,"_links":{"self":[{"href":"https:\/\/artejoven.org\/it\/wp-json\/wp\/v2\/posts\/5892","targetHints":{"allow":["GET"]}}],"collection":[{"href":"https:\/\/artejoven.org\/it\/wp-json\/wp\/v2\/posts"}],"about":[{"href":"https:\/\/artejoven.org\/it\/wp-json\/wp\/v2\/types\/post"}],"author":[{"embeddable":true,"href":"https:\/\/artejoven.org\/it\/wp-json\/wp\/v2\/users\/1"}],"replies":[{"embeddable":true,"href":"https:\/\/artejoven.org\/it\/wp-json\/wp\/v2\/comments?post=5892"}],"version-history":[{"count":0,"href":"https:\/\/artejoven.org\/it\/wp-json\/wp\/v2\/posts\/5892\/revisions"}],"wp:featuredmedia":[{"embeddable":true,"href":"https:\/\/artejoven.org\/it\/wp-json\/wp\/v2\/media\/5910"}],"wp:attachment":[{"href":"https:\/\/artejoven.org\/it\/wp-json\/wp\/v2\/media?parent=5892"}],"wp:term":[{"taxonomy":"category","embeddable":true,"href":"https:\/\/artejoven.org\/it\/wp-json\/wp\/v2\/categories?post=5892"},{"taxonomy":"post_tag","embeddable":true,"href":"https:\/\/artejoven.org\/it\/wp-json\/wp\/v2\/tags?post=5892"}],"curies":[{"name":"wp","href":"https:\/\/api.w.org\/{rel}","templated":true}]}}