{"id":7201,"date":"2024-03-06T21:25:35","date_gmt":"2024-03-07T02:25:35","guid":{"rendered":"https:\/\/artejoven.org\/?p=7201"},"modified":"2024-03-07T17:12:11","modified_gmt":"2024-03-07T22:12:11","slug":"viaggio-verso-lutopia-il-concerto-suonato-da-e-per-i-giovani-artisti","status":"publish","type":"post","link":"https:\/\/artejoven.org\/it\/viaje-a-la-utopia-el-concierto-sonado-por-y-para-jovenes-artistas\/","title":{"rendered":"Journey to Utopia, il concerto dei sogni di e per giovani artisti"},"content":{"rendered":"<p>Come un viaggio che percorre gli angoli utopici dell'arte e li prende per mano per celebrarne l'esistenza, abbiamo celebrato il primo anniversario della creazione del Fondo de Arte Joven (FAJ). \u201cViaggio in Utopia\u201d era un concerto pensato per i nostri artisti, vincitori dei bandi per progetti musicali creativi lanciati dal FAJ, e cos\u00ec \u00e8 stato. Dalla direzione artistica all'ingegneria del suono, sono stati loro i protagonisti della serata.<\/p>\n\n\n\n<p>Il tour \u00e8 iniziato nell'atrio del Museo Nacional de Bellas Artes. Il giovane flautista Yasel Mu\u00f1oz \u00e8 stato incaricato di accogliere il pubblico e di invitarlo a godere di una serata tanto diversa quanto insolita. A lui hanno fatto seguito Patricia D\u00edaz alla chitarra e l'Ensemble di flauti guidato da Samdor Ram\u00edrez. Il pubblico ha capito che non sarebbe stato possibile tornare indietro.<\/p>\n\n\n\n<div class=\"wp-block-jetpack-tiled-gallery aligncenter is-style-rectangular has-rounded-corners-15\"><div class=\"tiled-gallery__gallery\"><div class=\"tiled-gallery__row\"><div class=\"tiled-gallery__col\" style=\"flex-basis:66.80788%\"><figure class=\"tiled-gallery__item\"><a href=\"https:\/\/artejoven.org\/wp-content\/uploads\/2024\/03\/A7R9136-1024x683.webp\"><img decoding=\"async\" srcset=\"https:\/\/i2.wp.com\/artejoven.org\/wp-content\/uploads\/2024\/03\/A7R9136-1024x683.webp?strip=info&#038;w=600&#038;ssl=1 600w,https:\/\/i2.wp.com\/artejoven.org\/wp-content\/uploads\/2024\/03\/A7R9136-1024x683.webp?strip=info&#038;w=900&#038;ssl=1 900w,https:\/\/i2.wp.com\/artejoven.org\/wp-content\/uploads\/2024\/03\/A7R9136-1024x683.webp?strip=info&#038;w=1200&#038;ssl=1 1200w,https:\/\/i2.wp.com\/artejoven.org\/wp-content\/uploads\/2024\/03\/A7R9136-1024x683.webp?strip=info&#038;w=1500&#038;ssl=1 1500w,https:\/\/i2.wp.com\/artejoven.org\/wp-content\/uploads\/2024\/03\/A7R9136-1024x683.webp?strip=info&#038;w=1800&#038;ssl=1 1800w,https:\/\/i2.wp.com\/artejoven.org\/wp-content\/uploads\/2024\/03\/A7R9136-1024x683.webp?strip=info&#038;w=2000&#038;ssl=1 2000w\" alt=\"Viaggio verso Utopia\" data-height=\"1707\" data-id=\"7204\" data-link=\"https:\/\/artejoven.org\/?attachment_id=7204#main\" data-url=\"https:\/\/artejoven.org\/wp-content\/uploads\/2024\/03\/A7R9136-1024x683.webp\" data-width=\"2560\" src=\"https:\/\/i2.wp.com\/artejoven.org\/wp-content\/uploads\/2024\/03\/A7R9136-1024x683.webp?ssl=1\" data-amp-layout=\"responsive\"\/><\/a><\/figure><\/div><div class=\"tiled-gallery__col\" style=\"flex-basis:33.19212%\"><figure class=\"tiled-gallery__item\"><a href=\"https:\/\/artejoven.org\/wp-content\/uploads\/2024\/03\/A7R9142-1024x683.webp\"><img decoding=\"async\" srcset=\"https:\/\/i0.wp.com\/artejoven.org\/wp-content\/uploads\/2024\/03\/A7R9142-1024x683.webp?strip=info&#038;w=600&#038;ssl=1 600w,https:\/\/i0.wp.com\/artejoven.org\/wp-content\/uploads\/2024\/03\/A7R9142-1024x683.webp?strip=info&#038;w=900&#038;ssl=1 900w,https:\/\/i0.wp.com\/artejoven.org\/wp-content\/uploads\/2024\/03\/A7R9142-1024x683.webp?strip=info&#038;w=1200&#038;ssl=1 1200w,https:\/\/i0.wp.com\/artejoven.org\/wp-content\/uploads\/2024\/03\/A7R9142-1024x683.webp?strip=info&#038;w=1500&#038;ssl=1 1500w,https:\/\/i0.wp.com\/artejoven.org\/wp-content\/uploads\/2024\/03\/A7R9142-1024x683.webp?strip=info&#038;w=1800&#038;ssl=1 1800w,https:\/\/i0.wp.com\/artejoven.org\/wp-content\/uploads\/2024\/03\/A7R9142-1024x683.webp?strip=info&#038;w=2000&#038;ssl=1 2000w\" alt=\"Viaggio verso Utopia\" data-height=\"1707\" data-id=\"7203\" data-link=\"https:\/\/artejoven.org\/?attachment_id=7203#main\" data-url=\"https:\/\/artejoven.org\/wp-content\/uploads\/2024\/03\/A7R9142-1024x683.webp\" data-width=\"2560\" src=\"https:\/\/i0.wp.com\/artejoven.org\/wp-content\/uploads\/2024\/03\/A7R9142-1024x683.webp?ssl=1\" data-amp-layout=\"responsive\"\/><\/a><\/figure><figure class=\"tiled-gallery__item\"><a href=\"https:\/\/artejoven.org\/wp-content\/uploads\/2024\/03\/A7R9175-1024x683.webp\"><img decoding=\"async\" srcset=\"https:\/\/i1.wp.com\/artejoven.org\/wp-content\/uploads\/2024\/03\/A7R9175-1024x683.webp?strip=info&#038;w=600&#038;ssl=1 600w,https:\/\/i1.wp.com\/artejoven.org\/wp-content\/uploads\/2024\/03\/A7R9175-1024x683.webp?strip=info&#038;w=900&#038;ssl=1 900w,https:\/\/i1.wp.com\/artejoven.org\/wp-content\/uploads\/2024\/03\/A7R9175-1024x683.webp?strip=info&#038;w=1200&#038;ssl=1 1200w,https:\/\/i1.wp.com\/artejoven.org\/wp-content\/uploads\/2024\/03\/A7R9175-1024x683.webp?strip=info&#038;w=1500&#038;ssl=1 1500w,https:\/\/i1.wp.com\/artejoven.org\/wp-content\/uploads\/2024\/03\/A7R9175-1024x683.webp?strip=info&#038;w=1800&#038;ssl=1 1800w,https:\/\/i1.wp.com\/artejoven.org\/wp-content\/uploads\/2024\/03\/A7R9175-1024x683.webp?strip=info&#038;w=2000&#038;ssl=1 2000w\" alt=\"\" data-height=\"1707\" data-id=\"7225\" data-link=\"https:\/\/artejoven.org\/viaje-a-la-utopia-el-concierto-sonado-por-y-para-jovenes-artistas\/a7r9175\/#main\" data-url=\"https:\/\/artejoven.org\/wp-content\/uploads\/2024\/03\/A7R9175-1024x683.webp\" data-width=\"2560\" src=\"https:\/\/i1.wp.com\/artejoven.org\/wp-content\/uploads\/2024\/03\/A7R9175-1024x683.webp?ssl=1\" data-amp-layout=\"responsive\"\/><\/a><\/figure><\/div><\/div><\/div><\/div>\n\n\n\n<p>Ammaliati dalla potenza della musica, camminavano dietro Yasel, o ai suoi lati, come chi non vuole perdersi un dettaglio.<\/p>\n\n\n\n<p>Una volta entrati nel teatro, Abel Lescay al pianoforte ha confermato ogni sospetto e ha invitato tutti a rimanere seduti, perch\u00e9 questo concerto prometteva emozioni a non finire. Cos\u00ec sono arrivati gli accordi del clarinetto, dalle mani di Coqui Calzadilla, che dopo una prima apparizione sul palco, ha poi accompagnato sul palco la giovane pianista Lianne Vega.&nbsp;<\/p>\n\n\n\n<p>La musica entrava e usciva ai lati del pubblico, oltre le tavole, dietro le poltrone, come se rimbalzasse attraverso tutte le fessure della stanza. Il pubblico ha applaudito, come se non sapesse cosa fare di fronte a tanta provocazione sensoriale.<\/p>\n\n\n\n<div class=\"wp-block-jetpack-tiled-gallery aligncenter is-style-rectangular has-rounded-corners-15\"><div class=\"tiled-gallery__gallery\"><div class=\"tiled-gallery__row\"><div class=\"tiled-gallery__col\" style=\"flex-basis:66.80788%\"><figure class=\"tiled-gallery__item\"><a href=\"https:\/\/artejoven.org\/wp-content\/uploads\/2024\/03\/A7R9221-1024x683.webp\"><img decoding=\"async\" srcset=\"https:\/\/i0.wp.com\/artejoven.org\/wp-content\/uploads\/2024\/03\/A7R9221-1024x683.webp?strip=info&#038;w=600&#038;ssl=1 600w,https:\/\/i0.wp.com\/artejoven.org\/wp-content\/uploads\/2024\/03\/A7R9221-1024x683.webp?strip=info&#038;w=900&#038;ssl=1 900w,https:\/\/i0.wp.com\/artejoven.org\/wp-content\/uploads\/2024\/03\/A7R9221-1024x683.webp?strip=info&#038;w=1200&#038;ssl=1 1200w,https:\/\/i0.wp.com\/artejoven.org\/wp-content\/uploads\/2024\/03\/A7R9221-1024x683.webp?strip=info&#038;w=1500&#038;ssl=1 1500w,https:\/\/i0.wp.com\/artejoven.org\/wp-content\/uploads\/2024\/03\/A7R9221-1024x683.webp?strip=info&#038;w=1800&#038;ssl=1 1800w,https:\/\/i0.wp.com\/artejoven.org\/wp-content\/uploads\/2024\/03\/A7R9221-1024x683.webp?strip=info&#038;w=2000&#038;ssl=1 2000w\" alt=\"Viaggio verso Utopia\" data-height=\"1707\" data-id=\"7207\" data-link=\"https:\/\/artejoven.org\/?attachment_id=7207#main\" data-url=\"https:\/\/artejoven.org\/wp-content\/uploads\/2024\/03\/A7R9221-1024x683.webp\" data-width=\"2560\" src=\"https:\/\/i0.wp.com\/artejoven.org\/wp-content\/uploads\/2024\/03\/A7R9221-1024x683.webp?ssl=1\" data-amp-layout=\"responsive\"\/><\/a><\/figure><\/div><div class=\"tiled-gallery__col\" style=\"flex-basis:33.19212%\"><figure class=\"tiled-gallery__item\"><a href=\"https:\/\/artejoven.org\/wp-content\/uploads\/2024\/03\/A7R9264-1024x683.webp\"><img decoding=\"async\" srcset=\"https:\/\/i1.wp.com\/artejoven.org\/wp-content\/uploads\/2024\/03\/A7R9264-1024x683.webp?strip=info&#038;w=600&#038;ssl=1 600w,https:\/\/i1.wp.com\/artejoven.org\/wp-content\/uploads\/2024\/03\/A7R9264-1024x683.webp?strip=info&#038;w=900&#038;ssl=1 900w,https:\/\/i1.wp.com\/artejoven.org\/wp-content\/uploads\/2024\/03\/A7R9264-1024x683.webp?strip=info&#038;w=1200&#038;ssl=1 1200w,https:\/\/i1.wp.com\/artejoven.org\/wp-content\/uploads\/2024\/03\/A7R9264-1024x683.webp?strip=info&#038;w=1500&#038;ssl=1 1500w,https:\/\/i1.wp.com\/artejoven.org\/wp-content\/uploads\/2024\/03\/A7R9264-1024x683.webp?strip=info&#038;w=1800&#038;ssl=1 1800w,https:\/\/i1.wp.com\/artejoven.org\/wp-content\/uploads\/2024\/03\/A7R9264-1024x683.webp?strip=info&#038;w=2000&#038;ssl=1 2000w\" alt=\"Viaggio verso Utopia\" data-height=\"1707\" data-id=\"7205\" data-link=\"https:\/\/artejoven.org\/?attachment_id=7205#main\" data-url=\"https:\/\/artejoven.org\/wp-content\/uploads\/2024\/03\/A7R9264-1024x683.webp\" data-width=\"2560\" src=\"https:\/\/i1.wp.com\/artejoven.org\/wp-content\/uploads\/2024\/03\/A7R9264-1024x683.webp?ssl=1\" data-amp-layout=\"responsive\"\/><\/a><\/figure><figure class=\"tiled-gallery__item\"><a href=\"https:\/\/artejoven.org\/wp-content\/uploads\/2024\/03\/A7R9226-1024x683.webp\"><img decoding=\"async\" srcset=\"https:\/\/i2.wp.com\/artejoven.org\/wp-content\/uploads\/2024\/03\/A7R9226-1024x683.webp?strip=info&#038;w=600&#038;ssl=1 600w,https:\/\/i2.wp.com\/artejoven.org\/wp-content\/uploads\/2024\/03\/A7R9226-1024x683.webp?strip=info&#038;w=900&#038;ssl=1 900w,https:\/\/i2.wp.com\/artejoven.org\/wp-content\/uploads\/2024\/03\/A7R9226-1024x683.webp?strip=info&#038;w=1200&#038;ssl=1 1200w,https:\/\/i2.wp.com\/artejoven.org\/wp-content\/uploads\/2024\/03\/A7R9226-1024x683.webp?strip=info&#038;w=1500&#038;ssl=1 1500w,https:\/\/i2.wp.com\/artejoven.org\/wp-content\/uploads\/2024\/03\/A7R9226-1024x683.webp?strip=info&#038;w=1800&#038;ssl=1 1800w,https:\/\/i2.wp.com\/artejoven.org\/wp-content\/uploads\/2024\/03\/A7R9226-1024x683.webp?strip=info&#038;w=2000&#038;ssl=1 2000w\" alt=\"Viaggio verso Utopia\" data-height=\"1707\" data-id=\"7206\" data-link=\"https:\/\/artejoven.org\/?attachment_id=7206#main\" data-url=\"https:\/\/artejoven.org\/wp-content\/uploads\/2024\/03\/A7R9226-1024x683.webp\" data-width=\"2560\" src=\"https:\/\/i2.wp.com\/artejoven.org\/wp-content\/uploads\/2024\/03\/A7R9226-1024x683.webp?ssl=1\" data-amp-layout=\"responsive\"\/><\/a><\/figure><\/div><\/div><\/div><\/div>\n\n\n\n<p>Wendy Oram \u00e8 entrata in scena con la sua voce vibrante. Cos\u00ec, quando tutti pensavano che i loro cellulari avrebbero fatto una pausa, hanno guardato da dove provenisse questo timbro forte e dolce. Le telecamere si sono concentrate su di lei e l'hanno seguita fino al palco, dove \u00e8 stata raggiunta dalla pianista Alba Chang: le sorelle SonG\u00e1lvez hanno fatto il loro dovere.<\/p>\n\n\n\n<p>In seguito, il Sintergia Jazz Colective ha dato un assaggio del suo \u201csuono cosmico\u201d, che mescola il jazz con altri generi musicali cubani e internazionali.<\/p>\n\n\n\n<p>Nel frattempo Ernesto Oliva, pianista e direttore artistico dello spettacolo, si \u00e8 rivolto al pubblico a nome della FAJ e della sua comunit\u00e0, per riassumere brevemente il lavoro di una piattaforma senza precedenti che ha promosso le carriere di giovani creatori cubani con uno sguardo al futuro, impegnati a salvaguardare il patrimonio di Cuba.<\/p>\n\n\n\n<div class=\"wp-block-jetpack-tiled-gallery aligncenter is-style-rectangular has-rounded-corners-15\"><div class=\"tiled-gallery__gallery\"><div class=\"tiled-gallery__row\"><div class=\"tiled-gallery__col\" style=\"flex-basis:66.80788%\"><figure class=\"tiled-gallery__item\"><a href=\"https:\/\/artejoven.org\/wp-content\/uploads\/2024\/03\/A7R9299-1024x683.webp\"><img decoding=\"async\" srcset=\"https:\/\/i1.wp.com\/artejoven.org\/wp-content\/uploads\/2024\/03\/A7R9299-1024x683.webp?strip=info&#038;w=600&#038;ssl=1 600w,https:\/\/i1.wp.com\/artejoven.org\/wp-content\/uploads\/2024\/03\/A7R9299-1024x683.webp?strip=info&#038;w=900&#038;ssl=1 900w,https:\/\/i1.wp.com\/artejoven.org\/wp-content\/uploads\/2024\/03\/A7R9299-1024x683.webp?strip=info&#038;w=1200&#038;ssl=1 1200w,https:\/\/i1.wp.com\/artejoven.org\/wp-content\/uploads\/2024\/03\/A7R9299-1024x683.webp?strip=info&#038;w=1500&#038;ssl=1 1500w,https:\/\/i1.wp.com\/artejoven.org\/wp-content\/uploads\/2024\/03\/A7R9299-1024x683.webp?strip=info&#038;w=1800&#038;ssl=1 1800w,https:\/\/i1.wp.com\/artejoven.org\/wp-content\/uploads\/2024\/03\/A7R9299-1024x683.webp?strip=info&#038;w=2000&#038;ssl=1 2000w\" alt=\"Viaggio verso Utopia\" data-height=\"1707\" data-id=\"7210\" data-link=\"https:\/\/artejoven.org\/?attachment_id=7210#main\" data-url=\"https:\/\/artejoven.org\/wp-content\/uploads\/2024\/03\/A7R9299-1024x683.webp\" data-width=\"2560\" src=\"https:\/\/i1.wp.com\/artejoven.org\/wp-content\/uploads\/2024\/03\/A7R9299-1024x683.webp?ssl=1\" data-amp-layout=\"responsive\"\/><\/a><\/figure><\/div><div class=\"tiled-gallery__col\" style=\"flex-basis:33.19212%\"><figure class=\"tiled-gallery__item\"><a href=\"https:\/\/artejoven.org\/wp-content\/uploads\/2024\/03\/A7R9290-1024x683.webp\"><img decoding=\"async\" srcset=\"https:\/\/i0.wp.com\/artejoven.org\/wp-content\/uploads\/2024\/03\/A7R9290-1024x683.webp?strip=info&#038;w=600&#038;ssl=1 600w,https:\/\/i0.wp.com\/artejoven.org\/wp-content\/uploads\/2024\/03\/A7R9290-1024x683.webp?strip=info&#038;w=900&#038;ssl=1 900w,https:\/\/i0.wp.com\/artejoven.org\/wp-content\/uploads\/2024\/03\/A7R9290-1024x683.webp?strip=info&#038;w=1200&#038;ssl=1 1200w,https:\/\/i0.wp.com\/artejoven.org\/wp-content\/uploads\/2024\/03\/A7R9290-1024x683.webp?strip=info&#038;w=1500&#038;ssl=1 1500w,https:\/\/i0.wp.com\/artejoven.org\/wp-content\/uploads\/2024\/03\/A7R9290-1024x683.webp?strip=info&#038;w=1800&#038;ssl=1 1800w,https:\/\/i0.wp.com\/artejoven.org\/wp-content\/uploads\/2024\/03\/A7R9290-1024x683.webp?strip=info&#038;w=2000&#038;ssl=1 2000w\" alt=\"Viaggio verso Utopia\" data-height=\"1707\" data-id=\"7211\" data-link=\"https:\/\/artejoven.org\/?attachment_id=7211#main\" data-url=\"https:\/\/artejoven.org\/wp-content\/uploads\/2024\/03\/A7R9290-1024x683.webp\" data-width=\"2560\" src=\"https:\/\/i0.wp.com\/artejoven.org\/wp-content\/uploads\/2024\/03\/A7R9290-1024x683.webp?ssl=1\" data-amp-layout=\"responsive\"\/><\/a><\/figure><figure class=\"tiled-gallery__item\"><a href=\"https:\/\/artejoven.org\/wp-content\/uploads\/2024\/03\/A7R9322-1024x683.webp\"><img decoding=\"async\" srcset=\"https:\/\/i1.wp.com\/artejoven.org\/wp-content\/uploads\/2024\/03\/A7R9322-1024x683.webp?strip=info&#038;w=600&#038;ssl=1 600w,https:\/\/i1.wp.com\/artejoven.org\/wp-content\/uploads\/2024\/03\/A7R9322-1024x683.webp?strip=info&#038;w=900&#038;ssl=1 900w,https:\/\/i1.wp.com\/artejoven.org\/wp-content\/uploads\/2024\/03\/A7R9322-1024x683.webp?strip=info&#038;w=1200&#038;ssl=1 1200w,https:\/\/i1.wp.com\/artejoven.org\/wp-content\/uploads\/2024\/03\/A7R9322-1024x683.webp?strip=info&#038;w=1500&#038;ssl=1 1500w,https:\/\/i1.wp.com\/artejoven.org\/wp-content\/uploads\/2024\/03\/A7R9322-1024x683.webp?strip=info&#038;w=1800&#038;ssl=1 1800w,https:\/\/i1.wp.com\/artejoven.org\/wp-content\/uploads\/2024\/03\/A7R9322-1024x683.webp?strip=info&#038;w=2000&#038;ssl=1 2000w\" alt=\"Viaggio verso Utopia\" data-height=\"1707\" data-id=\"7209\" data-link=\"https:\/\/artejoven.org\/?attachment_id=7209#main\" data-url=\"https:\/\/artejoven.org\/wp-content\/uploads\/2024\/03\/A7R9322-1024x683.webp\" data-width=\"2560\" src=\"https:\/\/i1.wp.com\/artejoven.org\/wp-content\/uploads\/2024\/03\/A7R9322-1024x683.webp?ssl=1\" data-amp-layout=\"responsive\"\/><\/a><\/figure><\/div><\/div><div class=\"tiled-gallery__row\"><div class=\"tiled-gallery__col\" style=\"flex-basis:100.00000%\"><figure class=\"tiled-gallery__item\"><a href=\"https:\/\/artejoven.org\/wp-content\/uploads\/2024\/03\/A7R9374-1024x683.webp\"><img decoding=\"async\" srcset=\"https:\/\/i0.wp.com\/artejoven.org\/wp-content\/uploads\/2024\/03\/A7R9374-1024x683.webp?strip=info&#038;w=600&#038;ssl=1 600w,https:\/\/i0.wp.com\/artejoven.org\/wp-content\/uploads\/2024\/03\/A7R9374-1024x683.webp?strip=info&#038;w=900&#038;ssl=1 900w,https:\/\/i0.wp.com\/artejoven.org\/wp-content\/uploads\/2024\/03\/A7R9374-1024x683.webp?strip=info&#038;w=1200&#038;ssl=1 1200w,https:\/\/i0.wp.com\/artejoven.org\/wp-content\/uploads\/2024\/03\/A7R9374-1024x683.webp?strip=info&#038;w=1500&#038;ssl=1 1500w,https:\/\/i0.wp.com\/artejoven.org\/wp-content\/uploads\/2024\/03\/A7R9374-1024x683.webp?strip=info&#038;w=1800&#038;ssl=1 1800w,https:\/\/i0.wp.com\/artejoven.org\/wp-content\/uploads\/2024\/03\/A7R9374-1024x683.webp?strip=info&#038;w=2000&#038;ssl=1 2000w\" alt=\"Viaggio verso Utopia\" data-height=\"1707\" data-id=\"7208\" data-link=\"https:\/\/artejoven.org\/?attachment_id=7208#main\" data-url=\"https:\/\/artejoven.org\/wp-content\/uploads\/2024\/03\/A7R9374-1024x683.webp\" data-width=\"2560\" src=\"https:\/\/i0.wp.com\/artejoven.org\/wp-content\/uploads\/2024\/03\/A7R9374-1024x683.webp?ssl=1\" data-amp-layout=\"responsive\"\/><\/a><\/figure><\/div><\/div><\/div><\/div>\n\n\n\n<p>La celebrazione \u00e8 proseguita con Dayron Ortiz e La Tropa, che hanno offerto al pubblico la loro miscela unica di modernit\u00e0 e tradizione. A loro si \u00e8 unito Juan Carlos Poveda per un emozionante duetto di chitarra con Dayron.<\/p>\n\n\n\n<p>Nel bel mezzo del climax Annys Batista \u00e8 arrivata con la sua voce potente, per avvertire che c'era ancora molto da vedere.<\/p>\n\n\n\n<p>Per chiudere in bellezza, Yasel Mu\u00f1oz \u00e8 tornata sul palco. Ancora una volta, il flauto come padrona di casa ha invitato il pubblico a tornare al punto in cui tutto \u00e8 iniziato. Con due colpi di bacchetta si \u00e8 levato un grido di emozione e il rock progressivo di Hist\u00e9resis ha concluso questo viaggio.<\/p>\n\n\n\n<div class=\"wp-block-jetpack-tiled-gallery aligncenter is-style-rectangular has-rounded-corners-15\"><div class=\"tiled-gallery__gallery\"><div class=\"tiled-gallery__row\"><div class=\"tiled-gallery__col\" style=\"flex-basis:66.80788%\"><figure class=\"tiled-gallery__item\"><a href=\"https:\/\/artejoven.org\/wp-content\/uploads\/2024\/03\/A7R9566-1024x683.webp\"><img decoding=\"async\" srcset=\"https:\/\/i2.wp.com\/artejoven.org\/wp-content\/uploads\/2024\/03\/A7R9566-1024x683.webp?strip=info&#038;w=600&#038;ssl=1 600w,https:\/\/i2.wp.com\/artejoven.org\/wp-content\/uploads\/2024\/03\/A7R9566-1024x683.webp?strip=info&#038;w=900&#038;ssl=1 900w,https:\/\/i2.wp.com\/artejoven.org\/wp-content\/uploads\/2024\/03\/A7R9566-1024x683.webp?strip=info&#038;w=1200&#038;ssl=1 1200w,https:\/\/i2.wp.com\/artejoven.org\/wp-content\/uploads\/2024\/03\/A7R9566-1024x683.webp?strip=info&#038;w=1500&#038;ssl=1 1500w,https:\/\/i2.wp.com\/artejoven.org\/wp-content\/uploads\/2024\/03\/A7R9566-1024x683.webp?strip=info&#038;w=1800&#038;ssl=1 1800w,https:\/\/i2.wp.com\/artejoven.org\/wp-content\/uploads\/2024\/03\/A7R9566-1024x683.webp?strip=info&#038;w=2000&#038;ssl=1 2000w\" alt=\"Viaggio verso Utopia\" data-height=\"1707\" data-id=\"7214\" data-link=\"https:\/\/artejoven.org\/?attachment_id=7214#main\" data-url=\"https:\/\/artejoven.org\/wp-content\/uploads\/2024\/03\/A7R9566-1024x683.webp\" data-width=\"2560\" src=\"https:\/\/i2.wp.com\/artejoven.org\/wp-content\/uploads\/2024\/03\/A7R9566-1024x683.webp?ssl=1\" data-amp-layout=\"responsive\"\/><\/a><\/figure><\/div><div class=\"tiled-gallery__col\" style=\"flex-basis:33.19212%\"><figure class=\"tiled-gallery__item\"><a href=\"https:\/\/artejoven.org\/wp-content\/uploads\/2024\/03\/A7R9522-1024x683.webp\"><img decoding=\"async\" srcset=\"https:\/\/i2.wp.com\/artejoven.org\/wp-content\/uploads\/2024\/03\/A7R9522-1024x683.webp?strip=info&#038;w=600&#038;ssl=1 600w,https:\/\/i2.wp.com\/artejoven.org\/wp-content\/uploads\/2024\/03\/A7R9522-1024x683.webp?strip=info&#038;w=900&#038;ssl=1 900w,https:\/\/i2.wp.com\/artejoven.org\/wp-content\/uploads\/2024\/03\/A7R9522-1024x683.webp?strip=info&#038;w=1200&#038;ssl=1 1200w,https:\/\/i2.wp.com\/artejoven.org\/wp-content\/uploads\/2024\/03\/A7R9522-1024x683.webp?strip=info&#038;w=1500&#038;ssl=1 1500w,https:\/\/i2.wp.com\/artejoven.org\/wp-content\/uploads\/2024\/03\/A7R9522-1024x683.webp?strip=info&#038;w=1800&#038;ssl=1 1800w,https:\/\/i2.wp.com\/artejoven.org\/wp-content\/uploads\/2024\/03\/A7R9522-1024x683.webp?strip=info&#038;w=2000&#038;ssl=1 2000w\" alt=\"Viaggio verso Utopia\" data-height=\"1707\" data-id=\"7212\" data-link=\"https:\/\/artejoven.org\/?attachment_id=7212#main\" data-url=\"https:\/\/artejoven.org\/wp-content\/uploads\/2024\/03\/A7R9522-1024x683.webp\" data-width=\"2560\" src=\"https:\/\/i2.wp.com\/artejoven.org\/wp-content\/uploads\/2024\/03\/A7R9522-1024x683.webp?ssl=1\" data-amp-layout=\"responsive\"\/><\/a><\/figure><figure class=\"tiled-gallery__item\"><a href=\"https:\/\/artejoven.org\/wp-content\/uploads\/2024\/03\/A7R9788-1024x683.webp\"><img decoding=\"async\" srcset=\"https:\/\/i2.wp.com\/artejoven.org\/wp-content\/uploads\/2024\/03\/A7R9788-1024x683.webp?strip=info&#038;w=600&#038;ssl=1 600w,https:\/\/i2.wp.com\/artejoven.org\/wp-content\/uploads\/2024\/03\/A7R9788-1024x683.webp?strip=info&#038;w=900&#038;ssl=1 900w,https:\/\/i2.wp.com\/artejoven.org\/wp-content\/uploads\/2024\/03\/A7R9788-1024x683.webp?strip=info&#038;w=1200&#038;ssl=1 1200w,https:\/\/i2.wp.com\/artejoven.org\/wp-content\/uploads\/2024\/03\/A7R9788-1024x683.webp?strip=info&#038;w=1500&#038;ssl=1 1500w,https:\/\/i2.wp.com\/artejoven.org\/wp-content\/uploads\/2024\/03\/A7R9788-1024x683.webp?strip=info&#038;w=1800&#038;ssl=1 1800w,https:\/\/i2.wp.com\/artejoven.org\/wp-content\/uploads\/2024\/03\/A7R9788-1024x683.webp?strip=info&#038;w=2000&#038;ssl=1 2000w\" alt=\"Viaggio verso Utopia\" data-height=\"1707\" data-id=\"7213\" data-link=\"https:\/\/artejoven.org\/?attachment_id=7213#main\" data-url=\"https:\/\/artejoven.org\/wp-content\/uploads\/2024\/03\/A7R9788-1024x683.webp\" data-width=\"2560\" src=\"https:\/\/i2.wp.com\/artejoven.org\/wp-content\/uploads\/2024\/03\/A7R9788-1024x683.webp?ssl=1\" data-amp-layout=\"responsive\"\/><\/a><\/figure><\/div><\/div><\/div><\/div>\n\n\n\n<p>Sabato 2 marzo, presso il Museo Nacional de Bellas Artes, \u00e8 stato conferito un riconoscimento speciale agli sforzi che il Fondo de Arte Joven sta compiendo dalla sua creazione nel 2023, attraverso alleanze con istituzioni, imprese, artisti e musicisti, oltre a molti altri attori sociali che oggi costituiscono la Comunit\u00e0 FAJ. &nbsp;&nbsp;<\/p>\n\n\n\n<p>Con questo impulso a trasformare le utopie in arte, il progetto consolida questo spazio che ha aperto un'oasi di creazione, riflessione e dibattito culturale inclusivo, con un impatto sulla nuova generazione di artisti, imprenditori, istituzioni e specialisti.<\/p>\n\n\n\n<div class=\"wp-block-jetpack-tiled-gallery aligncenter is-style-rectangular has-rounded-corners-15\"><div class=\"tiled-gallery__gallery\"><div class=\"tiled-gallery__row\"><div class=\"tiled-gallery__col\" style=\"flex-basis:66.80788%\"><figure class=\"tiled-gallery__item\"><a href=\"https:\/\/artejoven.org\/wp-content\/uploads\/2024\/03\/A7R9776-1024x683.webp\"><img decoding=\"async\" srcset=\"https:\/\/i0.wp.com\/artejoven.org\/wp-content\/uploads\/2024\/03\/A7R9776-1024x683.webp?strip=info&#038;w=600&#038;ssl=1 600w,https:\/\/i0.wp.com\/artejoven.org\/wp-content\/uploads\/2024\/03\/A7R9776-1024x683.webp?strip=info&#038;w=900&#038;ssl=1 900w,https:\/\/i0.wp.com\/artejoven.org\/wp-content\/uploads\/2024\/03\/A7R9776-1024x683.webp?strip=info&#038;w=1200&#038;ssl=1 1200w,https:\/\/i0.wp.com\/artejoven.org\/wp-content\/uploads\/2024\/03\/A7R9776-1024x683.webp?strip=info&#038;w=1500&#038;ssl=1 1500w,https:\/\/i0.wp.com\/artejoven.org\/wp-content\/uploads\/2024\/03\/A7R9776-1024x683.webp?strip=info&#038;w=1800&#038;ssl=1 1800w,https:\/\/i0.wp.com\/artejoven.org\/wp-content\/uploads\/2024\/03\/A7R9776-1024x683.webp?strip=info&#038;w=2000&#038;ssl=1 2000w\" alt=\"Viaggio verso Utopia\" data-height=\"1707\" data-id=\"7218\" data-link=\"https:\/\/artejoven.org\/?attachment_id=7218#main\" data-url=\"https:\/\/artejoven.org\/wp-content\/uploads\/2024\/03\/A7R9776-1024x683.webp\" data-width=\"2560\" src=\"https:\/\/i0.wp.com\/artejoven.org\/wp-content\/uploads\/2024\/03\/A7R9776-1024x683.webp?ssl=1\" data-amp-layout=\"responsive\"\/><\/a><\/figure><\/div><div class=\"tiled-gallery__col\" style=\"flex-basis:33.19212%\"><figure class=\"tiled-gallery__item\"><a href=\"https:\/\/artejoven.org\/wp-content\/uploads\/2024\/03\/A7R9017-1024x683.webp\"><img decoding=\"async\" srcset=\"https:\/\/i0.wp.com\/artejoven.org\/wp-content\/uploads\/2024\/03\/A7R9017-1024x683.webp?strip=info&#038;w=600&#038;ssl=1 600w,https:\/\/i0.wp.com\/artejoven.org\/wp-content\/uploads\/2024\/03\/A7R9017-1024x683.webp?strip=info&#038;w=900&#038;ssl=1 900w,https:\/\/i0.wp.com\/artejoven.org\/wp-content\/uploads\/2024\/03\/A7R9017-1024x683.webp?strip=info&#038;w=1200&#038;ssl=1 1200w,https:\/\/i0.wp.com\/artejoven.org\/wp-content\/uploads\/2024\/03\/A7R9017-1024x683.webp?strip=info&#038;w=1500&#038;ssl=1 1500w,https:\/\/i0.wp.com\/artejoven.org\/wp-content\/uploads\/2024\/03\/A7R9017-1024x683.webp?strip=info&#038;w=1800&#038;ssl=1 1800w,https:\/\/i0.wp.com\/artejoven.org\/wp-content\/uploads\/2024\/03\/A7R9017-1024x683.webp?strip=info&#038;w=2000&#038;ssl=1 2000w\" alt=\"Viaggio verso Utopia\" data-height=\"1707\" data-id=\"7217\" data-link=\"https:\/\/artejoven.org\/?attachment_id=7217#main\" data-url=\"https:\/\/artejoven.org\/wp-content\/uploads\/2024\/03\/A7R9017-1024x683.webp\" data-width=\"2560\" src=\"https:\/\/i0.wp.com\/artejoven.org\/wp-content\/uploads\/2024\/03\/A7R9017-1024x683.webp?ssl=1\" data-amp-layout=\"responsive\"\/><\/a><\/figure><figure class=\"tiled-gallery__item\"><a href=\"https:\/\/artejoven.org\/wp-content\/uploads\/2024\/03\/A7R9118-1024x683.webp\"><img decoding=\"async\" srcset=\"https:\/\/i0.wp.com\/artejoven.org\/wp-content\/uploads\/2024\/03\/A7R9118-1024x683.webp?strip=info&#038;w=600&#038;ssl=1 600w,https:\/\/i0.wp.com\/artejoven.org\/wp-content\/uploads\/2024\/03\/A7R9118-1024x683.webp?strip=info&#038;w=900&#038;ssl=1 900w,https:\/\/i0.wp.com\/artejoven.org\/wp-content\/uploads\/2024\/03\/A7R9118-1024x683.webp?strip=info&#038;w=1200&#038;ssl=1 1200w,https:\/\/i0.wp.com\/artejoven.org\/wp-content\/uploads\/2024\/03\/A7R9118-1024x683.webp?strip=info&#038;w=1500&#038;ssl=1 1500w,https:\/\/i0.wp.com\/artejoven.org\/wp-content\/uploads\/2024\/03\/A7R9118-1024x683.webp?strip=info&#038;w=1800&#038;ssl=1 1800w,https:\/\/i0.wp.com\/artejoven.org\/wp-content\/uploads\/2024\/03\/A7R9118-1024x683.webp?strip=info&#038;w=2000&#038;ssl=1 2000w\" alt=\"Viaggio verso Utopia\" data-height=\"1707\" data-id=\"7215\" data-link=\"https:\/\/artejoven.org\/?attachment_id=7215#main\" data-url=\"https:\/\/artejoven.org\/wp-content\/uploads\/2024\/03\/A7R9118-1024x683.webp\" data-width=\"2560\" src=\"https:\/\/i0.wp.com\/artejoven.org\/wp-content\/uploads\/2024\/03\/A7R9118-1024x683.webp?ssl=1\" data-amp-layout=\"responsive\"\/><\/a><\/figure><\/div><\/div><\/div><\/div>","protected":false},"excerpt":{"rendered":"<p>Come un viaggio attraverso gli angoli utopici dell'arte, prendendoli per mano per celebrare la loro esistenza, celebriamo il primo anniversario della creazione del Fondo de Arte Joven (FAJ). <\/p>","protected":false},"author":1,"featured_media":7202,"comment_status":"open","ping_status":"open","sticky":false,"template":"","format":"standard","meta":{"_acf_changed":false,"_jetpack_memberships_contains_paid_content":false,"footnotes":"","_links_to":"","_links_to_target":""},"categories":[35],"tags":[],"class_list":{"0":"post-7201","1":"post","2":"type-post","3":"status-publish","4":"format-standard","5":"has-post-thumbnail","6":"hentry","7":"category-desde-el-faj","9":"post-with-thumbnail","10":"post-with-thumbnail-large"},"acf":[],"aioseo_notices":[],"jetpack_featured_media_url":"https:\/\/artejoven.org\/wp-content\/uploads\/2024\/03\/Viaje-a-la-utopia-01-jpg.webp","jetpack-related-posts":[{"id":9276,"url":"https:\/\/artejoven.org\/it\/fondo-de-arte-joven-la-creacion-colectiva-de-una-generacion\/","url_meta":{"origin":7201,"position":0},"title":"Fondo per l\u2019Arte Giovane: la creazione collettiva di una generazione","author":"Ren\u00e9 Manuel Puig","date":"9 de Aprile de 2025","format":false,"excerpt":"Due anni fa, quando il Fondo per l\u2019Arte Giovane (FAG) era solo un sogno, aspiravamo a costruire uno spazio inclusivo e dinamico in cui giovani artisti e imprenditori culturali potessero esplorare, sperimentare ed esprimere la propria creativit\u00e0.","rel":"","context":"In &quot;Desde el FAJ&quot;","block_context":{"text":"Desde el FAJ","link":"https:\/\/artejoven.org\/it\/category\/noticias\/desde-el-faj\/"},"img":{"alt_text":"Dos a\u00f1os FAJ","src":"https:\/\/i0.wp.com\/artejoven.org\/wp-content\/uploads\/2025\/04\/Banner_FAJ-2-ANOS.webp?resize=350%2C200&ssl=1","width":350,"height":200,"srcset":"https:\/\/i0.wp.com\/artejoven.org\/wp-content\/uploads\/2025\/04\/Banner_FAJ-2-ANOS.webp?resize=350%2C200&ssl=1 1x, https:\/\/i0.wp.com\/artejoven.org\/wp-content\/uploads\/2025\/04\/Banner_FAJ-2-ANOS.webp?resize=525%2C300&ssl=1 1.5x, https:\/\/i0.wp.com\/artejoven.org\/wp-content\/uploads\/2025\/04\/Banner_FAJ-2-ANOS.webp?resize=700%2C400&ssl=1 2x, https:\/\/i0.wp.com\/artejoven.org\/wp-content\/uploads\/2025\/04\/Banner_FAJ-2-ANOS.webp?resize=1050%2C600&ssl=1 3x"},"classes":[]},{"id":7165,"url":"https:\/\/artejoven.org\/it\/intercambia-enrique-martinez-celaya-con-jovenes-creadores-cubanos\/","url_meta":{"origin":7201,"position":1},"title":"Enrique Mart\u00ednez Celaya scambia con i giovani creatori cubani","author":"Ren\u00e9 Manuel Puig","date":"15 de Febbraio de 2024","format":false,"excerpt":"L'artista, autore e fisico Enrique Mart\u00ednez Celaya si \u00e8 confrontato con giovani creatori cubani nella Galleria Sal\u00f3n Blanco del Fondo de Arte Joven (FAJ). Per poco pi\u00f9 di due ore, i partecipanti hanno potuto conoscere la carriera di Mart\u00ednez Celaya, apprendere l'impatto della fisica e dell'arte sul suo lavoro e...","rel":"","context":"In &quot;Desde el FAJ&quot;","block_context":{"text":"Desde el FAJ","link":"https:\/\/artejoven.org\/it\/category\/noticias\/desde-el-faj\/"},"img":{"alt_text":"Mart\u00ednez Celaya","src":"https:\/\/i0.wp.com\/artejoven.org\/wp-content\/uploads\/2024\/02\/Martinez-Celaya-jpg.webp?resize=350%2C200&ssl=1","width":350,"height":200,"srcset":"https:\/\/i0.wp.com\/artejoven.org\/wp-content\/uploads\/2024\/02\/Martinez-Celaya-jpg.webp?resize=350%2C200&ssl=1 1x, https:\/\/i0.wp.com\/artejoven.org\/wp-content\/uploads\/2024\/02\/Martinez-Celaya-jpg.webp?resize=525%2C300&ssl=1 1.5x, https:\/\/i0.wp.com\/artejoven.org\/wp-content\/uploads\/2024\/02\/Martinez-Celaya-jpg.webp?resize=700%2C400&ssl=1 2x, https:\/\/i0.wp.com\/artejoven.org\/wp-content\/uploads\/2024\/02\/Martinez-Celaya-jpg.webp?resize=1050%2C600&ssl=1 3x"},"classes":[]},{"id":7485,"url":"https:\/\/artejoven.org\/it\/fondo-de-arte-joven-se-une-a-la-harvard-jazz-orchestra-en-un-primer-intercambio-de-talento-musical\/","url_meta":{"origin":7201,"position":2},"title":"Il Fondo de Arte Joven si unisce alla Harvard Jazz Orchestra nel primo scambio di talenti musicali","author":"Ren\u00e9 Manuel Puig","date":"5 de Giugno de 2024","format":false,"excerpt":"Una delegazione di giovani musicisti della Harvard Jazz Orchestra ha avuto uno scambio la scorsa settimana con il Fondo de Arte Joven (FAJ).","rel":"","context":"In &quot;Desde el FAJ&quot;","block_context":{"text":"Desde el FAJ","link":"https:\/\/artejoven.org\/it\/category\/noticias\/desde-el-faj\/"},"img":{"alt_text":"Harvard Jazz Orchestra","src":"https:\/\/i0.wp.com\/artejoven.org\/wp-content\/uploads\/2024\/06\/Harvard-01.jpg?resize=350%2C200&ssl=1","width":350,"height":200,"srcset":"https:\/\/i0.wp.com\/artejoven.org\/wp-content\/uploads\/2024\/06\/Harvard-01.jpg?resize=350%2C200&ssl=1 1x, https:\/\/i0.wp.com\/artejoven.org\/wp-content\/uploads\/2024\/06\/Harvard-01.jpg?resize=525%2C300&ssl=1 1.5x, https:\/\/i0.wp.com\/artejoven.org\/wp-content\/uploads\/2024\/06\/Harvard-01.jpg?resize=700%2C400&ssl=1 2x, https:\/\/i0.wp.com\/artejoven.org\/wp-content\/uploads\/2024\/06\/Harvard-01.jpg?resize=1050%2C600&ssl=1 3x"},"classes":[]},{"id":6063,"url":"https:\/\/artejoven.org\/it\/fondo-de-arte-joven-se-presenta-a-estudiantes-y-artistas-de-santiago-de-cuba\/","url_meta":{"origin":7201,"position":3},"title":"Il Fondo de Arte Joven si presenta agli studenti e agli artisti di Santiago de Cuba","author":"Ren\u00e9 Manuel Puig","date":"4 de Ottobre de 2023","format":false,"excerpt":"Nell'ambito di uno scambio con artisti e studenti di Santiago de Cuba, marted\u00ec scorso si \u00e8 svolta la presentazione del Fondo de Arte Joven (FAJ), durante il II Sal\u00f3n Regional de Arte Contempor\u00e1neo Ren\u00e9 Vald\u00e9s Cede\u00f1o, a Santiago de Cuba.","rel":"","context":"In &quot;Desde el FAJ&quot;","block_context":{"text":"Desde el FAJ","link":"https:\/\/artejoven.org\/it\/category\/noticias\/desde-el-faj\/"},"img":{"alt_text":"Sandra Garc\u00eda Herrera y Caridad Figueroa, en representaci\u00f3n del FAJ","src":"https:\/\/i0.wp.com\/artejoven.org\/wp-content\/uploads\/2023\/10\/FAJ-en-Santiago-de-Cuba-jpg.webp?resize=350%2C200&ssl=1","width":350,"height":200,"srcset":"https:\/\/i0.wp.com\/artejoven.org\/wp-content\/uploads\/2023\/10\/FAJ-en-Santiago-de-Cuba-jpg.webp?resize=350%2C200&ssl=1 1x, https:\/\/i0.wp.com\/artejoven.org\/wp-content\/uploads\/2023\/10\/FAJ-en-Santiago-de-Cuba-jpg.webp?resize=525%2C300&ssl=1 1.5x, https:\/\/i0.wp.com\/artejoven.org\/wp-content\/uploads\/2023\/10\/FAJ-en-Santiago-de-Cuba-jpg.webp?resize=700%2C400&ssl=1 2x, https:\/\/i0.wp.com\/artejoven.org\/wp-content\/uploads\/2023\/10\/FAJ-en-Santiago-de-Cuba-jpg.webp?resize=1050%2C600&ssl=1 3x"},"classes":[]},{"id":7387,"url":"https:\/\/artejoven.org\/it\/patio-abierto-una-experiencia-musical-del-fondo-de-arte-joven-que-celebra-el-mes-de-europa-en-cuba-2024\/","url_meta":{"origin":7201,"position":4},"title":"Patio Abierto: un'esperienza musicale del Fondo de Arte Joven per celebrare il Mese dell'Europa a Cuba 2024","author":"Ren\u00e9 Manuel Puig","date":"2 de Maggio de 2024","format":false,"excerpt":"Il Fondo de Arte Joven (FAJ) celebra il mese dell'Europa a Cuba 2024 con un concerto che unisce le sonorit\u00e0 ancestrali della ghironda e della tambura.","rel":"","context":"In &quot;Desde el FAJ&quot;","block_context":{"text":"Desde el FAJ","link":"https:\/\/artejoven.org\/it\/category\/noticias\/desde-el-faj\/"},"img":{"alt_text":"Patio Abierto","src":"https:\/\/i0.wp.com\/artejoven.org\/wp-content\/uploads\/2024\/05\/Banner-Patio-Abierto-v6.jpg?resize=350%2C200&ssl=1","width":350,"height":200,"srcset":"https:\/\/i0.wp.com\/artejoven.org\/wp-content\/uploads\/2024\/05\/Banner-Patio-Abierto-v6.jpg?resize=350%2C200&ssl=1 1x, https:\/\/i0.wp.com\/artejoven.org\/wp-content\/uploads\/2024\/05\/Banner-Patio-Abierto-v6.jpg?resize=525%2C300&ssl=1 1.5x, https:\/\/i0.wp.com\/artejoven.org\/wp-content\/uploads\/2024\/05\/Banner-Patio-Abierto-v6.jpg?resize=700%2C400&ssl=1 2x, https:\/\/i0.wp.com\/artejoven.org\/wp-content\/uploads\/2024\/05\/Banner-Patio-Abierto-v6.jpg?resize=1050%2C600&ssl=1 3x"},"classes":[]},{"id":6009,"url":"https:\/\/artejoven.org\/it\/fondo-de-arte-joven-participara-en-la-ii-edicion-del-salon-de-arte-contemporaneo-rene-valdes-cedeno-en-santiago-de-cuba\/","url_meta":{"origin":7201,"position":5},"title":"Il Fondo de Arte Joven parteciper\u00e0 alla II edizione del Salone d'Arte Contemporanea Ren\u00e9 Vald\u00e9s Cede\u00f1o a Santiago de Cuba.","author":"Ren\u00e9 Manuel Puig","date":"29 de Settembre de 2023","format":false,"excerpt":"Una rappresentanza del Fondo de Arte Joven (FAJ) \u00e8 arrivata nella citt\u00e0 di Santiago de Cuba per organizzare i dettagli della collaborazione alla II edizione del Salone d'Arte Contemporanea Ren\u00e9 Vald\u00e9s Cede\u00f1o di Santiago de Cuba, organizzato dalla Fondazione Caguayo.","rel":"","context":"In &quot;Desde el FAJ&quot;","block_context":{"text":"Desde el FAJ","link":"https:\/\/artejoven.org\/it\/category\/noticias\/desde-el-faj\/"},"img":{"alt_text":"FAJ en Santiago de Cuba","src":"https:\/\/i0.wp.com\/artejoven.org\/wp-content\/uploads\/2023\/09\/FAJ-en-Santiago-de-Cuba-jpg.webp?resize=350%2C200&ssl=1","width":350,"height":200,"srcset":"https:\/\/i0.wp.com\/artejoven.org\/wp-content\/uploads\/2023\/09\/FAJ-en-Santiago-de-Cuba-jpg.webp?resize=350%2C200&ssl=1 1x, https:\/\/i0.wp.com\/artejoven.org\/wp-content\/uploads\/2023\/09\/FAJ-en-Santiago-de-Cuba-jpg.webp?resize=525%2C300&ssl=1 1.5x, https:\/\/i0.wp.com\/artejoven.org\/wp-content\/uploads\/2023\/09\/FAJ-en-Santiago-de-Cuba-jpg.webp?resize=700%2C400&ssl=1 2x, https:\/\/i0.wp.com\/artejoven.org\/wp-content\/uploads\/2023\/09\/FAJ-en-Santiago-de-Cuba-jpg.webp?resize=1050%2C600&ssl=1 3x"},"classes":[]}],"jetpack_sharing_enabled":true,"_links":{"self":[{"href":"https:\/\/artejoven.org\/it\/wp-json\/wp\/v2\/posts\/7201","targetHints":{"allow":["GET"]}}],"collection":[{"href":"https:\/\/artejoven.org\/it\/wp-json\/wp\/v2\/posts"}],"about":[{"href":"https:\/\/artejoven.org\/it\/wp-json\/wp\/v2\/types\/post"}],"author":[{"embeddable":true,"href":"https:\/\/artejoven.org\/it\/wp-json\/wp\/v2\/users\/1"}],"replies":[{"embeddable":true,"href":"https:\/\/artejoven.org\/it\/wp-json\/wp\/v2\/comments?post=7201"}],"version-history":[{"count":0,"href":"https:\/\/artejoven.org\/it\/wp-json\/wp\/v2\/posts\/7201\/revisions"}],"wp:featuredmedia":[{"embeddable":true,"href":"https:\/\/artejoven.org\/it\/wp-json\/wp\/v2\/media\/7202"}],"wp:attachment":[{"href":"https:\/\/artejoven.org\/it\/wp-json\/wp\/v2\/media?parent=7201"}],"wp:term":[{"taxonomy":"category","embeddable":true,"href":"https:\/\/artejoven.org\/it\/wp-json\/wp\/v2\/categories?post=7201"},{"taxonomy":"post_tag","embeddable":true,"href":"https:\/\/artejoven.org\/it\/wp-json\/wp\/v2\/tags?post=7201"}],"curies":[{"name":"wp","href":"https:\/\/api.w.org\/{rel}","templated":true}]}}