{"id":7376,"date":"2024-04-25T20:44:36","date_gmt":"2024-04-26T00:44:36","guid":{"rendered":"https:\/\/artejoven.org\/?p=7376"},"modified":"2024-04-26T12:00:46","modified_gmt":"2024-04-26T16:00:46","slug":"il-fondo-per-larte-giovane-presentato-alla-chiusura-della-settimana-dellimprenditorialita-allavana","status":"publish","type":"post","link":"https:\/\/artejoven.org\/it\/fondo-de-arte-joven-se-presenta-en-la-clausura-de-la-semana-del-emprendimiento-en-la-habana\/","title":{"rendered":"Il Fondo de Arte Joven sar\u00e0 presentato in occasione della chiusura della settimana dell'imprenditorialit\u00e0 dell'Avana"},"content":{"rendered":"<p>Crediti fotografici: Per gentile concessione dell'Ambasciata britannica all'Avana<\/p>\n\n\n\n<p class=\"translation-block\">La prima edizione della Settimana dell'imprenditorialit\u00e0, organizzata dall'Ambasciata britannica all'Avana, da OnCuba News e dalla sua divisione OnCuba Business, si \u00e8 conclusa marted\u00ec con uno spazio di <em>networking<\/em>.<\/p>\n\n\n\n<p>All'evento ha partecipato la nostra coordinatrice generale, Neida Pe\u00f1alver, che ha presentato a imprenditori e uomini d'affari il lavoro sviluppato dal Fondo artistico per la giovent\u00f9 (FAJ) durante il suo primo anno di attuazione.<\/p>\n\n\n\n<p>Lo spazio \u00e8 stato utile anche per scambiare esperienze con i partecipanti e per riconoscere il contributo di ciascuna impresa agli Obiettivi di Sviluppo Sostenibile (SDGs), nonch\u00e9 per generare connessioni che consentano di moltiplicare l'impatto di ciascuna iniziativa.<\/p>\n\n\n\n<div class=\"wp-block-jetpack-tiled-gallery aligncenter is-style-rectangular has-rounded-corners-15\"><div class=\"tiled-gallery__gallery\"><div class=\"tiled-gallery__row\"><div class=\"tiled-gallery__col\" style=\"flex-basis:100.00000%\"><figure class=\"tiled-gallery__item\"><a href=\"https:\/\/artejoven.org\/wp-content\/uploads\/2024\/04\/04-FAJ-semana-del-emprendimiento-1024x683.jpg\"><img decoding=\"async\" srcset=\"https:\/\/i0.wp.com\/artejoven.org\/wp-content\/uploads\/2024\/04\/04-FAJ-semana-del-emprendimiento-1024x683.jpg?strip=info&#038;w=600&#038;ssl=1 600w,https:\/\/i0.wp.com\/artejoven.org\/wp-content\/uploads\/2024\/04\/04-FAJ-semana-del-emprendimiento-1024x683.jpg?strip=info&#038;w=900&#038;ssl=1 900w,https:\/\/i0.wp.com\/artejoven.org\/wp-content\/uploads\/2024\/04\/04-FAJ-semana-del-emprendimiento-1024x683.jpg?strip=info&#038;w=1080&#038;ssl=1 1080w\" alt=\"\" data-height=\"720\" data-id=\"7378\" data-link=\"https:\/\/artejoven.org\/?attachment_id=7378#main\" data-url=\"https:\/\/artejoven.org\/wp-content\/uploads\/2024\/04\/04-FAJ-semana-del-emprendimiento-1024x683.jpg\" data-width=\"1080\" src=\"https:\/\/i0.wp.com\/artejoven.org\/wp-content\/uploads\/2024\/04\/04-FAJ-semana-del-emprendimiento-1024x683.jpg?ssl=1\" data-amp-layout=\"responsive\"\/><\/a><\/figure><\/div><\/div><\/div><\/div>\n\n\n\n<p>L'agenda comprendeva anche workshop per ottimizzare la presentazione di proposte commerciali, simulazioni di incubazione di piccole imprese e consigli collettivi su come allineare l'agenda delle imprese con gli SDG.<\/p>\n\n\n\n<p>Questa articolazione tra il settore imprenditoriale e la cultura a Cuba significa anche una porta aperta a un futuro strategico di collaborazioni per la FAJ, in cui potranno entrare a far parte nuovi donatori del settore statale e privato, sia sull'isola che all'estero, interessati a contribuire con risorse al cofinanziamento delle nostre azioni, offrendo loro maggiori possibilit\u00e0 di sostenibilit\u00e0.<\/p>\n\n\n\n<p>Di conseguenza, garantiamo la vitalit\u00e0 della nostra strategia di comunicazione legittimando la nostra piattaforma come deposito di valori legittimi su cui poggiare la responsabilit\u00e0 sociale d'impresa.<\/p>\n\n\n\n<div class=\"wp-block-jetpack-tiled-gallery aligncenter is-style-rectangular has-rounded-corners-15\"><div class=\"tiled-gallery__gallery\"><div class=\"tiled-gallery__row\"><div class=\"tiled-gallery__col\" style=\"flex-basis:43.00906%\"><figure class=\"tiled-gallery__item\"><a href=\"https:\/\/artejoven.org\/wp-content\/uploads\/2024\/04\/03-FAJ-semana-del-emprendimiento-1024x683.jpg\"><img decoding=\"async\" srcset=\"https:\/\/i2.wp.com\/artejoven.org\/wp-content\/uploads\/2024\/04\/03-FAJ-semana-del-emprendimiento-1024x683.jpg?strip=info&#038;w=600&#038;ssl=1 600w,https:\/\/i2.wp.com\/artejoven.org\/wp-content\/uploads\/2024\/04\/03-FAJ-semana-del-emprendimiento-1024x683.jpg?strip=info&#038;w=900&#038;ssl=1 900w,https:\/\/i2.wp.com\/artejoven.org\/wp-content\/uploads\/2024\/04\/03-FAJ-semana-del-emprendimiento-1024x683.jpg?strip=info&#038;w=1080&#038;ssl=1 1080w\" alt=\"\" data-height=\"720\" data-id=\"7380\" data-link=\"https:\/\/artejoven.org\/?attachment_id=7380#main\" data-url=\"https:\/\/artejoven.org\/wp-content\/uploads\/2024\/04\/03-FAJ-semana-del-emprendimiento-1024x683.jpg\" data-width=\"1080\" src=\"https:\/\/i2.wp.com\/artejoven.org\/wp-content\/uploads\/2024\/04\/03-FAJ-semana-del-emprendimiento-1024x683.jpg?ssl=1\" data-amp-layout=\"responsive\"\/><\/a><\/figure><\/div><div class=\"tiled-gallery__col\" style=\"flex-basis:19.20678%\"><figure class=\"tiled-gallery__item\"><a href=\"https:\/\/artejoven.org\/wp-content\/uploads\/2024\/04\/05-FAJ-semana-del-emprendimiento-683x1024.jpg\"><img decoding=\"async\" srcset=\"https:\/\/i1.wp.com\/artejoven.org\/wp-content\/uploads\/2024\/04\/05-FAJ-semana-del-emprendimiento-683x1024.jpg?strip=info&#038;w=600&#038;ssl=1 600w,https:\/\/i1.wp.com\/artejoven.org\/wp-content\/uploads\/2024\/04\/05-FAJ-semana-del-emprendimiento-683x1024.jpg?strip=info&#038;w=720&#038;ssl=1 720w\" alt=\"\" data-height=\"1080\" data-id=\"7381\" data-link=\"https:\/\/artejoven.org\/?attachment_id=7381#main\" data-url=\"https:\/\/artejoven.org\/wp-content\/uploads\/2024\/04\/05-FAJ-semana-del-emprendimiento-683x1024.jpg\" data-width=\"720\" src=\"https:\/\/i1.wp.com\/artejoven.org\/wp-content\/uploads\/2024\/04\/05-FAJ-semana-del-emprendimiento-683x1024.jpg?ssl=1\" data-amp-layout=\"responsive\"\/><\/a><\/figure><\/div><div class=\"tiled-gallery__col\" style=\"flex-basis:37.78417%\"><figure class=\"tiled-gallery__item\"><a href=\"https:\/\/artejoven.org\/wp-content\/uploads\/2024\/04\/FAJ-semana-del-emprendimiento-1024x777.jpg\"><img decoding=\"async\" srcset=\"https:\/\/i2.wp.com\/artejoven.org\/wp-content\/uploads\/2024\/04\/FAJ-semana-del-emprendimiento-1024x777.jpg?strip=info&#038;w=600&#038;ssl=1 600w,https:\/\/i2.wp.com\/artejoven.org\/wp-content\/uploads\/2024\/04\/FAJ-semana-del-emprendimiento-1024x777.jpg?strip=info&#038;w=900&#038;ssl=1 900w,https:\/\/i2.wp.com\/artejoven.org\/wp-content\/uploads\/2024\/04\/FAJ-semana-del-emprendimiento-1024x777.jpg?strip=info&#038;w=1080&#038;ssl=1 1080w\" alt=\"\" data-height=\"820\" data-id=\"7382\" data-link=\"https:\/\/artejoven.org\/?attachment_id=7382#main\" data-url=\"https:\/\/artejoven.org\/wp-content\/uploads\/2024\/04\/FAJ-semana-del-emprendimiento-1024x777.jpg\" data-width=\"1080\" src=\"https:\/\/i2.wp.com\/artejoven.org\/wp-content\/uploads\/2024\/04\/FAJ-semana-del-emprendimiento-1024x777.jpg?ssl=1\" data-amp-layout=\"responsive\"\/><\/a><\/figure><\/div><\/div><\/div><\/div>","protected":false},"excerpt":{"rendered":"<p><strong>Crediti fotografici: Per gentile concessione dell'Ambasciata britannica all'Avana<\/strong><\/p>\n<p class=\"translation-block\">La prima edizione della Settimana dell'imprenditorialit\u00e0, organizzata dall'Ambasciata britannica all'Avana, da OnCuba News e dalla sua divisione OnCuba Business, si \u00e8 conclusa marted\u00ec con uno spazio di <em>networking<\/em>.<\/p>","protected":false},"author":1,"featured_media":7377,"comment_status":"open","ping_status":"open","sticky":false,"template":"","format":"standard","meta":{"_acf_changed":false,"_jetpack_memberships_contains_paid_content":false,"footnotes":"","_links_to":"","_links_to_target":""},"categories":[35],"tags":[],"class_list":{"0":"post-7376","1":"post","2":"type-post","3":"status-publish","4":"format-standard","5":"has-post-thumbnail","6":"hentry","7":"category-desde-el-faj","9":"post-with-thumbnail","10":"post-with-thumbnail-large"},"acf":[],"aioseo_notices":[],"jetpack_featured_media_url":"https:\/\/artejoven.org\/wp-content\/uploads\/2024\/04\/Portada.jpg","jetpack-related-posts":[{"id":5892,"url":"https:\/\/artejoven.org\/it\/fondo-de-arte-joven-faj-inaugura-nueva-exposicion-en-el-salon-blanco\/","url_meta":{"origin":7376,"position":0},"title":"Il Fondo de Arte Joven (FAJ) inaugura una nuova mostra nella White Hall","author":"Ren\u00e9 Manuel Puig","date":"18 de Settembre de 2023","format":false,"excerpt":"Nel pomeriggio di marted\u00ec 14 settembre, il Fondo de Arte Joven (FAJ) ha inaugurato la mostra fotografica L'Avana, un'anima palpabile, che riunisce il lavoro di diversi giovani fotografi cubani che illustrano molteplici interpretazioni della citt\u00e0 attraverso i loro obiettivi.","rel":"","context":"In &quot;Desde el FAJ&quot;","block_context":{"text":"Desde el FAJ","link":"https:\/\/artejoven.org\/it\/category\/noticias\/desde-el-faj\/"},"img":{"alt_text":"Equipo del Fondo de Arte Joven junto a artistas de la muestra.","src":"https:\/\/i0.wp.com\/artejoven.org\/wp-content\/uploads\/2023\/09\/Habana-un-alma-palpable-2-jpg.webp?resize=350%2C200&ssl=1","width":350,"height":200,"srcset":"https:\/\/i0.wp.com\/artejoven.org\/wp-content\/uploads\/2023\/09\/Habana-un-alma-palpable-2-jpg.webp?resize=350%2C200&ssl=1 1x, https:\/\/i0.wp.com\/artejoven.org\/wp-content\/uploads\/2023\/09\/Habana-un-alma-palpable-2-jpg.webp?resize=525%2C300&ssl=1 1.5x, https:\/\/i0.wp.com\/artejoven.org\/wp-content\/uploads\/2023\/09\/Habana-un-alma-palpable-2-jpg.webp?resize=700%2C400&ssl=1 2x, https:\/\/i0.wp.com\/artejoven.org\/wp-content\/uploads\/2023\/09\/Habana-un-alma-palpable-2-jpg.webp?resize=1050%2C600&ssl=1 3x, https:\/\/i0.wp.com\/artejoven.org\/wp-content\/uploads\/2023\/09\/Habana-un-alma-palpable-2-jpg.webp?resize=1400%2C800&ssl=1 4x"},"classes":[]},{"id":8958,"url":"https:\/\/artejoven.org\/it\/liderazgo-femenino-en-las-industrias-culturales-del-caribe-la-experiencia-desde-el-fondo-de-arte-joven\/","url_meta":{"origin":7376,"position":1},"title":"La leadership femminile nelle industrie culturali dei Caraibi: l'esperienza del Young Art Fund","author":"Ren\u00e9 Manuel Puig","date":"10 de Marzo de 2025","format":false,"excerpt":"Il 7 marzo abbiamo discusso le sfide e il potenziale che le donne che guidano i progetti incontrano durante il panel \"Donne che creano il futuro: il potenziale delle donne imprenditrici nelle industrie culturali e creative dei Caraibi\".","rel":"","context":"In &quot;Desde el FAJ&quot;","block_context":{"text":"Desde el FAJ","link":"https:\/\/artejoven.org\/it\/category\/noticias\/desde-el-faj\/"},"img":{"alt_text":"","src":"https:\/\/i0.wp.com\/artejoven.org\/wp-content\/uploads\/2025\/03\/01-Women-by-Eyeife-Panel-Portada-UNESCO-scaled.webp?resize=350%2C200&ssl=1","width":350,"height":200,"srcset":"https:\/\/i0.wp.com\/artejoven.org\/wp-content\/uploads\/2025\/03\/01-Women-by-Eyeife-Panel-Portada-UNESCO-scaled.webp?resize=350%2C200&ssl=1 1x, https:\/\/i0.wp.com\/artejoven.org\/wp-content\/uploads\/2025\/03\/01-Women-by-Eyeife-Panel-Portada-UNESCO-scaled.webp?resize=525%2C300&ssl=1 1.5x, https:\/\/i0.wp.com\/artejoven.org\/wp-content\/uploads\/2025\/03\/01-Women-by-Eyeife-Panel-Portada-UNESCO-scaled.webp?resize=700%2C400&ssl=1 2x, https:\/\/i0.wp.com\/artejoven.org\/wp-content\/uploads\/2025\/03\/01-Women-by-Eyeife-Panel-Portada-UNESCO-scaled.webp?resize=1050%2C600&ssl=1 3x, https:\/\/i0.wp.com\/artejoven.org\/wp-content\/uploads\/2025\/03\/01-Women-by-Eyeife-Panel-Portada-UNESCO-scaled.webp?resize=1400%2C800&ssl=1 4x"},"classes":[]},{"id":8580,"url":"https:\/\/artejoven.org\/it\/fondo-de-arte-joven-y-fundacion-los-carbonell-ng-art-gallery-presentaran-en-la-habana-el-catalogo-de-la-primera-edicion-del-concurso-malayerba\/","url_meta":{"origin":7376,"position":2},"title":"Il Fondo de Arte Joven e la Fundaci\u00f3n Los Carbonell \/ NG Art Gallery presentano all'Avana il catalogo della prima edizione del concorso malaYerba.","author":"Ren\u00e9 Manuel Puig","date":"13 de Gennaio de 2025","format":false,"excerpt":"Il Fondo de Arte Joven (FAJ) e la Fundaci\u00f3n Los Carbonell (FLC) \/ NG Art Gallery, partner e gestore del profilo di arti visive della piattaforma, presenteranno all'Avana il catalogo della prima edizione del concorso malaYerba, che si terr\u00e0 in questa citt\u00e0 nel novembre 2023.","rel":"","context":"In &quot;Desde el FAJ&quot;","block_context":{"text":"Desde el FAJ","link":"https:\/\/artejoven.org\/it\/category\/noticias\/desde-el-faj\/"},"img":{"alt_text":"","src":"https:\/\/i0.wp.com\/artejoven.org\/wp-content\/uploads\/2025\/01\/Banner_presentacion_catalogo-malaYerba-I_.webp?resize=350%2C200&ssl=1","width":350,"height":200,"srcset":"https:\/\/i0.wp.com\/artejoven.org\/wp-content\/uploads\/2025\/01\/Banner_presentacion_catalogo-malaYerba-I_.webp?resize=350%2C200&ssl=1 1x, https:\/\/i0.wp.com\/artejoven.org\/wp-content\/uploads\/2025\/01\/Banner_presentacion_catalogo-malaYerba-I_.webp?resize=525%2C300&ssl=1 1.5x, https:\/\/i0.wp.com\/artejoven.org\/wp-content\/uploads\/2025\/01\/Banner_presentacion_catalogo-malaYerba-I_.webp?resize=700%2C400&ssl=1 2x, https:\/\/i0.wp.com\/artejoven.org\/wp-content\/uploads\/2025\/01\/Banner_presentacion_catalogo-malaYerba-I_.webp?resize=1050%2C600&ssl=1 3x"},"classes":[]},{"id":6416,"url":"https:\/\/artejoven.org\/it\/fondo-de-arte-joven-inaugura-muestra-concurso-malayerba-en-la-galeria-salon-blanco\/","url_meta":{"origin":7376,"position":3},"title":"Il Fondo de Arte Joven inaugura la mostra concorso malaYerba presso la Galleria Sal\u00f3n Blanco","author":"Ren\u00e9 Manuel Puig","date":"27 de Novembre de 2023","format":false,"excerpt":"Il Fondo de Arte Joven (FAJ) inaugura gioved\u00ec 30 novembre una mostra concorso nel suo spazio abituale, la Galer\u00eda Sal\u00f3n Blanco, situata nel Convento e nella Basilica di San Francisco de As\u00eds all'Avana Vecchia.","rel":"","context":"In &quot;Desde el FAJ&quot;","block_context":{"text":"Desde el FAJ","link":"https:\/\/artejoven.org\/it\/category\/noticias\/desde-el-faj\/"},"img":{"alt_text":"MalaYerba","src":"https:\/\/i0.wp.com\/artejoven.org\/wp-content\/uploads\/2023\/11\/MalaYerba.png?resize=350%2C200&ssl=1","width":350,"height":200,"srcset":"https:\/\/i0.wp.com\/artejoven.org\/wp-content\/uploads\/2023\/11\/MalaYerba.png?resize=350%2C200&ssl=1 1x, https:\/\/i0.wp.com\/artejoven.org\/wp-content\/uploads\/2023\/11\/MalaYerba.png?resize=525%2C300&ssl=1 1.5x, https:\/\/i0.wp.com\/artejoven.org\/wp-content\/uploads\/2023\/11\/MalaYerba.png?resize=700%2C400&ssl=1 2x, https:\/\/i0.wp.com\/artejoven.org\/wp-content\/uploads\/2023\/11\/MalaYerba.png?resize=1050%2C600&ssl=1 3x"},"classes":[]},{"id":8042,"url":"https:\/\/quepasamedia.com\/noticias\/deportes\/cristales-azulejos-oleo-y-fotos-muestra-de-arte-joven-aborda-en-la-habana-temas-sociales\/","url_meta":{"origin":7376,"position":4},"title":"Cristalli, piastrelle, olio e foto: una giovane mostra d'arte all'Avana affronta temi sociali","author":"Ren\u00e9 Manuel Puig","date":"13 de Settembre de 2024","format":false,"excerpt":"Publicado en quepasamedia.com: La muestra re\u00fane a las 29 obras finalistas del concurso de artes visuales MalaYerba 2024, una iniciativa de la plataforma estatal Fondo de Arte Joven (FAJ) dedicada a la promoci\u00f3n del arte emergente en Cuba.","rel":"","context":"In &quot;Desde la prensa&quot;","block_context":{"text":"Desde la prensa","link":"https:\/\/artejoven.org\/it\/category\/noticias\/desde-la-prensa\/"},"img":{"alt_text":"malaYerba II","src":"https:\/\/i0.wp.com\/artejoven.org\/wp-content\/uploads\/2024\/09\/malaYerba-II-jpg.webp?resize=350%2C200&ssl=1","width":350,"height":200,"srcset":"https:\/\/i0.wp.com\/artejoven.org\/wp-content\/uploads\/2024\/09\/malaYerba-II-jpg.webp?resize=350%2C200&ssl=1 1x, https:\/\/i0.wp.com\/artejoven.org\/wp-content\/uploads\/2024\/09\/malaYerba-II-jpg.webp?resize=525%2C300&ssl=1 1.5x, https:\/\/i0.wp.com\/artejoven.org\/wp-content\/uploads\/2024\/09\/malaYerba-II-jpg.webp?resize=700%2C400&ssl=1 2x, https:\/\/i0.wp.com\/artejoven.org\/wp-content\/uploads\/2024\/09\/malaYerba-II-jpg.webp?resize=1050%2C600&ssl=1 3x, https:\/\/i0.wp.com\/artejoven.org\/wp-content\/uploads\/2024\/09\/malaYerba-II-jpg.webp?resize=1400%2C800&ssl=1 4x"},"classes":[]},{"id":6083,"url":"https:\/\/artejoven.org\/it\/fondo-de-arte-joven-impulsa-programa-de-residencia-academica-haiti-cuba\/","url_meta":{"origin":7376,"position":5},"title":"Il Fondo de Arte Joven promuove il programma di residenza accademica Haiti-Cuba","author":"Ren\u00e9 Manuel Puig","date":"19 de Ottobre de 2023","format":false,"excerpt":"Questa settimana un gruppo di giovani creatori haitiani \u00e8 arrivato all'Avana per partecipare al primo programma di residenza accademica promosso dal Fondo de Arte Joven (FAJ), con particolare attenzione alla musica e alla fotografia.","rel":"","context":"In &quot;Desde el FAJ&quot;","block_context":{"text":"Desde el FAJ","link":"https:\/\/artejoven.org\/it\/category\/noticias\/desde-el-faj\/"},"img":{"alt_text":"Residencia Acad\u00e9mica Hait\u00ed - Cuba","src":"https:\/\/i0.wp.com\/artejoven.org\/wp-content\/uploads\/2023\/10\/Residencia-academica-Haiti-Cuba-jpg.webp?resize=350%2C200&ssl=1","width":350,"height":200,"srcset":"https:\/\/i0.wp.com\/artejoven.org\/wp-content\/uploads\/2023\/10\/Residencia-academica-Haiti-Cuba-jpg.webp?resize=350%2C200&ssl=1 1x, https:\/\/i0.wp.com\/artejoven.org\/wp-content\/uploads\/2023\/10\/Residencia-academica-Haiti-Cuba-jpg.webp?resize=525%2C300&ssl=1 1.5x, https:\/\/i0.wp.com\/artejoven.org\/wp-content\/uploads\/2023\/10\/Residencia-academica-Haiti-Cuba-jpg.webp?resize=700%2C400&ssl=1 2x, https:\/\/i0.wp.com\/artejoven.org\/wp-content\/uploads\/2023\/10\/Residencia-academica-Haiti-Cuba-jpg.webp?resize=1050%2C600&ssl=1 3x"},"classes":[]}],"jetpack_sharing_enabled":true,"_links":{"self":[{"href":"https:\/\/artejoven.org\/it\/wp-json\/wp\/v2\/posts\/7376","targetHints":{"allow":["GET"]}}],"collection":[{"href":"https:\/\/artejoven.org\/it\/wp-json\/wp\/v2\/posts"}],"about":[{"href":"https:\/\/artejoven.org\/it\/wp-json\/wp\/v2\/types\/post"}],"author":[{"embeddable":true,"href":"https:\/\/artejoven.org\/it\/wp-json\/wp\/v2\/users\/1"}],"replies":[{"embeddable":true,"href":"https:\/\/artejoven.org\/it\/wp-json\/wp\/v2\/comments?post=7376"}],"version-history":[{"count":0,"href":"https:\/\/artejoven.org\/it\/wp-json\/wp\/v2\/posts\/7376\/revisions"}],"wp:featuredmedia":[{"embeddable":true,"href":"https:\/\/artejoven.org\/it\/wp-json\/wp\/v2\/media\/7377"}],"wp:attachment":[{"href":"https:\/\/artejoven.org\/it\/wp-json\/wp\/v2\/media?parent=7376"}],"wp:term":[{"taxonomy":"category","embeddable":true,"href":"https:\/\/artejoven.org\/it\/wp-json\/wp\/v2\/categories?post=7376"},{"taxonomy":"post_tag","embeddable":true,"href":"https:\/\/artejoven.org\/it\/wp-json\/wp\/v2\/tags?post=7376"}],"curies":[{"name":"wp","href":"https:\/\/api.w.org\/{rel}","templated":true}]}}