{"id":8355,"date":"2024-12-10T12:28:14","date_gmt":"2024-12-10T17:28:14","guid":{"rendered":"https:\/\/artejoven.org\/?p=8355"},"modified":"2024-12-19T16:02:50","modified_gmt":"2024-12-19T21:02:50","slug":"talento-e-creativita-lesperienza-indimenticabile-del-concorso-musicale-nazionale","status":"publish","type":"post","link":"https:\/\/artejoven.org\/it\/talento-y-creatividad-la-inolvidable-experiencia-del-concurso-nacional-de-musica\/","title":{"rendered":"Talento e creativit\u00e0: l'indimenticabile esperienza del Concorso Nazionale di Musica"},"content":{"rendered":"<p>Settembre \u00e8 iniziato con una sfida musicale. La notizia si \u00e8 diffusa rapidamente attraverso gruppi WhatsApp, su segnalazione di insegnanti, studenti, amici intimi e media in varie province di Cuba. Il Fondo de Arte Joven (FAJ) e il Fondo delle Nazioni Unite per l'Infanzia (UNICEF) a Cuba invitavano gli adolescenti di et\u00e0 compresa tra i 12 e i 18 anni a partecipare alla prima edizione del Concorso musicale nazionale.<\/p>\n\n\n\n<p>L'iniziativa ha salutato il 35\u00b0 anniversario della Convenzione sui diritti dell'infanzia e, sebbene sia stata la prima collaborazione tra FAJ e UNICEF, aveva gi\u00e0 avuto i suoi antecedenti negli anni Novanta. All'epoca, il pianista e compositore Ern\u00e1n L\u00f3pez - Nussa, Ambasciatore di buona volont\u00e0 dell'UNICEF, realizz\u00f2 scambi artistici e concerti con i bambini delle scuole del Paese, che oggi sono importanti esponenti della musica cubana.<\/p>\n\n\n\n<div class=\"wp-block-jetpack-tiled-gallery aligncenter is-style-rectangular\"><div class=\"has-rounded-corners-15\"><div class=\"tiled-gallery__gallery\"><div class=\"tiled-gallery__row\"><div class=\"tiled-gallery__col\" style=\"flex-basis:66.80756%\"><figure class=\"tiled-gallery__item\"><a href=\"https:\/\/artejoven.org\/wp-content\/uploads\/2024\/12\/DSC05579-1024x684.webp\"><img decoding=\"async\" srcset=\"https:\/\/i0.wp.com\/artejoven.org\/wp-content\/uploads\/2024\/12\/DSC05579-1024x684.webp?strip=info&#038;w=600&#038;ssl=1 600w,https:\/\/i0.wp.com\/artejoven.org\/wp-content\/uploads\/2024\/12\/DSC05579-1024x684.webp?strip=info&#038;w=900&#038;ssl=1 900w,https:\/\/i0.wp.com\/artejoven.org\/wp-content\/uploads\/2024\/12\/DSC05579-1024x684.webp?strip=info&#038;w=1200&#038;ssl=1 1200w,https:\/\/i0.wp.com\/artejoven.org\/wp-content\/uploads\/2024\/12\/DSC05579-1024x684.webp?strip=info&#038;w=1500&#038;ssl=1 1500w,https:\/\/i0.wp.com\/artejoven.org\/wp-content\/uploads\/2024\/12\/DSC05579-1024x684.webp?strip=info&#038;w=1616&#038;ssl=1 1616w\" alt=\"\" data-height=\"1080\" data-id=\"8363\" data-link=\"https:\/\/artejoven.org\/?attachment_id=8363#main\" data-url=\"https:\/\/artejoven.org\/wp-content\/uploads\/2024\/12\/DSC05579-1024x684.webp\" data-width=\"1616\" src=\"https:\/\/i0.wp.com\/artejoven.org\/wp-content\/uploads\/2024\/12\/DSC05579-1024x684.webp?ssl=1\" data-amp-layout=\"responsive\" tabindex=\"0\" role=\"button\" aria-label=\"Aprire l&#039;immagine 1 di 7 a schermo intero\"\/><\/a><\/figure><\/div><div class=\"tiled-gallery__col\" style=\"flex-basis:33.19244%\"><figure class=\"tiled-gallery__item\"><a href=\"https:\/\/artejoven.org\/wp-content\/uploads\/2024\/12\/DSC05591-1024x684.webp\"><img decoding=\"async\" srcset=\"https:\/\/i0.wp.com\/artejoven.org\/wp-content\/uploads\/2024\/12\/DSC05591-1024x684.webp?strip=info&#038;w=600&#038;ssl=1 600w,https:\/\/i0.wp.com\/artejoven.org\/wp-content\/uploads\/2024\/12\/DSC05591-1024x684.webp?strip=info&#038;w=900&#038;ssl=1 900w,https:\/\/i0.wp.com\/artejoven.org\/wp-content\/uploads\/2024\/12\/DSC05591-1024x684.webp?strip=info&#038;w=1200&#038;ssl=1 1200w,https:\/\/i0.wp.com\/artejoven.org\/wp-content\/uploads\/2024\/12\/DSC05591-1024x684.webp?strip=info&#038;w=1500&#038;ssl=1 1500w,https:\/\/i0.wp.com\/artejoven.org\/wp-content\/uploads\/2024\/12\/DSC05591-1024x684.webp?strip=info&#038;w=1616&#038;ssl=1 1616w\" alt=\"\" data-height=\"1080\" data-id=\"8360\" data-link=\"https:\/\/artejoven.org\/?attachment_id=8360#main\" data-url=\"https:\/\/artejoven.org\/wp-content\/uploads\/2024\/12\/DSC05591-1024x684.webp\" data-width=\"1616\" src=\"https:\/\/i0.wp.com\/artejoven.org\/wp-content\/uploads\/2024\/12\/DSC05591-1024x684.webp?ssl=1\" data-amp-layout=\"responsive\" tabindex=\"0\" role=\"button\" aria-label=\"Aprire l&#039;immagine 2 di 7 a schermo intero\"\/><\/a><\/figure><figure class=\"tiled-gallery__item\"><a href=\"https:\/\/artejoven.org\/wp-content\/uploads\/2024\/12\/DSC05587-1024x684.webp\"><img decoding=\"async\" srcset=\"https:\/\/i0.wp.com\/artejoven.org\/wp-content\/uploads\/2024\/12\/DSC05587-1024x684.webp?strip=info&#038;w=600&#038;ssl=1 600w,https:\/\/i0.wp.com\/artejoven.org\/wp-content\/uploads\/2024\/12\/DSC05587-1024x684.webp?strip=info&#038;w=900&#038;ssl=1 900w,https:\/\/i0.wp.com\/artejoven.org\/wp-content\/uploads\/2024\/12\/DSC05587-1024x684.webp?strip=info&#038;w=1200&#038;ssl=1 1200w,https:\/\/i0.wp.com\/artejoven.org\/wp-content\/uploads\/2024\/12\/DSC05587-1024x684.webp?strip=info&#038;w=1500&#038;ssl=1 1500w,https:\/\/i0.wp.com\/artejoven.org\/wp-content\/uploads\/2024\/12\/DSC05587-1024x684.webp?strip=info&#038;w=1616&#038;ssl=1 1616w\" alt=\"\" data-height=\"1080\" data-id=\"8361\" data-link=\"https:\/\/artejoven.org\/?attachment_id=8361#main\" data-url=\"https:\/\/artejoven.org\/wp-content\/uploads\/2024\/12\/DSC05587-1024x684.webp\" data-width=\"1616\" src=\"https:\/\/i0.wp.com\/artejoven.org\/wp-content\/uploads\/2024\/12\/DSC05587-1024x684.webp?ssl=1\" data-amp-layout=\"responsive\" tabindex=\"0\" role=\"button\" aria-label=\"Aprire l&#039;immagine 3 di 7 a schermo intero\"\/><\/a><\/figure><\/div><\/div><div class=\"tiled-gallery__row\"><div class=\"tiled-gallery__col\" style=\"flex-basis:25.00000%\"><figure class=\"tiled-gallery__item\"><a href=\"https:\/\/artejoven.org\/wp-content\/uploads\/2024\/12\/DSC05616-1024x684.webp\"><img decoding=\"async\" srcset=\"https:\/\/i0.wp.com\/artejoven.org\/wp-content\/uploads\/2024\/12\/DSC05616-1024x684.webp?strip=info&#038;w=600&#038;ssl=1 600w,https:\/\/i0.wp.com\/artejoven.org\/wp-content\/uploads\/2024\/12\/DSC05616-1024x684.webp?strip=info&#038;w=900&#038;ssl=1 900w,https:\/\/i0.wp.com\/artejoven.org\/wp-content\/uploads\/2024\/12\/DSC05616-1024x684.webp?strip=info&#038;w=1200&#038;ssl=1 1200w,https:\/\/i0.wp.com\/artejoven.org\/wp-content\/uploads\/2024\/12\/DSC05616-1024x684.webp?strip=info&#038;w=1500&#038;ssl=1 1500w,https:\/\/i0.wp.com\/artejoven.org\/wp-content\/uploads\/2024\/12\/DSC05616-1024x684.webp?strip=info&#038;w=1616&#038;ssl=1 1616w\" alt=\"\" data-height=\"1080\" data-id=\"8359\" data-link=\"https:\/\/artejoven.org\/?attachment_id=8359#main\" data-url=\"https:\/\/artejoven.org\/wp-content\/uploads\/2024\/12\/DSC05616-1024x684.webp\" data-width=\"1616\" src=\"https:\/\/i0.wp.com\/artejoven.org\/wp-content\/uploads\/2024\/12\/DSC05616-1024x684.webp?ssl=1\" data-amp-layout=\"responsive\" tabindex=\"0\" role=\"button\" aria-label=\"Aprire l&#039;immagine 4 di 7 a schermo intero\"\/><\/a><\/figure><\/div><div class=\"tiled-gallery__col\" style=\"flex-basis:25.00000%\"><figure class=\"tiled-gallery__item\"><a href=\"https:\/\/artejoven.org\/wp-content\/uploads\/2024\/12\/DSC05574-1024x684.webp\"><img decoding=\"async\" srcset=\"https:\/\/i0.wp.com\/artejoven.org\/wp-content\/uploads\/2024\/12\/DSC05574-1024x684.webp?strip=info&#038;w=600&#038;ssl=1 600w,https:\/\/i0.wp.com\/artejoven.org\/wp-content\/uploads\/2024\/12\/DSC05574-1024x684.webp?strip=info&#038;w=900&#038;ssl=1 900w,https:\/\/i0.wp.com\/artejoven.org\/wp-content\/uploads\/2024\/12\/DSC05574-1024x684.webp?strip=info&#038;w=1200&#038;ssl=1 1200w,https:\/\/i0.wp.com\/artejoven.org\/wp-content\/uploads\/2024\/12\/DSC05574-1024x684.webp?strip=info&#038;w=1500&#038;ssl=1 1500w,https:\/\/i0.wp.com\/artejoven.org\/wp-content\/uploads\/2024\/12\/DSC05574-1024x684.webp?strip=info&#038;w=1616&#038;ssl=1 1616w\" alt=\"\" data-height=\"1080\" data-id=\"8362\" data-link=\"https:\/\/artejoven.org\/?attachment_id=8362#main\" data-url=\"https:\/\/artejoven.org\/wp-content\/uploads\/2024\/12\/DSC05574-1024x684.webp\" data-width=\"1616\" src=\"https:\/\/i0.wp.com\/artejoven.org\/wp-content\/uploads\/2024\/12\/DSC05574-1024x684.webp?ssl=1\" data-amp-layout=\"responsive\" tabindex=\"0\" role=\"button\" aria-label=\"Aprire l&#039;immagine 5 di 7 a schermo intero\"\/><\/a><\/figure><\/div><div class=\"tiled-gallery__col\" style=\"flex-basis:25.00000%\"><figure class=\"tiled-gallery__item\"><a href=\"https:\/\/artejoven.org\/wp-content\/uploads\/2024\/12\/DSC05678-1024x684.webp\"><img decoding=\"async\" srcset=\"https:\/\/i0.wp.com\/artejoven.org\/wp-content\/uploads\/2024\/12\/DSC05678-1024x684.webp?strip=info&#038;w=600&#038;ssl=1 600w,https:\/\/i0.wp.com\/artejoven.org\/wp-content\/uploads\/2024\/12\/DSC05678-1024x684.webp?strip=info&#038;w=900&#038;ssl=1 900w,https:\/\/i0.wp.com\/artejoven.org\/wp-content\/uploads\/2024\/12\/DSC05678-1024x684.webp?strip=info&#038;w=1200&#038;ssl=1 1200w,https:\/\/i0.wp.com\/artejoven.org\/wp-content\/uploads\/2024\/12\/DSC05678-1024x684.webp?strip=info&#038;w=1500&#038;ssl=1 1500w,https:\/\/i0.wp.com\/artejoven.org\/wp-content\/uploads\/2024\/12\/DSC05678-1024x684.webp?strip=info&#038;w=1616&#038;ssl=1 1616w\" alt=\"\" data-height=\"1080\" data-id=\"8357\" data-link=\"https:\/\/artejoven.org\/?attachment_id=8357#main\" data-url=\"https:\/\/artejoven.org\/wp-content\/uploads\/2024\/12\/DSC05678-1024x684.webp\" data-width=\"1616\" src=\"https:\/\/i0.wp.com\/artejoven.org\/wp-content\/uploads\/2024\/12\/DSC05678-1024x684.webp?ssl=1\" data-amp-layout=\"responsive\" tabindex=\"0\" role=\"button\" aria-label=\"Aprire l&#039;immagine 6 di 7 a schermo intero\"\/><\/a><\/figure><\/div><div class=\"tiled-gallery__col\" style=\"flex-basis:25.00000%\"><figure class=\"tiled-gallery__item\"><a href=\"https:\/\/artejoven.org\/wp-content\/uploads\/2024\/12\/DSC05682-1024x684.webp\"><img decoding=\"async\" srcset=\"https:\/\/i0.wp.com\/artejoven.org\/wp-content\/uploads\/2024\/12\/DSC05682-1024x684.webp?strip=info&#038;w=600&#038;ssl=1 600w,https:\/\/i0.wp.com\/artejoven.org\/wp-content\/uploads\/2024\/12\/DSC05682-1024x684.webp?strip=info&#038;w=900&#038;ssl=1 900w,https:\/\/i0.wp.com\/artejoven.org\/wp-content\/uploads\/2024\/12\/DSC05682-1024x684.webp?strip=info&#038;w=1200&#038;ssl=1 1200w,https:\/\/i0.wp.com\/artejoven.org\/wp-content\/uploads\/2024\/12\/DSC05682-1024x684.webp?strip=info&#038;w=1500&#038;ssl=1 1500w,https:\/\/i0.wp.com\/artejoven.org\/wp-content\/uploads\/2024\/12\/DSC05682-1024x684.webp?strip=info&#038;w=1616&#038;ssl=1 1616w\" alt=\"\" data-height=\"1080\" data-id=\"8358\" data-link=\"https:\/\/artejoven.org\/?attachment_id=8358#main\" data-url=\"https:\/\/artejoven.org\/wp-content\/uploads\/2024\/12\/DSC05682-1024x684.webp\" data-width=\"1616\" src=\"https:\/\/i0.wp.com\/artejoven.org\/wp-content\/uploads\/2024\/12\/DSC05682-1024x684.webp?ssl=1\" data-amp-layout=\"responsive\" tabindex=\"0\" role=\"button\" aria-label=\"Aprire l&#039;immagine 7 di 7 a schermo intero\"\/><\/a><\/figure><\/div><\/div><\/div><\/div><\/div>\n\n\n\n<p>Questa particolare esperienza ha esteso l'invito a musicisti in formazione, di formazione artistica o autodidatti, che hanno gareggiato con un video che mostrava la loro esecuzione, come solisti, di una o pi\u00f9 opere musicali di loro scelta. Sono state accettate opere complete, movimenti di opere, nuove creazioni, canzoni o improvvisazioni.<\/p>\n\n\n\n<p>La giuria era composta da musicisti di fama nazionale e internazionale, come Marcos Madrigal, presidente dell'Asociaci\u00f3n Cultural Habana Cl\u00e1sica e membro e responsabile del profilo musicale della FAJ; la violinista e vice-direttrice artistica del Festival Internazionale Habana Cl\u00e1sica, Lissy Abreu; Daiana Garc\u00eda, direttrice principale dell'Orchestra da Camera dell'Avana; Alessandro Stella, produttore discografico, fondatore di Extended Place e membro dell'Orchestra da Camera dell'Avana; e Alessandro Stella, fondatore dell'Orchestra da Camera dell'Avana e membro dell'Orchestra da Camera dell'Avana. <em>Accademia di registrazione<\/em> e il <em>Latin Recording Academy, <\/em>e il polistrumentista a fiato, direttore musicale e pedagogo Janio Abreu.<\/p>\n\n\n\n<p>La domanda di partecipazione \u00e8 stata presentata attraverso il modulo di candidatura online sul sito web della FAJ. Alla chiusura del bando sono pervenute 58 proposte e, dopo la valutazione della giuria, 18 concorrenti sono passati alla fase finale del concorso.<\/p>\n\n\n\n<div class=\"wp-block-jetpack-tiled-gallery aligncenter is-style-rectangular\"><div class=\"has-rounded-corners-15\"><div class=\"tiled-gallery__gallery\"><div class=\"tiled-gallery__row\"><div class=\"tiled-gallery__col\" style=\"flex-basis:66.80756%\"><figure class=\"tiled-gallery__item\"><a href=\"https:\/\/artejoven.org\/wp-content\/uploads\/2024\/12\/DSC05696-1024x684.webp\"><img decoding=\"async\" srcset=\"https:\/\/i0.wp.com\/artejoven.org\/wp-content\/uploads\/2024\/12\/DSC05696-1024x684.webp?strip=info&#038;w=600&#038;ssl=1 600w,https:\/\/i0.wp.com\/artejoven.org\/wp-content\/uploads\/2024\/12\/DSC05696-1024x684.webp?strip=info&#038;w=900&#038;ssl=1 900w,https:\/\/i0.wp.com\/artejoven.org\/wp-content\/uploads\/2024\/12\/DSC05696-1024x684.webp?strip=info&#038;w=1200&#038;ssl=1 1200w,https:\/\/i0.wp.com\/artejoven.org\/wp-content\/uploads\/2024\/12\/DSC05696-1024x684.webp?strip=info&#038;w=1500&#038;ssl=1 1500w,https:\/\/i0.wp.com\/artejoven.org\/wp-content\/uploads\/2024\/12\/DSC05696-1024x684.webp?strip=info&#038;w=1616&#038;ssl=1 1616w\" alt=\"\" data-height=\"1080\" data-id=\"8368\" data-link=\"https:\/\/artejoven.org\/?attachment_id=8368#main\" data-url=\"https:\/\/artejoven.org\/wp-content\/uploads\/2024\/12\/DSC05696-1024x684.webp\" data-width=\"1616\" src=\"https:\/\/i0.wp.com\/artejoven.org\/wp-content\/uploads\/2024\/12\/DSC05696-1024x684.webp?ssl=1\" data-amp-layout=\"responsive\" tabindex=\"0\" role=\"button\" aria-label=\"Aprire l&#039;immagine 1 di 5 a schermo intero\"\/><\/a><\/figure><\/div><div class=\"tiled-gallery__col\" style=\"flex-basis:33.19244%\"><figure class=\"tiled-gallery__item\"><a href=\"https:\/\/artejoven.org\/wp-content\/uploads\/2024\/12\/DSC05700-1024x684.webp\"><img decoding=\"async\" srcset=\"https:\/\/i0.wp.com\/artejoven.org\/wp-content\/uploads\/2024\/12\/DSC05700-1024x684.webp?strip=info&#038;w=600&#038;ssl=1 600w,https:\/\/i0.wp.com\/artejoven.org\/wp-content\/uploads\/2024\/12\/DSC05700-1024x684.webp?strip=info&#038;w=900&#038;ssl=1 900w,https:\/\/i0.wp.com\/artejoven.org\/wp-content\/uploads\/2024\/12\/DSC05700-1024x684.webp?strip=info&#038;w=1200&#038;ssl=1 1200w,https:\/\/i0.wp.com\/artejoven.org\/wp-content\/uploads\/2024\/12\/DSC05700-1024x684.webp?strip=info&#038;w=1500&#038;ssl=1 1500w,https:\/\/i0.wp.com\/artejoven.org\/wp-content\/uploads\/2024\/12\/DSC05700-1024x684.webp?strip=info&#038;w=1616&#038;ssl=1 1616w\" alt=\"\" data-height=\"1080\" data-id=\"8367\" data-link=\"https:\/\/artejoven.org\/?attachment_id=8367#main\" data-url=\"https:\/\/artejoven.org\/wp-content\/uploads\/2024\/12\/DSC05700-1024x684.webp\" data-width=\"1616\" src=\"https:\/\/i0.wp.com\/artejoven.org\/wp-content\/uploads\/2024\/12\/DSC05700-1024x684.webp?ssl=1\" data-amp-layout=\"responsive\" tabindex=\"0\" role=\"button\" aria-label=\"Aprire l&#039;immagine 2 di 5 a schermo intero\"\/><\/a><\/figure><figure class=\"tiled-gallery__item\"><a href=\"https:\/\/artejoven.org\/wp-content\/uploads\/2024\/12\/DSC05713-1024x684.webp\"><img decoding=\"async\" srcset=\"https:\/\/i0.wp.com\/artejoven.org\/wp-content\/uploads\/2024\/12\/DSC05713-1024x684.webp?strip=info&#038;w=600&#038;ssl=1 600w,https:\/\/i0.wp.com\/artejoven.org\/wp-content\/uploads\/2024\/12\/DSC05713-1024x684.webp?strip=info&#038;w=900&#038;ssl=1 900w,https:\/\/i0.wp.com\/artejoven.org\/wp-content\/uploads\/2024\/12\/DSC05713-1024x684.webp?strip=info&#038;w=1200&#038;ssl=1 1200w,https:\/\/i0.wp.com\/artejoven.org\/wp-content\/uploads\/2024\/12\/DSC05713-1024x684.webp?strip=info&#038;w=1500&#038;ssl=1 1500w,https:\/\/i0.wp.com\/artejoven.org\/wp-content\/uploads\/2024\/12\/DSC05713-1024x684.webp?strip=info&#038;w=1616&#038;ssl=1 1616w\" alt=\"\" data-height=\"1080\" data-id=\"8364\" data-link=\"https:\/\/artejoven.org\/?attachment_id=8364#main\" data-url=\"https:\/\/artejoven.org\/wp-content\/uploads\/2024\/12\/DSC05713-1024x684.webp\" data-width=\"1616\" src=\"https:\/\/i0.wp.com\/artejoven.org\/wp-content\/uploads\/2024\/12\/DSC05713-1024x684.webp?ssl=1\" data-amp-layout=\"responsive\" tabindex=\"0\" role=\"button\" aria-label=\"Aprire l&#039;immagine 3 di 5 a schermo intero\"\/><\/a><\/figure><\/div><\/div><div class=\"tiled-gallery__row\"><div class=\"tiled-gallery__col\" style=\"flex-basis:50.00000%\"><figure class=\"tiled-gallery__item\"><a href=\"https:\/\/artejoven.org\/wp-content\/uploads\/2024\/12\/DSC05717-1024x684.webp\"><img decoding=\"async\" srcset=\"https:\/\/i0.wp.com\/artejoven.org\/wp-content\/uploads\/2024\/12\/DSC05717-1024x684.webp?strip=info&#038;w=600&#038;ssl=1 600w,https:\/\/i0.wp.com\/artejoven.org\/wp-content\/uploads\/2024\/12\/DSC05717-1024x684.webp?strip=info&#038;w=900&#038;ssl=1 900w,https:\/\/i0.wp.com\/artejoven.org\/wp-content\/uploads\/2024\/12\/DSC05717-1024x684.webp?strip=info&#038;w=1200&#038;ssl=1 1200w,https:\/\/i0.wp.com\/artejoven.org\/wp-content\/uploads\/2024\/12\/DSC05717-1024x684.webp?strip=info&#038;w=1500&#038;ssl=1 1500w,https:\/\/i0.wp.com\/artejoven.org\/wp-content\/uploads\/2024\/12\/DSC05717-1024x684.webp?strip=info&#038;w=1616&#038;ssl=1 1616w\" alt=\"\" data-height=\"1080\" data-id=\"8365\" data-link=\"https:\/\/artejoven.org\/?attachment_id=8365#main\" data-url=\"https:\/\/artejoven.org\/wp-content\/uploads\/2024\/12\/DSC05717-1024x684.webp\" data-width=\"1616\" src=\"https:\/\/i0.wp.com\/artejoven.org\/wp-content\/uploads\/2024\/12\/DSC05717-1024x684.webp?ssl=1\" data-amp-layout=\"responsive\" tabindex=\"0\" role=\"button\" aria-label=\"Aprire l&#039;immagine 4 di 5 a schermo intero\"\/><\/a><\/figure><\/div><div class=\"tiled-gallery__col\" style=\"flex-basis:50.00000%\"><figure class=\"tiled-gallery__item\"><a href=\"https:\/\/artejoven.org\/wp-content\/uploads\/2024\/12\/DSC05708-1024x684.webp\"><img decoding=\"async\" srcset=\"https:\/\/i0.wp.com\/artejoven.org\/wp-content\/uploads\/2024\/12\/DSC05708-1024x684.webp?strip=info&#038;w=600&#038;ssl=1 600w,https:\/\/i0.wp.com\/artejoven.org\/wp-content\/uploads\/2024\/12\/DSC05708-1024x684.webp?strip=info&#038;w=900&#038;ssl=1 900w,https:\/\/i0.wp.com\/artejoven.org\/wp-content\/uploads\/2024\/12\/DSC05708-1024x684.webp?strip=info&#038;w=1200&#038;ssl=1 1200w,https:\/\/i0.wp.com\/artejoven.org\/wp-content\/uploads\/2024\/12\/DSC05708-1024x684.webp?strip=info&#038;w=1500&#038;ssl=1 1500w,https:\/\/i0.wp.com\/artejoven.org\/wp-content\/uploads\/2024\/12\/DSC05708-1024x684.webp?strip=info&#038;w=1616&#038;ssl=1 1616w\" alt=\"\" data-height=\"1080\" data-id=\"8366\" data-link=\"https:\/\/artejoven.org\/?attachment_id=8366#main\" data-url=\"https:\/\/artejoven.org\/wp-content\/uploads\/2024\/12\/DSC05708-1024x684.webp\" data-width=\"1616\" src=\"https:\/\/i0.wp.com\/artejoven.org\/wp-content\/uploads\/2024\/12\/DSC05708-1024x684.webp?ssl=1\" data-amp-layout=\"responsive\" tabindex=\"0\" role=\"button\" aria-label=\"Aprire l&#039;immagine 5 di 5 a schermo intero\"\/><\/a><\/figure><\/div><\/div><\/div><\/div><\/div>\n\n\n\n<p><strong>UN VIAGGIO MUSICALE INDIMENTICABILE<\/strong><\/p>\n\n\n\n<p>Sono stati assegnati tre premi per ogni categoria in concorso: A (12-14 anni); B (15-16 anni) e C (17-18 anni). Il primo e il secondo classificato di ogni categoria (con un accompagnatore adulto) hanno partecipato a un programma di scambio creativo di una settimana all'Avana.<\/p>\n\n\n\n<p>Durante questo periodo, i giovani musicisti hanno partecipato a un ampio programma di attivit\u00e0 che comprendeva sessioni di prova, masterclass tenute da rinomati musicisti cubani impegnati a favore dei bambini e Ambasciatori di buona volont\u00e0 dell'UNICEF a Cuba. Hanno inoltre partecipato a scambi creativi con i giovani beneficiari vincitori dei bandi FAJ e hanno visitato spazi culturali.<strong>.<\/strong><\/p>\n\n\n\n<div class=\"wp-block-jetpack-tiled-gallery aligncenter is-style-rectangular\"><div class=\"has-rounded-corners-15\"><div class=\"tiled-gallery__gallery\"><div class=\"tiled-gallery__row\"><div class=\"tiled-gallery__col\" style=\"flex-basis:66.80756%\"><figure class=\"tiled-gallery__item\"><a href=\"https:\/\/artejoven.org\/wp-content\/uploads\/2024\/12\/DSC05730-1024x684.webp\"><img decoding=\"async\" srcset=\"https:\/\/i0.wp.com\/artejoven.org\/wp-content\/uploads\/2024\/12\/DSC05730-1024x684.webp?strip=info&#038;w=600&#038;ssl=1 600w,https:\/\/i0.wp.com\/artejoven.org\/wp-content\/uploads\/2024\/12\/DSC05730-1024x684.webp?strip=info&#038;w=900&#038;ssl=1 900w,https:\/\/i0.wp.com\/artejoven.org\/wp-content\/uploads\/2024\/12\/DSC05730-1024x684.webp?strip=info&#038;w=1200&#038;ssl=1 1200w,https:\/\/i0.wp.com\/artejoven.org\/wp-content\/uploads\/2024\/12\/DSC05730-1024x684.webp?strip=info&#038;w=1500&#038;ssl=1 1500w,https:\/\/i0.wp.com\/artejoven.org\/wp-content\/uploads\/2024\/12\/DSC05730-1024x684.webp?strip=info&#038;w=1616&#038;ssl=1 1616w\" alt=\"\" data-height=\"1080\" data-id=\"8371\" data-link=\"https:\/\/artejoven.org\/?attachment_id=8371#main\" data-url=\"https:\/\/artejoven.org\/wp-content\/uploads\/2024\/12\/DSC05730-1024x684.webp\" data-width=\"1616\" src=\"https:\/\/i0.wp.com\/artejoven.org\/wp-content\/uploads\/2024\/12\/DSC05730-1024x684.webp?ssl=1\" data-amp-layout=\"responsive\" tabindex=\"0\" role=\"button\" aria-label=\"Aprire l&#039;immagine 1 di 4 a schermo intero\"\/><\/a><\/figure><\/div><div class=\"tiled-gallery__col\" style=\"flex-basis:33.19244%\"><figure class=\"tiled-gallery__item\"><a href=\"https:\/\/artejoven.org\/wp-content\/uploads\/2024\/12\/DSC05752-1024x684.webp\"><img decoding=\"async\" srcset=\"https:\/\/i0.wp.com\/artejoven.org\/wp-content\/uploads\/2024\/12\/DSC05752-1024x684.webp?strip=info&#038;w=600&#038;ssl=1 600w,https:\/\/i0.wp.com\/artejoven.org\/wp-content\/uploads\/2024\/12\/DSC05752-1024x684.webp?strip=info&#038;w=900&#038;ssl=1 900w,https:\/\/i0.wp.com\/artejoven.org\/wp-content\/uploads\/2024\/12\/DSC05752-1024x684.webp?strip=info&#038;w=1200&#038;ssl=1 1200w,https:\/\/i0.wp.com\/artejoven.org\/wp-content\/uploads\/2024\/12\/DSC05752-1024x684.webp?strip=info&#038;w=1500&#038;ssl=1 1500w,https:\/\/i0.wp.com\/artejoven.org\/wp-content\/uploads\/2024\/12\/DSC05752-1024x684.webp?strip=info&#038;w=1616&#038;ssl=1 1616w\" alt=\"\" data-height=\"1080\" data-id=\"8369\" data-link=\"https:\/\/artejoven.org\/?attachment_id=8369#main\" data-url=\"https:\/\/artejoven.org\/wp-content\/uploads\/2024\/12\/DSC05752-1024x684.webp\" data-width=\"1616\" src=\"https:\/\/i0.wp.com\/artejoven.org\/wp-content\/uploads\/2024\/12\/DSC05752-1024x684.webp?ssl=1\" data-amp-layout=\"responsive\" tabindex=\"0\" role=\"button\" aria-label=\"Aprire l&#039;immagine 2 di 4 a schermo intero\"\/><\/a><\/figure><figure class=\"tiled-gallery__item\"><a href=\"https:\/\/artejoven.org\/wp-content\/uploads\/2024\/12\/DSC05741-1024x684.webp\"><img decoding=\"async\" srcset=\"https:\/\/i0.wp.com\/artejoven.org\/wp-content\/uploads\/2024\/12\/DSC05741-1024x684.webp?strip=info&#038;w=600&#038;ssl=1 600w,https:\/\/i0.wp.com\/artejoven.org\/wp-content\/uploads\/2024\/12\/DSC05741-1024x684.webp?strip=info&#038;w=900&#038;ssl=1 900w,https:\/\/i0.wp.com\/artejoven.org\/wp-content\/uploads\/2024\/12\/DSC05741-1024x684.webp?strip=info&#038;w=1200&#038;ssl=1 1200w,https:\/\/i0.wp.com\/artejoven.org\/wp-content\/uploads\/2024\/12\/DSC05741-1024x684.webp?strip=info&#038;w=1500&#038;ssl=1 1500w,https:\/\/i0.wp.com\/artejoven.org\/wp-content\/uploads\/2024\/12\/DSC05741-1024x684.webp?strip=info&#038;w=1616&#038;ssl=1 1616w\" alt=\"\" data-height=\"1080\" data-id=\"8370\" data-link=\"https:\/\/artejoven.org\/?attachment_id=8370#main\" data-url=\"https:\/\/artejoven.org\/wp-content\/uploads\/2024\/12\/DSC05741-1024x684.webp\" data-width=\"1616\" src=\"https:\/\/i0.wp.com\/artejoven.org\/wp-content\/uploads\/2024\/12\/DSC05741-1024x684.webp?ssl=1\" data-amp-layout=\"responsive\" tabindex=\"0\" role=\"button\" aria-label=\"Aprire l&#039;immagine 3 di 4 a schermo intero\"\/><\/a><\/figure><\/div><\/div><div class=\"tiled-gallery__row\"><div class=\"tiled-gallery__col\" style=\"flex-basis:100.00000%\"><figure class=\"tiled-gallery__item\"><a href=\"https:\/\/artejoven.org\/wp-content\/uploads\/2024\/12\/DSC05785-1024x684.webp\"><img decoding=\"async\" srcset=\"https:\/\/i0.wp.com\/artejoven.org\/wp-content\/uploads\/2024\/12\/DSC05785-1024x684.webp?strip=info&#038;w=600&#038;ssl=1 600w,https:\/\/i0.wp.com\/artejoven.org\/wp-content\/uploads\/2024\/12\/DSC05785-1024x684.webp?strip=info&#038;w=900&#038;ssl=1 900w,https:\/\/i0.wp.com\/artejoven.org\/wp-content\/uploads\/2024\/12\/DSC05785-1024x684.webp?strip=info&#038;w=1200&#038;ssl=1 1200w,https:\/\/i0.wp.com\/artejoven.org\/wp-content\/uploads\/2024\/12\/DSC05785-1024x684.webp?strip=info&#038;w=1500&#038;ssl=1 1500w,https:\/\/i0.wp.com\/artejoven.org\/wp-content\/uploads\/2024\/12\/DSC05785-1024x684.webp?strip=info&#038;w=1616&#038;ssl=1 1616w\" alt=\"\" data-height=\"1080\" data-id=\"8372\" data-link=\"https:\/\/artejoven.org\/?attachment_id=8372#main\" data-url=\"https:\/\/artejoven.org\/wp-content\/uploads\/2024\/12\/DSC05785-1024x684.webp\" data-width=\"1616\" src=\"https:\/\/i0.wp.com\/artejoven.org\/wp-content\/uploads\/2024\/12\/DSC05785-1024x684.webp?ssl=1\" data-amp-layout=\"responsive\" tabindex=\"0\" role=\"button\" aria-label=\"Aprire l&#039;immagine 4 di 4 a schermo intero\"\/><\/a><\/figure><\/div><\/div><\/div><\/div><\/div>\n\n\n\n<p>Per chiudere in bellezza, l'esperienza si \u00e8 conclusa con un'esibizione nella Sala Teatro del Museo Nacional de Bellas Artes, dove sette talentuosi adolescenti provenienti da diverse scuole e province del Paese, sotto la guida del polistrumentista Janio Abreu e accompagnati da musicisti d'eccezione come Ern\u00e1n L\u00f3pez - Nussa, Dayramir Gonz\u00e1lez, Rafael Iniciarte Jr. e l'Ensemble di flauti Op. 5.<\/p>\n\n\n\n<p>Per la prima volta questi promettenti musicisti si sono riuniti sul palco per eseguire un repertorio virtuoso che comprendeva opere di grandi figure della musica cubana e mondiale, come Ignacio Cervantes, Jos\u00e9 Mar\u00eda Vitier, Aldo L\u00f3pez Gavil\u00e1n, Alejandro (Coqui) Calzadilla, Astor Piazzolla, Frederic Chopin, Claude Debussy, Ern\u00e1n L\u00f3pez - Nussa e Janio Abreu, tra gli altri.<\/p>\n\n\n\n<div class=\"wp-block-jetpack-tiled-gallery aligncenter is-style-rectangular\"><div class=\"has-rounded-corners-15\"><div class=\"tiled-gallery__gallery\"><div class=\"tiled-gallery__row\"><div class=\"tiled-gallery__col\" style=\"flex-basis:50.00000%\"><figure class=\"tiled-gallery__item\"><a href=\"https:\/\/artejoven.org\/wp-content\/uploads\/2024\/12\/12-Concurso-Nacional-de-Musica-FAJ-UNICEF-768x1024.webp\"><img decoding=\"async\" srcset=\"https:\/\/i0.wp.com\/artejoven.org\/wp-content\/uploads\/2024\/12\/12-Concurso-Nacional-de-Musica-FAJ-UNICEF-768x1024.webp?strip=info&#038;w=600&#038;ssl=1 600w,https:\/\/i0.wp.com\/artejoven.org\/wp-content\/uploads\/2024\/12\/12-Concurso-Nacional-de-Musica-FAJ-UNICEF-768x1024.webp?strip=info&#038;w=900&#038;ssl=1 900w,https:\/\/i0.wp.com\/artejoven.org\/wp-content\/uploads\/2024\/12\/12-Concurso-Nacional-de-Musica-FAJ-UNICEF-768x1024.webp?strip=info&#038;w=1200&#038;ssl=1 1200w,https:\/\/i0.wp.com\/artejoven.org\/wp-content\/uploads\/2024\/12\/12-Concurso-Nacional-de-Musica-FAJ-UNICEF-768x1024.webp?strip=info&#038;w=1500&#038;ssl=1 1500w,https:\/\/i0.wp.com\/artejoven.org\/wp-content\/uploads\/2024\/12\/12-Concurso-Nacional-de-Musica-FAJ-UNICEF-768x1024.webp?strip=info&#038;w=1800&#038;ssl=1 1800w,https:\/\/i0.wp.com\/artejoven.org\/wp-content\/uploads\/2024\/12\/12-Concurso-Nacional-de-Musica-FAJ-UNICEF-768x1024.webp?strip=info&#038;w=1920&#038;ssl=1 1920w\" alt=\"\" data-height=\"2560\" data-id=\"8373\" data-link=\"https:\/\/artejoven.org\/?attachment_id=8373#main\" data-url=\"https:\/\/artejoven.org\/wp-content\/uploads\/2024\/12\/12-Concurso-Nacional-de-Musica-FAJ-UNICEF-768x1024.webp\" data-width=\"1920\" src=\"https:\/\/i0.wp.com\/artejoven.org\/wp-content\/uploads\/2024\/12\/12-Concurso-Nacional-de-Musica-FAJ-UNICEF-768x1024.webp?ssl=1\" data-amp-layout=\"responsive\" tabindex=\"0\" role=\"button\" aria-label=\"Aprire l&#039;immagine 1 di 6 a schermo intero\"\/><\/a><\/figure><\/div><div class=\"tiled-gallery__col\" style=\"flex-basis:50.00000%\"><figure class=\"tiled-gallery__item\"><a href=\"https:\/\/artejoven.org\/wp-content\/uploads\/2024\/12\/16-Concurso-Nacional-de-Musica-FAJ-UNICEF-768x1024.webp\"><img decoding=\"async\" srcset=\"https:\/\/i0.wp.com\/artejoven.org\/wp-content\/uploads\/2024\/12\/16-Concurso-Nacional-de-Musica-FAJ-UNICEF-768x1024.webp?strip=info&#038;w=600&#038;ssl=1 600w,https:\/\/i0.wp.com\/artejoven.org\/wp-content\/uploads\/2024\/12\/16-Concurso-Nacional-de-Musica-FAJ-UNICEF-768x1024.webp?strip=info&#038;w=900&#038;ssl=1 900w,https:\/\/i0.wp.com\/artejoven.org\/wp-content\/uploads\/2024\/12\/16-Concurso-Nacional-de-Musica-FAJ-UNICEF-768x1024.webp?strip=info&#038;w=1200&#038;ssl=1 1200w,https:\/\/i0.wp.com\/artejoven.org\/wp-content\/uploads\/2024\/12\/16-Concurso-Nacional-de-Musica-FAJ-UNICEF-768x1024.webp?strip=info&#038;w=1500&#038;ssl=1 1500w,https:\/\/i0.wp.com\/artejoven.org\/wp-content\/uploads\/2024\/12\/16-Concurso-Nacional-de-Musica-FAJ-UNICEF-768x1024.webp?strip=info&#038;w=1800&#038;ssl=1 1800w,https:\/\/i0.wp.com\/artejoven.org\/wp-content\/uploads\/2024\/12\/16-Concurso-Nacional-de-Musica-FAJ-UNICEF-768x1024.webp?strip=info&#038;w=1920&#038;ssl=1 1920w\" alt=\"\" data-height=\"2560\" data-id=\"8375\" data-link=\"https:\/\/artejoven.org\/?attachment_id=8375#main\" data-url=\"https:\/\/artejoven.org\/wp-content\/uploads\/2024\/12\/16-Concurso-Nacional-de-Musica-FAJ-UNICEF-768x1024.webp\" data-width=\"1920\" src=\"https:\/\/i0.wp.com\/artejoven.org\/wp-content\/uploads\/2024\/12\/16-Concurso-Nacional-de-Musica-FAJ-UNICEF-768x1024.webp?ssl=1\" data-amp-layout=\"responsive\" tabindex=\"0\" role=\"button\" aria-label=\"Aprire l&#039;immagine 2 di 6 a schermo intero\"\/><\/a><\/figure><\/div><\/div><div class=\"tiled-gallery__row\"><div class=\"tiled-gallery__col\" style=\"flex-basis:66.79222%\"><figure class=\"tiled-gallery__item\"><a href=\"https:\/\/artejoven.org\/wp-content\/uploads\/2024\/12\/15-Concurso-Nacional-de-Musica-FAJ-UNICEF-1024x768.webp\"><img decoding=\"async\" srcset=\"https:\/\/i0.wp.com\/artejoven.org\/wp-content\/uploads\/2024\/12\/15-Concurso-Nacional-de-Musica-FAJ-UNICEF-1024x768.webp?strip=info&#038;w=600&#038;ssl=1 600w,https:\/\/i0.wp.com\/artejoven.org\/wp-content\/uploads\/2024\/12\/15-Concurso-Nacional-de-Musica-FAJ-UNICEF-1024x768.webp?strip=info&#038;w=900&#038;ssl=1 900w,https:\/\/i0.wp.com\/artejoven.org\/wp-content\/uploads\/2024\/12\/15-Concurso-Nacional-de-Musica-FAJ-UNICEF-1024x768.webp?strip=info&#038;w=1200&#038;ssl=1 1200w,https:\/\/i0.wp.com\/artejoven.org\/wp-content\/uploads\/2024\/12\/15-Concurso-Nacional-de-Musica-FAJ-UNICEF-1024x768.webp?strip=info&#038;w=1500&#038;ssl=1 1500w,https:\/\/i0.wp.com\/artejoven.org\/wp-content\/uploads\/2024\/12\/15-Concurso-Nacional-de-Musica-FAJ-UNICEF-1024x768.webp?strip=info&#038;w=1800&#038;ssl=1 1800w,https:\/\/i0.wp.com\/artejoven.org\/wp-content\/uploads\/2024\/12\/15-Concurso-Nacional-de-Musica-FAJ-UNICEF-1024x768.webp?strip=info&#038;w=2000&#038;ssl=1 2000w\" alt=\"\" data-height=\"1920\" data-id=\"8377\" data-link=\"https:\/\/artejoven.org\/?attachment_id=8377#main\" data-url=\"https:\/\/artejoven.org\/wp-content\/uploads\/2024\/12\/15-Concurso-Nacional-de-Musica-FAJ-UNICEF-1024x768.webp\" data-width=\"2560\" src=\"https:\/\/i0.wp.com\/artejoven.org\/wp-content\/uploads\/2024\/12\/15-Concurso-Nacional-de-Musica-FAJ-UNICEF-1024x768.webp?ssl=1\" data-amp-layout=\"responsive\" tabindex=\"0\" role=\"button\" aria-label=\"Aprire l&#039;immagine 3 di 6 a schermo intero\"\/><\/a><\/figure><\/div><div class=\"tiled-gallery__col\" style=\"flex-basis:33.20778%\"><figure class=\"tiled-gallery__item\"><a href=\"https:\/\/artejoven.org\/wp-content\/uploads\/2024\/12\/03-Concurso-Nacional-de-Musica-FAJ-UNICEF-1024x768.webp\"><img decoding=\"async\" srcset=\"https:\/\/i0.wp.com\/artejoven.org\/wp-content\/uploads\/2024\/12\/03-Concurso-Nacional-de-Musica-FAJ-UNICEF-1024x768.webp?strip=info&#038;w=600&#038;ssl=1 600w,https:\/\/i0.wp.com\/artejoven.org\/wp-content\/uploads\/2024\/12\/03-Concurso-Nacional-de-Musica-FAJ-UNICEF-1024x768.webp?strip=info&#038;w=900&#038;ssl=1 900w,https:\/\/i0.wp.com\/artejoven.org\/wp-content\/uploads\/2024\/12\/03-Concurso-Nacional-de-Musica-FAJ-UNICEF-1024x768.webp?strip=info&#038;w=1200&#038;ssl=1 1200w,https:\/\/i0.wp.com\/artejoven.org\/wp-content\/uploads\/2024\/12\/03-Concurso-Nacional-de-Musica-FAJ-UNICEF-1024x768.webp?strip=info&#038;w=1500&#038;ssl=1 1500w,https:\/\/i0.wp.com\/artejoven.org\/wp-content\/uploads\/2024\/12\/03-Concurso-Nacional-de-Musica-FAJ-UNICEF-1024x768.webp?strip=info&#038;w=1800&#038;ssl=1 1800w,https:\/\/i0.wp.com\/artejoven.org\/wp-content\/uploads\/2024\/12\/03-Concurso-Nacional-de-Musica-FAJ-UNICEF-1024x768.webp?strip=info&#038;w=2000&#038;ssl=1 2000w\" alt=\"\" data-height=\"1920\" data-id=\"8380\" data-link=\"https:\/\/artejoven.org\/?attachment_id=8380#main\" data-url=\"https:\/\/artejoven.org\/wp-content\/uploads\/2024\/12\/03-Concurso-Nacional-de-Musica-FAJ-UNICEF-1024x768.webp\" data-width=\"2560\" src=\"https:\/\/i0.wp.com\/artejoven.org\/wp-content\/uploads\/2024\/12\/03-Concurso-Nacional-de-Musica-FAJ-UNICEF-1024x768.webp?ssl=1\" data-amp-layout=\"responsive\" tabindex=\"0\" role=\"button\" aria-label=\"Aprire l&#039;immagine 4 di 6 a schermo intero\"\/><\/a><\/figure><figure class=\"tiled-gallery__item\"><a href=\"https:\/\/artejoven.org\/wp-content\/uploads\/2024\/12\/02-Concurso-Nacional-de-Musica-FAJ-UNICEF-1024x768.webp\"><img decoding=\"async\" srcset=\"https:\/\/i0.wp.com\/artejoven.org\/wp-content\/uploads\/2024\/12\/02-Concurso-Nacional-de-Musica-FAJ-UNICEF-1024x768.webp?strip=info&#038;w=600&#038;ssl=1 600w,https:\/\/i0.wp.com\/artejoven.org\/wp-content\/uploads\/2024\/12\/02-Concurso-Nacional-de-Musica-FAJ-UNICEF-1024x768.webp?strip=info&#038;w=900&#038;ssl=1 900w,https:\/\/i0.wp.com\/artejoven.org\/wp-content\/uploads\/2024\/12\/02-Concurso-Nacional-de-Musica-FAJ-UNICEF-1024x768.webp?strip=info&#038;w=1200&#038;ssl=1 1200w,https:\/\/i0.wp.com\/artejoven.org\/wp-content\/uploads\/2024\/12\/02-Concurso-Nacional-de-Musica-FAJ-UNICEF-1024x768.webp?strip=info&#038;w=1500&#038;ssl=1 1500w,https:\/\/i0.wp.com\/artejoven.org\/wp-content\/uploads\/2024\/12\/02-Concurso-Nacional-de-Musica-FAJ-UNICEF-1024x768.webp?strip=info&#038;w=1800&#038;ssl=1 1800w,https:\/\/i0.wp.com\/artejoven.org\/wp-content\/uploads\/2024\/12\/02-Concurso-Nacional-de-Musica-FAJ-UNICEF-1024x768.webp?strip=info&#038;w=2000&#038;ssl=1 2000w\" alt=\"\" data-height=\"1920\" data-id=\"8381\" data-link=\"https:\/\/artejoven.org\/?attachment_id=8381#main\" data-url=\"https:\/\/artejoven.org\/wp-content\/uploads\/2024\/12\/02-Concurso-Nacional-de-Musica-FAJ-UNICEF-1024x768.webp\" data-width=\"2560\" src=\"https:\/\/i0.wp.com\/artejoven.org\/wp-content\/uploads\/2024\/12\/02-Concurso-Nacional-de-Musica-FAJ-UNICEF-1024x768.webp?ssl=1\" data-amp-layout=\"responsive\" tabindex=\"0\" role=\"button\" aria-label=\"Aprire l&#039;immagine 5 di 6 a schermo intero\"\/><\/a><\/figure><\/div><\/div><div class=\"tiled-gallery__row\"><div class=\"tiled-gallery__col\" style=\"flex-basis:100.00000%\"><figure class=\"tiled-gallery__item\"><a href=\"https:\/\/artejoven.org\/wp-content\/uploads\/2024\/12\/01-Concurso-Nacional-de-Musica-FAJ-UNICEF-1024x768.webp\"><img decoding=\"async\" srcset=\"https:\/\/i0.wp.com\/artejoven.org\/wp-content\/uploads\/2024\/12\/01-Concurso-Nacional-de-Musica-FAJ-UNICEF-1024x768.webp?strip=info&#038;w=600&#038;ssl=1 600w,https:\/\/i0.wp.com\/artejoven.org\/wp-content\/uploads\/2024\/12\/01-Concurso-Nacional-de-Musica-FAJ-UNICEF-1024x768.webp?strip=info&#038;w=900&#038;ssl=1 900w,https:\/\/i0.wp.com\/artejoven.org\/wp-content\/uploads\/2024\/12\/01-Concurso-Nacional-de-Musica-FAJ-UNICEF-1024x768.webp?strip=info&#038;w=1200&#038;ssl=1 1200w,https:\/\/i0.wp.com\/artejoven.org\/wp-content\/uploads\/2024\/12\/01-Concurso-Nacional-de-Musica-FAJ-UNICEF-1024x768.webp?strip=info&#038;w=1500&#038;ssl=1 1500w,https:\/\/i0.wp.com\/artejoven.org\/wp-content\/uploads\/2024\/12\/01-Concurso-Nacional-de-Musica-FAJ-UNICEF-1024x768.webp?strip=info&#038;w=1800&#038;ssl=1 1800w,https:\/\/i0.wp.com\/artejoven.org\/wp-content\/uploads\/2024\/12\/01-Concurso-Nacional-de-Musica-FAJ-UNICEF-1024x768.webp?strip=info&#038;w=2000&#038;ssl=1 2000w\" alt=\"\" data-height=\"1920\" data-id=\"8379\" data-link=\"https:\/\/artejoven.org\/?attachment_id=8379#main\" data-url=\"https:\/\/artejoven.org\/wp-content\/uploads\/2024\/12\/01-Concurso-Nacional-de-Musica-FAJ-UNICEF-1024x768.webp\" data-width=\"2560\" src=\"https:\/\/i0.wp.com\/artejoven.org\/wp-content\/uploads\/2024\/12\/01-Concurso-Nacional-de-Musica-FAJ-UNICEF-1024x768.webp?ssl=1\" data-amp-layout=\"responsive\" tabindex=\"0\" role=\"button\" aria-label=\"Aprire l&#039;immagine 6 di 6 a schermo intero\"\/><\/a><\/figure><\/div><\/div><\/div><\/div><\/div>\n\n\n\n<p>Il pubblico ha apprezzato la versatilit\u00e0 di Ronny, Alessa, El\u00edas, Laura, Jos\u00e9 \u00c1ngel e Rafael, che hanno brillato anche con le loro abilit\u00e0 su altri strumenti in una dimostrazione di creativit\u00e0 e abilit\u00e0 senza pari. &nbsp;<\/p>\n\n\n\n<p>In quasi due anni di esistenza, la FAJ ha avuto alleati culturalmente impegnati, il che \u00e8 stato fondamentale per promuovere la cultura e la creativit\u00e0 nelle nuove generazioni di artisti. Il Concorso Nazionale di Musica con l'UNICEF Cuba si aggiunge a questa lista di collaborazioni, riaffermando gli obiettivi della piattaforma di stabilire alleanze e sinergie con organizzazioni, progetti e istituzioni che condividono obiettivi comuni.<\/p>\n\n\n\n<div class=\"wp-block-jetpack-tiled-gallery aligncenter is-style-rectangular\"><div class=\"has-rounded-corners-15\"><div class=\"tiled-gallery__gallery\"><div class=\"tiled-gallery__row\"><div class=\"tiled-gallery__col\" style=\"flex-basis:38.99677%\"><figure class=\"tiled-gallery__item\"><a href=\"https:\/\/artejoven.org\/wp-content\/uploads\/2024\/12\/02-Concurso-Nacional-de-Musica-FAJ-UNICEF.-Concierto-1024x768.webp\"><img decoding=\"async\" srcset=\"https:\/\/i0.wp.com\/artejoven.org\/wp-content\/uploads\/2024\/12\/02-Concurso-Nacional-de-Musica-FAJ-UNICEF.-Concierto-1024x768.webp?strip=info&#038;w=600&#038;ssl=1 600w,https:\/\/i0.wp.com\/artejoven.org\/wp-content\/uploads\/2024\/12\/02-Concurso-Nacional-de-Musica-FAJ-UNICEF.-Concierto-1024x768.webp?strip=info&#038;w=900&#038;ssl=1 900w,https:\/\/i0.wp.com\/artejoven.org\/wp-content\/uploads\/2024\/12\/02-Concurso-Nacional-de-Musica-FAJ-UNICEF.-Concierto-1024x768.webp?strip=info&#038;w=1200&#038;ssl=1 1200w,https:\/\/i0.wp.com\/artejoven.org\/wp-content\/uploads\/2024\/12\/02-Concurso-Nacional-de-Musica-FAJ-UNICEF.-Concierto-1024x768.webp?strip=info&#038;w=1500&#038;ssl=1 1500w,https:\/\/i0.wp.com\/artejoven.org\/wp-content\/uploads\/2024\/12\/02-Concurso-Nacional-de-Musica-FAJ-UNICEF.-Concierto-1024x768.webp?strip=info&#038;w=1800&#038;ssl=1 1800w,https:\/\/i0.wp.com\/artejoven.org\/wp-content\/uploads\/2024\/12\/02-Concurso-Nacional-de-Musica-FAJ-UNICEF.-Concierto-1024x768.webp?strip=info&#038;w=2000&#038;ssl=1 2000w\" alt=\"\" data-height=\"1920\" data-id=\"8382\" data-link=\"https:\/\/artejoven.org\/?attachment_id=8382#main\" data-url=\"https:\/\/artejoven.org\/wp-content\/uploads\/2024\/12\/02-Concurso-Nacional-de-Musica-FAJ-UNICEF.-Concierto-1024x768.webp\" data-width=\"2560\" src=\"https:\/\/i0.wp.com\/artejoven.org\/wp-content\/uploads\/2024\/12\/02-Concurso-Nacional-de-Musica-FAJ-UNICEF.-Concierto-1024x768.webp?ssl=1\" data-amp-layout=\"responsive\" tabindex=\"0\" role=\"button\" aria-label=\"Aprire l&#039;immagine 1 di 8 a schermo intero\"\/><\/a><\/figure><\/div><div class=\"tiled-gallery__col\" style=\"flex-basis:22.00646%\"><figure class=\"tiled-gallery__item\"><a href=\"https:\/\/artejoven.org\/wp-content\/uploads\/2024\/12\/07-Concurso-Nacional-de-Musica-FAJ-UNICEF.-Concierto-768x1024.webp\"><img decoding=\"async\" srcset=\"https:\/\/i0.wp.com\/artejoven.org\/wp-content\/uploads\/2024\/12\/07-Concurso-Nacional-de-Musica-FAJ-UNICEF.-Concierto-768x1024.webp?strip=info&#038;w=600&#038;ssl=1 600w,https:\/\/i0.wp.com\/artejoven.org\/wp-content\/uploads\/2024\/12\/07-Concurso-Nacional-de-Musica-FAJ-UNICEF.-Concierto-768x1024.webp?strip=info&#038;w=900&#038;ssl=1 900w,https:\/\/i0.wp.com\/artejoven.org\/wp-content\/uploads\/2024\/12\/07-Concurso-Nacional-de-Musica-FAJ-UNICEF.-Concierto-768x1024.webp?strip=info&#038;w=1200&#038;ssl=1 1200w,https:\/\/i0.wp.com\/artejoven.org\/wp-content\/uploads\/2024\/12\/07-Concurso-Nacional-de-Musica-FAJ-UNICEF.-Concierto-768x1024.webp?strip=info&#038;w=1500&#038;ssl=1 1500w,https:\/\/i0.wp.com\/artejoven.org\/wp-content\/uploads\/2024\/12\/07-Concurso-Nacional-de-Musica-FAJ-UNICEF.-Concierto-768x1024.webp?strip=info&#038;w=1800&#038;ssl=1 1800w,https:\/\/i0.wp.com\/artejoven.org\/wp-content\/uploads\/2024\/12\/07-Concurso-Nacional-de-Musica-FAJ-UNICEF.-Concierto-768x1024.webp?strip=info&#038;w=1920&#038;ssl=1 1920w\" alt=\"\" data-height=\"2560\" data-id=\"8383\" data-link=\"https:\/\/artejoven.org\/?attachment_id=8383#main\" data-url=\"https:\/\/artejoven.org\/wp-content\/uploads\/2024\/12\/07-Concurso-Nacional-de-Musica-FAJ-UNICEF.-Concierto-768x1024.webp\" data-width=\"1920\" src=\"https:\/\/i0.wp.com\/artejoven.org\/wp-content\/uploads\/2024\/12\/07-Concurso-Nacional-de-Musica-FAJ-UNICEF.-Concierto-768x1024.webp?ssl=1\" data-amp-layout=\"responsive\" tabindex=\"0\" role=\"button\" aria-label=\"Aprire l&#039;immagine 2 di 8 a schermo intero\"\/><\/a><\/figure><\/div><div class=\"tiled-gallery__col\" style=\"flex-basis:38.99677%\"><figure class=\"tiled-gallery__item\"><a href=\"https:\/\/artejoven.org\/wp-content\/uploads\/2024\/12\/08-Concurso-Nacional-de-Musica-FAJ-UNICEF.-Concierto-1024x768.webp\"><img decoding=\"async\" srcset=\"https:\/\/i0.wp.com\/artejoven.org\/wp-content\/uploads\/2024\/12\/08-Concurso-Nacional-de-Musica-FAJ-UNICEF.-Concierto-1024x768.webp?strip=info&#038;w=600&#038;ssl=1 600w,https:\/\/i0.wp.com\/artejoven.org\/wp-content\/uploads\/2024\/12\/08-Concurso-Nacional-de-Musica-FAJ-UNICEF.-Concierto-1024x768.webp?strip=info&#038;w=900&#038;ssl=1 900w,https:\/\/i0.wp.com\/artejoven.org\/wp-content\/uploads\/2024\/12\/08-Concurso-Nacional-de-Musica-FAJ-UNICEF.-Concierto-1024x768.webp?strip=info&#038;w=1200&#038;ssl=1 1200w,https:\/\/i0.wp.com\/artejoven.org\/wp-content\/uploads\/2024\/12\/08-Concurso-Nacional-de-Musica-FAJ-UNICEF.-Concierto-1024x768.webp?strip=info&#038;w=1500&#038;ssl=1 1500w,https:\/\/i0.wp.com\/artejoven.org\/wp-content\/uploads\/2024\/12\/08-Concurso-Nacional-de-Musica-FAJ-UNICEF.-Concierto-1024x768.webp?strip=info&#038;w=1800&#038;ssl=1 1800w,https:\/\/i0.wp.com\/artejoven.org\/wp-content\/uploads\/2024\/12\/08-Concurso-Nacional-de-Musica-FAJ-UNICEF.-Concierto-1024x768.webp?strip=info&#038;w=2000&#038;ssl=1 2000w\" alt=\"\" data-height=\"1920\" data-id=\"8384\" data-link=\"https:\/\/artejoven.org\/?attachment_id=8384#main\" data-url=\"https:\/\/artejoven.org\/wp-content\/uploads\/2024\/12\/08-Concurso-Nacional-de-Musica-FAJ-UNICEF.-Concierto-1024x768.webp\" data-width=\"2560\" src=\"https:\/\/i0.wp.com\/artejoven.org\/wp-content\/uploads\/2024\/12\/08-Concurso-Nacional-de-Musica-FAJ-UNICEF.-Concierto-1024x768.webp?ssl=1\" data-amp-layout=\"responsive\" tabindex=\"0\" role=\"button\" aria-label=\"Aprire l&#039;immagine 3 di 8 a schermo intero\"\/><\/a><\/figure><\/div><\/div><div class=\"tiled-gallery__row\"><div class=\"tiled-gallery__col\" style=\"flex-basis:66.79222%\"><figure class=\"tiled-gallery__item\"><a href=\"https:\/\/artejoven.org\/wp-content\/uploads\/2024\/12\/04-Concurso-Nacional-de-Musica-FAJ-UNICEF.-Concierto-1024x768.webp\"><img decoding=\"async\" srcset=\"https:\/\/i0.wp.com\/artejoven.org\/wp-content\/uploads\/2024\/12\/04-Concurso-Nacional-de-Musica-FAJ-UNICEF.-Concierto-1024x768.webp?strip=info&#038;w=600&#038;ssl=1 600w,https:\/\/i0.wp.com\/artejoven.org\/wp-content\/uploads\/2024\/12\/04-Concurso-Nacional-de-Musica-FAJ-UNICEF.-Concierto-1024x768.webp?strip=info&#038;w=900&#038;ssl=1 900w,https:\/\/i0.wp.com\/artejoven.org\/wp-content\/uploads\/2024\/12\/04-Concurso-Nacional-de-Musica-FAJ-UNICEF.-Concierto-1024x768.webp?strip=info&#038;w=1200&#038;ssl=1 1200w,https:\/\/i0.wp.com\/artejoven.org\/wp-content\/uploads\/2024\/12\/04-Concurso-Nacional-de-Musica-FAJ-UNICEF.-Concierto-1024x768.webp?strip=info&#038;w=1500&#038;ssl=1 1500w,https:\/\/i0.wp.com\/artejoven.org\/wp-content\/uploads\/2024\/12\/04-Concurso-Nacional-de-Musica-FAJ-UNICEF.-Concierto-1024x768.webp?strip=info&#038;w=1800&#038;ssl=1 1800w,https:\/\/i0.wp.com\/artejoven.org\/wp-content\/uploads\/2024\/12\/04-Concurso-Nacional-de-Musica-FAJ-UNICEF.-Concierto-1024x768.webp?strip=info&#038;w=2000&#038;ssl=1 2000w\" alt=\"\" data-height=\"1920\" data-id=\"8385\" data-link=\"https:\/\/artejoven.org\/?attachment_id=8385#main\" data-url=\"https:\/\/artejoven.org\/wp-content\/uploads\/2024\/12\/04-Concurso-Nacional-de-Musica-FAJ-UNICEF.-Concierto-1024x768.webp\" data-width=\"2560\" src=\"https:\/\/i0.wp.com\/artejoven.org\/wp-content\/uploads\/2024\/12\/04-Concurso-Nacional-de-Musica-FAJ-UNICEF.-Concierto-1024x768.webp?ssl=1\" data-amp-layout=\"responsive\" tabindex=\"0\" role=\"button\" aria-label=\"Aprire l&#039;immagine 4 di 8 a schermo intero\"\/><\/a><\/figure><\/div><div class=\"tiled-gallery__col\" style=\"flex-basis:33.20778%\"><figure class=\"tiled-gallery__item\"><a href=\"https:\/\/artejoven.org\/wp-content\/uploads\/2024\/12\/03-Concurso-Nacional-de-Musica-FAJ-UNICEF.-Concierto-1024x768.webp\"><img decoding=\"async\" srcset=\"https:\/\/i0.wp.com\/artejoven.org\/wp-content\/uploads\/2024\/12\/03-Concurso-Nacional-de-Musica-FAJ-UNICEF.-Concierto-1024x768.webp?strip=info&#038;w=600&#038;ssl=1 600w,https:\/\/i0.wp.com\/artejoven.org\/wp-content\/uploads\/2024\/12\/03-Concurso-Nacional-de-Musica-FAJ-UNICEF.-Concierto-1024x768.webp?strip=info&#038;w=900&#038;ssl=1 900w,https:\/\/i0.wp.com\/artejoven.org\/wp-content\/uploads\/2024\/12\/03-Concurso-Nacional-de-Musica-FAJ-UNICEF.-Concierto-1024x768.webp?strip=info&#038;w=1200&#038;ssl=1 1200w,https:\/\/i0.wp.com\/artejoven.org\/wp-content\/uploads\/2024\/12\/03-Concurso-Nacional-de-Musica-FAJ-UNICEF.-Concierto-1024x768.webp?strip=info&#038;w=1500&#038;ssl=1 1500w,https:\/\/i0.wp.com\/artejoven.org\/wp-content\/uploads\/2024\/12\/03-Concurso-Nacional-de-Musica-FAJ-UNICEF.-Concierto-1024x768.webp?strip=info&#038;w=1800&#038;ssl=1 1800w,https:\/\/i0.wp.com\/artejoven.org\/wp-content\/uploads\/2024\/12\/03-Concurso-Nacional-de-Musica-FAJ-UNICEF.-Concierto-1024x768.webp?strip=info&#038;w=2000&#038;ssl=1 2000w\" alt=\"\" data-height=\"1920\" data-id=\"8386\" data-link=\"https:\/\/artejoven.org\/?attachment_id=8386#main\" data-url=\"https:\/\/artejoven.org\/wp-content\/uploads\/2024\/12\/03-Concurso-Nacional-de-Musica-FAJ-UNICEF.-Concierto-1024x768.webp\" data-width=\"2560\" src=\"https:\/\/i0.wp.com\/artejoven.org\/wp-content\/uploads\/2024\/12\/03-Concurso-Nacional-de-Musica-FAJ-UNICEF.-Concierto-1024x768.webp?ssl=1\" data-amp-layout=\"responsive\" tabindex=\"0\" role=\"button\" aria-label=\"Aprire l&#039;immagine 5 di 8 a schermo intero\"\/><\/a><\/figure><figure class=\"tiled-gallery__item\"><a href=\"https:\/\/artejoven.org\/wp-content\/uploads\/2024\/12\/06-Concurso-Nacional-de-Musica-FAJ-UNICEF.-Concierto-1024x768.webp\"><img decoding=\"async\" srcset=\"https:\/\/i0.wp.com\/artejoven.org\/wp-content\/uploads\/2024\/12\/06-Concurso-Nacional-de-Musica-FAJ-UNICEF.-Concierto-1024x768.webp?strip=info&#038;w=600&#038;ssl=1 600w,https:\/\/i0.wp.com\/artejoven.org\/wp-content\/uploads\/2024\/12\/06-Concurso-Nacional-de-Musica-FAJ-UNICEF.-Concierto-1024x768.webp?strip=info&#038;w=900&#038;ssl=1 900w,https:\/\/i0.wp.com\/artejoven.org\/wp-content\/uploads\/2024\/12\/06-Concurso-Nacional-de-Musica-FAJ-UNICEF.-Concierto-1024x768.webp?strip=info&#038;w=1200&#038;ssl=1 1200w,https:\/\/i0.wp.com\/artejoven.org\/wp-content\/uploads\/2024\/12\/06-Concurso-Nacional-de-Musica-FAJ-UNICEF.-Concierto-1024x768.webp?strip=info&#038;w=1500&#038;ssl=1 1500w,https:\/\/i0.wp.com\/artejoven.org\/wp-content\/uploads\/2024\/12\/06-Concurso-Nacional-de-Musica-FAJ-UNICEF.-Concierto-1024x768.webp?strip=info&#038;w=1800&#038;ssl=1 1800w,https:\/\/i0.wp.com\/artejoven.org\/wp-content\/uploads\/2024\/12\/06-Concurso-Nacional-de-Musica-FAJ-UNICEF.-Concierto-1024x768.webp?strip=info&#038;w=2000&#038;ssl=1 2000w\" alt=\"\" data-height=\"1920\" data-id=\"8387\" data-link=\"https:\/\/artejoven.org\/?attachment_id=8387#main\" data-url=\"https:\/\/artejoven.org\/wp-content\/uploads\/2024\/12\/06-Concurso-Nacional-de-Musica-FAJ-UNICEF.-Concierto-1024x768.webp\" data-width=\"2560\" src=\"https:\/\/i0.wp.com\/artejoven.org\/wp-content\/uploads\/2024\/12\/06-Concurso-Nacional-de-Musica-FAJ-UNICEF.-Concierto-1024x768.webp?ssl=1\" data-amp-layout=\"responsive\" tabindex=\"0\" role=\"button\" aria-label=\"Aprire l&#039;immagine 6 di 8 a schermo intero\"\/><\/a><\/figure><\/div><\/div><div class=\"tiled-gallery__row\"><div class=\"tiled-gallery__col\" style=\"flex-basis:50.00000%\"><figure class=\"tiled-gallery__item\"><a href=\"https:\/\/artejoven.org\/wp-content\/uploads\/2024\/12\/09-Concurso-Nacional-de-Musica-FAJ-UNICEF.-Concierto-1024x768.webp\"><img decoding=\"async\" srcset=\"https:\/\/i0.wp.com\/artejoven.org\/wp-content\/uploads\/2024\/12\/09-Concurso-Nacional-de-Musica-FAJ-UNICEF.-Concierto-1024x768.webp?strip=info&#038;w=600&#038;ssl=1 600w,https:\/\/i0.wp.com\/artejoven.org\/wp-content\/uploads\/2024\/12\/09-Concurso-Nacional-de-Musica-FAJ-UNICEF.-Concierto-1024x768.webp?strip=info&#038;w=900&#038;ssl=1 900w,https:\/\/i0.wp.com\/artejoven.org\/wp-content\/uploads\/2024\/12\/09-Concurso-Nacional-de-Musica-FAJ-UNICEF.-Concierto-1024x768.webp?strip=info&#038;w=1200&#038;ssl=1 1200w,https:\/\/i0.wp.com\/artejoven.org\/wp-content\/uploads\/2024\/12\/09-Concurso-Nacional-de-Musica-FAJ-UNICEF.-Concierto-1024x768.webp?strip=info&#038;w=1500&#038;ssl=1 1500w,https:\/\/i0.wp.com\/artejoven.org\/wp-content\/uploads\/2024\/12\/09-Concurso-Nacional-de-Musica-FAJ-UNICEF.-Concierto-1024x768.webp?strip=info&#038;w=1800&#038;ssl=1 1800w,https:\/\/i0.wp.com\/artejoven.org\/wp-content\/uploads\/2024\/12\/09-Concurso-Nacional-de-Musica-FAJ-UNICEF.-Concierto-1024x768.webp?strip=info&#038;w=2000&#038;ssl=1 2000w\" alt=\"\" data-height=\"1920\" data-id=\"8388\" data-link=\"https:\/\/artejoven.org\/?attachment_id=8388#main\" data-url=\"https:\/\/artejoven.org\/wp-content\/uploads\/2024\/12\/09-Concurso-Nacional-de-Musica-FAJ-UNICEF.-Concierto-1024x768.webp\" data-width=\"2560\" src=\"https:\/\/i0.wp.com\/artejoven.org\/wp-content\/uploads\/2024\/12\/09-Concurso-Nacional-de-Musica-FAJ-UNICEF.-Concierto-1024x768.webp?ssl=1\" data-amp-layout=\"responsive\" tabindex=\"0\" role=\"button\" aria-label=\"Aprire l&#039;immagine 7 di 8 a schermo intero\"\/><\/a><\/figure><\/div><div class=\"tiled-gallery__col\" style=\"flex-basis:50.00000%\"><figure class=\"tiled-gallery__item\"><a href=\"https:\/\/artejoven.org\/wp-content\/uploads\/2024\/12\/10-Concurso-Nacional-de-Musica-FAJ-UNICEF.-Concierto-1024x768.webp\"><img decoding=\"async\" srcset=\"https:\/\/i0.wp.com\/artejoven.org\/wp-content\/uploads\/2024\/12\/10-Concurso-Nacional-de-Musica-FAJ-UNICEF.-Concierto-1024x768.webp?strip=info&#038;w=600&#038;ssl=1 600w,https:\/\/i0.wp.com\/artejoven.org\/wp-content\/uploads\/2024\/12\/10-Concurso-Nacional-de-Musica-FAJ-UNICEF.-Concierto-1024x768.webp?strip=info&#038;w=900&#038;ssl=1 900w,https:\/\/i0.wp.com\/artejoven.org\/wp-content\/uploads\/2024\/12\/10-Concurso-Nacional-de-Musica-FAJ-UNICEF.-Concierto-1024x768.webp?strip=info&#038;w=1200&#038;ssl=1 1200w,https:\/\/i0.wp.com\/artejoven.org\/wp-content\/uploads\/2024\/12\/10-Concurso-Nacional-de-Musica-FAJ-UNICEF.-Concierto-1024x768.webp?strip=info&#038;w=1500&#038;ssl=1 1500w,https:\/\/i0.wp.com\/artejoven.org\/wp-content\/uploads\/2024\/12\/10-Concurso-Nacional-de-Musica-FAJ-UNICEF.-Concierto-1024x768.webp?strip=info&#038;w=1800&#038;ssl=1 1800w,https:\/\/i0.wp.com\/artejoven.org\/wp-content\/uploads\/2024\/12\/10-Concurso-Nacional-de-Musica-FAJ-UNICEF.-Concierto-1024x768.webp?strip=info&#038;w=2000&#038;ssl=1 2000w\" alt=\"\" data-height=\"1920\" data-id=\"8389\" data-link=\"https:\/\/artejoven.org\/?attachment_id=8389#main\" data-url=\"https:\/\/artejoven.org\/wp-content\/uploads\/2024\/12\/10-Concurso-Nacional-de-Musica-FAJ-UNICEF.-Concierto-1024x768.webp\" data-width=\"2560\" src=\"https:\/\/i0.wp.com\/artejoven.org\/wp-content\/uploads\/2024\/12\/10-Concurso-Nacional-de-Musica-FAJ-UNICEF.-Concierto-1024x768.webp?ssl=1\" data-amp-layout=\"responsive\" tabindex=\"0\" role=\"button\" aria-label=\"Aprire l&#039;immagine 8 di 8 a schermo intero\"\/><\/a><\/figure><\/div><\/div><\/div><\/div><\/div>","protected":false},"excerpt":{"rendered":"<p>In quasi due anni di esistenza, la FAJ ha avuto alleati culturalmente impegnati, il che \u00e8 stato fondamentale per promuovere la cultura e la creativit\u00e0 nelle nuove generazioni di artisti. <\/p>","protected":false},"author":1,"featured_media":8413,"comment_status":"open","ping_status":"open","sticky":false,"template":"","format":"standard","meta":{"_acf_changed":false,"_jetpack_memberships_contains_paid_content":false,"footnotes":"","_links_to":"","_links_to_target":""},"categories":[35],"tags":[],"class_list":{"0":"post-8355","1":"post","2":"type-post","3":"status-publish","4":"format-standard","5":"has-post-thumbnail","6":"hentry","7":"category-desde-el-faj","9":"post-with-thumbnail","10":"post-with-thumbnail-large"},"acf":[],"aioseo_notices":[],"jetpack_featured_media_url":"https:\/\/artejoven.org\/wp-content\/uploads\/2024\/12\/01-Concurso-Nacional-de-Musica-FAJ-UNICEF.-Concierto-1.webp","jetpack-related-posts":[{"id":8105,"url":"https:\/\/artejoven.org\/it\/fondo-de-arte-joven-y-unicef-cuba-convocan-a-la-primera-edicion-del-concurso-nacional-de-musica\/","url_meta":{"origin":8355,"position":0},"title":"Il Fondo de Arte Joven e l'UNICEF di Cuba lanciano un appello per la prima edizione del Concorso Nazionale di Musica","author":"Ren\u00e9 Manuel Puig","date":"19 de Settembre de 2024","format":false,"excerpt":"Il Fondo de Arte Joven (FAJ) e il Fondo delle Nazioni Unite per l'Infanzia a Cuba (UNICEF Cuba) indicono la prima edizione del Concorso Nazionale di Musica, un'opportunit\u00e0 unica per gli adolescenti e i giovani.","rel":"","context":"In &quot;Desde el FAJ&quot;","block_context":{"text":"Desde el FAJ","link":"https:\/\/artejoven.org\/it\/category\/noticias\/desde-el-faj\/"},"img":{"alt_text":"Concurso Nacional de M\u00fasica. Convocatoria FAJ-UNICEF","src":"https:\/\/i0.wp.com\/artejoven.org\/wp-content\/uploads\/2024\/09\/Concurso-Nacional-de-Musica.-Convocatoria-FAJ-UNICEF--jpg.webp?resize=350%2C200&ssl=1","width":350,"height":200,"srcset":"https:\/\/i0.wp.com\/artejoven.org\/wp-content\/uploads\/2024\/09\/Concurso-Nacional-de-Musica.-Convocatoria-FAJ-UNICEF--jpg.webp?resize=350%2C200&ssl=1 1x, https:\/\/i0.wp.com\/artejoven.org\/wp-content\/uploads\/2024\/09\/Concurso-Nacional-de-Musica.-Convocatoria-FAJ-UNICEF--jpg.webp?resize=525%2C300&ssl=1 1.5x, https:\/\/i0.wp.com\/artejoven.org\/wp-content\/uploads\/2024\/09\/Concurso-Nacional-de-Musica.-Convocatoria-FAJ-UNICEF--jpg.webp?resize=700%2C400&ssl=1 2x, https:\/\/i0.wp.com\/artejoven.org\/wp-content\/uploads\/2024\/09\/Concurso-Nacional-de-Musica.-Convocatoria-FAJ-UNICEF--jpg.webp?resize=1050%2C600&ssl=1 3x, https:\/\/i0.wp.com\/artejoven.org\/wp-content\/uploads\/2024\/09\/Concurso-Nacional-de-Musica.-Convocatoria-FAJ-UNICEF--jpg.webp?resize=1400%2C800&ssl=1 4x"},"classes":[]},{"id":9687,"url":"https:\/\/artejoven.org\/it\/fondo-de-arte-joven-y-unicef-cuba-convocan-a-la-segunda-convocatoria-del-concurso-nacional-de-musica\/","url_meta":{"origin":8355,"position":1},"title":"Il Fondo de Arte Joven e l'UNICEF Cuba annunciano il secondo bando di concorso per il Concorso Nazionale di Musica","author":"Ren\u00e9 Manuel Puig","date":"17 de Luglio de 2025","format":false,"excerpt":"La seconda edizione del Concorso Nazionale di Musica si propone inoltre di generare un impatto positivo sulla formazione artistica e professionale di questa popolazione, contribuendo alla creazione di ambienti e opportunit\u00e0 inclusive che sostengano l'esercizio del diritto dei bambini e degli adolescenti a partecipare liberamente alla vita culturale e allo sviluppo della loro vita culturale.....","rel":"","context":"In &quot;Desde el FAJ&quot;","block_context":{"text":"Desde el FAJ","link":"https:\/\/artejoven.org\/it\/category\/noticias\/desde-el-faj\/"},"img":{"alt_text":"","src":"https:\/\/i0.wp.com\/artejoven.org\/wp-content\/uploads\/2025\/07\/BANNER_CONCURSO-NACIONAL-DE-MUSICA-2DA-EDICION.webp?resize=350%2C200&ssl=1","width":350,"height":200,"srcset":"https:\/\/i0.wp.com\/artejoven.org\/wp-content\/uploads\/2025\/07\/BANNER_CONCURSO-NACIONAL-DE-MUSICA-2DA-EDICION.webp?resize=350%2C200&ssl=1 1x, https:\/\/i0.wp.com\/artejoven.org\/wp-content\/uploads\/2025\/07\/BANNER_CONCURSO-NACIONAL-DE-MUSICA-2DA-EDICION.webp?resize=525%2C300&ssl=1 1.5x, https:\/\/i0.wp.com\/artejoven.org\/wp-content\/uploads\/2025\/07\/BANNER_CONCURSO-NACIONAL-DE-MUSICA-2DA-EDICION.webp?resize=700%2C400&ssl=1 2x, https:\/\/i0.wp.com\/artejoven.org\/wp-content\/uploads\/2025\/07\/BANNER_CONCURSO-NACIONAL-DE-MUSICA-2DA-EDICION.webp?resize=1050%2C600&ssl=1 3x"},"classes":[]},{"id":7843,"url":"https:\/\/artejoven.org\/it\/fondo-de-arte-joven-en-alianza-con-unicef-cuba\/","url_meta":{"origin":8355,"position":2},"title":"Fondo de Arte Joven in collaborazione con UNICEF Cuba","author":"Ren\u00e9 Manuel Puig","date":"22 de Luglio de 2024","format":false,"excerpt":"La prima esperienza di collaborazione tra l'UNICEF Cuba e la FAJ lascia aperta la porta a futuri partenariati e aiuta a identificare le opportunit\u00e0 di mobilitazione delle risorse, con l'obiettivo di espandere questa cooperazione.","rel":"","context":"In &quot;Desde el FAJ&quot;","block_context":{"text":"Desde el FAJ","link":"https:\/\/artejoven.org\/it\/category\/noticias\/desde-el-faj\/"},"img":{"alt_text":"Taller verano Bellas Artes - Colab FAJ - Unicef","src":"https:\/\/i0.wp.com\/artejoven.org\/wp-content\/uploads\/2024\/07\/UNICEF-Cuba-jpg.webp?resize=350%2C200&ssl=1","width":350,"height":200,"srcset":"https:\/\/i0.wp.com\/artejoven.org\/wp-content\/uploads\/2024\/07\/UNICEF-Cuba-jpg.webp?resize=350%2C200&ssl=1 1x, https:\/\/i0.wp.com\/artejoven.org\/wp-content\/uploads\/2024\/07\/UNICEF-Cuba-jpg.webp?resize=525%2C300&ssl=1 1.5x, https:\/\/i0.wp.com\/artejoven.org\/wp-content\/uploads\/2024\/07\/UNICEF-Cuba-jpg.webp?resize=700%2C400&ssl=1 2x, https:\/\/i0.wp.com\/artejoven.org\/wp-content\/uploads\/2024\/07\/UNICEF-Cuba-jpg.webp?resize=1050%2C600&ssl=1 3x"},"classes":[]},{"id":8177,"url":"https:\/\/www.adelante.cu\/index.php\/es\/cultura\/30239-convocatoria-abierta-concurso-nacional-de-musica","url_meta":{"origin":8355,"position":3},"title":"Bando aperto: Concorso musicale nazionale","author":"Ren\u00e9 Manuel Puig","date":"27 de Settembre de 2024","format":false,"excerpt":"Publicado en adelante.cu: El Fondo de Arte Joven y UNICEF Cuba anuncian la primera edici\u00f3n del Concurso Nacional de M\u00fasica, iniciativa destinada a j\u00f3venes talentos de entre 12 y 18 a\u00f1os.","rel":"","context":"In &quot;Desde la prensa&quot;","block_context":{"text":"Desde la prensa","link":"https:\/\/artejoven.org\/it\/category\/noticias\/desde-la-prensa\/"},"img":{"alt_text":"Concurso Nacional de M\u00fasica. Convocatoria FAJ-UNICEF","src":"https:\/\/i0.wp.com\/artejoven.org\/wp-content\/uploads\/2024\/09\/Concurso-Nacional-de-Musica.-Convocatoria-FAJ-UNICEF--jpg.webp?resize=350%2C200&ssl=1","width":350,"height":200,"srcset":"https:\/\/i0.wp.com\/artejoven.org\/wp-content\/uploads\/2024\/09\/Concurso-Nacional-de-Musica.-Convocatoria-FAJ-UNICEF--jpg.webp?resize=350%2C200&ssl=1 1x, https:\/\/i0.wp.com\/artejoven.org\/wp-content\/uploads\/2024\/09\/Concurso-Nacional-de-Musica.-Convocatoria-FAJ-UNICEF--jpg.webp?resize=525%2C300&ssl=1 1.5x, https:\/\/i0.wp.com\/artejoven.org\/wp-content\/uploads\/2024\/09\/Concurso-Nacional-de-Musica.-Convocatoria-FAJ-UNICEF--jpg.webp?resize=700%2C400&ssl=1 2x, https:\/\/i0.wp.com\/artejoven.org\/wp-content\/uploads\/2024\/09\/Concurso-Nacional-de-Musica.-Convocatoria-FAJ-UNICEF--jpg.webp?resize=1050%2C600&ssl=1 3x, https:\/\/i0.wp.com\/artejoven.org\/wp-content\/uploads\/2024\/09\/Concurso-Nacional-de-Musica.-Convocatoria-FAJ-UNICEF--jpg.webp?resize=1400%2C800&ssl=1 4x"},"classes":[]},{"id":9701,"url":"https:\/\/artejoven.org\/it\/concurso-nacional-de-musica-caravana-a-matanzas\/","url_meta":{"origin":8355,"position":4},"title":"Concorso Nazionale di Musica: carovana a Matanzas","author":"Ren\u00e9 Manuel Puig","date":"23 de Luglio de 2025","format":false,"excerpt":"Organizzato dal Fondo de Arte Joven e dall'UNICEF Cuba, nell'ambito dell'80\u00b0 anniversario delle Nazioni Unite, questo evento ha replicato per la prima volta fuori dall'Avana l'esperienza della prima edizione, con la direzione musicale di Janio Abreu, polistrumentista di fiati, compositore, arrangiatore e...","rel":"","context":"In &quot;Desde el FAJ&quot;","block_context":{"text":"Desde el FAJ","link":"https:\/\/artejoven.org\/it\/category\/noticias\/desde-el-faj\/"},"img":{"alt_text":"","src":"https:\/\/i0.wp.com\/artejoven.org\/wp-content\/uploads\/2025\/07\/07-Caravana-a-Matanzas.-FAJ-UNICEF-Cuba.webp?resize=350%2C200&ssl=1","width":350,"height":200,"srcset":"https:\/\/i0.wp.com\/artejoven.org\/wp-content\/uploads\/2025\/07\/07-Caravana-a-Matanzas.-FAJ-UNICEF-Cuba.webp?resize=350%2C200&ssl=1 1x, https:\/\/i0.wp.com\/artejoven.org\/wp-content\/uploads\/2025\/07\/07-Caravana-a-Matanzas.-FAJ-UNICEF-Cuba.webp?resize=525%2C300&ssl=1 1.5x, https:\/\/i0.wp.com\/artejoven.org\/wp-content\/uploads\/2025\/07\/07-Caravana-a-Matanzas.-FAJ-UNICEF-Cuba.webp?resize=700%2C400&ssl=1 2x, https:\/\/i0.wp.com\/artejoven.org\/wp-content\/uploads\/2025\/07\/07-Caravana-a-Matanzas.-FAJ-UNICEF-Cuba.webp?resize=1050%2C600&ssl=1 3x, https:\/\/i0.wp.com\/artejoven.org\/wp-content\/uploads\/2025\/07\/07-Caravana-a-Matanzas.-FAJ-UNICEF-Cuba.webp?resize=1400%2C800&ssl=1 4x"},"classes":[]},{"id":8336,"url":"https:\/\/artejoven.org\/it\/sesiona-en-la-habana-programa-de-intercambio-creativo-de-la-primera-edicion-del-concurso-nacional-de-musica\/","url_meta":{"origin":8355,"position":5},"title":"Il programma di scambio creativo della prima edizione del Concorso Nazionale di Musica si svolge all'Avana","author":"Ren\u00e9 Manuel Puig","date":"25 de Novembre de 2024","format":false,"excerpt":"Tra tecniche di improvvisazione e discussioni sulla storia della musica e del patrimonio cubano, si \u00e8 svolta la prima giornata di scambio tra i vincitori della prima edizione del Concorso Nazionale di Musica.","rel":"","context":"In &quot;Desde el FAJ&quot;","block_context":{"text":"Desde el FAJ","link":"https:\/\/artejoven.org\/it\/category\/noticias\/desde-el-faj\/"},"img":{"alt_text":"Concurso Nacional de M\u00fasica","src":"https:\/\/i0.wp.com\/artejoven.org\/wp-content\/uploads\/2024\/11\/Portada-Concurso-Nacional-de-Musica.webp?resize=350%2C200&ssl=1","width":350,"height":200,"srcset":"https:\/\/i0.wp.com\/artejoven.org\/wp-content\/uploads\/2024\/11\/Portada-Concurso-Nacional-de-Musica.webp?resize=350%2C200&ssl=1 1x, https:\/\/i0.wp.com\/artejoven.org\/wp-content\/uploads\/2024\/11\/Portada-Concurso-Nacional-de-Musica.webp?resize=525%2C300&ssl=1 1.5x, https:\/\/i0.wp.com\/artejoven.org\/wp-content\/uploads\/2024\/11\/Portada-Concurso-Nacional-de-Musica.webp?resize=700%2C400&ssl=1 2x, https:\/\/i0.wp.com\/artejoven.org\/wp-content\/uploads\/2024\/11\/Portada-Concurso-Nacional-de-Musica.webp?resize=1050%2C600&ssl=1 3x"},"classes":[]}],"jetpack_sharing_enabled":true,"_links":{"self":[{"href":"https:\/\/artejoven.org\/it\/wp-json\/wp\/v2\/posts\/8355","targetHints":{"allow":["GET"]}}],"collection":[{"href":"https:\/\/artejoven.org\/it\/wp-json\/wp\/v2\/posts"}],"about":[{"href":"https:\/\/artejoven.org\/it\/wp-json\/wp\/v2\/types\/post"}],"author":[{"embeddable":true,"href":"https:\/\/artejoven.org\/it\/wp-json\/wp\/v2\/users\/1"}],"replies":[{"embeddable":true,"href":"https:\/\/artejoven.org\/it\/wp-json\/wp\/v2\/comments?post=8355"}],"version-history":[{"count":0,"href":"https:\/\/artejoven.org\/it\/wp-json\/wp\/v2\/posts\/8355\/revisions"}],"wp:featuredmedia":[{"embeddable":true,"href":"https:\/\/artejoven.org\/it\/wp-json\/wp\/v2\/media\/8413"}],"wp:attachment":[{"href":"https:\/\/artejoven.org\/it\/wp-json\/wp\/v2\/media?parent=8355"}],"wp:term":[{"taxonomy":"category","embeddable":true,"href":"https:\/\/artejoven.org\/it\/wp-json\/wp\/v2\/categories?post=8355"},{"taxonomy":"post_tag","embeddable":true,"href":"https:\/\/artejoven.org\/it\/wp-json\/wp\/v2\/tags?post=8355"}],"curies":[{"name":"wp","href":"https:\/\/api.w.org\/{rel}","templated":true}]}}